{"id":135556,"date":"2025-11-11T20:25:00","date_gmt":"2025-11-11T23:25:00","guid":{"rendered":"https:\/\/www.correiobraziliense.com.br\/cbradar\/?p=135556"},"modified":"2025-11-11T01:11:00","modified_gmt":"2025-11-11T04:11:00","slug":"conheca-os-principais-transtornos-mentais-e-como-trata-los","status":"publish","type":"post","link":"https:\/\/www.correiobraziliense.com.br\/cbradar\/conheca-os-principais-transtornos-mentais-e-como-trata-los\/","title":{"rendered":"Conhe\u00e7a os principais transtornos mentais e como trat\u00e1-los"},"content":{"rendered":"\n<p>Os <strong>Transtornos Mentais <\/strong>representam um importante desafio para a sa\u00fade global. Eles s\u00e3o caracterizados por altera\u00e7\u00f5es significativas nas esferas cognitivas, emocionais e comportamentais de um indiv\u00edduo, com potencial para causar sofrimento e dificultar a realiza\u00e7\u00e3o de atividades di\u00e1rias. Entre os transtornos mais comuns est\u00e3o a ansiedade generalizada, transtorno bipolar, e autismo, cada um com suas particularidades e impactos na vida dos afetados.<\/p>\n\n\n\n<p>\u00c9 fundamental buscar ajuda profissional ao identificar sintomas de Transtornos Mentais. Um psiquiatra pode auxiliar no diagn\u00f3stico e propor o tratamento adequado, que frequentemente envolve uma combina\u00e7\u00e3o de psicoterapia e medica\u00e7\u00e3o. As terapias podem variar conforme o transtorno, mas, em geral, visam melhorar a qualidade de vida do paciente atrav\u00e9s de sess\u00f5es regulares de terapia e, quando necess\u00e1rio, o uso de medicamentos.<\/p>\n\n\n\n<h2 class=\"wp-block-heading\">Quais s\u00e3o os Transtornos Mentais mais comuns?<\/h2>\n\n\n\n<p>Dentre os muitos transtornos existentes, alguns ganham destaque devido \u00e0 sua preval\u00eancia na popula\u00e7\u00e3o. O transtorno de ansiedade generalizada, por exemplo, \u00e9 caracterizado por uma preocupa\u00e7\u00e3o excessiva e cont\u00ednua com diversos aspectos da vida. Isso pode se manifestar atrav\u00e9s de sintomas f\u00edsicos e psicol\u00f3gicos, como tens\u00e3o muscular, fadiga e dificuldade de concentra\u00e7\u00e3o. Muitas vezes, o tratamento recomendado inclui sess\u00f5es de psicoterapia e, em alguns casos, medicamentos ansiol\u00edticos ou antidepressivos.<\/p>\n\n\n<div class=\"wp-block-image\">\n<figure class=\"aligncenter size-large\"><img decoding=\"async\" width=\"1024\" height=\"576\" src=\"https:\/\/www.correiobraziliense.com.br\/cbradar\/wp-content\/uploads\/2025\/11\/Transtornos-Mentais_1762834148981-1024x576.jpg\" alt=\"\" class=\"wp-image-135562\" srcset=\"https:\/\/www.correiobraziliense.com.br\/cbradar\/wp-content\/uploads\/2025\/11\/Transtornos-Mentais_1762834148981-1024x576.jpg 1024w, https:\/\/www.correiobraziliense.com.br\/cbradar\/wp-content\/uploads\/2025\/11\/Transtornos-Mentais_1762834148981-300x169.jpg 300w, https:\/\/www.correiobraziliense.com.br\/cbradar\/wp-content\/uploads\/2025\/11\/Transtornos-Mentais_1762834148981-768x432.jpg 768w, https:\/\/www.correiobraziliense.com.br\/cbradar\/wp-content\/uploads\/2025\/11\/Transtornos-Mentais_1762834148981-750x422.jpg 750w, https:\/\/www.correiobraziliense.com.br\/cbradar\/wp-content\/uploads\/2025\/11\/Transtornos-Mentais_1762834148981-1140x641.jpg 1140w, https:\/\/www.correiobraziliense.com.br\/cbradar\/wp-content\/uploads\/2025\/11\/Transtornos-Mentais_1762834148981.jpg 1280w\" sizes=\"(max-width: 1024px) 100vw, 1024px\" \/><figcaption class=\"wp-element-caption\">Transtornos Mentais &#8211; Cr\u00e9ditos: depositphotos.com \/ somethingcoolvectors<\/figcaption><\/figure><\/div>\n\n\n<p>Outro transtorno frequente \u00e9 o transtorno bipolar, que provoca oscila\u00e7\u00f5es extremas de humor, variando entre per\u00edodos de depress\u00e3o e mania ou hipomania. Essa condi\u00e7\u00e3o requer manejo cont\u00ednuo, geralmente com estabilizadores do humor, antipsic\u00f3ticos e psicoterapia, para que o indiv\u00edduo alcance estabilidade emocional.<\/p>\n\n\n\n<h2 class=\"wp-block-heading\">Como a fobia social e o TOC afetam o cotidiano?<\/h2>\n\n\n\n<p>A fobia social \u00e9 caracterizada por um medo intenso e persistente de situa\u00e7\u00f5es sociais, que pode desencadear sintomas f\u00edsicos como suor, tremores e n\u00e1useas. Para tratar essa condi\u00e7\u00e3o, s\u00e3o comuns as sess\u00f5es de terapia comportamental, que ajudam a melhorar as habilidades sociais do indiv\u00edduo. Em alguns casos, s\u00e3o prescritos tamb\u00e9m medicamentos para aliviar a ansiedade.<\/p>\n\n\n\n<p>O transtorno obsessivo-compulsivo (TOC), por sua vez, envolve obsess\u00f5es e compuls\u00f5es que interferem significativamente na vida de quem o possui. A terapia comportamental cognitiva \u00e9 uma abordagem eficaz, j\u00e1 que ajuda o paciente a entender e gerenciar suas obsess\u00f5es e compuls\u00f5es de maneira mais saud\u00e1vel.<\/p>\n\n\n\n<h2 class=\"wp-block-heading\">Quais os transtornos do espectro autista e suas abordagens de tratamento?<\/h2>\n\n\n\n<p>O transtorno do espectro autista (TEA) engloba uma variedade de condi\u00e7\u00f5es que afetam a comunica\u00e7\u00e3o e a intera\u00e7\u00e3o social, sendo essencial uma interven\u00e7\u00e3o precoce. O tratamento \u00e9 altamente individualizado e pode incluir terapias comportamentais, fonoaudiologia e, em alguns casos, medica\u00e7\u00f5es para sintomas espec\u00edficos. O objetivo \u00e9 promover a autonomia e a integra\u00e7\u00e3o social da pessoa com TEA.<\/p>\n\n\n\n<p>Outro transtorno significativo \u00e9 o deficit de aten\u00e7\u00e3o com hiperatividade (TDAH), que se manifesta atrav\u00e9s de sintomas como desaten\u00e7\u00e3o, hiperatividade e impulsividade. O tratamento frequentemente combina medicamentos com psicoterapia para auxiliar na gest\u00e3o dos sintomas e melhorar as habilidades organizacionais e de intera\u00e7\u00e3o <a href=\"https:\/\/www.correiobraziliense.com.br\/cbradar\/conheca-os-usos-e-beneficios-da-pedra-hume-na-pele\/\" target=\"_blank\" rel=\"noreferrer noopener\">social<\/a>.<\/p>\n\n\n\n<h2 class=\"wp-block-heading\">Depress\u00e3o e esquizofrenia: impacto e tratamento<\/h2>\n\n\n\n<p>A depress\u00e3o, caracterizada por tristeza intensa e prolongada, afeta a capacidade de uma pessoa de realizar tarefas di\u00e1rias. O tratamento comumente inclui antidepressivos e psicoterapia, visando restaurar o equil\u00edbrio emocional do indiv\u00edduo e promover a reengajamento com as atividades cotidianas.<\/p>\n\n\n\n<p>Por fim, a esquizofrenia representa um dos Transtornos Mentais mais desafiadores, afetando profundamente o pensamento, as emo\u00e7\u00f5es e o comportamento. O manejo da esquizofrenia geralmente requer o uso de antipsic\u00f3ticos em combina\u00e7\u00e3o com estrat\u00e9gias psicoterap\u00eauticas para melhorar a funcionalidade e a qualidade de vida dos pacientes. \u00c9 crucial que os indiv\u00edduos com esquizofrenia recebam tratamento cont\u00ednuo e apoio para superar os desafios associados \u00e0 condi\u00e7\u00e3o.<\/p>\n\n\n<a href=\"https:\/\/www.instagram.com\/dra.annaluisabf\/\" target=\"_blank\" rel=\"noopener\" style=\"text-decoration: none; color: inherit;\">\n    <span style=\"display: inline-block; border: 1px solid #ccc; border-radius: 10px; padding: 15px; max-width: 550px; font-family: sans-serif; box-shadow: 0 2px 5px rgba(0,0,0,0.1); width: 100%;\">\n\n      <!-- T\u00edtulo -->\n      <span style=\"display: block; margin: 0 0 15px 0; font-weight: bold; color: #2c3e50; text-align: center;\">\n        Entre em contato:\n      <\/span>\n\n      <!-- Linha do perfil -->\n      <span style=\"display: flex; align-items: center; gap: 15px;\">\n        <img decoding=\"async\"\n          src=\"https:\/\/www.correiobraziliense.com.br\/cbradar\/wp-content\/uploads\/2025\/08\/dra_anna_luisa.jpeg\"\n          alt=\"Foto da Dra. Anna Lu\u00edsa\"\n          style=\"border-radius: 50%; width: 80px; height: 80px; object-fit: cover;\"\n        \/>\n        <span style=\"display: flex; flex-direction: column;\">\n          <span style=\"font-size: 18px; font-weight: 700; color: #2c3e50;\">Dra. Anna Lu\u00edsa Barbosa Fernandes<\/span>\n          <span style=\"color: #555;\">CRM-GO 33.271<\/span>\n        <\/span>\n      <\/span>\n\n      <!-- Redes -->\n      <span style=\"display: flex; align-items: center; gap: 10px; margin-top: 12px;\">\n        <img decoding=\"async\" src=\"https:\/\/cdn-icons-png.flaticon.com\/24\/1384\/1384063.png\" alt=\"Instagram\" width=\"24\" height=\"24\" \/>\n        <span style=\"text-decoration: underline; color: #2c3e50;\">@dra.annaluisabf<\/span>\n      <\/span>\n\n    <\/span>\n  <\/a>","protected":false},"excerpt":{"rendered":"<p>Os Transtornos Mentais representam um importante desafio para a sa\u00fade global. Eles s\u00e3o caracterizados por altera\u00e7\u00f5es significativas nas esferas cognitivas, emocionais e comportamentais de um indiv\u00edduo, com potencial para causar sofrimento e dificultar a realiza\u00e7\u00e3o de atividades di\u00e1rias. Entre os transtornos mais comuns est\u00e3o a ansiedade generalizada, transtorno bipolar, e autismo, cada um com suas [&hellip;]<\/p>\n","protected":false},"author":14,"featured_media":135558,"comment_status":"open","ping_status":"open","sticky":false,"template":"","format":"standard","meta":{"_yoast_wpseo_focuskw":"Transtornos Mentais","_yoast_wpseo_title":"","_yoast_wpseo_metadesc":"Entenda como identificar e tratar transtornos mentais como TOC, TDAH, bipolaridade, fobia social e autismo com apoio profissional.","jnews-multi-image_gallery":[],"jnews_single_post":{"format":"standard"},"jnews_primary_category":[],"jnews_social_meta":[],"jnews_override_counter":[],"footnotes":""},"categories":[4404],"post_tag":[120,404,1318],"class_list":["post-135556","post","type-post","status-publish","format-standard","has-post-thumbnail","hentry","category-saude","tag-bem-estar","tag-psicologia","tag-saude-2"],"yoast_head":"<!-- This site is optimized with the Yoast SEO plugin v24.6 - https:\/\/yoast.com\/wordpress\/plugins\/seo\/ -->\n<title>Conhe\u00e7a os principais transtornos mentais e como trat\u00e1-los - Correio Braziliense - Radar<\/title>\n<meta name=\"description\" content=\"Entenda como identificar e tratar transtornos mentais como TOC, TDAH, bipolaridade, fobia social e autismo com apoio profissional.\" \/>\n<meta name=\"robots\" content=\"index, follow, max-snippet:-1, max-image-preview:large, max-video-preview:-1\" \/>\n<link rel=\"canonical\" href=\"https:\/\/www.correiobraziliense.com.br\/cbradar\/conheca-os-principais-transtornos-mentais-e-como-trata-los\/\" \/>\n<meta property=\"og:locale\" content=\"pt_BR\" \/>\n<meta property=\"og:type\" content=\"article\" \/>\n<meta property=\"og:title\" content=\"Conhe\u00e7a os principais transtornos mentais e como trat\u00e1-los - Correio Braziliense - Radar\" \/>\n<meta property=\"og:description\" content=\"Entenda como identificar e tratar transtornos mentais como TOC, TDAH, bipolaridade, fobia social e autismo com apoio profissional.\" \/>\n<meta property=\"og:url\" content=\"https:\/\/www.correiobraziliense.com.br\/cbradar\/conheca-os-principais-transtornos-mentais-e-como-trata-los\/\" \/>\n<meta property=\"og:site_name\" content=\"Correio Braziliense - Radar\" \/>\n<meta property=\"article:published_time\" content=\"2025-11-11T23:25:00+00:00\" \/>\n<meta property=\"og:image\" content=\"https:\/\/www.correiobraziliense.com.br\/cbradar\/wp-content\/uploads\/2025\/11\/Transtornos-Mentais_1762834120247.jpg\" \/>\n\t<meta property=\"og:image:width\" content=\"1280\" \/>\n\t<meta property=\"og:image:height\" content=\"720\" \/>\n\t<meta property=\"og:image:type\" content=\"image\/jpeg\" \/>\n<meta name=\"author\" content=\"guilherme_saude\" \/>\n<meta name=\"twitter:card\" content=\"summary_large_image\" \/>\n<meta name=\"twitter:label1\" content=\"Escrito por\" \/>\n\t<meta name=\"twitter:data1\" content=\"guilherme_saude\" \/>\n\t<meta name=\"twitter:label2\" content=\"Est. tempo de leitura\" \/>\n\t<meta name=\"twitter:data2\" content=\"5 minutos\" \/>\n<!-- \/ Yoast SEO plugin. -->","yoast_head_json":{"title":"Conhe\u00e7a os principais transtornos mentais e como trat\u00e1-los - Correio Braziliense - Radar","description":"Entenda como identificar e tratar transtornos mentais como TOC, TDAH, bipolaridade, fobia social e autismo com apoio profissional.","robots":{"index":"index","follow":"follow","max-snippet":"max-snippet:-1","max-image-preview":"max-image-preview:large","max-video-preview":"max-video-preview:-1"},"canonical":"https:\/\/www.correiobraziliense.com.br\/cbradar\/conheca-os-principais-transtornos-mentais-e-como-trata-los\/","og_locale":"pt_BR","og_type":"article","og_title":"Conhe\u00e7a os principais transtornos mentais e como trat\u00e1-los - Correio Braziliense - Radar","og_description":"Entenda como identificar e tratar transtornos mentais como TOC, TDAH, bipolaridade, fobia social e autismo com apoio profissional.","og_url":"https:\/\/www.correiobraziliense.com.br\/cbradar\/conheca-os-principais-transtornos-mentais-e-como-trata-los\/","og_site_name":"Correio Braziliense - Radar","article_published_time":"2025-11-11T23:25:00+00:00","og_image":[{"width":1280,"height":720,"url":"https:\/\/www.correiobraziliense.com.br\/cbradar\/wp-content\/uploads\/2025\/11\/Transtornos-Mentais_1762834120247.jpg","type":"image\/jpeg"}],"author":"guilherme_saude","twitter_card":"summary_large_image","twitter_misc":{"Escrito por":"guilherme_saude","Est. tempo de leitura":"5 minutos"},"schema":{"@context":"https:\/\/schema.org","@graph":[{"@type":"WebPage","@id":"https:\/\/www.correiobraziliense.com.br\/cbradar\/conheca-os-principais-transtornos-mentais-e-como-trata-los\/","url":"https:\/\/www.correiobraziliense.com.br\/cbradar\/conheca-os-principais-transtornos-mentais-e-como-trata-los\/","name":"Conhe\u00e7a os principais transtornos mentais e como trat\u00e1-los - Correio Braziliense - Radar","isPartOf":{"@id":"https:\/\/www.correiobraziliense.com.br\/cbradar\/#website"},"primaryImageOfPage":{"@id":"https:\/\/www.correiobraziliense.com.br\/cbradar\/conheca-os-principais-transtornos-mentais-e-como-trata-los\/#primaryimage"},"image":{"@id":"https:\/\/www.correiobraziliense.com.br\/cbradar\/conheca-os-principais-transtornos-mentais-e-como-trata-los\/#primaryimage"},"thumbnailUrl":"https:\/\/www.correiobraziliense.com.br\/cbradar\/wp-content\/uploads\/2025\/11\/Transtornos-Mentais_1762834120247.jpg","datePublished":"2025-11-11T23:25:00+00:00","author":{"@id":"https:\/\/www.correiobraziliense.com.br\/cbradar\/#\/schema\/person\/5aa4bf3c8fa699c267933611de12978b"},"description":"Entenda como identificar e tratar transtornos mentais como TOC, TDAH, bipolaridade, fobia social e autismo com apoio profissional.","breadcrumb":{"@id":"https:\/\/www.correiobraziliense.com.br\/cbradar\/conheca-os-principais-transtornos-mentais-e-como-trata-los\/#breadcrumb"},"inLanguage":"pt-BR","potentialAction":[{"@type":"ReadAction","target":["https:\/\/www.correiobraziliense.com.br\/cbradar\/conheca-os-principais-transtornos-mentais-e-como-trata-los\/"]}]},{"@type":"ImageObject","inLanguage":"pt-BR","@id":"https:\/\/www.correiobraziliense.com.br\/cbradar\/conheca-os-principais-transtornos-mentais-e-como-trata-los\/#primaryimage","url":"https:\/\/www.correiobraziliense.com.br\/cbradar\/wp-content\/uploads\/2025\/11\/Transtornos-Mentais_1762834120247.jpg","contentUrl":"https:\/\/www.correiobraziliense.com.br\/cbradar\/wp-content\/uploads\/2025\/11\/Transtornos-Mentais_1762834120247.jpg","width":1280,"height":720,"caption":"Transtornos Mentais - Cr\u00e9ditos: depositphotos.com \/ somethingcoolvectors"},{"@type":"BreadcrumbList","@id":"https:\/\/www.correiobraziliense.com.br\/cbradar\/conheca-os-principais-transtornos-mentais-e-como-trata-los\/#breadcrumb","itemListElement":[{"@type":"ListItem","position":1,"name":"In\u00edcio","item":"https:\/\/www.correiobraziliense.com.br\/cbradar\/"},{"@type":"ListItem","position":2,"name":"Conhe\u00e7a os principais transtornos mentais e como trat\u00e1-los"}]},{"@type":"WebSite","@id":"https:\/\/www.correiobraziliense.com.br\/cbradar\/#website","url":"https:\/\/www.correiobraziliense.com.br\/cbradar\/","name":"Correio Braziliense - Radar","description":"Acompanhe as \u00faltimas not\u00edcias e fique bem informado sobre tudo o que acontece no Brasil e no mundo.","potentialAction":[{"@type":"SearchAction","target":{"@type":"EntryPoint","urlTemplate":"https:\/\/www.correiobraziliense.com.br\/cbradar\/?s={search_term_string}"},"query-input":{"@type":"PropertyValueSpecification","valueRequired":true,"valueName":"search_term_string"}}],"inLanguage":"pt-BR"},{"@type":"Person","@id":"https:\/\/www.correiobraziliense.com.br\/cbradar\/#\/schema\/person\/5aa4bf3c8fa699c267933611de12978b","name":"guilherme_saude","image":{"@type":"ImageObject","inLanguage":"pt-BR","@id":"https:\/\/www.correiobraziliense.com.br\/cbradar\/#\/schema\/person\/image\/","url":"https:\/\/secure.gravatar.com\/avatar\/df9adfb835d344bc0af109d41756253f?s=96&d=mm&r=g","contentUrl":"https:\/\/secure.gravatar.com\/avatar\/df9adfb835d344bc0af109d41756253f?s=96&d=mm&r=g","caption":"guilherme_saude"},"url":"https:\/\/www.correiobraziliense.com.br\/cbradar\/author\/guilherme_saude\/"}]}},"_links":{"self":[{"href":"https:\/\/www.correiobraziliense.com.br\/cbradar\/wp-json\/wp\/v2\/posts\/135556","targetHints":{"allow":["GET"]}}],"collection":[{"href":"https:\/\/www.correiobraziliense.com.br\/cbradar\/wp-json\/wp\/v2\/posts"}],"about":[{"href":"https:\/\/www.correiobraziliense.com.br\/cbradar\/wp-json\/wp\/v2\/types\/post"}],"author":[{"embeddable":true,"href":"https:\/\/www.correiobraziliense.com.br\/cbradar\/wp-json\/wp\/v2\/users\/14"}],"replies":[{"embeddable":true,"href":"https:\/\/www.correiobraziliense.com.br\/cbradar\/wp-json\/wp\/v2\/comments?post=135556"}],"version-history":[{"count":1,"href":"https:\/\/www.correiobraziliense.com.br\/cbradar\/wp-json\/wp\/v2\/posts\/135556\/revisions"}],"predecessor-version":[{"id":135563,"href":"https:\/\/www.correiobraziliense.com.br\/cbradar\/wp-json\/wp\/v2\/posts\/135556\/revisions\/135563"}],"wp:featuredmedia":[{"embeddable":true,"href":"https:\/\/www.correiobraziliense.com.br\/cbradar\/wp-json\/wp\/v2\/media\/135558"}],"wp:attachment":[{"href":"https:\/\/www.correiobraziliense.com.br\/cbradar\/wp-json\/wp\/v2\/media?parent=135556"}],"wp:term":[{"taxonomy":"category","embeddable":true,"href":"https:\/\/www.correiobraziliense.com.br\/cbradar\/wp-json\/wp\/v2\/categories?post=135556"},{"taxonomy":"post_tag","embeddable":true,"href":"https:\/\/www.correiobraziliense.com.br\/cbradar\/wp-json\/wp\/v2\/post_tag?post=135556"}],"curies":[{"name":"wp","href":"https:\/\/api.w.org\/{rel}","templated":true}]}}