{"id":135565,"date":"2025-11-11T15:55:00","date_gmt":"2025-11-11T18:55:00","guid":{"rendered":"https:\/\/www.correiobraziliense.com.br\/cbradar\/?p=135565"},"modified":"2025-11-11T01:16:01","modified_gmt":"2025-11-11T04:16:01","slug":"desconforto-com-buracos-pode-ser-tripofobia","status":"publish","type":"post","link":"https:\/\/www.correiobraziliense.com.br\/cbradar\/desconforto-com-buracos-pode-ser-tripofobia\/","title":{"rendered":"Desconforto com buracos? Pode ser tripofobia"},"content":{"rendered":"\n<p>A <strong>Tripofobia <\/strong>\u00e9 uma condi\u00e7\u00e3o peculiar, caracterizada por uma rea\u00e7\u00e3o intensa de desconforto ou medo diante de padr\u00f5es irregulares de buracos ou sali\u00eancias. Apesar de n\u00e3o ser oficialmente reconhecida como uma fobia no Manual Diagn\u00f3stico e Estat\u00edstico de Transtornos Mentais, os sintomas desencadeados s\u00e3o reais e afetam a qualidade de vida daqueles que os vivenciam. Imagens de favos de mel, esponjas e sementes de l\u00f3tus s\u00e3o capazes de provocar rea\u00e7\u00f5es como coceira, incha\u00e7o, e at\u00e9 mesmo crises de p\u00e2nico em casos mais severos.<\/p>\n\n\n\n<p>Embora a origem exata da Tripofobia ainda seja desconhecida, estudos sugerem que a rea\u00e7\u00e3o possa estar relacionada a uma avers\u00e3o evolutiva a padr\u00f5es associados a situa\u00e7\u00f5es perigosas. Padr\u00f5es encontrados na natureza, como a pele de animais venenosos, podem instigar uma resposta de alerta no c\u00e9rebro humano devido a uma percep\u00e7\u00e3o inconsciente de amea\u00e7a. Essa resposta \u00e9 frequentemente autom\u00e1tica, ocorrendo sem que a pessoa possa exercer controle consciente sobre ela.<\/p>\n\n\n\n<h2 class=\"wp-block-heading\">Quais os sintomas da Tripofobia?<\/h2>\n\n\n\n<p>Os sintomas comuns da Tripofobia incluem sensa\u00e7\u00f5es f\u00edsicas e emocionais de desconforto. Entre eles est\u00e3o n\u00e1useas, tremores, suores e at\u00e9 mesmo choro. Em situa\u00e7\u00f5es extremas, pode levar a um ataque de p\u00e2nico, acompanhado de aumento do ritmo card\u00edaco e sensa\u00e7\u00e3o de formigamento pelo corpo. Tais sintomas podem ocorrer imediatamente ap\u00f3s a exposi\u00e7\u00e3o a um est\u00edmulo desencadeante, tornando o controle dessas rea\u00e7\u00f5es bastante desafiador.<\/p>\n\n\n<div class=\"wp-block-image\">\n<figure class=\"aligncenter size-large\"><img decoding=\"async\" width=\"1024\" height=\"576\" src=\"https:\/\/www.correiobraziliense.com.br\/cbradar\/wp-content\/uploads\/2025\/11\/trypophobia_1762834542970-1024x576.jpg\" alt=\"\" class=\"wp-image-135572\" srcset=\"https:\/\/www.correiobraziliense.com.br\/cbradar\/wp-content\/uploads\/2025\/11\/trypophobia_1762834542970-1024x576.jpg 1024w, https:\/\/www.correiobraziliense.com.br\/cbradar\/wp-content\/uploads\/2025\/11\/trypophobia_1762834542970-300x169.jpg 300w, https:\/\/www.correiobraziliense.com.br\/cbradar\/wp-content\/uploads\/2025\/11\/trypophobia_1762834542970-768x432.jpg 768w, https:\/\/www.correiobraziliense.com.br\/cbradar\/wp-content\/uploads\/2025\/11\/trypophobia_1762834542970-750x422.jpg 750w, https:\/\/www.correiobraziliense.com.br\/cbradar\/wp-content\/uploads\/2025\/11\/trypophobia_1762834542970-1140x641.jpg 1140w, https:\/\/www.correiobraziliense.com.br\/cbradar\/wp-content\/uploads\/2025\/11\/trypophobia_1762834542970.jpg 1280w\" sizes=\"(max-width: 1024px) 100vw, 1024px\" \/><figcaption class=\"wp-element-caption\">Tripofobia &#8211; Cr\u00e9ditos: depositphotos.com \/ Haritonoff<\/figcaption><\/figure><\/div>\n\n\n<h2 class=\"wp-block-heading\">Quais s\u00e3o as causas da Tripofobia?<\/h2>\n\n\n\n<p>Ainda que a causa precisa da Tripofobia permane\u00e7a indefinida, especialistas acreditam que pode ser uma resposta evolutiva a perigos associados a buracos e padr\u00f5es encontrados na natureza. Esses padr\u00f5es frequentemente lembram superf\u00edcies de animais venenosos ou locais onde parasitas podem se ocultar. Assim, a repulsa ou medo pode funcionar como um mecanismo de prote\u00e7\u00e3o inconsciente, ajudando a evitar potenciais amea\u00e7as \u00e0 <a href=\"https:\/\/www.correiobraziliense.com.br\/cbradar\/conheca-os-usos-e-beneficios-da-pedra-hume-na-pele\/\" target=\"_blank\" rel=\"noreferrer noopener\">sa\u00fade<\/a>.<\/p>\n\n\n\n<h2 class=\"wp-block-heading\">Como tratar a Tripofobia?<\/h2>\n\n\n\n<p>Terapias psicossociais desempenham um papel crucial no tratamento da Tripofobia. A\u00a0<strong>terapia cognitivo-comportamental<\/strong>\u00a0se destaca como uma abordagem eficaz, ajudando os indiv\u00edduos a reformular suas rea\u00e7\u00f5es emocionais e cognitivas diante de padr\u00f5es tripof\u00f3bicos. Ademais, a\u00a0<strong>terapia de exposi\u00e7\u00e3o<\/strong>\u00a0pode dessensibilizar progressivamente a resposta f\u00f3bica atrav\u00e9s de exposi\u00e7\u00f5es controladas aos est\u00edmulos.<\/p>\n\n\n\n<ul class=\"wp-block-list\">\n<li><strong>Terapia Cognitivo-Comportamental:<\/strong>\u00a0Foca em modificar pensamentos e rea\u00e7\u00f5es diante dos padr\u00f5es tripof\u00f3bicos.<\/li>\n\n\n\n<li><strong>Terapia de Exposi\u00e7\u00e3o:<\/strong>\u00a0Gradualmente exp\u00f5e o paciente aos est\u00edmulos, com t\u00e9cnicas de relaxamento auxiliando na redu\u00e7\u00e3o do medo.<\/li>\n\n\n\n<li><strong>Uso de Medicamentos:<\/strong>\u00a0Ansiol\u00edticos e antidepressivos podem complementar o tratamento psicoter\u00e1pico em casos mais graves.<\/li>\n<\/ul>\n\n\n\n<p>A pr\u00e1tica de atividades que promovem bem-estar, como ioga e exerc\u00edcios f\u00edsicos, tamb\u00e9m pode ajudar a reduzir a ansiedade e promover uma sensa\u00e7\u00e3o de relaxamento. O suporte de profissionais de sa\u00fade mental \u00e9 essencial para que o tratamento seja adaptado \u00e0s necessidades individuais de cada paciente.<\/p>\n\n\n<a href=\"https:\/\/www.instagram.com\/dra.annaluisabf\/\" target=\"_blank\" rel=\"noopener\" style=\"text-decoration: none; color: inherit;\">\n    <span style=\"display: inline-block; border: 1px solid #ccc; border-radius: 10px; padding: 15px; max-width: 550px; font-family: sans-serif; box-shadow: 0 2px 5px rgba(0,0,0,0.1); width: 100%;\">\n\n      <!-- T\u00edtulo -->\n      <span style=\"display: block; margin: 0 0 15px 0; font-weight: bold; color: #2c3e50; text-align: center;\">\n        Entre em contato:\n      <\/span>\n\n      <!-- Linha do perfil -->\n      <span style=\"display: flex; align-items: center; gap: 15px;\">\n        <img decoding=\"async\"\n          src=\"https:\/\/www.correiobraziliense.com.br\/cbradar\/wp-content\/uploads\/2025\/08\/dra_anna_luisa.jpeg\"\n          alt=\"Foto da Dra. Anna Lu\u00edsa\"\n          style=\"border-radius: 50%; width: 80px; height: 80px; object-fit: cover;\"\n        \/>\n        <span style=\"display: flex; flex-direction: column;\">\n          <span style=\"font-size: 18px; font-weight: 700; color: #2c3e50;\">Dra. Anna Lu\u00edsa Barbosa Fernandes<\/span>\n          <span style=\"color: #555;\">CRM-GO 33.271<\/span>\n        <\/span>\n      <\/span>\n\n      <!-- Redes -->\n      <span style=\"display: flex; align-items: center; gap: 10px; margin-top: 12px;\">\n        <img decoding=\"async\" src=\"https:\/\/cdn-icons-png.flaticon.com\/24\/1384\/1384063.png\" alt=\"Instagram\" width=\"24\" height=\"24\" \/>\n        <span style=\"text-decoration: underline; color: #2c3e50;\">@dra.annaluisabf<\/span>\n      <\/span>\n\n    <\/span>\n  <\/a>","protected":false},"excerpt":{"rendered":"<p>A Tripofobia \u00e9 uma condi\u00e7\u00e3o peculiar, caracterizada por uma rea\u00e7\u00e3o intensa de desconforto ou medo diante de padr\u00f5es irregulares de buracos ou sali\u00eancias. Apesar de n\u00e3o ser oficialmente reconhecida como uma fobia no Manual Diagn\u00f3stico e Estat\u00edstico de Transtornos Mentais, os sintomas desencadeados s\u00e3o reais e afetam a qualidade de vida daqueles que os vivenciam. [&hellip;]<\/p>\n","protected":false},"author":14,"featured_media":135570,"comment_status":"open","ping_status":"open","sticky":false,"template":"","format":"standard","meta":{"_yoast_wpseo_focuskw":"Tripofobia","_yoast_wpseo_title":"","_yoast_wpseo_metadesc":"Tripofobia causa p\u00e2nico, enjoo e suor ao ver buracos? Entenda os sintomas, as causas e os tratamentos mais eficazes para aliviar o desconforto.","jnews-multi-image_gallery":[],"jnews_single_post":{"format":"standard"},"jnews_primary_category":[],"jnews_social_meta":[],"jnews_override_counter":[],"footnotes":""},"categories":[4404],"post_tag":[120,1318,11555],"class_list":["post-135565","post","type-post","status-publish","format-standard","has-post-thumbnail","hentry","category-saude","tag-bem-estar","tag-saude-2","tag-tripofobia"],"yoast_head":"<!-- This site is optimized with the Yoast SEO plugin v24.6 - https:\/\/yoast.com\/wordpress\/plugins\/seo\/ -->\n<title>Desconforto com buracos? Pode ser tripofobia - Correio Braziliense - Radar<\/title>\n<meta name=\"description\" content=\"Tripofobia causa p\u00e2nico, enjoo e suor ao ver buracos? Entenda os sintomas, as causas e os tratamentos mais eficazes para aliviar o desconforto.\" \/>\n<meta name=\"robots\" content=\"index, follow, max-snippet:-1, max-image-preview:large, max-video-preview:-1\" \/>\n<link rel=\"canonical\" href=\"https:\/\/www.correiobraziliense.com.br\/cbradar\/desconforto-com-buracos-pode-ser-tripofobia\/\" \/>\n<meta property=\"og:locale\" content=\"pt_BR\" \/>\n<meta property=\"og:type\" content=\"article\" \/>\n<meta property=\"og:title\" content=\"Desconforto com buracos? Pode ser tripofobia - Correio Braziliense - Radar\" \/>\n<meta property=\"og:description\" content=\"Tripofobia causa p\u00e2nico, enjoo e suor ao ver buracos? Entenda os sintomas, as causas e os tratamentos mais eficazes para aliviar o desconforto.\" \/>\n<meta property=\"og:url\" content=\"https:\/\/www.correiobraziliense.com.br\/cbradar\/desconforto-com-buracos-pode-ser-tripofobia\/\" \/>\n<meta property=\"og:site_name\" content=\"Correio Braziliense - Radar\" \/>\n<meta property=\"article:published_time\" content=\"2025-11-11T18:55:00+00:00\" \/>\n<meta property=\"og:image\" content=\"https:\/\/www.correiobraziliense.com.br\/cbradar\/wp-content\/uploads\/2025\/11\/trypophobia_1762834510505.jpg\" \/>\n\t<meta property=\"og:image:width\" content=\"1280\" \/>\n\t<meta property=\"og:image:height\" content=\"720\" \/>\n\t<meta property=\"og:image:type\" content=\"image\/jpeg\" \/>\n<meta name=\"author\" content=\"guilherme_saude\" \/>\n<meta name=\"twitter:card\" content=\"summary_large_image\" \/>\n<meta name=\"twitter:label1\" content=\"Escrito por\" \/>\n\t<meta name=\"twitter:data1\" content=\"guilherme_saude\" \/>\n\t<meta name=\"twitter:label2\" content=\"Est. tempo de leitura\" \/>\n\t<meta name=\"twitter:data2\" content=\"4 minutos\" \/>\n<!-- \/ Yoast SEO plugin. -->","yoast_head_json":{"title":"Desconforto com buracos? Pode ser tripofobia - Correio Braziliense - Radar","description":"Tripofobia causa p\u00e2nico, enjoo e suor ao ver buracos? Entenda os sintomas, as causas e os tratamentos mais eficazes para aliviar o desconforto.","robots":{"index":"index","follow":"follow","max-snippet":"max-snippet:-1","max-image-preview":"max-image-preview:large","max-video-preview":"max-video-preview:-1"},"canonical":"https:\/\/www.correiobraziliense.com.br\/cbradar\/desconforto-com-buracos-pode-ser-tripofobia\/","og_locale":"pt_BR","og_type":"article","og_title":"Desconforto com buracos? Pode ser tripofobia - Correio Braziliense - Radar","og_description":"Tripofobia causa p\u00e2nico, enjoo e suor ao ver buracos? Entenda os sintomas, as causas e os tratamentos mais eficazes para aliviar o desconforto.","og_url":"https:\/\/www.correiobraziliense.com.br\/cbradar\/desconforto-com-buracos-pode-ser-tripofobia\/","og_site_name":"Correio Braziliense - Radar","article_published_time":"2025-11-11T18:55:00+00:00","og_image":[{"width":1280,"height":720,"url":"https:\/\/www.correiobraziliense.com.br\/cbradar\/wp-content\/uploads\/2025\/11\/trypophobia_1762834510505.jpg","type":"image\/jpeg"}],"author":"guilherme_saude","twitter_card":"summary_large_image","twitter_misc":{"Escrito por":"guilherme_saude","Est. tempo de leitura":"4 minutos"},"schema":{"@context":"https:\/\/schema.org","@graph":[{"@type":"WebPage","@id":"https:\/\/www.correiobraziliense.com.br\/cbradar\/desconforto-com-buracos-pode-ser-tripofobia\/","url":"https:\/\/www.correiobraziliense.com.br\/cbradar\/desconforto-com-buracos-pode-ser-tripofobia\/","name":"Desconforto com buracos? Pode ser tripofobia - Correio Braziliense - Radar","isPartOf":{"@id":"https:\/\/www.correiobraziliense.com.br\/cbradar\/#website"},"primaryImageOfPage":{"@id":"https:\/\/www.correiobraziliense.com.br\/cbradar\/desconforto-com-buracos-pode-ser-tripofobia\/#primaryimage"},"image":{"@id":"https:\/\/www.correiobraziliense.com.br\/cbradar\/desconforto-com-buracos-pode-ser-tripofobia\/#primaryimage"},"thumbnailUrl":"https:\/\/www.correiobraziliense.com.br\/cbradar\/wp-content\/uploads\/2025\/11\/trypophobia_1762834510505.jpg","datePublished":"2025-11-11T18:55:00+00:00","author":{"@id":"https:\/\/www.correiobraziliense.com.br\/cbradar\/#\/schema\/person\/5aa4bf3c8fa699c267933611de12978b"},"description":"Tripofobia causa p\u00e2nico, enjoo e suor ao ver buracos? Entenda os sintomas, as causas e os tratamentos mais eficazes para aliviar o desconforto.","breadcrumb":{"@id":"https:\/\/www.correiobraziliense.com.br\/cbradar\/desconforto-com-buracos-pode-ser-tripofobia\/#breadcrumb"},"inLanguage":"pt-BR","potentialAction":[{"@type":"ReadAction","target":["https:\/\/www.correiobraziliense.com.br\/cbradar\/desconforto-com-buracos-pode-ser-tripofobia\/"]}]},{"@type":"ImageObject","inLanguage":"pt-BR","@id":"https:\/\/www.correiobraziliense.com.br\/cbradar\/desconforto-com-buracos-pode-ser-tripofobia\/#primaryimage","url":"https:\/\/www.correiobraziliense.com.br\/cbradar\/wp-content\/uploads\/2025\/11\/trypophobia_1762834510505.jpg","contentUrl":"https:\/\/www.correiobraziliense.com.br\/cbradar\/wp-content\/uploads\/2025\/11\/trypophobia_1762834510505.jpg","width":1280,"height":720,"caption":"Tripofobia - Cr\u00e9ditos: depositphotos.com \/ shellystill"},{"@type":"BreadcrumbList","@id":"https:\/\/www.correiobraziliense.com.br\/cbradar\/desconforto-com-buracos-pode-ser-tripofobia\/#breadcrumb","itemListElement":[{"@type":"ListItem","position":1,"name":"In\u00edcio","item":"https:\/\/www.correiobraziliense.com.br\/cbradar\/"},{"@type":"ListItem","position":2,"name":"Desconforto com buracos? Pode ser tripofobia"}]},{"@type":"WebSite","@id":"https:\/\/www.correiobraziliense.com.br\/cbradar\/#website","url":"https:\/\/www.correiobraziliense.com.br\/cbradar\/","name":"Correio Braziliense - Radar","description":"Acompanhe as \u00faltimas not\u00edcias e fique bem informado sobre tudo o que acontece no Brasil e no mundo.","potentialAction":[{"@type":"SearchAction","target":{"@type":"EntryPoint","urlTemplate":"https:\/\/www.correiobraziliense.com.br\/cbradar\/?s={search_term_string}"},"query-input":{"@type":"PropertyValueSpecification","valueRequired":true,"valueName":"search_term_string"}}],"inLanguage":"pt-BR"},{"@type":"Person","@id":"https:\/\/www.correiobraziliense.com.br\/cbradar\/#\/schema\/person\/5aa4bf3c8fa699c267933611de12978b","name":"guilherme_saude","image":{"@type":"ImageObject","inLanguage":"pt-BR","@id":"https:\/\/www.correiobraziliense.com.br\/cbradar\/#\/schema\/person\/image\/","url":"https:\/\/secure.gravatar.com\/avatar\/df9adfb835d344bc0af109d41756253f?s=96&d=mm&r=g","contentUrl":"https:\/\/secure.gravatar.com\/avatar\/df9adfb835d344bc0af109d41756253f?s=96&d=mm&r=g","caption":"guilherme_saude"},"url":"https:\/\/www.correiobraziliense.com.br\/cbradar\/author\/guilherme_saude\/"}]}},"_links":{"self":[{"href":"https:\/\/www.correiobraziliense.com.br\/cbradar\/wp-json\/wp\/v2\/posts\/135565","targetHints":{"allow":["GET"]}}],"collection":[{"href":"https:\/\/www.correiobraziliense.com.br\/cbradar\/wp-json\/wp\/v2\/posts"}],"about":[{"href":"https:\/\/www.correiobraziliense.com.br\/cbradar\/wp-json\/wp\/v2\/types\/post"}],"author":[{"embeddable":true,"href":"https:\/\/www.correiobraziliense.com.br\/cbradar\/wp-json\/wp\/v2\/users\/14"}],"replies":[{"embeddable":true,"href":"https:\/\/www.correiobraziliense.com.br\/cbradar\/wp-json\/wp\/v2\/comments?post=135565"}],"version-history":[{"count":1,"href":"https:\/\/www.correiobraziliense.com.br\/cbradar\/wp-json\/wp\/v2\/posts\/135565\/revisions"}],"predecessor-version":[{"id":135575,"href":"https:\/\/www.correiobraziliense.com.br\/cbradar\/wp-json\/wp\/v2\/posts\/135565\/revisions\/135575"}],"wp:featuredmedia":[{"embeddable":true,"href":"https:\/\/www.correiobraziliense.com.br\/cbradar\/wp-json\/wp\/v2\/media\/135570"}],"wp:attachment":[{"href":"https:\/\/www.correiobraziliense.com.br\/cbradar\/wp-json\/wp\/v2\/media?parent=135565"}],"wp:term":[{"taxonomy":"category","embeddable":true,"href":"https:\/\/www.correiobraziliense.com.br\/cbradar\/wp-json\/wp\/v2\/categories?post=135565"},{"taxonomy":"post_tag","embeddable":true,"href":"https:\/\/www.correiobraziliense.com.br\/cbradar\/wp-json\/wp\/v2\/post_tag?post=135565"}],"curies":[{"name":"wp","href":"https:\/\/api.w.org\/{rel}","templated":true}]}}