{"id":135720,"date":"2025-11-12T12:55:48","date_gmt":"2025-11-12T15:55:48","guid":{"rendered":"https:\/\/www.correiobraziliense.com.br\/cbradar\/?p=135720"},"modified":"2025-11-11T12:50:58","modified_gmt":"2025-11-11T15:50:58","slug":"o-que-e-atemoia-e-como-plantar-essa-fruta-exotica-e-deliciosa-no-quintal","status":"publish","type":"post","link":"https:\/\/www.correiobraziliense.com.br\/cbradar\/o-que-e-atemoia-e-como-plantar-essa-fruta-exotica-e-deliciosa-no-quintal\/","title":{"rendered":"O que \u00e9 atemoia e como plantar essa fruta ex\u00f3tica e deliciosa no quintal"},"content":{"rendered":"\n<p>A <strong>atemoia<\/strong> \u00e9 uma fruta h\u00edbrida obtida a partir do cruzamento entre a cherimoia e a fruta-do-conde (conhecida tamb\u00e9m como <em>ata<\/em>), conquistando espa\u00e7o nas mesas brasileiras devido ao seu sabor marcante e aroma delicado, al\u00e9m de oferecer benef\u00edcios nutricionais como vitamina C e antioxidantes, essenciais para a sa\u00fade.<\/p>\n\n\n\n<h2 class=\"wp-block-heading\">Entenda por que a atemoia \u00e9 indicada para cultivo em clima tropical<\/h2>\n\n\n\n<p>Esta <strong>fruta ex\u00f3tica<\/strong> tem prefer\u00eancia por regi\u00f5es de <strong>clima tropical,<\/strong> devido \u00e0 facilidade de adapta\u00e7\u00e3o nessas condi\u00e7\u00f5es. Sua boa produtividade e resist\u00eancia tamb\u00e9m a tornam uma excelente op\u00e7\u00e3o para quem deseja iniciar no cultivo de frutos tropicais e ex\u00f3ticos em casa.<\/p>\n\n\n\n<p>Al\u00e9m de favorecer o crescimento, o clima quente favorece a flora\u00e7\u00e3o e a frutifica\u00e7\u00e3o adequada da atemoia, potencializando sua produ\u00e7\u00e3o em solos preparados corretamente.<\/p>\n\n\n<div class=\"wp-block-image\">\n<figure class=\"aligncenter size-large\"><img decoding=\"async\" width=\"1024\" height=\"576\" src=\"https:\/\/www.correiobraziliense.com.br\/cbradar\/wp-content\/uploads\/2025\/11\/Annona-\u00d7-atemoya_1762875883611-1024x576.jpg\" alt=\"\" class=\"wp-image-135848\" srcset=\"https:\/\/www.correiobraziliense.com.br\/cbradar\/wp-content\/uploads\/2025\/11\/Annona-\u00d7-atemoya_1762875883611-1024x576.jpg 1024w, https:\/\/www.correiobraziliense.com.br\/cbradar\/wp-content\/uploads\/2025\/11\/Annona-\u00d7-atemoya_1762875883611-300x169.jpg 300w, https:\/\/www.correiobraziliense.com.br\/cbradar\/wp-content\/uploads\/2025\/11\/Annona-\u00d7-atemoya_1762875883611-768x432.jpg 768w, https:\/\/www.correiobraziliense.com.br\/cbradar\/wp-content\/uploads\/2025\/11\/Annona-\u00d7-atemoya_1762875883611-750x422.jpg 750w, https:\/\/www.correiobraziliense.com.br\/cbradar\/wp-content\/uploads\/2025\/11\/Annona-\u00d7-atemoya_1762875883611-1140x641.jpg 1140w, https:\/\/www.correiobraziliense.com.br\/cbradar\/wp-content\/uploads\/2025\/11\/Annona-\u00d7-atemoya_1762875883611.jpg 1280w\" sizes=\"(max-width: 1024px) 100vw, 1024px\" \/><figcaption class=\"wp-element-caption\">Esta fruta ex\u00f3tica tem prefer\u00eancia por regi\u00f5es de clima tropical, devido \u00e0 facilidade de adapta\u00e7\u00e3o nessas condi\u00e7\u00f5es &#8211; Cr\u00e9ditos: depositphotos.com \/ lecobron<\/figcaption><\/figure><\/div>\n\n\n<p>Leia tamb\u00e9m:&nbsp;<a href=\"https:\/\/www.correiobraziliense.com.br\/cbradar\/a-fruta-ideal-para-fortalecer-o-sistema-imunologico-e-que-e-facil-de-plantar\/\" target=\"_blank\" rel=\"noopener\">A fruta ideal para fortalecer o sistema imunol\u00f3gico e que \u00e9 f\u00e1cil de plantar<\/a><\/p>\n\n\n\n<h2 class=\"wp-block-heading\">Quais s\u00e3o as exig\u00eancias de solo para plantar a atemoia em casa?<\/h2>\n\n\n\n<p>Ao iniciar o <strong>cultivo<\/strong> no quintal, \u00e9 fundamental conhecer e adaptar o solo para garantir o melhor desenvolvimento da planta. Os cuidados b\u00e1sicos trazem resultados expressivos na sa\u00fade da atemoia e na qualidade dos frutos colhidos.<\/p>\n\n\n\n<p>O solo precisa ser bem drenado, rico em mat\u00e9ria org\u00e2nica e levemente \u00e1cido, com <strong>pH ideal entre 6,0 e 6,5<\/strong>. Recomenda-se a aplica\u00e7\u00e3o de compostos org\u00e2nicos para garantir:<\/p>\n\n\n\n<ul class=\"wp-block-list\">\n<li>Maior aporte de nutrientes essenciais<\/li>\n\n\n\n<li>Boa estrutura f\u00edsica do solo<\/li>\n\n\n\n<li>Melhor reten\u00e7\u00e3o de umidade sem encharcar<\/li>\n\n\n\n<li>Est\u00edmulo ao desenvolvimento das ra\u00edzes<\/li>\n<\/ul>\n\n\n\n<h2 class=\"wp-block-heading\">Como funciona o processo pr\u00e1tico de plantio da atemoia?<\/h2>\n\n\n\n<p>O m\u00e9todo mais indicado para <strong>agricultores dom\u00e9sticos<\/strong> \u00e9 o uso de mudas, pois garante maior taxa de sucesso e agilidade na forma\u00e7\u00e3o da planta. O preparo correto desde o in\u00edcio \u00e9 decisivo para o crescimento saud\u00e1vel.<\/p>\n\n\n\n<p>\u00c9 necess\u00e1rio cavar um buraco de aproximadamente <strong>50 cm de largura e profundidade<\/strong>, misturando a terra com adubo org\u00e2nico antes de inserir a muda. Ap\u00f3s o plantio, compacte a \u00e1rea ao redor para firmar a planta e prevenir eros\u00e3o, garantindo melhor absor\u00e7\u00e3o da \u00e1gua. <\/p>\n\n\n\n<p>Confira o v\u00eddeo do canal <a href=\"https:\/\/www.youtube.com\/@Nilzamelili\" target=\"_blank\" rel=\"noreferrer noopener\">Canal da Nilza Melili<\/a> ensinando a plantar a atemoia a partir da semente:<\/p>\n\n\n\n<figure class=\"wp-block-embed is-type-video is-provider-youtube wp-block-embed-youtube wp-embed-aspect-16-9 wp-has-aspect-ratio\"><div class=\"wp-block-embed__wrapper\">\n<div class=\"jeg_video_container jeg_video_content\"><iframe loading=\"lazy\" title=\"Plantando semente de Atemoia, assista o v\u00eddeo \u00e9 interessante!!\" width=\"500\" height=\"281\" src=\"https:\/\/www.youtube.com\/embed\/lo0y4UM5shg?feature=oembed\" frameborder=\"0\" allow=\"accelerometer; autoplay; clipboard-write; encrypted-media; gyroscope; picture-in-picture; web-share\" referrerpolicy=\"strict-origin-when-cross-origin\" allowfullscreen><\/iframe><\/div>\n<\/div><\/figure>\n\n\n\n<h2 class=\"wp-block-heading\">Quais s\u00e3o os cuidados mais importantes com a rega da atemoia?<\/h2>\n\n\n\n<p>A rega consistente \u00e9 fundamental, especialmente em \u00e9pocas de calor intenso. No entanto, torna-se imprescind\u00edvel evitar o excesso de \u00e1gua, que pode prejudicar o sistema radicular.<\/p>\n\n\n\n<p>Para facilitar o controle de umidade, recomenda-se:<\/p>\n\n\n\n<ul class=\"wp-block-list\">\n<li>Utilizar sistema de irriga\u00e7\u00e3o por gotejamento para suprimento equilibrado<\/li>\n\n\n\n<li>Cobrir a base da planta com palha ou folhas secas, preservando a umidade<\/li>\n\n\n\n<li>Monitorar a frequ\u00eancia das regas conforme o clima e o est\u00e1gio de desenvolvimento<\/li>\n<\/ul>\n\n\n<div class=\"wp-block-image\">\n<figure class=\"aligncenter size-large\"><img decoding=\"async\" width=\"1024\" height=\"576\" src=\"https:\/\/www.correiobraziliense.com.br\/cbradar\/wp-content\/uploads\/2025\/11\/Annona-\u00d7-atemoya_1762875985740-1024x576.jpg\" alt=\"\" class=\"wp-image-135849\" srcset=\"https:\/\/www.correiobraziliense.com.br\/cbradar\/wp-content\/uploads\/2025\/11\/Annona-\u00d7-atemoya_1762875985740-1024x576.jpg 1024w, https:\/\/www.correiobraziliense.com.br\/cbradar\/wp-content\/uploads\/2025\/11\/Annona-\u00d7-atemoya_1762875985740-300x169.jpg 300w, https:\/\/www.correiobraziliense.com.br\/cbradar\/wp-content\/uploads\/2025\/11\/Annona-\u00d7-atemoya_1762875985740-768x432.jpg 768w, https:\/\/www.correiobraziliense.com.br\/cbradar\/wp-content\/uploads\/2025\/11\/Annona-\u00d7-atemoya_1762875985740-750x422.jpg 750w, https:\/\/www.correiobraziliense.com.br\/cbradar\/wp-content\/uploads\/2025\/11\/Annona-\u00d7-atemoya_1762875985740-1140x641.jpg 1140w, https:\/\/www.correiobraziliense.com.br\/cbradar\/wp-content\/uploads\/2025\/11\/Annona-\u00d7-atemoya_1762875985740.jpg 1280w\" sizes=\"(max-width: 1024px) 100vw, 1024px\" \/><figcaption class=\"wp-element-caption\">Monitorar a frequ\u00eancia das regas conforme o clima e o est\u00e1gio de desenvolvimento &#8211; Cr\u00e9ditos: depositphotos.com \/ Marcotga<\/figcaption><\/figure><\/div>\n\n\n<h2 class=\"wp-block-heading\">Quando colhemos o fruto da atemoia?<\/h2>\n\n\n\n<p>O tempo ideal para colheita \u00e9 vari\u00e1vel, pois depende do clima e do manejo durante o <strong>cultivo,<\/strong> geralmente ocorrendo entre dois a tr\u00eas anos ap\u00f3s o plantio. As frutas maduras apresentam cor esverdeada e precisam ser colhidas com cuidado para manter a qualidade.<\/p>\n\n\n\n<p>Para um consumo perfeito, o teste do toque \u00e9 essencial: colha apenas as atemoias levemente macias, pois estar\u00e3o no ponto ideal de sabor e textura para aprecia\u00e7\u00e3o.<\/p>\n\n\n\n<p>Com aten\u00e7\u00e3o aos requisitos de solo, rega e colheita, <strong>cultivar atemoia<\/strong> em casa \u00e9 uma escolha f\u00e1cil e rica nutricionalmente. O processo, al\u00e9m de enriquecer a alimenta\u00e7\u00e3o, proporciona satisfa\u00e7\u00e3o ao ver o fruto do pr\u00f3prio cultivo, sendo uma \u00f3tima oportunidade para quem valoriza jardinagem e h\u00e1bitos saud\u00e1veis.<\/p>\n","protected":false},"excerpt":{"rendered":"<p>A atemoia \u00e9 uma fruta h\u00edbrida obtida a partir do cruzamento entre a cherimoia e a fruta-do-conde (conhecida tamb\u00e9m como ata), conquistando espa\u00e7o nas mesas brasileiras devido ao seu sabor marcante e aroma delicado, al\u00e9m de oferecer benef\u00edcios nutricionais como vitamina C e antioxidantes, essenciais para a sa\u00fade. Entenda por que a atemoia \u00e9 indicada [&hellip;]<\/p>\n","protected":false},"author":9,"featured_media":135847,"comment_status":"open","ping_status":"open","sticky":false,"template":"","format":"standard","meta":{"_yoast_wpseo_focuskw":"plantar a atemoia em casa","_yoast_wpseo_title":"%%title%% %%page%%","_yoast_wpseo_metadesc":"A atemoia \u00e9 uma fruta tropical saborosa e nutritiva que pode ser cultivada facilmente em casa com solo f\u00e9rtil e rega equilibrada.","jnews-multi-image_gallery":[],"jnews_single_post":{"format":"standard"},"jnews_primary_category":[],"jnews_social_meta":[],"jnews_override_counter":[],"footnotes":""},"categories":[119,4404],"post_tag":[11565,615,11566],"class_list":["post-135720","post","type-post","status-publish","format-standard","has-post-thumbnail","hentry","category-bem-estar","category-saude","tag-atemoia","tag-fruta","tag-fruta-esquecida"],"yoast_head":"<!-- This site is optimized with the Yoast SEO plugin v24.6 - https:\/\/yoast.com\/wordpress\/plugins\/seo\/ -->\n<title>O que \u00e9 atemoia e como plantar essa fruta ex\u00f3tica e deliciosa no quintal<\/title>\n<meta name=\"description\" content=\"A atemoia \u00e9 uma fruta tropical saborosa e nutritiva que pode ser cultivada facilmente em casa com solo f\u00e9rtil e rega equilibrada.\" \/>\n<meta name=\"robots\" content=\"index, follow, max-snippet:-1, max-image-preview:large, max-video-preview:-1\" \/>\n<link rel=\"canonical\" href=\"https:\/\/www.correiobraziliense.com.br\/cbradar\/o-que-e-atemoia-e-como-plantar-essa-fruta-exotica-e-deliciosa-no-quintal\/\" \/>\n<meta property=\"og:locale\" content=\"pt_BR\" \/>\n<meta property=\"og:type\" content=\"article\" \/>\n<meta property=\"og:title\" content=\"O que \u00e9 atemoia e como plantar essa fruta ex\u00f3tica e deliciosa no quintal\" \/>\n<meta property=\"og:description\" content=\"A atemoia \u00e9 uma fruta tropical saborosa e nutritiva que pode ser cultivada facilmente em casa com solo f\u00e9rtil e rega equilibrada.\" \/>\n<meta property=\"og:url\" content=\"https:\/\/www.correiobraziliense.com.br\/cbradar\/o-que-e-atemoia-e-como-plantar-essa-fruta-exotica-e-deliciosa-no-quintal\/\" \/>\n<meta property=\"og:site_name\" content=\"Correio Braziliense - Radar\" \/>\n<meta property=\"article:published_time\" content=\"2025-11-12T15:55:48+00:00\" \/>\n<meta property=\"og:image\" content=\"https:\/\/www.correiobraziliense.com.br\/cbradar\/wp-content\/uploads\/2025\/11\/atemoia-fruta_1762875770654.jpg\" \/>\n\t<meta property=\"og:image:width\" content=\"1280\" \/>\n\t<meta property=\"og:image:height\" content=\"720\" \/>\n\t<meta property=\"og:image:type\" content=\"image\/jpeg\" \/>\n<meta name=\"author\" content=\"Daniely Cardoso\" \/>\n<meta name=\"twitter:card\" content=\"summary_large_image\" \/>\n<meta name=\"twitter:label1\" content=\"Escrito por\" \/>\n\t<meta name=\"twitter:data1\" content=\"Daniely Cardoso\" \/>\n\t<meta name=\"twitter:label2\" content=\"Est. tempo de leitura\" \/>\n\t<meta name=\"twitter:data2\" content=\"4 minutos\" \/>\n<!-- \/ Yoast SEO plugin. -->","yoast_head_json":{"title":"O que \u00e9 atemoia e como plantar essa fruta ex\u00f3tica e deliciosa no quintal","description":"A atemoia \u00e9 uma fruta tropical saborosa e nutritiva que pode ser cultivada facilmente em casa com solo f\u00e9rtil e rega equilibrada.","robots":{"index":"index","follow":"follow","max-snippet":"max-snippet:-1","max-image-preview":"max-image-preview:large","max-video-preview":"max-video-preview:-1"},"canonical":"https:\/\/www.correiobraziliense.com.br\/cbradar\/o-que-e-atemoia-e-como-plantar-essa-fruta-exotica-e-deliciosa-no-quintal\/","og_locale":"pt_BR","og_type":"article","og_title":"O que \u00e9 atemoia e como plantar essa fruta ex\u00f3tica e deliciosa no quintal","og_description":"A atemoia \u00e9 uma fruta tropical saborosa e nutritiva que pode ser cultivada facilmente em casa com solo f\u00e9rtil e rega equilibrada.","og_url":"https:\/\/www.correiobraziliense.com.br\/cbradar\/o-que-e-atemoia-e-como-plantar-essa-fruta-exotica-e-deliciosa-no-quintal\/","og_site_name":"Correio Braziliense - Radar","article_published_time":"2025-11-12T15:55:48+00:00","og_image":[{"width":1280,"height":720,"url":"https:\/\/www.correiobraziliense.com.br\/cbradar\/wp-content\/uploads\/2025\/11\/atemoia-fruta_1762875770654.jpg","type":"image\/jpeg"}],"author":"Daniely Cardoso","twitter_card":"summary_large_image","twitter_misc":{"Escrito por":"Daniely Cardoso","Est. tempo de leitura":"4 minutos"},"schema":{"@context":"https:\/\/schema.org","@graph":[{"@type":"WebPage","@id":"https:\/\/www.correiobraziliense.com.br\/cbradar\/o-que-e-atemoia-e-como-plantar-essa-fruta-exotica-e-deliciosa-no-quintal\/","url":"https:\/\/www.correiobraziliense.com.br\/cbradar\/o-que-e-atemoia-e-como-plantar-essa-fruta-exotica-e-deliciosa-no-quintal\/","name":"O que \u00e9 atemoia e como plantar essa fruta ex\u00f3tica e deliciosa no quintal","isPartOf":{"@id":"https:\/\/www.correiobraziliense.com.br\/cbradar\/#website"},"primaryImageOfPage":{"@id":"https:\/\/www.correiobraziliense.com.br\/cbradar\/o-que-e-atemoia-e-como-plantar-essa-fruta-exotica-e-deliciosa-no-quintal\/#primaryimage"},"image":{"@id":"https:\/\/www.correiobraziliense.com.br\/cbradar\/o-que-e-atemoia-e-como-plantar-essa-fruta-exotica-e-deliciosa-no-quintal\/#primaryimage"},"thumbnailUrl":"https:\/\/www.correiobraziliense.com.br\/cbradar\/wp-content\/uploads\/2025\/11\/atemoia-fruta_1762875770654.jpg","datePublished":"2025-11-12T15:55:48+00:00","author":{"@id":"https:\/\/www.correiobraziliense.com.br\/cbradar\/#\/schema\/person\/7356666e12ec0ee53f348ee5db227032"},"description":"A atemoia \u00e9 uma fruta tropical saborosa e nutritiva que pode ser cultivada facilmente em casa com solo f\u00e9rtil e rega equilibrada.","breadcrumb":{"@id":"https:\/\/www.correiobraziliense.com.br\/cbradar\/o-que-e-atemoia-e-como-plantar-essa-fruta-exotica-e-deliciosa-no-quintal\/#breadcrumb"},"inLanguage":"pt-BR","potentialAction":[{"@type":"ReadAction","target":["https:\/\/www.correiobraziliense.com.br\/cbradar\/o-que-e-atemoia-e-como-plantar-essa-fruta-exotica-e-deliciosa-no-quintal\/"]}]},{"@type":"ImageObject","inLanguage":"pt-BR","@id":"https:\/\/www.correiobraziliense.com.br\/cbradar\/o-que-e-atemoia-e-como-plantar-essa-fruta-exotica-e-deliciosa-no-quintal\/#primaryimage","url":"https:\/\/www.correiobraziliense.com.br\/cbradar\/wp-content\/uploads\/2025\/11\/atemoia-fruta_1762875770654.jpg","contentUrl":"https:\/\/www.correiobraziliense.com.br\/cbradar\/wp-content\/uploads\/2025\/11\/atemoia-fruta_1762875770654.jpg","width":1280,"height":720,"caption":"Esta fruta ex\u00f3tica tem prefer\u00eancia por regi\u00f5es de clima tropical - Cr\u00e9ditos: depositphotos.com \/ Marcotga"},{"@type":"BreadcrumbList","@id":"https:\/\/www.correiobraziliense.com.br\/cbradar\/o-que-e-atemoia-e-como-plantar-essa-fruta-exotica-e-deliciosa-no-quintal\/#breadcrumb","itemListElement":[{"@type":"ListItem","position":1,"name":"In\u00edcio","item":"https:\/\/www.correiobraziliense.com.br\/cbradar\/"},{"@type":"ListItem","position":2,"name":"O que \u00e9 atemoia e como plantar essa fruta ex\u00f3tica e deliciosa no quintal"}]},{"@type":"WebSite","@id":"https:\/\/www.correiobraziliense.com.br\/cbradar\/#website","url":"https:\/\/www.correiobraziliense.com.br\/cbradar\/","name":"Correio Braziliense - Radar","description":"Acompanhe as \u00faltimas not\u00edcias e fique bem informado sobre tudo o que acontece no Brasil e no mundo.","potentialAction":[{"@type":"SearchAction","target":{"@type":"EntryPoint","urlTemplate":"https:\/\/www.correiobraziliense.com.br\/cbradar\/?s={search_term_string}"},"query-input":{"@type":"PropertyValueSpecification","valueRequired":true,"valueName":"search_term_string"}}],"inLanguage":"pt-BR"},{"@type":"Person","@id":"https:\/\/www.correiobraziliense.com.br\/cbradar\/#\/schema\/person\/7356666e12ec0ee53f348ee5db227032","name":"Daniely Cardoso","image":{"@type":"ImageObject","inLanguage":"pt-BR","@id":"https:\/\/www.correiobraziliense.com.br\/cbradar\/#\/schema\/person\/image\/","url":"https:\/\/secure.gravatar.com\/avatar\/4b80ddbd124d1f071b626d52d62e5dff?s=96&d=mm&r=g","contentUrl":"https:\/\/secure.gravatar.com\/avatar\/4b80ddbd124d1f071b626d52d62e5dff?s=96&d=mm&r=g","caption":"Daniely Cardoso"},"description":"Redatora nos portais CB Radar e EM Foco, formada pela Universidade Federal de Goi\u00e1s, em Goi\u00e2nia. Apaixonada por comunica\u00e7\u00e3o, arte, decora\u00e7\u00e3o e tend\u00eancias, atuo na produ\u00e7\u00e3o de conte\u00fados envolventes sobre curiosidades, moda, beleza e paisagismo, sempre com um olhar atento \u00e0s novidades do momento.","sameAs":["https:\/\/www.correiobraziliense.com.br\/cbradar"],"url":"https:\/\/www.correiobraziliense.com.br\/cbradar\/author\/danielymyth\/"}]}},"_links":{"self":[{"href":"https:\/\/www.correiobraziliense.com.br\/cbradar\/wp-json\/wp\/v2\/posts\/135720","targetHints":{"allow":["GET"]}}],"collection":[{"href":"https:\/\/www.correiobraziliense.com.br\/cbradar\/wp-json\/wp\/v2\/posts"}],"about":[{"href":"https:\/\/www.correiobraziliense.com.br\/cbradar\/wp-json\/wp\/v2\/types\/post"}],"author":[{"embeddable":true,"href":"https:\/\/www.correiobraziliense.com.br\/cbradar\/wp-json\/wp\/v2\/users\/9"}],"replies":[{"embeddable":true,"href":"https:\/\/www.correiobraziliense.com.br\/cbradar\/wp-json\/wp\/v2\/comments?post=135720"}],"version-history":[{"count":2,"href":"https:\/\/www.correiobraziliense.com.br\/cbradar\/wp-json\/wp\/v2\/posts\/135720\/revisions"}],"predecessor-version":[{"id":135850,"href":"https:\/\/www.correiobraziliense.com.br\/cbradar\/wp-json\/wp\/v2\/posts\/135720\/revisions\/135850"}],"wp:featuredmedia":[{"embeddable":true,"href":"https:\/\/www.correiobraziliense.com.br\/cbradar\/wp-json\/wp\/v2\/media\/135847"}],"wp:attachment":[{"href":"https:\/\/www.correiobraziliense.com.br\/cbradar\/wp-json\/wp\/v2\/media?parent=135720"}],"wp:term":[{"taxonomy":"category","embeddable":true,"href":"https:\/\/www.correiobraziliense.com.br\/cbradar\/wp-json\/wp\/v2\/categories?post=135720"},{"taxonomy":"post_tag","embeddable":true,"href":"https:\/\/www.correiobraziliense.com.br\/cbradar\/wp-json\/wp\/v2\/post_tag?post=135720"}],"curies":[{"name":"wp","href":"https:\/\/api.w.org\/{rel}","templated":true}]}}