{"id":135858,"date":"2025-11-12T07:45:00","date_gmt":"2025-11-12T10:45:00","guid":{"rendered":"https:\/\/www.correiobraziliense.com.br\/cbradar\/?p=135858"},"modified":"2025-11-11T13:13:52","modified_gmt":"2025-11-11T16:13:52","slug":"o-poderoso-cha-que-melhora-memoria-e-digestao","status":"publish","type":"post","link":"https:\/\/www.correiobraziliense.com.br\/cbradar\/o-poderoso-cha-que-melhora-memoria-e-digestao\/","title":{"rendered":"O poderoso ch\u00e1 que melhora mem\u00f3ria e digest\u00e3o"},"content":{"rendered":"\n<p>O <strong>Ch\u00e1 de Alecrim<\/strong> \u00e9 um rem\u00e9dio natural que tem sido utilizado h\u00e1 s\u00e9culos devido aos seus diversos benef\u00edcios \u00e0 sa\u00fade. Esta infus\u00e3o \u00e9 feita a partir de folhas da planta\u00a0<em>Rosmarinus officinalis<\/em>\u00a0e se destaca por suas propriedades medicinais. Entre seus principais efeitos, destacam-se a melhoria na digest\u00e3o e na circula\u00e7\u00e3o sangu\u00ednea, al\u00e9m de favorecer o crescimento capilar. O Ch\u00e1 de Alecrim \u00e9 rico em compostos bioativos, como flavonoides, terpenos e \u00e1cidos fen\u00f3licos, que conferem a este ch\u00e1 propriedades antioxidantes, anti-inflamat\u00f3rias e diur\u00e9ticas.<\/p>\n\n\n\n<p>Um dos benef\u00edcios mais not\u00e1veis do Ch\u00e1 de Alecrim \u00e9 a sua capacidade de auxiliar na digest\u00e3o. Consumido ap\u00f3s as refei\u00e7\u00f5es, ele ajuda a reduzir a sensa\u00e7\u00e3o de incha\u00e7o e azia, promovendo o al\u00edvio de desconfortos digestivos. Al\u00e9m disso, o ch\u00e1 possui propriedades antimicrobianas, atuando como um antibi\u00f3tico natural, especialmente eficaz contra algumas bact\u00e9rias prejudiciais que podem causar infec\u00e7\u00f5es no trato urin\u00e1rio e digestivo.<\/p>\n\n\n\n<h2 class=\"wp-block-heading\">Como o Ch\u00e1 de Alecrim pode combater o cansa\u00e7o mental?<\/h2>\n\n\n\n<p>Estudos recentes indicam que o Ch\u00e1 de Alecrim desempenha um papel significativo no combate ao cansa\u00e7o mental. A ingest\u00e3o da bebida antes de atividades que demandam concentra\u00e7\u00e3o, como provas ou reuni\u00f5es, pode melhorar a mem\u00f3ria e o foco. Isso se deve aos compostos antioxidantes presentes no alecrim, que t\u00eam potencial neuroprotetor, sendo promissores na preven\u00e7\u00e3o de doen\u00e7as degenerativas, como o Alzheimer.<\/p>\n\n\n\n<h2 class=\"wp-block-heading\">Qual a rela\u00e7\u00e3o do Ch\u00e1 de Alecrim com a sa\u00fade do f\u00edgado?<\/h2>\n\n\n\n<p>Outro benef\u00edcio importante do Ch\u00e1 de Alecrim \u00e9 o seu impacto positivo na sa\u00fade do f\u00edgado. Ele contribui para a melhoria da fun\u00e7\u00e3o hep\u00e1tica e pode ajudar a aliviar o desconforto ap\u00f3s o consumo de \u00e1lcool ou refei\u00e7\u00f5es pesadas. No entanto, \u00e9 importante ressaltar que pessoas com doen\u00e7as hep\u00e1ticas devem consumir o ch\u00e1 com cautela e sob orienta\u00e7\u00e3o m\u00e9dica, pois ele pode interagir com certas condi\u00e7\u00f5es de <a href=\"https:\/\/www.correiobraziliense.com.br\/cbradar\/dra-anna-luisa-barbosa-como-evitar-gluten-e-manter-uma-dieta-equilibrada\/\" target=\"_blank\" rel=\"noreferrer noopener\">sa\u00fade<\/a>.<\/p>\n\n\n<div class=\"wp-block-image\">\n<figure class=\"aligncenter size-large\"><img decoding=\"async\" width=\"1024\" height=\"576\" src=\"https:\/\/www.correiobraziliense.com.br\/cbradar\/wp-content\/uploads\/2025\/05\/alecrim_1748710816991-1024x576.jpg\" alt=\"\" class=\"wp-image-45729\" srcset=\"https:\/\/www.correiobraziliense.com.br\/cbradar\/wp-content\/uploads\/2025\/05\/alecrim_1748710816991-1024x576.jpg 1024w, https:\/\/www.correiobraziliense.com.br\/cbradar\/wp-content\/uploads\/2025\/05\/alecrim_1748710816991-300x169.jpg 300w, https:\/\/www.correiobraziliense.com.br\/cbradar\/wp-content\/uploads\/2025\/05\/alecrim_1748710816991-768x432.jpg 768w, https:\/\/www.correiobraziliense.com.br\/cbradar\/wp-content\/uploads\/2025\/05\/alecrim_1748710816991-750x422.jpg 750w, https:\/\/www.correiobraziliense.com.br\/cbradar\/wp-content\/uploads\/2025\/05\/alecrim_1748710816991-1140x641.jpg 1140w, https:\/\/www.correiobraziliense.com.br\/cbradar\/wp-content\/uploads\/2025\/05\/alecrim_1748710816991.jpg 1280w\" sizes=\"(max-width: 1024px) 100vw, 1024px\" \/><figcaption class=\"wp-element-caption\">Alecrim &#8211; Cr\u00e9ditos: depositphotos.com \/ MarusiaBO<\/figcaption><\/figure><\/div>\n\n\n<h2 class=\"wp-block-heading\">Ch\u00e1 de Alecrim no controle da diabetes: o que dizem os estudos?<\/h2>\n\n\n\n<p>O Ch\u00e1 de Alecrim pode auxiliar no controle da diabetes, pois ajuda a manter os n\u00edveis de glicose no sangue sob controle e promove a a\u00e7\u00e3o da insulina. Contudo, \u00e9 fundamental lembrar que o ch\u00e1 deve ser utilizado como um complemento, e n\u00e3o como substituto dos medicamentos prescritos para o tratamento da diabetes. Os benef\u00edcios do Ch\u00e1 de Alecrim no controle de glicose s\u00e3o promissores, mas \u00e9 crucial seguir as orienta\u00e7\u00f5es de um profissional de sa\u00fade.<\/p>\n\n\n\n<h2 class=\"wp-block-heading\">O Ch\u00e1 de Alecrim ajuda a melhorar a circula\u00e7\u00e3o sangu\u00ednea?<\/h2>\n\n\n\n<p>Sim, o Ch\u00e1 de Alecrim tem propriedades antiplaquet\u00e1rias, o que contribui para a melhora da circula\u00e7\u00e3o sangu\u00ednea. Isso \u00e9 particularmente ben\u00e9fico para pessoas com problemas circulat\u00f3rios ou que necessitam de repouso prolongado na cama. A bebida promove a circula\u00e7\u00e3o e pode prevenir a forma\u00e7\u00e3o de co\u00e1gulos, sendo um aliado importante em tratamentos complementares para a sa\u00fade cardiovascular.<\/p>\n\n\n\n<p>Apesar dos in\u00fameros benef\u00edcios associados ao Ch\u00e1 de Alecrim, algumas precau\u00e7\u00f5es s\u00e3o necess\u00e1rias. O consumo excessivo pode levar a efeitos colaterais, como n\u00e1useas e, em algumas situa\u00e7\u00f5es, hipotens\u00e3o. Al\u00e9m disso, o ch\u00e1 n\u00e3o \u00e9 recomendado para gestantes, lactantes, crian\u00e7as menores de 12 anos e indiv\u00edduos com certas condi\u00e7\u00f5es de sa\u00fade, como epilepsia ou que fazem uso de medicamentos anticoagulantes. Nesses casos, a consulta ao m\u00e9dico \u00e9 essencial para garantir um consumo seguro e eficaz.<\/p>\n\n\n<a href=\"https:\/\/www.instagram.com\/dra.annaluisabf\/\" target=\"_blank\" rel=\"noopener\" style=\"text-decoration: none; color: inherit;\">\n    <span style=\"display: inline-block; border: 1px solid #ccc; border-radius: 10px; padding: 15px; max-width: 550px; font-family: sans-serif; box-shadow: 0 2px 5px rgba(0,0,0,0.1); width: 100%;\">\n\n      <!-- T\u00edtulo -->\n      <span style=\"display: block; margin: 0 0 15px 0; font-weight: bold; color: #2c3e50; text-align: center;\">\n        Entre em contato:\n      <\/span>\n\n      <!-- Linha do perfil -->\n      <span style=\"display: flex; align-items: center; gap: 15px;\">\n        <img decoding=\"async\"\n          src=\"https:\/\/www.correiobraziliense.com.br\/cbradar\/wp-content\/uploads\/2025\/08\/dra_anna_luisa.jpeg\"\n          alt=\"Foto da Dra. Anna Lu\u00edsa\"\n          style=\"border-radius: 50%; width: 80px; height: 80px; object-fit: cover;\"\n        \/>\n        <span style=\"display: flex; flex-direction: column;\">\n          <span style=\"font-size: 18px; font-weight: 700; color: #2c3e50;\">Dra. Anna Lu\u00edsa Barbosa Fernandes<\/span>\n          <span style=\"color: #555;\">CRM-GO 33.271<\/span>\n        <\/span>\n      <\/span>\n\n      <!-- Redes -->\n      <span style=\"display: flex; align-items: center; gap: 10px; margin-top: 12px;\">\n        <img decoding=\"async\" src=\"https:\/\/cdn-icons-png.flaticon.com\/24\/1384\/1384063.png\" alt=\"Instagram\" width=\"24\" height=\"24\" \/>\n        <span style=\"text-decoration: underline; color: #2c3e50;\">@dra.annaluisabf<\/span>\n      <\/span>\n\n    <\/span>\n  <\/a>","protected":false},"excerpt":{"rendered":"<p>O Ch\u00e1 de Alecrim \u00e9 um rem\u00e9dio natural que tem sido utilizado h\u00e1 s\u00e9culos devido aos seus diversos benef\u00edcios \u00e0 sa\u00fade. Esta infus\u00e3o \u00e9 feita a partir de folhas da planta\u00a0Rosmarinus officinalis\u00a0e se destaca por suas propriedades medicinais. Entre seus principais efeitos, destacam-se a melhoria na digest\u00e3o e na circula\u00e7\u00e3o sangu\u00ednea, al\u00e9m de favorecer o [&hellip;]<\/p>\n","protected":false},"author":14,"featured_media":70262,"comment_status":"open","ping_status":"open","sticky":false,"template":"","format":"standard","meta":{"_yoast_wpseo_focuskw":"Ch\u00e1 de Alecrim","_yoast_wpseo_title":"","_yoast_wpseo_metadesc":"Ch\u00e1 de alecrim pode ser o segredo para mais foco, sa\u00fade digestiva e equil\u00edbrio da glicose. Veja como aproveitar seus efeitos naturais.","jnews-multi-image_gallery":[],"jnews_single_post":{"format":"standard"},"jnews_primary_category":[],"jnews_social_meta":[],"jnews_override_counter":[],"footnotes":""},"categories":[4404],"post_tag":[120,247,1318],"class_list":["post-135858","post","type-post","status-publish","format-standard","has-post-thumbnail","hentry","category-saude","tag-bem-estar","tag-qualidade-de-vida","tag-saude-2"],"yoast_head":"<!-- This site is optimized with the Yoast SEO plugin v24.6 - https:\/\/yoast.com\/wordpress\/plugins\/seo\/ -->\n<title>O poderoso ch\u00e1 que melhora mem\u00f3ria e digest\u00e3o - Correio Braziliense - Radar<\/title>\n<meta name=\"description\" content=\"Ch\u00e1 de alecrim pode ser o segredo para mais foco, sa\u00fade digestiva e equil\u00edbrio da glicose. Veja como aproveitar seus efeitos naturais.\" \/>\n<meta name=\"robots\" content=\"index, follow, max-snippet:-1, max-image-preview:large, max-video-preview:-1\" \/>\n<link rel=\"canonical\" href=\"https:\/\/www.correiobraziliense.com.br\/cbradar\/o-poderoso-cha-que-melhora-memoria-e-digestao\/\" \/>\n<meta property=\"og:locale\" content=\"pt_BR\" \/>\n<meta property=\"og:type\" content=\"article\" \/>\n<meta property=\"og:title\" content=\"O poderoso ch\u00e1 que melhora mem\u00f3ria e digest\u00e3o - Correio Braziliense - Radar\" \/>\n<meta property=\"og:description\" content=\"Ch\u00e1 de alecrim pode ser o segredo para mais foco, sa\u00fade digestiva e equil\u00edbrio da glicose. Veja como aproveitar seus efeitos naturais.\" \/>\n<meta property=\"og:url\" content=\"https:\/\/www.correiobraziliense.com.br\/cbradar\/o-poderoso-cha-que-melhora-memoria-e-digestao\/\" \/>\n<meta property=\"og:site_name\" content=\"Correio Braziliense - Radar\" \/>\n<meta property=\"article:published_time\" content=\"2025-11-12T10:45:00+00:00\" \/>\n<meta property=\"og:image\" content=\"https:\/\/www.correiobraziliense.com.br\/cbradar\/wp-content\/uploads\/2025\/07\/cha-de-alecrim_1752583147439.jpg\" \/>\n\t<meta property=\"og:image:width\" content=\"1280\" \/>\n\t<meta property=\"og:image:height\" content=\"720\" \/>\n\t<meta property=\"og:image:type\" content=\"image\/jpeg\" \/>\n<meta name=\"author\" content=\"guilherme_saude\" \/>\n<meta name=\"twitter:card\" content=\"summary_large_image\" \/>\n<meta name=\"twitter:label1\" content=\"Escrito por\" \/>\n\t<meta name=\"twitter:data1\" content=\"guilherme_saude\" \/>\n\t<meta name=\"twitter:label2\" content=\"Est. tempo de leitura\" \/>\n\t<meta name=\"twitter:data2\" content=\"4 minutos\" \/>\n<!-- \/ Yoast SEO plugin. -->","yoast_head_json":{"title":"O poderoso ch\u00e1 que melhora mem\u00f3ria e digest\u00e3o - Correio Braziliense - Radar","description":"Ch\u00e1 de alecrim pode ser o segredo para mais foco, sa\u00fade digestiva e equil\u00edbrio da glicose. Veja como aproveitar seus efeitos naturais.","robots":{"index":"index","follow":"follow","max-snippet":"max-snippet:-1","max-image-preview":"max-image-preview:large","max-video-preview":"max-video-preview:-1"},"canonical":"https:\/\/www.correiobraziliense.com.br\/cbradar\/o-poderoso-cha-que-melhora-memoria-e-digestao\/","og_locale":"pt_BR","og_type":"article","og_title":"O poderoso ch\u00e1 que melhora mem\u00f3ria e digest\u00e3o - Correio Braziliense - Radar","og_description":"Ch\u00e1 de alecrim pode ser o segredo para mais foco, sa\u00fade digestiva e equil\u00edbrio da glicose. Veja como aproveitar seus efeitos naturais.","og_url":"https:\/\/www.correiobraziliense.com.br\/cbradar\/o-poderoso-cha-que-melhora-memoria-e-digestao\/","og_site_name":"Correio Braziliense - Radar","article_published_time":"2025-11-12T10:45:00+00:00","og_image":[{"width":1280,"height":720,"url":"https:\/\/www.correiobraziliense.com.br\/cbradar\/wp-content\/uploads\/2025\/07\/cha-de-alecrim_1752583147439.jpg","type":"image\/jpeg"}],"author":"guilherme_saude","twitter_card":"summary_large_image","twitter_misc":{"Escrito por":"guilherme_saude","Est. tempo de leitura":"4 minutos"},"schema":{"@context":"https:\/\/schema.org","@graph":[{"@type":"WebPage","@id":"https:\/\/www.correiobraziliense.com.br\/cbradar\/o-poderoso-cha-que-melhora-memoria-e-digestao\/","url":"https:\/\/www.correiobraziliense.com.br\/cbradar\/o-poderoso-cha-que-melhora-memoria-e-digestao\/","name":"O poderoso ch\u00e1 que melhora mem\u00f3ria e digest\u00e3o - Correio Braziliense - Radar","isPartOf":{"@id":"https:\/\/www.correiobraziliense.com.br\/cbradar\/#website"},"primaryImageOfPage":{"@id":"https:\/\/www.correiobraziliense.com.br\/cbradar\/o-poderoso-cha-que-melhora-memoria-e-digestao\/#primaryimage"},"image":{"@id":"https:\/\/www.correiobraziliense.com.br\/cbradar\/o-poderoso-cha-que-melhora-memoria-e-digestao\/#primaryimage"},"thumbnailUrl":"https:\/\/www.correiobraziliense.com.br\/cbradar\/wp-content\/uploads\/2025\/07\/cha-de-alecrim_1752583147439.jpg","datePublished":"2025-11-12T10:45:00+00:00","author":{"@id":"https:\/\/www.correiobraziliense.com.br\/cbradar\/#\/schema\/person\/5aa4bf3c8fa699c267933611de12978b"},"description":"Ch\u00e1 de alecrim pode ser o segredo para mais foco, sa\u00fade digestiva e equil\u00edbrio da glicose. Veja como aproveitar seus efeitos naturais.","breadcrumb":{"@id":"https:\/\/www.correiobraziliense.com.br\/cbradar\/o-poderoso-cha-que-melhora-memoria-e-digestao\/#breadcrumb"},"inLanguage":"pt-BR","potentialAction":[{"@type":"ReadAction","target":["https:\/\/www.correiobraziliense.com.br\/cbradar\/o-poderoso-cha-que-melhora-memoria-e-digestao\/"]}]},{"@type":"ImageObject","inLanguage":"pt-BR","@id":"https:\/\/www.correiobraziliense.com.br\/cbradar\/o-poderoso-cha-que-melhora-memoria-e-digestao\/#primaryimage","url":"https:\/\/www.correiobraziliense.com.br\/cbradar\/wp-content\/uploads\/2025\/07\/cha-de-alecrim_1752583147439.jpg","contentUrl":"https:\/\/www.correiobraziliense.com.br\/cbradar\/wp-content\/uploads\/2025\/07\/cha-de-alecrim_1752583147439.jpg","width":1280,"height":720,"caption":"Ch\u00e1 de alecrim - Cr\u00e9ditos: depositphotos.com \/ jochenschneider"},{"@type":"BreadcrumbList","@id":"https:\/\/www.correiobraziliense.com.br\/cbradar\/o-poderoso-cha-que-melhora-memoria-e-digestao\/#breadcrumb","itemListElement":[{"@type":"ListItem","position":1,"name":"In\u00edcio","item":"https:\/\/www.correiobraziliense.com.br\/cbradar\/"},{"@type":"ListItem","position":2,"name":"O poderoso ch\u00e1 que melhora mem\u00f3ria e digest\u00e3o"}]},{"@type":"WebSite","@id":"https:\/\/www.correiobraziliense.com.br\/cbradar\/#website","url":"https:\/\/www.correiobraziliense.com.br\/cbradar\/","name":"Correio Braziliense - Radar","description":"Acompanhe as \u00faltimas not\u00edcias e fique bem informado sobre tudo o que acontece no Brasil e no mundo.","potentialAction":[{"@type":"SearchAction","target":{"@type":"EntryPoint","urlTemplate":"https:\/\/www.correiobraziliense.com.br\/cbradar\/?s={search_term_string}"},"query-input":{"@type":"PropertyValueSpecification","valueRequired":true,"valueName":"search_term_string"}}],"inLanguage":"pt-BR"},{"@type":"Person","@id":"https:\/\/www.correiobraziliense.com.br\/cbradar\/#\/schema\/person\/5aa4bf3c8fa699c267933611de12978b","name":"guilherme_saude","image":{"@type":"ImageObject","inLanguage":"pt-BR","@id":"https:\/\/www.correiobraziliense.com.br\/cbradar\/#\/schema\/person\/image\/","url":"https:\/\/secure.gravatar.com\/avatar\/df9adfb835d344bc0af109d41756253f?s=96&d=mm&r=g","contentUrl":"https:\/\/secure.gravatar.com\/avatar\/df9adfb835d344bc0af109d41756253f?s=96&d=mm&r=g","caption":"guilherme_saude"},"url":"https:\/\/www.correiobraziliense.com.br\/cbradar\/author\/guilherme_saude\/"}]}},"_links":{"self":[{"href":"https:\/\/www.correiobraziliense.com.br\/cbradar\/wp-json\/wp\/v2\/posts\/135858","targetHints":{"allow":["GET"]}}],"collection":[{"href":"https:\/\/www.correiobraziliense.com.br\/cbradar\/wp-json\/wp\/v2\/posts"}],"about":[{"href":"https:\/\/www.correiobraziliense.com.br\/cbradar\/wp-json\/wp\/v2\/types\/post"}],"author":[{"embeddable":true,"href":"https:\/\/www.correiobraziliense.com.br\/cbradar\/wp-json\/wp\/v2\/users\/14"}],"replies":[{"embeddable":true,"href":"https:\/\/www.correiobraziliense.com.br\/cbradar\/wp-json\/wp\/v2\/comments?post=135858"}],"version-history":[{"count":1,"href":"https:\/\/www.correiobraziliense.com.br\/cbradar\/wp-json\/wp\/v2\/posts\/135858\/revisions"}],"predecessor-version":[{"id":135861,"href":"https:\/\/www.correiobraziliense.com.br\/cbradar\/wp-json\/wp\/v2\/posts\/135858\/revisions\/135861"}],"wp:featuredmedia":[{"embeddable":true,"href":"https:\/\/www.correiobraziliense.com.br\/cbradar\/wp-json\/wp\/v2\/media\/70262"}],"wp:attachment":[{"href":"https:\/\/www.correiobraziliense.com.br\/cbradar\/wp-json\/wp\/v2\/media?parent=135858"}],"wp:term":[{"taxonomy":"category","embeddable":true,"href":"https:\/\/www.correiobraziliense.com.br\/cbradar\/wp-json\/wp\/v2\/categories?post=135858"},{"taxonomy":"post_tag","embeddable":true,"href":"https:\/\/www.correiobraziliense.com.br\/cbradar\/wp-json\/wp\/v2\/post_tag?post=135858"}],"curies":[{"name":"wp","href":"https:\/\/api.w.org\/{rel}","templated":true}]}}