{"id":13587,"date":"2025-03-19T18:30:00","date_gmt":"2025-03-19T21:30:00","guid":{"rendered":"https:\/\/www.correiobraziliense.com.br\/cbradar\/?p=13587"},"modified":"2025-03-18T13:29:42","modified_gmt":"2025-03-18T16:29:42","slug":"conheca-a-cidade-onde-as-ruas-sao-em-circulos-concentricos","status":"publish","type":"post","link":"https:\/\/www.correiobraziliense.com.br\/cbradar\/conheca-a-cidade-onde-as-ruas-sao-em-circulos-concentricos\/","title":{"rendered":"Conhe\u00e7a a cidade onde as ruas s\u00e3o em c\u00edrculos conc\u00eantricos"},"content":{"rendered":"\n<p>Na regi\u00e3o de <strong>Friuli-Venezia Giulia<\/strong>, no norte da <strong>It\u00e1lia<\/strong>, existe uma cidade com um design urbano \u00fanico: <strong>Palmanova<\/strong>. Constru\u00edda no formato de uma <strong>estrela de nove pontas<\/strong>, todas as suas ruas seguem um padr\u00e3o de <strong>c\u00edrculos conc\u00eantricos perfeitos<\/strong>, algo rar\u00edssimo na arquitetura urbana. Essa organiza\u00e7\u00e3o geom\u00e9trica n\u00e3o \u00e9 apenas est\u00e9tica, mas fazia parte de um planejamento estrat\u00e9gico para defesa militar.<\/p>\n\n\n\n<h2 class=\"wp-block-heading\">Por que Palmanova tem esse formato?<\/h2>\n\n\n\n<p>Palmanova foi fundada em <strong>1593<\/strong> pela <strong>Rep\u00fablica de Veneza<\/strong> com um objetivo claro: ser uma <strong>fortaleza militar perfeita<\/strong> contra invas\u00f5es do <strong>Imp\u00e9rio Otomano e dos Habsburgos<\/strong>. Seu formato de estrela foi inspirado nas ideias renascentistas de cidades ideais, misturando <strong>arquitetura, funcionalidade e estrat\u00e9gia militar<\/strong>.<\/p>\n\n\n\n<p>A estrutura da cidade segue tr\u00eas an\u00e9is conc\u00eantricos:<\/p>\n\n\n\n<ol class=\"wp-block-list\">\n<li><strong>O anel central<\/strong>, onde est\u00e1 a pra\u00e7a principal, chamada <strong>Piazza Grande<\/strong>, um espa\u00e7o hexagonal perfeito.<\/li>\n\n\n\n<li><strong>O segundo anel<\/strong>, que abriga as resid\u00eancias e edif\u00edcios administrativos.<\/li>\n\n\n\n<li><strong>O terceiro anel<\/strong>, formado por muralhas e fortifica\u00e7\u00f5es defensivas, cercadas por um sistema de fossos.<\/li>\n<\/ol>\n\n\n\n<p>Dessa forma, qualquer invasor teria que atravessar m\u00faltiplas camadas de defesas, tornando a cidade quase impenetr\u00e1vel.<\/p>\n\n\n\n<figure class=\"wp-block-image size-large\"><img decoding=\"async\" width=\"1024\" height=\"576\" src=\"https:\/\/www.correiobraziliense.com.br\/cbradar\/wp-content\/uploads\/2025\/03\/Friuli-Venezia-Giulia_1742306333770-1024x576.jpg\" alt=\"Conhe\u00e7a a cidade onde as ruas s\u00e3o em c\u00edrculos conc\u00eantricos\" class=\"wp-image-13592\" srcset=\"https:\/\/www.correiobraziliense.com.br\/cbradar\/wp-content\/uploads\/2025\/03\/Friuli-Venezia-Giulia_1742306333770-1024x576.jpg 1024w, https:\/\/www.correiobraziliense.com.br\/cbradar\/wp-content\/uploads\/2025\/03\/Friuli-Venezia-Giulia_1742306333770-300x169.jpg 300w, https:\/\/www.correiobraziliense.com.br\/cbradar\/wp-content\/uploads\/2025\/03\/Friuli-Venezia-Giulia_1742306333770-768x432.jpg 768w, https:\/\/www.correiobraziliense.com.br\/cbradar\/wp-content\/uploads\/2025\/03\/Friuli-Venezia-Giulia_1742306333770-750x422.jpg 750w, https:\/\/www.correiobraziliense.com.br\/cbradar\/wp-content\/uploads\/2025\/03\/Friuli-Venezia-Giulia_1742306333770-1140x641.jpg 1140w, https:\/\/www.correiobraziliense.com.br\/cbradar\/wp-content\/uploads\/2025\/03\/Friuli-Venezia-Giulia_1742306333770.jpg 1280w\" sizes=\"(max-width: 1024px) 100vw, 1024px\" \/><figcaption class=\"wp-element-caption\">Friuli-Venezia Giulia. Cr\u00e9ditos: depositphotos.com \/ Krasnevsky<\/figcaption><\/figure>\n\n\n\n<h2 class=\"wp-block-heading\">Como \u00e9 viver em uma cidade totalmente geom\u00e9trica?<\/h2>\n\n\n\n<p>Hoje, Palmanova n\u00e3o tem mais a fun\u00e7\u00e3o militar que teve no passado, mas continua sendo um lugar <strong>\u00fanico e fascinante<\/strong>. Algumas caracter\u00edsticas curiosas da cidade incluem:<\/p>\n\n\n\n<ul class=\"wp-block-list\">\n<li><strong>O centro hist\u00f3rico tem apenas tr\u00eas port\u00f5es de entrada<\/strong>, mantendo a estrutura original da fortaleza.<\/li>\n\n\n\n<li><strong>As ruas em c\u00edrculos conc\u00eantricos<\/strong> facilitam a navega\u00e7\u00e3o, mas podem confundir visitantes que n\u00e3o est\u00e3o acostumados com esse design.<\/li>\n\n\n\n<li><strong>A cidade \u00e9 Patrim\u00f4nio da UNESCO<\/strong>, reconhecida como um dos exemplos mais bem preservados de arquitetura renascentista militar.<\/li>\n\n\n\n<li><strong>A pra\u00e7a central, Piazza Grande, continua sendo o cora\u00e7\u00e3o da cidade<\/strong>, usada para eventos e celebra\u00e7\u00f5es.<\/li>\n<\/ul>\n\n\n\n<p>Apesar de seu passado militar, Palmanova hoje \u00e9 uma cidade pacata e charmosa, atraindo turistas interessados em hist\u00f3ria e arquitetura.<\/p>\n\n\n\n<h2 class=\"wp-block-heading\">Curiosidades sobre Palmanova<\/h2>\n\n\n\n<ul class=\"wp-block-list\">\n<li><strong>Seu formato de estrela foi planejado para resistir a ataques de canh\u00f5es, pois dificultava o impacto direto nas muralhas.<\/strong><\/li>\n\n\n\n<li><strong>A cidade foi projetada para ser &#8220;perfeita&#8221;, mas teve dificuldades para atrair moradores no in\u00edcio.<\/strong><\/li>\n\n\n\n<li><strong>Durante o dom\u00ednio napole\u00f4nico, no s\u00e9culo XIX, Palmanova foi refor\u00e7ada com novas fortifica\u00e7\u00f5es.<\/strong><\/li>\n\n\n\n<li><strong>\u00c9 uma das poucas cidades do mundo onde o design urbano renascentista se manteve praticamente inalterado.<\/strong><\/li>\n\n\n\n<li><strong>Hoje, Palmanova recebe festivais medievais que relembram seu passado como fortaleza militar.<\/strong><\/li>\n<\/ul>\n\n\n\n<p>Palmanova \u00e9 uma verdadeira obra-prima do urbanismo renascentista, um exemplo raro de cidade projetada com base na simetria e na estrat\u00e9gia militar.<\/p>\n","protected":false},"excerpt":{"rendered":"<p>Uma cidade italiana foi projetada em c\u00edrculos perfeitos para defesa militar. Descubra um dos maiores exemplos de urbanismo renascentista!<\/p>\n","protected":false},"author":3,"featured_media":13591,"comment_status":"open","ping_status":"open","sticky":false,"template":"","format":"standard","meta":{"_yoast_wpseo_focuskw":"cidades ruas c\u00edrculos","_yoast_wpseo_title":"%%title%%","_yoast_wpseo_metadesc":"Uma cidade italiana foi projetada em c\u00edrculos perfeitos para defesa militar. Descubra um dos maiores exemplos de urbanismo renascentista!","jnews-multi-image_gallery":[],"jnews_single_post":{"format":"standard"},"jnews_primary_category":[],"jnews_social_meta":[],"jnews_override_counter":[],"footnotes":""},"categories":[108],"post_tag":[109],"class_list":["post-13587","post","type-post","status-publish","format-standard","has-post-thumbnail","hentry","category-cidades","tag-cidades"],"yoast_head":"<!-- This site is optimized with the Yoast SEO plugin v24.6 - https:\/\/yoast.com\/wordpress\/plugins\/seo\/ -->\n<title>Conhe\u00e7a a cidade onde as ruas s\u00e3o em c\u00edrculos conc\u00eantricos<\/title>\n<meta name=\"description\" content=\"Uma cidade italiana foi projetada em c\u00edrculos perfeitos para defesa militar. Descubra um dos maiores exemplos de urbanismo renascentista!\" \/>\n<meta name=\"robots\" content=\"index, follow, max-snippet:-1, max-image-preview:large, max-video-preview:-1\" \/>\n<link rel=\"canonical\" href=\"https:\/\/www.correiobraziliense.com.br\/cbradar\/conheca-a-cidade-onde-as-ruas-sao-em-circulos-concentricos\/\" \/>\n<meta property=\"og:locale\" content=\"pt_BR\" \/>\n<meta property=\"og:type\" content=\"article\" \/>\n<meta property=\"og:title\" content=\"Conhe\u00e7a a cidade onde as ruas s\u00e3o em c\u00edrculos conc\u00eantricos\" \/>\n<meta property=\"og:description\" content=\"Uma cidade italiana foi projetada em c\u00edrculos perfeitos para defesa militar. Descubra um dos maiores exemplos de urbanismo renascentista!\" \/>\n<meta property=\"og:url\" content=\"https:\/\/www.correiobraziliense.com.br\/cbradar\/conheca-a-cidade-onde-as-ruas-sao-em-circulos-concentricos\/\" \/>\n<meta property=\"og:site_name\" content=\"Correio Braziliense - Radar\" \/>\n<meta property=\"article:published_time\" content=\"2025-03-19T21:30:00+00:00\" \/>\n<meta property=\"og:image\" content=\"https:\/\/www.correiobraziliense.com.br\/cbradar\/wp-content\/uploads\/2025\/03\/Friuli-Venezia-Giulia_1742306315274.jpg\" \/>\n\t<meta property=\"og:image:width\" content=\"1279\" \/>\n\t<meta property=\"og:image:height\" content=\"720\" \/>\n\t<meta property=\"og:image:type\" content=\"image\/jpeg\" \/>\n<meta name=\"author\" content=\"Larissa Carvalho\" \/>\n<meta name=\"twitter:card\" content=\"summary_large_image\" \/>\n<meta name=\"twitter:label1\" content=\"Escrito por\" \/>\n\t<meta name=\"twitter:data1\" content=\"Larissa Carvalho\" \/>\n\t<meta name=\"twitter:label2\" content=\"Est. tempo de leitura\" \/>\n\t<meta name=\"twitter:data2\" content=\"3 minutos\" \/>\n<!-- \/ Yoast SEO plugin. -->","yoast_head_json":{"title":"Conhe\u00e7a a cidade onde as ruas s\u00e3o em c\u00edrculos conc\u00eantricos","description":"Uma cidade italiana foi projetada em c\u00edrculos perfeitos para defesa militar. Descubra um dos maiores exemplos de urbanismo renascentista!","robots":{"index":"index","follow":"follow","max-snippet":"max-snippet:-1","max-image-preview":"max-image-preview:large","max-video-preview":"max-video-preview:-1"},"canonical":"https:\/\/www.correiobraziliense.com.br\/cbradar\/conheca-a-cidade-onde-as-ruas-sao-em-circulos-concentricos\/","og_locale":"pt_BR","og_type":"article","og_title":"Conhe\u00e7a a cidade onde as ruas s\u00e3o em c\u00edrculos conc\u00eantricos","og_description":"Uma cidade italiana foi projetada em c\u00edrculos perfeitos para defesa militar. Descubra um dos maiores exemplos de urbanismo renascentista!","og_url":"https:\/\/www.correiobraziliense.com.br\/cbradar\/conheca-a-cidade-onde-as-ruas-sao-em-circulos-concentricos\/","og_site_name":"Correio Braziliense - Radar","article_published_time":"2025-03-19T21:30:00+00:00","og_image":[{"width":1279,"height":720,"url":"https:\/\/www.correiobraziliense.com.br\/cbradar\/wp-content\/uploads\/2025\/03\/Friuli-Venezia-Giulia_1742306315274.jpg","type":"image\/jpeg"}],"author":"Larissa Carvalho","twitter_card":"summary_large_image","twitter_misc":{"Escrito por":"Larissa Carvalho","Est. tempo de leitura":"3 minutos"},"schema":{"@context":"https:\/\/schema.org","@graph":[{"@type":"WebPage","@id":"https:\/\/www.correiobraziliense.com.br\/cbradar\/conheca-a-cidade-onde-as-ruas-sao-em-circulos-concentricos\/","url":"https:\/\/www.correiobraziliense.com.br\/cbradar\/conheca-a-cidade-onde-as-ruas-sao-em-circulos-concentricos\/","name":"Conhe\u00e7a a cidade onde as ruas s\u00e3o em c\u00edrculos conc\u00eantricos","isPartOf":{"@id":"https:\/\/www.correiobraziliense.com.br\/cbradar\/#website"},"primaryImageOfPage":{"@id":"https:\/\/www.correiobraziliense.com.br\/cbradar\/conheca-a-cidade-onde-as-ruas-sao-em-circulos-concentricos\/#primaryimage"},"image":{"@id":"https:\/\/www.correiobraziliense.com.br\/cbradar\/conheca-a-cidade-onde-as-ruas-sao-em-circulos-concentricos\/#primaryimage"},"thumbnailUrl":"https:\/\/www.correiobraziliense.com.br\/cbradar\/wp-content\/uploads\/2025\/03\/Friuli-Venezia-Giulia_1742306315274.jpg","datePublished":"2025-03-19T21:30:00+00:00","author":{"@id":"https:\/\/www.correiobraziliense.com.br\/cbradar\/#\/schema\/person\/58422787644df994b53a19d3e56c1513"},"description":"Uma cidade italiana foi projetada em c\u00edrculos perfeitos para defesa militar. Descubra um dos maiores exemplos de urbanismo renascentista!","breadcrumb":{"@id":"https:\/\/www.correiobraziliense.com.br\/cbradar\/conheca-a-cidade-onde-as-ruas-sao-em-circulos-concentricos\/#breadcrumb"},"inLanguage":"pt-BR","potentialAction":[{"@type":"ReadAction","target":["https:\/\/www.correiobraziliense.com.br\/cbradar\/conheca-a-cidade-onde-as-ruas-sao-em-circulos-concentricos\/"]}]},{"@type":"ImageObject","inLanguage":"pt-BR","@id":"https:\/\/www.correiobraziliense.com.br\/cbradar\/conheca-a-cidade-onde-as-ruas-sao-em-circulos-concentricos\/#primaryimage","url":"https:\/\/www.correiobraziliense.com.br\/cbradar\/wp-content\/uploads\/2025\/03\/Friuli-Venezia-Giulia_1742306315274.jpg","contentUrl":"https:\/\/www.correiobraziliense.com.br\/cbradar\/wp-content\/uploads\/2025\/03\/Friuli-Venezia-Giulia_1742306315274.jpg","width":1279,"height":720,"caption":"Friuli-Venezia Giulia. Cr\u00e9ditos: depositphotos.com \/ catalby"},{"@type":"BreadcrumbList","@id":"https:\/\/www.correiobraziliense.com.br\/cbradar\/conheca-a-cidade-onde-as-ruas-sao-em-circulos-concentricos\/#breadcrumb","itemListElement":[{"@type":"ListItem","position":1,"name":"In\u00edcio","item":"https:\/\/www.correiobraziliense.com.br\/cbradar\/"},{"@type":"ListItem","position":2,"name":"Conhe\u00e7a a cidade onde as ruas s\u00e3o em c\u00edrculos conc\u00eantricos"}]},{"@type":"WebSite","@id":"https:\/\/www.correiobraziliense.com.br\/cbradar\/#website","url":"https:\/\/www.correiobraziliense.com.br\/cbradar\/","name":"Correio Braziliense - Radar","description":"Acompanhe as \u00faltimas not\u00edcias e fique bem informado sobre tudo o que acontece no Brasil e no mundo.","potentialAction":[{"@type":"SearchAction","target":{"@type":"EntryPoint","urlTemplate":"https:\/\/www.correiobraziliense.com.br\/cbradar\/?s={search_term_string}"},"query-input":{"@type":"PropertyValueSpecification","valueRequired":true,"valueName":"search_term_string"}}],"inLanguage":"pt-BR"},{"@type":"Person","@id":"https:\/\/www.correiobraziliense.com.br\/cbradar\/#\/schema\/person\/58422787644df994b53a19d3e56c1513","name":"Larissa Carvalho","image":{"@type":"ImageObject","inLanguage":"pt-BR","@id":"https:\/\/www.correiobraziliense.com.br\/cbradar\/#\/schema\/person\/image\/","url":"https:\/\/secure.gravatar.com\/avatar\/fe4f91a0de32b52a838d0d612abdc1aa?s=96&d=mm&r=g","contentUrl":"https:\/\/secure.gravatar.com\/avatar\/fe4f91a0de32b52a838d0d612abdc1aa?s=96&d=mm&r=g","caption":"Larissa Carvalho"},"url":"https:\/\/www.correiobraziliense.com.br\/cbradar\/author\/larissamyth\/"}]}},"_links":{"self":[{"href":"https:\/\/www.correiobraziliense.com.br\/cbradar\/wp-json\/wp\/v2\/posts\/13587","targetHints":{"allow":["GET"]}}],"collection":[{"href":"https:\/\/www.correiobraziliense.com.br\/cbradar\/wp-json\/wp\/v2\/posts"}],"about":[{"href":"https:\/\/www.correiobraziliense.com.br\/cbradar\/wp-json\/wp\/v2\/types\/post"}],"author":[{"embeddable":true,"href":"https:\/\/www.correiobraziliense.com.br\/cbradar\/wp-json\/wp\/v2\/users\/3"}],"replies":[{"embeddable":true,"href":"https:\/\/www.correiobraziliense.com.br\/cbradar\/wp-json\/wp\/v2\/comments?post=13587"}],"version-history":[{"count":1,"href":"https:\/\/www.correiobraziliense.com.br\/cbradar\/wp-json\/wp\/v2\/posts\/13587\/revisions"}],"predecessor-version":[{"id":13593,"href":"https:\/\/www.correiobraziliense.com.br\/cbradar\/wp-json\/wp\/v2\/posts\/13587\/revisions\/13593"}],"wp:featuredmedia":[{"embeddable":true,"href":"https:\/\/www.correiobraziliense.com.br\/cbradar\/wp-json\/wp\/v2\/media\/13591"}],"wp:attachment":[{"href":"https:\/\/www.correiobraziliense.com.br\/cbradar\/wp-json\/wp\/v2\/media?parent=13587"}],"wp:term":[{"taxonomy":"category","embeddable":true,"href":"https:\/\/www.correiobraziliense.com.br\/cbradar\/wp-json\/wp\/v2\/categories?post=13587"},{"taxonomy":"post_tag","embeddable":true,"href":"https:\/\/www.correiobraziliense.com.br\/cbradar\/wp-json\/wp\/v2\/post_tag?post=13587"}],"curies":[{"name":"wp","href":"https:\/\/api.w.org\/{rel}","templated":true}]}}