{"id":13594,"date":"2025-03-19T20:10:00","date_gmt":"2025-03-19T23:10:00","guid":{"rendered":"https:\/\/www.correiobraziliense.com.br\/cbradar\/?p=13594"},"modified":"2025-03-18T13:30:23","modified_gmt":"2025-03-18T16:30:23","slug":"todas-as-construcoes-nesta-cidade-seguem-uma-unica-cor","status":"publish","type":"post","link":"https:\/\/www.correiobraziliense.com.br\/cbradar\/todas-as-construcoes-nesta-cidade-seguem-uma-unica-cor\/","title":{"rendered":"Todas as constru\u00e7\u00f5es nesta cidade seguem uma \u00fanica cor"},"content":{"rendered":"\n<p>No sul da <strong>Espanha<\/strong>, existe um vilarejo que se destaca por um detalhe incomum: <strong>todas as suas constru\u00e7\u00f5es s\u00e3o pintadas de azul<\/strong>. Essa cidade \u00e9 <strong>J\u00fazcar<\/strong>, localizada na regi\u00e3o da <strong>Andaluzia<\/strong>. Curiosamente, essa caracter\u00edstica n\u00e3o \u00e9 fruto de um planejamento antigo, mas sim de um evento inesperado que transformou a identidade do local.<\/p>\n\n\n\n<h2 class=\"wp-block-heading\">Por que J\u00fazcar \u00e9 toda azul?<\/h2>\n\n\n\n<p>At\u00e9 <strong>2011<\/strong>, J\u00fazcar era uma t\u00edpica vila branca andaluza, como tantas outras na regi\u00e3o. No entanto, tudo mudou quando a <strong>Sony Pictures<\/strong> escolheu o vilarejo para promover o filme <strong>Os Smurfs<\/strong>. Como parte da campanha de marketing, todas as casas e edif\u00edcios foram pintados de azul para criar um cen\u00e1rio tem\u00e1tico.<\/p>\n\n\n\n<p>O acordo inicial previa que, ap\u00f3s o lan\u00e7amento do filme, a cidade voltaria a ser branca. No entanto, os moradores perceberam que o azul atraiu um <strong>grande n\u00famero de turistas<\/strong>, impulsionando a economia local. Ent\u00e3o, em uma vota\u00e7\u00e3o, decidiram manter a cor azul permanentemente.<\/p>\n\n\n\n<figure class=\"wp-block-image size-large\"><img decoding=\"async\" width=\"1024\" height=\"576\" src=\"https:\/\/www.correiobraziliense.com.br\/cbradar\/wp-content\/uploads\/2025\/03\/Juzcar_1742306448515-1024x576.jpg\" alt=\"Todas as constru\u00e7\u00f5es nesta cidade seguem uma \u00fanica cor\" class=\"wp-image-13597\" srcset=\"https:\/\/www.correiobraziliense.com.br\/cbradar\/wp-content\/uploads\/2025\/03\/Juzcar_1742306448515-1024x576.jpg 1024w, https:\/\/www.correiobraziliense.com.br\/cbradar\/wp-content\/uploads\/2025\/03\/Juzcar_1742306448515-300x169.jpg 300w, https:\/\/www.correiobraziliense.com.br\/cbradar\/wp-content\/uploads\/2025\/03\/Juzcar_1742306448515-768x432.jpg 768w, https:\/\/www.correiobraziliense.com.br\/cbradar\/wp-content\/uploads\/2025\/03\/Juzcar_1742306448515-750x422.jpg 750w, https:\/\/www.correiobraziliense.com.br\/cbradar\/wp-content\/uploads\/2025\/03\/Juzcar_1742306448515-1140x642.jpg 1140w, https:\/\/www.correiobraziliense.com.br\/cbradar\/wp-content\/uploads\/2025\/03\/Juzcar_1742306448515.jpg 1279w\" sizes=\"(max-width: 1024px) 100vw, 1024px\" \/><figcaption class=\"wp-element-caption\">J\u00fazcar. Cr\u00e9ditos: depositphotos.com \/ jesole<\/figcaption><\/figure>\n\n\n\n<h2 class=\"wp-block-heading\">Como a cor azul mudou a cidade?<\/h2>\n\n\n\n<p>O que come\u00e7ou como uma a\u00e7\u00e3o promocional se tornou a <strong>principal atra\u00e7\u00e3o tur\u00edstica de J\u00fazcar<\/strong>. Algumas das mudan\u00e7as que ocorreram ap\u00f3s a transforma\u00e7\u00e3o incluem:<\/p>\n\n\n\n<ul class=\"wp-block-list\">\n<li><strong>Aumento do turismo<\/strong>: Antes, J\u00fazcar recebia poucos visitantes, mas hoje atrai f\u00e3s de cinema e turistas curiosos.<\/li>\n\n\n\n<li><strong>Novos neg\u00f3cios<\/strong>: O com\u00e9rcio local cresceu, com lojas vendendo produtos tem\u00e1ticos e restaurantes decorados com a est\u00e9tica azul.<\/li>\n\n\n\n<li><strong>Eventos especiais<\/strong>: A cidade passou a organizar festivais inspirados nos Smurfs, atraindo ainda mais visitantes.<\/li>\n<\/ul>\n\n\n\n<p>Embora a Sony tenha retirado os direitos de uso da marca <strong>Smurfs<\/strong> em 2017, J\u00fazcar manteve sua identidade azul, continuando a ser conhecida como a <strong>&#8220;Vila Azul da Espanha&#8221;<\/strong>.<\/p>\n\n\n\n<h2 class=\"wp-block-heading\">Curiosidades sobre J\u00fazcar<\/h2>\n\n\n\n<ul class=\"wp-block-list\">\n<li><strong>\u00c9 a \u00fanica cidade totalmente azul da Espanha.<\/strong><\/li>\n\n\n\n<li><strong>Antes da mudan\u00e7a, o vilarejo tinha apenas cerca de 300 habitantes.<\/strong><\/li>\n\n\n\n<li><strong>J\u00e1 foi uma cidade produtora de a\u00e7o, com antigas f\u00e1bricas do s\u00e9culo XVIII.<\/strong><\/li>\n\n\n\n<li><strong>Os Smurfs n\u00e3o s\u00e3o mais a atra\u00e7\u00e3o oficial, mas a cidade continua aproveitando sua fama azul.<\/strong><\/li>\n\n\n\n<li><strong>A vila mant\u00e9m um contraste incr\u00edvel com a paisagem montanhosa da Andaluzia.<\/strong><\/li>\n<\/ul>\n\n\n\n<p>J\u00fazcar \u00e9 um exemplo de como uma simples mudan\u00e7a est\u00e9tica pode transformar completamente a identidade e a economia de um lugar, tornando-o um destino \u00fanico na Europa.<\/p>\n","protected":false},"excerpt":{"rendered":"<p>Um vilarejo na Espanha foi pintado de azul para promover um filme e nunca mais voltou \u00e0 cor original, entenda o caso!<\/p>\n","protected":false},"author":3,"featured_media":13596,"comment_status":"open","ping_status":"open","sticky":false,"template":"","format":"standard","meta":{"_yoast_wpseo_focuskw":"cidade \u00fanica cor","_yoast_wpseo_title":"%%title%%","_yoast_wpseo_metadesc":"Um vilarejo na Espanha foi pintado de azul para promover um filme e nunca mais voltou \u00e0 cor original, entenda o caso!","jnews-multi-image_gallery":[],"jnews_single_post":{"format":"standard"},"jnews_primary_category":[],"jnews_social_meta":[],"jnews_override_counter":[],"footnotes":""},"categories":[108],"post_tag":[109],"class_list":["post-13594","post","type-post","status-publish","format-standard","has-post-thumbnail","hentry","category-cidades","tag-cidades"],"yoast_head":"<!-- This site is optimized with the Yoast SEO plugin v24.6 - https:\/\/yoast.com\/wordpress\/plugins\/seo\/ -->\n<title>Todas as constru\u00e7\u00f5es nesta cidade seguem uma \u00fanica cor<\/title>\n<meta name=\"description\" content=\"Um vilarejo na Espanha foi pintado de azul para promover um filme e nunca mais voltou \u00e0 cor original, entenda o caso!\" \/>\n<meta name=\"robots\" content=\"index, follow, max-snippet:-1, max-image-preview:large, max-video-preview:-1\" \/>\n<link rel=\"canonical\" href=\"https:\/\/www.correiobraziliense.com.br\/cbradar\/todas-as-construcoes-nesta-cidade-seguem-uma-unica-cor\/\" \/>\n<meta property=\"og:locale\" content=\"pt_BR\" \/>\n<meta property=\"og:type\" content=\"article\" \/>\n<meta property=\"og:title\" content=\"Todas as constru\u00e7\u00f5es nesta cidade seguem uma \u00fanica cor\" \/>\n<meta property=\"og:description\" content=\"Um vilarejo na Espanha foi pintado de azul para promover um filme e nunca mais voltou \u00e0 cor original, entenda o caso!\" \/>\n<meta property=\"og:url\" content=\"https:\/\/www.correiobraziliense.com.br\/cbradar\/todas-as-construcoes-nesta-cidade-seguem-uma-unica-cor\/\" \/>\n<meta property=\"og:site_name\" content=\"Correio Braziliense - Radar\" \/>\n<meta property=\"article:published_time\" content=\"2025-03-19T23:10:00+00:00\" \/>\n<meta property=\"og:image\" content=\"https:\/\/www.correiobraziliense.com.br\/cbradar\/wp-content\/uploads\/2025\/03\/Juzcar_1742306428549.jpg\" \/>\n\t<meta property=\"og:image:width\" content=\"1280\" \/>\n\t<meta property=\"og:image:height\" content=\"720\" \/>\n\t<meta property=\"og:image:type\" content=\"image\/jpeg\" \/>\n<meta name=\"author\" content=\"Larissa Carvalho\" \/>\n<meta name=\"twitter:card\" content=\"summary_large_image\" \/>\n<meta name=\"twitter:label1\" content=\"Escrito por\" \/>\n\t<meta name=\"twitter:data1\" content=\"Larissa Carvalho\" \/>\n\t<meta name=\"twitter:label2\" content=\"Est. tempo de leitura\" \/>\n\t<meta name=\"twitter:data2\" content=\"3 minutos\" \/>\n<!-- \/ Yoast SEO plugin. -->","yoast_head_json":{"title":"Todas as constru\u00e7\u00f5es nesta cidade seguem uma \u00fanica cor","description":"Um vilarejo na Espanha foi pintado de azul para promover um filme e nunca mais voltou \u00e0 cor original, entenda o caso!","robots":{"index":"index","follow":"follow","max-snippet":"max-snippet:-1","max-image-preview":"max-image-preview:large","max-video-preview":"max-video-preview:-1"},"canonical":"https:\/\/www.correiobraziliense.com.br\/cbradar\/todas-as-construcoes-nesta-cidade-seguem-uma-unica-cor\/","og_locale":"pt_BR","og_type":"article","og_title":"Todas as constru\u00e7\u00f5es nesta cidade seguem uma \u00fanica cor","og_description":"Um vilarejo na Espanha foi pintado de azul para promover um filme e nunca mais voltou \u00e0 cor original, entenda o caso!","og_url":"https:\/\/www.correiobraziliense.com.br\/cbradar\/todas-as-construcoes-nesta-cidade-seguem-uma-unica-cor\/","og_site_name":"Correio Braziliense - Radar","article_published_time":"2025-03-19T23:10:00+00:00","og_image":[{"width":1280,"height":720,"url":"https:\/\/www.correiobraziliense.com.br\/cbradar\/wp-content\/uploads\/2025\/03\/Juzcar_1742306428549.jpg","type":"image\/jpeg"}],"author":"Larissa Carvalho","twitter_card":"summary_large_image","twitter_misc":{"Escrito por":"Larissa Carvalho","Est. tempo de leitura":"3 minutos"},"schema":{"@context":"https:\/\/schema.org","@graph":[{"@type":"WebPage","@id":"https:\/\/www.correiobraziliense.com.br\/cbradar\/todas-as-construcoes-nesta-cidade-seguem-uma-unica-cor\/","url":"https:\/\/www.correiobraziliense.com.br\/cbradar\/todas-as-construcoes-nesta-cidade-seguem-uma-unica-cor\/","name":"Todas as constru\u00e7\u00f5es nesta cidade seguem uma \u00fanica cor","isPartOf":{"@id":"https:\/\/www.correiobraziliense.com.br\/cbradar\/#website"},"primaryImageOfPage":{"@id":"https:\/\/www.correiobraziliense.com.br\/cbradar\/todas-as-construcoes-nesta-cidade-seguem-uma-unica-cor\/#primaryimage"},"image":{"@id":"https:\/\/www.correiobraziliense.com.br\/cbradar\/todas-as-construcoes-nesta-cidade-seguem-uma-unica-cor\/#primaryimage"},"thumbnailUrl":"https:\/\/www.correiobraziliense.com.br\/cbradar\/wp-content\/uploads\/2025\/03\/Juzcar_1742306428549.jpg","datePublished":"2025-03-19T23:10:00+00:00","author":{"@id":"https:\/\/www.correiobraziliense.com.br\/cbradar\/#\/schema\/person\/58422787644df994b53a19d3e56c1513"},"description":"Um vilarejo na Espanha foi pintado de azul para promover um filme e nunca mais voltou \u00e0 cor original, entenda o caso!","breadcrumb":{"@id":"https:\/\/www.correiobraziliense.com.br\/cbradar\/todas-as-construcoes-nesta-cidade-seguem-uma-unica-cor\/#breadcrumb"},"inLanguage":"pt-BR","potentialAction":[{"@type":"ReadAction","target":["https:\/\/www.correiobraziliense.com.br\/cbradar\/todas-as-construcoes-nesta-cidade-seguem-uma-unica-cor\/"]}]},{"@type":"ImageObject","inLanguage":"pt-BR","@id":"https:\/\/www.correiobraziliense.com.br\/cbradar\/todas-as-construcoes-nesta-cidade-seguem-uma-unica-cor\/#primaryimage","url":"https:\/\/www.correiobraziliense.com.br\/cbradar\/wp-content\/uploads\/2025\/03\/Juzcar_1742306428549.jpg","contentUrl":"https:\/\/www.correiobraziliense.com.br\/cbradar\/wp-content\/uploads\/2025\/03\/Juzcar_1742306428549.jpg","width":1280,"height":720,"caption":"J\u00fazcar. Cr\u00e9ditos: depositphotos.com \/ aciero"},{"@type":"BreadcrumbList","@id":"https:\/\/www.correiobraziliense.com.br\/cbradar\/todas-as-construcoes-nesta-cidade-seguem-uma-unica-cor\/#breadcrumb","itemListElement":[{"@type":"ListItem","position":1,"name":"In\u00edcio","item":"https:\/\/www.correiobraziliense.com.br\/cbradar\/"},{"@type":"ListItem","position":2,"name":"Todas as constru\u00e7\u00f5es nesta cidade seguem uma \u00fanica cor"}]},{"@type":"WebSite","@id":"https:\/\/www.correiobraziliense.com.br\/cbradar\/#website","url":"https:\/\/www.correiobraziliense.com.br\/cbradar\/","name":"Correio Braziliense - Radar","description":"Acompanhe as \u00faltimas not\u00edcias e fique bem informado sobre tudo o que acontece no Brasil e no mundo.","potentialAction":[{"@type":"SearchAction","target":{"@type":"EntryPoint","urlTemplate":"https:\/\/www.correiobraziliense.com.br\/cbradar\/?s={search_term_string}"},"query-input":{"@type":"PropertyValueSpecification","valueRequired":true,"valueName":"search_term_string"}}],"inLanguage":"pt-BR"},{"@type":"Person","@id":"https:\/\/www.correiobraziliense.com.br\/cbradar\/#\/schema\/person\/58422787644df994b53a19d3e56c1513","name":"Larissa Carvalho","image":{"@type":"ImageObject","inLanguage":"pt-BR","@id":"https:\/\/www.correiobraziliense.com.br\/cbradar\/#\/schema\/person\/image\/","url":"https:\/\/secure.gravatar.com\/avatar\/fe4f91a0de32b52a838d0d612abdc1aa?s=96&d=mm&r=g","contentUrl":"https:\/\/secure.gravatar.com\/avatar\/fe4f91a0de32b52a838d0d612abdc1aa?s=96&d=mm&r=g","caption":"Larissa Carvalho"},"url":"https:\/\/www.correiobraziliense.com.br\/cbradar\/author\/larissamyth\/"}]}},"_links":{"self":[{"href":"https:\/\/www.correiobraziliense.com.br\/cbradar\/wp-json\/wp\/v2\/posts\/13594","targetHints":{"allow":["GET"]}}],"collection":[{"href":"https:\/\/www.correiobraziliense.com.br\/cbradar\/wp-json\/wp\/v2\/posts"}],"about":[{"href":"https:\/\/www.correiobraziliense.com.br\/cbradar\/wp-json\/wp\/v2\/types\/post"}],"author":[{"embeddable":true,"href":"https:\/\/www.correiobraziliense.com.br\/cbradar\/wp-json\/wp\/v2\/users\/3"}],"replies":[{"embeddable":true,"href":"https:\/\/www.correiobraziliense.com.br\/cbradar\/wp-json\/wp\/v2\/comments?post=13594"}],"version-history":[{"count":1,"href":"https:\/\/www.correiobraziliense.com.br\/cbradar\/wp-json\/wp\/v2\/posts\/13594\/revisions"}],"predecessor-version":[{"id":13598,"href":"https:\/\/www.correiobraziliense.com.br\/cbradar\/wp-json\/wp\/v2\/posts\/13594\/revisions\/13598"}],"wp:featuredmedia":[{"embeddable":true,"href":"https:\/\/www.correiobraziliense.com.br\/cbradar\/wp-json\/wp\/v2\/media\/13596"}],"wp:attachment":[{"href":"https:\/\/www.correiobraziliense.com.br\/cbradar\/wp-json\/wp\/v2\/media?parent=13594"}],"wp:term":[{"taxonomy":"category","embeddable":true,"href":"https:\/\/www.correiobraziliense.com.br\/cbradar\/wp-json\/wp\/v2\/categories?post=13594"},{"taxonomy":"post_tag","embeddable":true,"href":"https:\/\/www.correiobraziliense.com.br\/cbradar\/wp-json\/wp\/v2\/post_tag?post=13594"}],"curies":[{"name":"wp","href":"https:\/\/api.w.org\/{rel}","templated":true}]}}