{"id":135946,"date":"2025-11-12T13:15:00","date_gmt":"2025-11-12T16:15:00","guid":{"rendered":"https:\/\/www.correiobraziliense.com.br\/cbradar\/?p=135946"},"modified":"2025-11-11T15:25:20","modified_gmt":"2025-11-11T18:25:20","slug":"o-suco-natural-que-protege-a-saude-da-prostata","status":"publish","type":"post","link":"https:\/\/www.correiobraziliense.com.br\/cbradar\/o-suco-natural-que-protege-a-saude-da-prostata\/","title":{"rendered":"O suco natural que protege a sa\u00fade da pr\u00f3stata"},"content":{"rendered":"\n<p>A sa\u00fade da <strong>Pr\u00f3stata <\/strong>\u00e9 uma preocupa\u00e7\u00e3o crescente, especialmente entre homens com mais de 50 anos. \u00c0 medida que envelhecem, muitos experimentam um aumento natural no tamanho da Pr\u00f3stata, conhecida como hiperplasia benigna da Pr\u00f3stata (HBP). Essa condi\u00e7\u00e3o pode gerar sintomas inc\u00f4modos, como dificuldade para urinar, fluxo urin\u00e1rio fraco e sensa\u00e7\u00e3o constante de n\u00e3o esvaziamento completo da bexiga. Embora o tratamento m\u00e9dico seja essencial, diversos rem\u00e9dios caseiros podem servir como complemento, ajudando a aliviar os sintomas e a prevenir complica\u00e7\u00f5es futuras.<\/p>\n\n\n\n<p>Dentre os rem\u00e9dios naturais mais conhecidos, destaca-se o\u00a0<strong>saw palmetto<\/strong>, uma planta com propriedades ben\u00e9ficas para a Pr\u00f3stata. Possui componentes que ajudam a combater o aumento benigno da Pr\u00f3stata, sendo indicado tanto na forma de extrato quanto em c\u00e1psulas, geralmente recomendadas ap\u00f3s o caf\u00e9 da manh\u00e3 e o jantar. No entanto, deve-se tomar cuidado, especialmente se a pessoa apresentar condi\u00e7\u00f5es como problemas de coagula\u00e7\u00e3o ou intera\u00e7\u00e3o com medicamentos anticoagulantes.<\/p>\n\n\n\n<h2 class=\"wp-block-heading\">Qual a import\u00e2ncia do suco de tomate para a sa\u00fade da Pr\u00f3stata?<\/h2>\n\n\n\n<p>O suco de tomate se apresenta como outro potencial aliado na manuten\u00e7\u00e3o da sa\u00fade prost\u00e1tica. Rico em licopeno, um poderoso antioxidante, o tomate ajuda a combater inflama\u00e7\u00f5es, tornando-se um alimento funcional valioso. A recomenda\u00e7\u00e3o \u00e9 incluir o suco regularmente na dieta, al\u00e9m de adotar o consumo de tomates in natura, integrando-os a refei\u00e7\u00f5es di\u00e1rias.<\/p>\n\n\n\n<h2 class=\"wp-block-heading\">Como a urtiga auxilia na redu\u00e7\u00e3o dos sintomas da Pr\u00f3stata aumentada?<\/h2>\n\n\n<div class=\"wp-block-image\">\n<figure class=\"aligncenter size-large\"><img decoding=\"async\" width=\"1024\" height=\"576\" src=\"https:\/\/www.correiobraziliense.com.br\/cbradar\/wp-content\/uploads\/2025\/08\/Urtiga_1755278524565-1024x576.jpg\" alt=\"\" class=\"wp-image-87123\" srcset=\"https:\/\/www.correiobraziliense.com.br\/cbradar\/wp-content\/uploads\/2025\/08\/Urtiga_1755278524565-1024x576.jpg 1024w, https:\/\/www.correiobraziliense.com.br\/cbradar\/wp-content\/uploads\/2025\/08\/Urtiga_1755278524565-300x169.jpg 300w, https:\/\/www.correiobraziliense.com.br\/cbradar\/wp-content\/uploads\/2025\/08\/Urtiga_1755278524565-768x432.jpg 768w, https:\/\/www.correiobraziliense.com.br\/cbradar\/wp-content\/uploads\/2025\/08\/Urtiga_1755278524565-750x422.jpg 750w, https:\/\/www.correiobraziliense.com.br\/cbradar\/wp-content\/uploads\/2025\/08\/Urtiga_1755278524565-1140x641.jpg 1140w, https:\/\/www.correiobraziliense.com.br\/cbradar\/wp-content\/uploads\/2025\/08\/Urtiga_1755278524565.jpg 1280w\" sizes=\"(max-width: 1024px) 100vw, 1024px\" \/><figcaption class=\"wp-element-caption\">Urtiga &#8211; Cr\u00e9ditos: depositphotos.com \/ KostyaKlimenko<\/figcaption><\/figure><\/div>\n\n\n<p>A\u00a0<strong>urtiga<\/strong>\u00a0\u00e9 uma planta conhecida por seus efeitos positivos na <a href=\"https:\/\/www.correiobraziliense.com.br\/cbradar\/dra-anna-luisa-barbosa-como-evitar-gluten-e-manter-uma-dieta-equilibrada\/\" target=\"_blank\" rel=\"noreferrer noopener\">sa\u00fade <\/a>da Pr\u00f3stata. Seus flavonoides atuam contra a inflama\u00e7\u00e3o e regulam os n\u00edveis hormonais masculinos. Pode ser consumida tanto em c\u00e1psulas quanto na forma de ch\u00e1, mas deve ser evitada por pessoas com problemas card\u00edacos ou renais. A inclus\u00e3o da urtiga na dieta di\u00e1ria pode ajudar a reduzir o tamanho da Pr\u00f3stata e aliviar a dificuldade urin\u00e1ria.<\/p>\n\n\n\n<h2 class=\"wp-block-heading\">Quais outros ingredientes naturais podem beneficiar a sa\u00fade da Pr\u00f3stata?<\/h2>\n\n\n\n<p>Entre outros ingredientes eficazes para a sa\u00fade da Pr\u00f3stata, encontram-se as\u00a0<strong>sementes de ab\u00f3bora<\/strong>\u00a0e a\u00a0<strong>c\u00farcuma<\/strong>. As sementes atuam como poderosos antioxidantes e anti-inflamat\u00f3rios. Para usufruir desses benef\u00edcios, recomenda-se o consumo di\u00e1rio em saladas ou refei\u00e7\u00f5es, enquanto a c\u00farcuma pode ser utilizada em ch\u00e1s ou c\u00e1psulas, ajudando a diminuir a inflama\u00e7\u00e3o e a HBP.<\/p>\n\n\n\n<p>J\u00e1 entre os menos convencionais, a\u00a0<strong>prunus africana<\/strong>, derivada da casca de uma \u00e1rvore, e o\u00a0<strong>alho negro envelhecido<\/strong>\u00a0s\u00e3o cada vez mais valorizados por suas propriedades anti-inflamat\u00f3rias, podendo tamb\u00e9m contribuir na preven\u00e7\u00e3o da progress\u00e3o de condi\u00e7\u00f5es mais s\u00e9rias, como o c\u00e2ncer de Pr\u00f3stata.<\/p>\n\n\n\n<p>Complementar o tratamento m\u00e9dico com esses rem\u00e9dios caseiros pode ser uma abordagem eficaz para a sa\u00fade da Pr\u00f3stata, desde que sob orienta\u00e7\u00e3o e supervis\u00e3o m\u00e9dica adequada. A alimenta\u00e7\u00e3o, enriquecida com esses ingredientes naturais, pode atuar como uma aliada poderosa na redu\u00e7\u00e3o dos sintomas e preven\u00e7\u00e3o de maiores complica\u00e7\u00f5es. Desta forma, h\u00e1bitos alimentares saud\u00e1veis, acompanhamento m\u00e9dico regular e a utiliza\u00e7\u00e3o destes rem\u00e9dios naturais formam um trio essencial para a promo\u00e7\u00e3o da sa\u00fade prost\u00e1tica.<\/p>\n\n\n<a href=\"https:\/\/www.instagram.com\/dra.annaluisabf\/\" target=\"_blank\" rel=\"noopener\" style=\"text-decoration: none; color: inherit;\">\n    <span style=\"display: inline-block; border: 1px solid #ccc; border-radius: 10px; padding: 15px; max-width: 550px; font-family: sans-serif; box-shadow: 0 2px 5px rgba(0,0,0,0.1); width: 100%;\">\n\n      <!-- T\u00edtulo -->\n      <span style=\"display: block; margin: 0 0 15px 0; font-weight: bold; color: #2c3e50; text-align: center;\">\n        Entre em contato:\n      <\/span>\n\n      <!-- Linha do perfil -->\n      <span style=\"display: flex; align-items: center; gap: 15px;\">\n        <img decoding=\"async\"\n          src=\"https:\/\/www.correiobraziliense.com.br\/cbradar\/wp-content\/uploads\/2025\/08\/dra_anna_luisa.jpeg\"\n          alt=\"Foto da Dra. Anna Lu\u00edsa\"\n          style=\"border-radius: 50%; width: 80px; height: 80px; object-fit: cover;\"\n        \/>\n        <span style=\"display: flex; flex-direction: column;\">\n          <span style=\"font-size: 18px; font-weight: 700; color: #2c3e50;\">Dra. Anna Lu\u00edsa Barbosa Fernandes<\/span>\n          <span style=\"color: #555;\">CRM-GO 33.271<\/span>\n        <\/span>\n      <\/span>\n\n      <!-- Redes -->\n      <span style=\"display: flex; align-items: center; gap: 10px; margin-top: 12px;\">\n        <img decoding=\"async\" src=\"https:\/\/cdn-icons-png.flaticon.com\/24\/1384\/1384063.png\" alt=\"Instagram\" width=\"24\" height=\"24\" \/>\n        <span style=\"text-decoration: underline; color: #2c3e50;\">@dra.annaluisabf<\/span>\n      <\/span>\n\n    <\/span>\n  <\/a>","protected":false},"excerpt":{"rendered":"<p>A sa\u00fade da Pr\u00f3stata \u00e9 uma preocupa\u00e7\u00e3o crescente, especialmente entre homens com mais de 50 anos. \u00c0 medida que envelhecem, muitos experimentam um aumento natural no tamanho da Pr\u00f3stata, conhecida como hiperplasia benigna da Pr\u00f3stata (HBP). Essa condi\u00e7\u00e3o pode gerar sintomas inc\u00f4modos, como dificuldade para urinar, fluxo urin\u00e1rio fraco e sensa\u00e7\u00e3o constante de n\u00e3o esvaziamento [&hellip;]<\/p>\n","protected":false},"author":14,"featured_media":85377,"comment_status":"open","ping_status":"open","sticky":false,"template":"","format":"standard","meta":{"_yoast_wpseo_focuskw":"Pr\u00f3stata","_yoast_wpseo_title":"","_yoast_wpseo_metadesc":"Sa\u00fade da pr\u00f3stata em risco? Veja os rem\u00e9dios naturais que aliviam sintomas e ajudam na preven\u00e7\u00e3o da HBP de forma segura e eficaz.","jnews-multi-image_gallery":[],"jnews_single_post":{"format":"standard"},"jnews_primary_category":[],"jnews_social_meta":[],"jnews_override_counter":[],"footnotes":""},"categories":[4404],"post_tag":[281,120,1318],"class_list":["post-135946","post","type-post","status-publish","format-standard","has-post-thumbnail","hentry","category-saude","tag-alimentacao","tag-bem-estar","tag-saude-2"],"yoast_head":"<!-- This site is optimized with the Yoast SEO plugin v24.6 - https:\/\/yoast.com\/wordpress\/plugins\/seo\/ -->\n<title>O suco natural que protege a sa\u00fade da pr\u00f3stata - Correio Braziliense - Radar<\/title>\n<meta name=\"description\" content=\"Sa\u00fade da pr\u00f3stata em risco? Veja os rem\u00e9dios naturais que aliviam sintomas e ajudam na preven\u00e7\u00e3o da HBP de forma segura e eficaz.\" \/>\n<meta name=\"robots\" content=\"index, follow, max-snippet:-1, max-image-preview:large, max-video-preview:-1\" \/>\n<link rel=\"canonical\" href=\"https:\/\/www.correiobraziliense.com.br\/cbradar\/o-suco-natural-que-protege-a-saude-da-prostata\/\" \/>\n<meta property=\"og:locale\" content=\"pt_BR\" \/>\n<meta property=\"og:type\" content=\"article\" \/>\n<meta property=\"og:title\" content=\"O suco natural que protege a sa\u00fade da pr\u00f3stata - Correio Braziliense - Radar\" \/>\n<meta property=\"og:description\" content=\"Sa\u00fade da pr\u00f3stata em risco? Veja os rem\u00e9dios naturais que aliviam sintomas e ajudam na preven\u00e7\u00e3o da HBP de forma segura e eficaz.\" \/>\n<meta property=\"og:url\" content=\"https:\/\/www.correiobraziliense.com.br\/cbradar\/o-suco-natural-que-protege-a-saude-da-prostata\/\" \/>\n<meta property=\"og:site_name\" content=\"Correio Braziliense - Radar\" \/>\n<meta property=\"article:published_time\" content=\"2025-11-12T16:15:00+00:00\" \/>\n<meta property=\"og:image\" content=\"https:\/\/www.correiobraziliense.com.br\/cbradar\/wp-content\/uploads\/2025\/08\/Prostata-_1755005793451.jpg\" \/>\n\t<meta property=\"og:image:width\" content=\"1280\" \/>\n\t<meta property=\"og:image:height\" content=\"720\" \/>\n\t<meta property=\"og:image:type\" content=\"image\/jpeg\" \/>\n<meta name=\"author\" content=\"guilherme_saude\" \/>\n<meta name=\"twitter:card\" content=\"summary_large_image\" \/>\n<meta name=\"twitter:label1\" content=\"Escrito por\" \/>\n\t<meta name=\"twitter:data1\" content=\"guilherme_saude\" \/>\n\t<meta name=\"twitter:label2\" content=\"Est. tempo de leitura\" \/>\n\t<meta name=\"twitter:data2\" content=\"4 minutos\" \/>\n<!-- \/ Yoast SEO plugin. -->","yoast_head_json":{"title":"O suco natural que protege a sa\u00fade da pr\u00f3stata - Correio Braziliense - Radar","description":"Sa\u00fade da pr\u00f3stata em risco? Veja os rem\u00e9dios naturais que aliviam sintomas e ajudam na preven\u00e7\u00e3o da HBP de forma segura e eficaz.","robots":{"index":"index","follow":"follow","max-snippet":"max-snippet:-1","max-image-preview":"max-image-preview:large","max-video-preview":"max-video-preview:-1"},"canonical":"https:\/\/www.correiobraziliense.com.br\/cbradar\/o-suco-natural-que-protege-a-saude-da-prostata\/","og_locale":"pt_BR","og_type":"article","og_title":"O suco natural que protege a sa\u00fade da pr\u00f3stata - Correio Braziliense - Radar","og_description":"Sa\u00fade da pr\u00f3stata em risco? Veja os rem\u00e9dios naturais que aliviam sintomas e ajudam na preven\u00e7\u00e3o da HBP de forma segura e eficaz.","og_url":"https:\/\/www.correiobraziliense.com.br\/cbradar\/o-suco-natural-que-protege-a-saude-da-prostata\/","og_site_name":"Correio Braziliense - Radar","article_published_time":"2025-11-12T16:15:00+00:00","og_image":[{"width":1280,"height":720,"url":"https:\/\/www.correiobraziliense.com.br\/cbradar\/wp-content\/uploads\/2025\/08\/Prostata-_1755005793451.jpg","type":"image\/jpeg"}],"author":"guilherme_saude","twitter_card":"summary_large_image","twitter_misc":{"Escrito por":"guilherme_saude","Est. tempo de leitura":"4 minutos"},"schema":{"@context":"https:\/\/schema.org","@graph":[{"@type":"WebPage","@id":"https:\/\/www.correiobraziliense.com.br\/cbradar\/o-suco-natural-que-protege-a-saude-da-prostata\/","url":"https:\/\/www.correiobraziliense.com.br\/cbradar\/o-suco-natural-que-protege-a-saude-da-prostata\/","name":"O suco natural que protege a sa\u00fade da pr\u00f3stata - Correio Braziliense - Radar","isPartOf":{"@id":"https:\/\/www.correiobraziliense.com.br\/cbradar\/#website"},"primaryImageOfPage":{"@id":"https:\/\/www.correiobraziliense.com.br\/cbradar\/o-suco-natural-que-protege-a-saude-da-prostata\/#primaryimage"},"image":{"@id":"https:\/\/www.correiobraziliense.com.br\/cbradar\/o-suco-natural-que-protege-a-saude-da-prostata\/#primaryimage"},"thumbnailUrl":"https:\/\/www.correiobraziliense.com.br\/cbradar\/wp-content\/uploads\/2025\/08\/Prostata-_1755005793451.jpg","datePublished":"2025-11-12T16:15:00+00:00","author":{"@id":"https:\/\/www.correiobraziliense.com.br\/cbradar\/#\/schema\/person\/5aa4bf3c8fa699c267933611de12978b"},"description":"Sa\u00fade da pr\u00f3stata em risco? Veja os rem\u00e9dios naturais que aliviam sintomas e ajudam na preven\u00e7\u00e3o da HBP de forma segura e eficaz.","breadcrumb":{"@id":"https:\/\/www.correiobraziliense.com.br\/cbradar\/o-suco-natural-que-protege-a-saude-da-prostata\/#breadcrumb"},"inLanguage":"pt-BR","potentialAction":[{"@type":"ReadAction","target":["https:\/\/www.correiobraziliense.com.br\/cbradar\/o-suco-natural-que-protege-a-saude-da-prostata\/"]}]},{"@type":"ImageObject","inLanguage":"pt-BR","@id":"https:\/\/www.correiobraziliense.com.br\/cbradar\/o-suco-natural-que-protege-a-saude-da-prostata\/#primaryimage","url":"https:\/\/www.correiobraziliense.com.br\/cbradar\/wp-content\/uploads\/2025\/08\/Prostata-_1755005793451.jpg","contentUrl":"https:\/\/www.correiobraziliense.com.br\/cbradar\/wp-content\/uploads\/2025\/08\/Prostata-_1755005793451.jpg","width":1280,"height":720,"caption":"Sa\u00fade da pr\u00f3stata - Cr\u00e9ditos: depositphotos.com \/ IgorVetushko"},{"@type":"BreadcrumbList","@id":"https:\/\/www.correiobraziliense.com.br\/cbradar\/o-suco-natural-que-protege-a-saude-da-prostata\/#breadcrumb","itemListElement":[{"@type":"ListItem","position":1,"name":"In\u00edcio","item":"https:\/\/www.correiobraziliense.com.br\/cbradar\/"},{"@type":"ListItem","position":2,"name":"O suco natural que protege a sa\u00fade da pr\u00f3stata"}]},{"@type":"WebSite","@id":"https:\/\/www.correiobraziliense.com.br\/cbradar\/#website","url":"https:\/\/www.correiobraziliense.com.br\/cbradar\/","name":"Correio Braziliense - Radar","description":"Acompanhe as \u00faltimas not\u00edcias e fique bem informado sobre tudo o que acontece no Brasil e no mundo.","potentialAction":[{"@type":"SearchAction","target":{"@type":"EntryPoint","urlTemplate":"https:\/\/www.correiobraziliense.com.br\/cbradar\/?s={search_term_string}"},"query-input":{"@type":"PropertyValueSpecification","valueRequired":true,"valueName":"search_term_string"}}],"inLanguage":"pt-BR"},{"@type":"Person","@id":"https:\/\/www.correiobraziliense.com.br\/cbradar\/#\/schema\/person\/5aa4bf3c8fa699c267933611de12978b","name":"guilherme_saude","image":{"@type":"ImageObject","inLanguage":"pt-BR","@id":"https:\/\/www.correiobraziliense.com.br\/cbradar\/#\/schema\/person\/image\/","url":"https:\/\/secure.gravatar.com\/avatar\/df9adfb835d344bc0af109d41756253f?s=96&d=mm&r=g","contentUrl":"https:\/\/secure.gravatar.com\/avatar\/df9adfb835d344bc0af109d41756253f?s=96&d=mm&r=g","caption":"guilherme_saude"},"url":"https:\/\/www.correiobraziliense.com.br\/cbradar\/author\/guilherme_saude\/"}]}},"_links":{"self":[{"href":"https:\/\/www.correiobraziliense.com.br\/cbradar\/wp-json\/wp\/v2\/posts\/135946","targetHints":{"allow":["GET"]}}],"collection":[{"href":"https:\/\/www.correiobraziliense.com.br\/cbradar\/wp-json\/wp\/v2\/posts"}],"about":[{"href":"https:\/\/www.correiobraziliense.com.br\/cbradar\/wp-json\/wp\/v2\/types\/post"}],"author":[{"embeddable":true,"href":"https:\/\/www.correiobraziliense.com.br\/cbradar\/wp-json\/wp\/v2\/users\/14"}],"replies":[{"embeddable":true,"href":"https:\/\/www.correiobraziliense.com.br\/cbradar\/wp-json\/wp\/v2\/comments?post=135946"}],"version-history":[{"count":1,"href":"https:\/\/www.correiobraziliense.com.br\/cbradar\/wp-json\/wp\/v2\/posts\/135946\/revisions"}],"predecessor-version":[{"id":135950,"href":"https:\/\/www.correiobraziliense.com.br\/cbradar\/wp-json\/wp\/v2\/posts\/135946\/revisions\/135950"}],"wp:featuredmedia":[{"embeddable":true,"href":"https:\/\/www.correiobraziliense.com.br\/cbradar\/wp-json\/wp\/v2\/media\/85377"}],"wp:attachment":[{"href":"https:\/\/www.correiobraziliense.com.br\/cbradar\/wp-json\/wp\/v2\/media?parent=135946"}],"wp:term":[{"taxonomy":"category","embeddable":true,"href":"https:\/\/www.correiobraziliense.com.br\/cbradar\/wp-json\/wp\/v2\/categories?post=135946"},{"taxonomy":"post_tag","embeddable":true,"href":"https:\/\/www.correiobraziliense.com.br\/cbradar\/wp-json\/wp\/v2\/post_tag?post=135946"}],"curies":[{"name":"wp","href":"https:\/\/api.w.org\/{rel}","templated":true}]}}