{"id":135952,"date":"2025-11-12T09:35:00","date_gmt":"2025-11-12T12:35:00","guid":{"rendered":"https:\/\/www.correiobraziliense.com.br\/cbradar\/?p=135952"},"modified":"2025-11-11T15:28:21","modified_gmt":"2025-11-11T18:28:21","slug":"conheca-os-remedios-caseiros-mais-eficazes-contra-asma","status":"publish","type":"post","link":"https:\/\/www.correiobraziliense.com.br\/cbradar\/conheca-os-remedios-caseiros-mais-eficazes-contra-asma\/","title":{"rendered":"Conhe\u00e7a os rem\u00e9dios caseiros mais eficazes contra asma"},"content":{"rendered":"\n<p>Os ch\u00e1s s\u00e3o uma das formas mais comuns de utilizar plantas medicinais no combate aos sintomas da <strong>Asma<\/strong>.\u00a0<strong>O ch\u00e1 verde<\/strong>, por exemplo, \u00e9 amplamente utilizado devido \u00e0s suas propriedades anti-inflamat\u00f3rias e relaxantes musculares, que podem ajudar a melhorar a respira\u00e7\u00e3o e reduzir a inflama\u00e7\u00e3o dos br\u00f4nquios. J\u00e1 o\u00a0<strong>ch\u00e1 de gengibre e alho<\/strong>\u00a0combina propriedades antioxidantes e anti-inflamat\u00f3rias que auxiliam no controle dos sintomas como a tosse e a sensa\u00e7\u00e3o de aperto no peito.<\/p>\n\n\n\n<h2 class=\"wp-block-heading\">Como tratamentos naturais podem complementar o cuidado com a Asma?<\/h2>\n\n\n\n<p><strong>Rem\u00e9dios \u00e0 base de plantas<\/strong>\u00a0como o tomilho, conhecido por seus efeitos \u00e0 <a href=\"https:\/\/www.correiobraziliense.com.br\/cbradar\/dra-anna-luisa-barbosa-como-evitar-gluten-e-manter-uma-dieta-equilibrada\/\" target=\"_blank\" rel=\"noreferrer noopener\">sa\u00fade <\/a>respirat\u00f3ria, s\u00e3o utilizados para fazer infus\u00f5es que ajudam a eliminar o catarro e aliviar a sensa\u00e7\u00e3o de peso no peito. A\u00a0<strong>Vassourinha-doce<\/strong>, com seus compostos fen\u00f3licos, exerce uma a\u00e7\u00e3o antial\u00e9rgica e anti-inflamat\u00f3ria, sendo usada frequentemente para preparar ch\u00e1s terap\u00eauticos capazes de aliviar crises.<\/p>\n\n\n\n<p>Outra op\u00e7\u00e3o inclui o&nbsp;<strong>\u00f3leo essencial de lavanda<\/strong>, que pode ser utilizado em inala\u00e7\u00f5es, aproveitando suas propriedades calmantes para desobstru\u00e7\u00e3o das vias respirat\u00f3rias.<\/p>\n\n\n<div class=\"wp-block-image\">\n<figure class=\"aligncenter size-large\"><img decoding=\"async\" width=\"1024\" height=\"576\" src=\"https:\/\/www.correiobraziliense.com.br\/cbradar\/wp-content\/uploads\/2025\/09\/Asma-_1758921653637-1024x576.jpg\" alt=\"\" class=\"wp-image-110040\" srcset=\"https:\/\/www.correiobraziliense.com.br\/cbradar\/wp-content\/uploads\/2025\/09\/Asma-_1758921653637-1024x576.jpg 1024w, https:\/\/www.correiobraziliense.com.br\/cbradar\/wp-content\/uploads\/2025\/09\/Asma-_1758921653637-300x169.jpg 300w, https:\/\/www.correiobraziliense.com.br\/cbradar\/wp-content\/uploads\/2025\/09\/Asma-_1758921653637-768x432.jpg 768w, https:\/\/www.correiobraziliense.com.br\/cbradar\/wp-content\/uploads\/2025\/09\/Asma-_1758921653637-750x422.jpg 750w, https:\/\/www.correiobraziliense.com.br\/cbradar\/wp-content\/uploads\/2025\/09\/Asma-_1758921653637-1140x641.jpg 1140w, https:\/\/www.correiobraziliense.com.br\/cbradar\/wp-content\/uploads\/2025\/09\/Asma-_1758921653637.jpg 1280w\" sizes=\"(max-width: 1024px) 100vw, 1024px\" \/><figcaption class=\"wp-element-caption\">Asma &#8211; Cr\u00e9ditos: depositphotos.com \/ imagepointfr<\/figcaption><\/figure><\/div>\n\n\n<h2 class=\"wp-block-heading\">Como fazer a preven\u00e7\u00e3o e pr\u00e1ticas cotidianas?<\/h2>\n\n\n\n<p>Al\u00e9m das bebidas e inala\u00e7\u00f5es, a preven\u00e7\u00e3o da Asma tamb\u00e9m pode envolver a utiliza\u00e7\u00e3o de outros elementos naturais como o\u00a0<strong>xarope de sementes de ab\u00f3bora<\/strong>, conhecido por suas subst\u00e2ncias anti-inflamat\u00f3rias e pela capacidade de melhorar as fun\u00e7\u00f5es pulmonares, e o\u00a0<strong>ch\u00e1 de unha-de-gato<\/strong>, que auxilia atrav\u00e9s de sua a\u00e7\u00e3o anti-inflamat\u00f3ria natural.<\/p>\n\n\n\n<p>Esses rem\u00e9dios caseiros servem como uma estrat\u00e9gia de apoio ao tratamento m\u00e9dico convencional, melhorando a capacidade respirat\u00f3ria e reduzindo a intensidade das crises asm\u00e1ticas.<\/p>\n\n\n\n<h2 class=\"wp-block-heading\">Quais as considera\u00e7\u00f5es importantes ao utilizar rem\u00e9dios caseiros?<\/h2>\n\n\n\n<p>\u00c9 essencial lembrar que cada organismo reage de forma diferente aos rem\u00e9dios, sejam eles naturais ou farmac\u00eauticos.&nbsp;<strong>O acompanhamento m\u00e9dico<\/strong>&nbsp;\u00e9 fundamental para ajustar as dosagens e evitar intera\u00e7\u00f5es negativas. Rem\u00e9dios caseiros n\u00e3o devem substituir os tratamentos m\u00e9dicos prescritos mas sim ser uma forma complementar de cuidado.<\/p>\n\n\n\n<p>Al\u00e9m disso, \u00e9 aconselh\u00e1vel realizar um teste de alergias para garantir que n\u00e3o haver\u00e1 rea\u00e7\u00f5es adversas. Mulheres gr\u00e1vidas, lactantes e indiv\u00edduos com condi\u00e7\u00f5es espec\u00edficas de sa\u00fade devem consultar um m\u00e9dico antes de iniciar qualquer tratamento natural.<\/p>\n\n\n<a href=\"https:\/\/www.instagram.com\/dra.annaluisabf\/\" target=\"_blank\" rel=\"noopener\" style=\"text-decoration: none; color: inherit;\">\n    <span style=\"display: inline-block; border: 1px solid #ccc; border-radius: 10px; padding: 15px; max-width: 550px; font-family: sans-serif; box-shadow: 0 2px 5px rgba(0,0,0,0.1); width: 100%;\">\n\n      <!-- T\u00edtulo -->\n      <span style=\"display: block; margin: 0 0 15px 0; font-weight: bold; color: #2c3e50; text-align: center;\">\n        Entre em contato:\n      <\/span>\n\n      <!-- Linha do perfil -->\n      <span style=\"display: flex; align-items: center; gap: 15px;\">\n        <img decoding=\"async\"\n          src=\"https:\/\/www.correiobraziliense.com.br\/cbradar\/wp-content\/uploads\/2025\/08\/dra_anna_luisa.jpeg\"\n          alt=\"Foto da Dra. Anna Lu\u00edsa\"\n          style=\"border-radius: 50%; width: 80px; height: 80px; object-fit: cover;\"\n        \/>\n        <span style=\"display: flex; flex-direction: column;\">\n          <span style=\"font-size: 18px; font-weight: 700; color: #2c3e50;\">Dra. Anna Lu\u00edsa Barbosa Fernandes<\/span>\n          <span style=\"color: #555;\">CRM-GO 33.271<\/span>\n        <\/span>\n      <\/span>\n\n      <!-- Redes -->\n      <span style=\"display: flex; align-items: center; gap: 10px; margin-top: 12px;\">\n        <img decoding=\"async\" src=\"https:\/\/cdn-icons-png.flaticon.com\/24\/1384\/1384063.png\" alt=\"Instagram\" width=\"24\" height=\"24\" \/>\n        <span style=\"text-decoration: underline; color: #2c3e50;\">@dra.annaluisabf<\/span>\n      <\/span>\n\n    <\/span>\n  <\/a>","protected":false},"excerpt":{"rendered":"<p>Os ch\u00e1s s\u00e3o uma das formas mais comuns de utilizar plantas medicinais no combate aos sintomas da Asma.\u00a0O ch\u00e1 verde, por exemplo, \u00e9 amplamente utilizado devido \u00e0s suas propriedades anti-inflamat\u00f3rias e relaxantes musculares, que podem ajudar a melhorar a respira\u00e7\u00e3o e reduzir a inflama\u00e7\u00e3o dos br\u00f4nquios. J\u00e1 o\u00a0ch\u00e1 de gengibre e alho\u00a0combina propriedades antioxidantes e [&hellip;]<\/p>\n","protected":false},"author":14,"featured_media":110039,"comment_status":"open","ping_status":"open","sticky":false,"template":"","format":"standard","meta":{"jnews-multi-image_gallery":[],"jnews_single_post":{"format":"standard"},"jnews_primary_category":[],"jnews_social_meta":[],"jnews_override_counter":[],"footnotes":""},"categories":[4404],"post_tag":[5748,120,1318],"class_list":["post-135952","post","type-post","status-publish","format-standard","has-post-thumbnail","hentry","category-saude","tag-asma","tag-bem-estar","tag-saude-2"],"yoast_head":"<!-- This site is optimized with the Yoast SEO plugin v24.6 - https:\/\/yoast.com\/wordpress\/plugins\/seo\/ -->\n<title>Conhe\u00e7a os rem\u00e9dios caseiros mais eficazes contra asma - Correio Braziliense - Radar<\/title>\n<meta name=\"description\" content=\"Sofre com asma? Veja os ch\u00e1s e rem\u00e9dios naturais que ajudam a aliviar crises e melhorar a respira\u00e7\u00e3o sem substituir o tratamento m\u00e9dico.\" \/>\n<meta name=\"robots\" content=\"index, follow, max-snippet:-1, max-image-preview:large, max-video-preview:-1\" \/>\n<link rel=\"canonical\" href=\"https:\/\/www.correiobraziliense.com.br\/cbradar\/conheca-os-remedios-caseiros-mais-eficazes-contra-asma\/\" \/>\n<meta property=\"og:locale\" content=\"pt_BR\" \/>\n<meta property=\"og:type\" content=\"article\" \/>\n<meta property=\"og:title\" content=\"Conhe\u00e7a os rem\u00e9dios caseiros mais eficazes contra asma - Correio Braziliense - Radar\" \/>\n<meta property=\"og:description\" content=\"Sofre com asma? Veja os ch\u00e1s e rem\u00e9dios naturais que ajudam a aliviar crises e melhorar a respira\u00e7\u00e3o sem substituir o tratamento m\u00e9dico.\" \/>\n<meta property=\"og:url\" content=\"https:\/\/www.correiobraziliense.com.br\/cbradar\/conheca-os-remedios-caseiros-mais-eficazes-contra-asma\/\" \/>\n<meta property=\"og:site_name\" content=\"Correio Braziliense - Radar\" \/>\n<meta property=\"article:published_time\" content=\"2025-11-12T12:35:00+00:00\" \/>\n<meta property=\"og:image\" content=\"https:\/\/www.correiobraziliense.com.br\/cbradar\/wp-content\/uploads\/2025\/09\/Asma-_1758921572568.jpg\" \/>\n\t<meta property=\"og:image:width\" content=\"1280\" \/>\n\t<meta property=\"og:image:height\" content=\"720\" \/>\n\t<meta property=\"og:image:type\" content=\"image\/jpeg\" \/>\n<meta name=\"author\" content=\"guilherme_saude\" \/>\n<meta name=\"twitter:card\" content=\"summary_large_image\" \/>\n<meta name=\"twitter:label1\" content=\"Escrito por\" \/>\n\t<meta name=\"twitter:data1\" content=\"guilherme_saude\" \/>\n\t<meta name=\"twitter:label2\" content=\"Est. tempo de leitura\" \/>\n\t<meta name=\"twitter:data2\" content=\"3 minutos\" \/>\n<!-- \/ Yoast SEO plugin. -->","yoast_head_json":{"title":"Conhe\u00e7a os rem\u00e9dios caseiros mais eficazes contra asma - Correio Braziliense - Radar","description":"Sofre com asma? Veja os ch\u00e1s e rem\u00e9dios naturais que ajudam a aliviar crises e melhorar a respira\u00e7\u00e3o sem substituir o tratamento m\u00e9dico.","robots":{"index":"index","follow":"follow","max-snippet":"max-snippet:-1","max-image-preview":"max-image-preview:large","max-video-preview":"max-video-preview:-1"},"canonical":"https:\/\/www.correiobraziliense.com.br\/cbradar\/conheca-os-remedios-caseiros-mais-eficazes-contra-asma\/","og_locale":"pt_BR","og_type":"article","og_title":"Conhe\u00e7a os rem\u00e9dios caseiros mais eficazes contra asma - Correio Braziliense - Radar","og_description":"Sofre com asma? Veja os ch\u00e1s e rem\u00e9dios naturais que ajudam a aliviar crises e melhorar a respira\u00e7\u00e3o sem substituir o tratamento m\u00e9dico.","og_url":"https:\/\/www.correiobraziliense.com.br\/cbradar\/conheca-os-remedios-caseiros-mais-eficazes-contra-asma\/","og_site_name":"Correio Braziliense - Radar","article_published_time":"2025-11-12T12:35:00+00:00","og_image":[{"width":1280,"height":720,"url":"https:\/\/www.correiobraziliense.com.br\/cbradar\/wp-content\/uploads\/2025\/09\/Asma-_1758921572568.jpg","type":"image\/jpeg"}],"author":"guilherme_saude","twitter_card":"summary_large_image","twitter_misc":{"Escrito por":"guilherme_saude","Est. tempo de leitura":"3 minutos"},"schema":{"@context":"https:\/\/schema.org","@graph":[{"@type":"WebPage","@id":"https:\/\/www.correiobraziliense.com.br\/cbradar\/conheca-os-remedios-caseiros-mais-eficazes-contra-asma\/","url":"https:\/\/www.correiobraziliense.com.br\/cbradar\/conheca-os-remedios-caseiros-mais-eficazes-contra-asma\/","name":"Conhe\u00e7a os rem\u00e9dios caseiros mais eficazes contra asma - Correio Braziliense - Radar","isPartOf":{"@id":"https:\/\/www.correiobraziliense.com.br\/cbradar\/#website"},"primaryImageOfPage":{"@id":"https:\/\/www.correiobraziliense.com.br\/cbradar\/conheca-os-remedios-caseiros-mais-eficazes-contra-asma\/#primaryimage"},"image":{"@id":"https:\/\/www.correiobraziliense.com.br\/cbradar\/conheca-os-remedios-caseiros-mais-eficazes-contra-asma\/#primaryimage"},"thumbnailUrl":"https:\/\/www.correiobraziliense.com.br\/cbradar\/wp-content\/uploads\/2025\/09\/Asma-_1758921572568.jpg","datePublished":"2025-11-12T12:35:00+00:00","author":{"@id":"https:\/\/www.correiobraziliense.com.br\/cbradar\/#\/schema\/person\/5aa4bf3c8fa699c267933611de12978b"},"description":"Sofre com asma? Veja os ch\u00e1s e rem\u00e9dios naturais que ajudam a aliviar crises e melhorar a respira\u00e7\u00e3o sem substituir o tratamento m\u00e9dico.","breadcrumb":{"@id":"https:\/\/www.correiobraziliense.com.br\/cbradar\/conheca-os-remedios-caseiros-mais-eficazes-contra-asma\/#breadcrumb"},"inLanguage":"pt-BR","potentialAction":[{"@type":"ReadAction","target":["https:\/\/www.correiobraziliense.com.br\/cbradar\/conheca-os-remedios-caseiros-mais-eficazes-contra-asma\/"]}]},{"@type":"ImageObject","inLanguage":"pt-BR","@id":"https:\/\/www.correiobraziliense.com.br\/cbradar\/conheca-os-remedios-caseiros-mais-eficazes-contra-asma\/#primaryimage","url":"https:\/\/www.correiobraziliense.com.br\/cbradar\/wp-content\/uploads\/2025\/09\/Asma-_1758921572568.jpg","contentUrl":"https:\/\/www.correiobraziliense.com.br\/cbradar\/wp-content\/uploads\/2025\/09\/Asma-_1758921572568.jpg","width":1280,"height":720,"caption":"Asma - Cr\u00e9ditos: depositphotos.com \/ HayDmitriy"},{"@type":"BreadcrumbList","@id":"https:\/\/www.correiobraziliense.com.br\/cbradar\/conheca-os-remedios-caseiros-mais-eficazes-contra-asma\/#breadcrumb","itemListElement":[{"@type":"ListItem","position":1,"name":"In\u00edcio","item":"https:\/\/www.correiobraziliense.com.br\/cbradar\/"},{"@type":"ListItem","position":2,"name":"Conhe\u00e7a os rem\u00e9dios caseiros mais eficazes contra asma"}]},{"@type":"WebSite","@id":"https:\/\/www.correiobraziliense.com.br\/cbradar\/#website","url":"https:\/\/www.correiobraziliense.com.br\/cbradar\/","name":"Correio Braziliense - Radar","description":"Acompanhe as \u00faltimas not\u00edcias e fique bem informado sobre tudo o que acontece no Brasil e no mundo.","potentialAction":[{"@type":"SearchAction","target":{"@type":"EntryPoint","urlTemplate":"https:\/\/www.correiobraziliense.com.br\/cbradar\/?s={search_term_string}"},"query-input":{"@type":"PropertyValueSpecification","valueRequired":true,"valueName":"search_term_string"}}],"inLanguage":"pt-BR"},{"@type":"Person","@id":"https:\/\/www.correiobraziliense.com.br\/cbradar\/#\/schema\/person\/5aa4bf3c8fa699c267933611de12978b","name":"guilherme_saude","image":{"@type":"ImageObject","inLanguage":"pt-BR","@id":"https:\/\/www.correiobraziliense.com.br\/cbradar\/#\/schema\/person\/image\/","url":"https:\/\/secure.gravatar.com\/avatar\/df9adfb835d344bc0af109d41756253f?s=96&d=mm&r=g","contentUrl":"https:\/\/secure.gravatar.com\/avatar\/df9adfb835d344bc0af109d41756253f?s=96&d=mm&r=g","caption":"guilherme_saude"},"url":"https:\/\/www.correiobraziliense.com.br\/cbradar\/author\/guilherme_saude\/"}]}},"_links":{"self":[{"href":"https:\/\/www.correiobraziliense.com.br\/cbradar\/wp-json\/wp\/v2\/posts\/135952","targetHints":{"allow":["GET"]}}],"collection":[{"href":"https:\/\/www.correiobraziliense.com.br\/cbradar\/wp-json\/wp\/v2\/posts"}],"about":[{"href":"https:\/\/www.correiobraziliense.com.br\/cbradar\/wp-json\/wp\/v2\/types\/post"}],"author":[{"embeddable":true,"href":"https:\/\/www.correiobraziliense.com.br\/cbradar\/wp-json\/wp\/v2\/users\/14"}],"replies":[{"embeddable":true,"href":"https:\/\/www.correiobraziliense.com.br\/cbradar\/wp-json\/wp\/v2\/comments?post=135952"}],"version-history":[{"count":1,"href":"https:\/\/www.correiobraziliense.com.br\/cbradar\/wp-json\/wp\/v2\/posts\/135952\/revisions"}],"predecessor-version":[{"id":135954,"href":"https:\/\/www.correiobraziliense.com.br\/cbradar\/wp-json\/wp\/v2\/posts\/135952\/revisions\/135954"}],"wp:featuredmedia":[{"embeddable":true,"href":"https:\/\/www.correiobraziliense.com.br\/cbradar\/wp-json\/wp\/v2\/media\/110039"}],"wp:attachment":[{"href":"https:\/\/www.correiobraziliense.com.br\/cbradar\/wp-json\/wp\/v2\/media?parent=135952"}],"wp:term":[{"taxonomy":"category","embeddable":true,"href":"https:\/\/www.correiobraziliense.com.br\/cbradar\/wp-json\/wp\/v2\/categories?post=135952"},{"taxonomy":"post_tag","embeddable":true,"href":"https:\/\/www.correiobraziliense.com.br\/cbradar\/wp-json\/wp\/v2\/post_tag?post=135952"}],"curies":[{"name":"wp","href":"https:\/\/api.w.org\/{rel}","templated":true}]}}