{"id":135956,"date":"2025-11-12T21:35:00","date_gmt":"2025-11-13T00:35:00","guid":{"rendered":"https:\/\/www.correiobraziliense.com.br\/cbradar\/?p=135956"},"modified":"2025-11-11T15:32:26","modified_gmt":"2025-11-11T18:32:26","slug":"raiva-e-quase-sempre-fatal-veja-o-que-ainda-nao-te-contaram","status":"publish","type":"post","link":"https:\/\/www.correiobraziliense.com.br\/cbradar\/raiva-e-quase-sempre-fatal-veja-o-que-ainda-nao-te-contaram\/","title":{"rendered":"Raiva \u00e9 quase sempre fatal veja o que ainda n\u00e3o te contaram"},"content":{"rendered":"\n<p>A <strong>Raiva<\/strong>, uma das zoonoses mais perigosas do mundo, continua a ser uma preocupa\u00e7\u00e3o de sa\u00fade p\u00fablica em 2025. Esta doen\u00e7a viral afeta tanto humanos quanto animais e \u00e9 caracterizada por uma taxa de mortalidade quase total uma vez que os sintomas se manifestam. O v\u00edrus da Raiva, que pode ser transmitido atrav\u00e9s da mordida ou arranh\u00e3o de um animal infectado, ou pelo contato com a saliva do mesmo, representa um desafio cont\u00ednuo para profissionais de sa\u00fade em diversas regi\u00f5es do mundo. Centros urbanos e rurais onde o controle vacinal \u00e9 limitado enfrentam mais riscos de dissemina\u00e7\u00e3o.<\/p>\n\n\n\n<p>A Raiva se destaca n\u00e3o apenas pela sua letalidade, mas tamb\u00e9m pela capacidade de infectar diversas esp\u00e9cies, incluindo c\u00e3es, gatos, morcegos, e at\u00e9 mesmo seres humanos. As medidas de controle e vigil\u00e2ncia s\u00e3o essenciais, mas o caminho para erradicar a doen\u00e7a requer um esfor\u00e7o coordenado que abrange desde a vacina\u00e7\u00e3o at\u00e9 a educa\u00e7\u00e3o da popula\u00e7\u00e3o sobre os riscos e medidas preventivas.<\/p>\n\n\n\n<h2 class=\"wp-block-heading\">O que \u00e9 a Raiva e como impacta a sa\u00fade humana?<\/h2>\n\n\n<div class=\"wp-block-image\">\n<figure class=\"aligncenter size-large\"><img decoding=\"async\" width=\"1024\" height=\"576\" src=\"https:\/\/www.correiobraziliense.com.br\/cbradar\/wp-content\/uploads\/2025\/11\/Raiva-animal_1762885942425-1024x576.jpg\" alt=\"\" class=\"wp-image-135959\" srcset=\"https:\/\/www.correiobraziliense.com.br\/cbradar\/wp-content\/uploads\/2025\/11\/Raiva-animal_1762885942425-1024x576.jpg 1024w, https:\/\/www.correiobraziliense.com.br\/cbradar\/wp-content\/uploads\/2025\/11\/Raiva-animal_1762885942425-300x169.jpg 300w, https:\/\/www.correiobraziliense.com.br\/cbradar\/wp-content\/uploads\/2025\/11\/Raiva-animal_1762885942425-768x432.jpg 768w, https:\/\/www.correiobraziliense.com.br\/cbradar\/wp-content\/uploads\/2025\/11\/Raiva-animal_1762885942425-750x422.jpg 750w, https:\/\/www.correiobraziliense.com.br\/cbradar\/wp-content\/uploads\/2025\/11\/Raiva-animal_1762885942425-1140x641.jpg 1140w, https:\/\/www.correiobraziliense.com.br\/cbradar\/wp-content\/uploads\/2025\/11\/Raiva-animal_1762885942425.jpg 1280w\" sizes=\"(max-width: 1024px) 100vw, 1024px\" \/><figcaption class=\"wp-element-caption\">Raiva &#8211; Cr\u00e9ditos: depositphotos.com \/ tlorna<\/figcaption><\/figure><\/div>\n\n\n<p>A Raiva \u00e9 provocada por um lyssav\u00edrus que afeta o sistema nervoso central, levando, frequentemente, \u00e0 morte ap\u00f3s o aparecimento dos sintomas. Nos humanos, o in\u00edcio da infec\u00e7\u00e3o geralmente apresenta sinais inespec\u00edficos, dificultando o diagn\u00f3stico precoce. Febre, dor de cabe\u00e7a e mal-estar est\u00e3o entre os primeiros ind\u00edcios, mas com a progress\u00e3o, surgem manifesta\u00e7\u00f5es neurol\u00f3gicas graves como espasmos, paralisia, e comportamento agressivo.<\/p>\n\n\n\n<h2 class=\"wp-block-heading\">Quais s\u00e3o os sintomas da Raiva em humanos e animais?<\/h2>\n\n\n\n<p>A identifica\u00e7\u00e3o precoce dos sintomas \u00e9 crucial para o manejo e a preven\u00e7\u00e3o. Em sua fase inicial, pode-se perceber mudan\u00e7as de comportamento e altera\u00e7\u00f5es motoras. No entanto, em est\u00e1gios avan\u00e7ados, a Raiva provoca sintomas como espasmos no sistema respirat\u00f3rio, confus\u00e3o mental, e hidrofobia, um medo intenso de \u00e1gua e ar devido \u00e0 dificuldade para engolir.<\/p>\n\n\n\n<ul class=\"wp-block-list\">\n<li><strong>Febre s\u00fabita e mal-estar geral<\/strong><\/li>\n\n\n\n<li><strong>Dificuldade para engolir<\/strong><\/li>\n\n\n\n<li><strong>Sensibilidade \u00e0 luz e ao som<\/strong><\/li>\n\n\n\n<li><strong>Paralisia e convuls\u00f5es<\/strong><\/li>\n<\/ul>\n\n\n\n<h2 class=\"wp-block-heading\">Como ocorre a transmiss\u00e3o da Raiva?<\/h2>\n\n\n\n<p>A transmiss\u00e3o se d\u00e1 principalmente pela mordedura de animais infectados, sendo que c\u00e3es, gatos e morcegos s\u00e3o os principais vetores. A possibilidade de cont\u00e1gio por arranh\u00f5es ou lambeduras em feridas tamb\u00e9m existe, tornando a preven\u00e7\u00e3o uma prioridade na <a href=\"https:\/\/www.correiobraziliense.com.br\/cbradar\/dra-anna-luisa-barbosa-como-evitar-gluten-e-manter-uma-dieta-equilibrada\/\" target=\"_blank\" rel=\"noreferrer noopener\">sa\u00fade <\/a>p\u00fablica. Em incidentes hospitalares, apesar de raros, estima-se que o manuseio inadequado de materiais biol\u00f3gicos possa apresentar risco de transmiss\u00e3o.<\/p>\n\n\n\n<h2 class=\"wp-block-heading\">Quais as estrat\u00e9gias eficazes para prevenir a Raiva?<\/h2>\n\n\n\n<p>A preven\u00e7\u00e3o da Raiva depende fortemente de pr\u00e1ticas eficazes de vacina\u00e7\u00e3o em animais dom\u00e9sticos e educa\u00e7\u00e3o p\u00fablica. Manter as campanhas de vacina\u00e7\u00e3o atualizadas em comunidades urbanas e rurais \u00e9 essencial para interromper a cadeia de transmiss\u00e3o do v\u00edrus. Medidas como evitar contato com animais desconhecidos e higienizar rapidamente feridas podem salvar vidas ao evitar a transmiss\u00e3o do v\u00edrus.<\/p>\n\n\n\n<ol class=\"wp-block-list\">\n<li>Vacina\u00e7\u00e3o obrigat\u00f3ria e anual de c\u00e3es e gatos<\/li>\n\n\n\n<li>Educa\u00e7\u00e3o e conscientiza\u00e7\u00e3o comunit\u00e1ria<\/li>\n\n\n\n<li>Higieniza\u00e7\u00e3o correta de feridas potenciais<\/li>\n\n\n\n<li>Notifica\u00e7\u00e3o r\u00e1pida a autoridades sanit\u00e1rias em casos suspeitos<\/li>\n<\/ol>\n\n\n\n<p>Com a\u00e7\u00f5es coordenadas e proativas, a meta de eliminar a Raiva em humanos pode se tornar ating\u00edvel. Esfor\u00e7os sustentados em vacina\u00e7\u00e3o, vigil\u00e2ncia, e respostas r\u00e1pidas a exposi\u00e7\u00f5es potenciais s\u00e3o fundamentais para proteger comunidades em todo o mundo. A colabora\u00e7\u00e3o entre \u00f3rg\u00e3os de sa\u00fade, veterin\u00e1rios, e a sociedade como um todo \u00e9 imperativa para alcan\u00e7ar este objetivo e garantir um futuro onde a Raiva seja apenas uma refer\u00eancia hist\u00f3rica na medicina veterin\u00e1ria e humana.<\/p>\n\n\n<a href=\"https:\/\/www.instagram.com\/dra.annaluisabf\/\" target=\"_blank\" rel=\"noopener\" style=\"text-decoration: none; color: inherit;\">\n    <span style=\"display: inline-block; border: 1px solid #ccc; border-radius: 10px; padding: 15px; max-width: 550px; font-family: sans-serif; box-shadow: 0 2px 5px rgba(0,0,0,0.1); width: 100%;\">\n\n      <!-- T\u00edtulo -->\n      <span style=\"display: block; margin: 0 0 15px 0; font-weight: bold; color: #2c3e50; text-align: center;\">\n        Entre em contato:\n      <\/span>\n\n      <!-- Linha do perfil -->\n      <span style=\"display: flex; align-items: center; gap: 15px;\">\n        <img decoding=\"async\"\n          src=\"https:\/\/www.correiobraziliense.com.br\/cbradar\/wp-content\/uploads\/2025\/08\/dra_anna_luisa.jpeg\"\n          alt=\"Foto da Dra. Anna Lu\u00edsa\"\n          style=\"border-radius: 50%; width: 80px; height: 80px; object-fit: cover;\"\n        \/>\n        <span style=\"display: flex; flex-direction: column;\">\n          <span style=\"font-size: 18px; font-weight: 700; color: #2c3e50;\">Dra. Anna Lu\u00edsa Barbosa Fernandes<\/span>\n          <span style=\"color: #555;\">CRM-GO 33.271<\/span>\n        <\/span>\n      <\/span>\n\n      <!-- Redes -->\n      <span style=\"display: flex; align-items: center; gap: 10px; margin-top: 12px;\">\n        <img decoding=\"async\" src=\"https:\/\/cdn-icons-png.flaticon.com\/24\/1384\/1384063.png\" alt=\"Instagram\" width=\"24\" height=\"24\" \/>\n        <span style=\"text-decoration: underline; color: #2c3e50;\">@dra.annaluisabf<\/span>\n      <\/span>\n\n    <\/span>\n  <\/a>","protected":false},"excerpt":{"rendered":"<p>A Raiva, uma das zoonoses mais perigosas do mundo, continua a ser uma preocupa\u00e7\u00e3o de sa\u00fade p\u00fablica em 2025. Esta doen\u00e7a viral afeta tanto humanos quanto animais e \u00e9 caracterizada por uma taxa de mortalidade quase total uma vez que os sintomas se manifestam. O v\u00edrus da Raiva, que pode ser transmitido atrav\u00e9s da mordida [&hellip;]<\/p>\n","protected":false},"author":14,"featured_media":135958,"comment_status":"open","ping_status":"open","sticky":false,"template":"","format":"standard","meta":{"jnews-multi-image_gallery":[],"jnews_single_post":{"format":"standard"},"jnews_primary_category":[],"jnews_social_meta":[],"jnews_override_counter":[],"footnotes":""},"categories":[4404],"post_tag":[120,5695,1318],"class_list":["post-135956","post","type-post","status-publish","format-standard","has-post-thumbnail","hentry","category-saude","tag-bem-estar","tag-raiva","tag-saude-2"],"yoast_head":"<!-- This site is optimized with the Yoast SEO plugin v24.6 - https:\/\/yoast.com\/wordpress\/plugins\/seo\/ -->\n<title>Raiva \u00e9 quase sempre fatal veja o que ainda n\u00e3o te contaram - Correio Braziliense - Radar<\/title>\n<meta name=\"description\" content=\"Veja como a raiva afeta humanos e animais, por que ela ainda n\u00e3o foi erradicada e quais medidas simples podem evitar mortes.\" \/>\n<meta name=\"robots\" content=\"index, follow, max-snippet:-1, max-image-preview:large, max-video-preview:-1\" \/>\n<link rel=\"canonical\" href=\"https:\/\/www.correiobraziliense.com.br\/cbradar\/raiva-e-quase-sempre-fatal-veja-o-que-ainda-nao-te-contaram\/\" \/>\n<meta property=\"og:locale\" content=\"pt_BR\" \/>\n<meta property=\"og:type\" content=\"article\" \/>\n<meta property=\"og:title\" content=\"Raiva \u00e9 quase sempre fatal veja o que ainda n\u00e3o te contaram - Correio Braziliense - Radar\" \/>\n<meta property=\"og:description\" content=\"Veja como a raiva afeta humanos e animais, por que ela ainda n\u00e3o foi erradicada e quais medidas simples podem evitar mortes.\" \/>\n<meta property=\"og:url\" content=\"https:\/\/www.correiobraziliense.com.br\/cbradar\/raiva-e-quase-sempre-fatal-veja-o-que-ainda-nao-te-contaram\/\" \/>\n<meta property=\"og:site_name\" content=\"Correio Braziliense - Radar\" \/>\n<meta property=\"article:published_time\" content=\"2025-11-13T00:35:00+00:00\" \/>\n<meta property=\"og:image\" content=\"https:\/\/www.correiobraziliense.com.br\/cbradar\/wp-content\/uploads\/2025\/11\/Raiva-animal_1762885877408.jpg\" \/>\n\t<meta property=\"og:image:width\" content=\"1280\" \/>\n\t<meta property=\"og:image:height\" content=\"720\" \/>\n\t<meta property=\"og:image:type\" content=\"image\/jpeg\" \/>\n<meta name=\"author\" content=\"guilherme_saude\" \/>\n<meta name=\"twitter:card\" content=\"summary_large_image\" \/>\n<meta name=\"twitter:label1\" content=\"Escrito por\" \/>\n\t<meta name=\"twitter:data1\" content=\"guilherme_saude\" \/>\n\t<meta name=\"twitter:label2\" content=\"Est. tempo de leitura\" \/>\n\t<meta name=\"twitter:data2\" content=\"4 minutos\" \/>\n<!-- \/ Yoast SEO plugin. -->","yoast_head_json":{"title":"Raiva \u00e9 quase sempre fatal veja o que ainda n\u00e3o te contaram - Correio Braziliense - Radar","description":"Veja como a raiva afeta humanos e animais, por que ela ainda n\u00e3o foi erradicada e quais medidas simples podem evitar mortes.","robots":{"index":"index","follow":"follow","max-snippet":"max-snippet:-1","max-image-preview":"max-image-preview:large","max-video-preview":"max-video-preview:-1"},"canonical":"https:\/\/www.correiobraziliense.com.br\/cbradar\/raiva-e-quase-sempre-fatal-veja-o-que-ainda-nao-te-contaram\/","og_locale":"pt_BR","og_type":"article","og_title":"Raiva \u00e9 quase sempre fatal veja o que ainda n\u00e3o te contaram - Correio Braziliense - Radar","og_description":"Veja como a raiva afeta humanos e animais, por que ela ainda n\u00e3o foi erradicada e quais medidas simples podem evitar mortes.","og_url":"https:\/\/www.correiobraziliense.com.br\/cbradar\/raiva-e-quase-sempre-fatal-veja-o-que-ainda-nao-te-contaram\/","og_site_name":"Correio Braziliense - Radar","article_published_time":"2025-11-13T00:35:00+00:00","og_image":[{"width":1280,"height":720,"url":"https:\/\/www.correiobraziliense.com.br\/cbradar\/wp-content\/uploads\/2025\/11\/Raiva-animal_1762885877408.jpg","type":"image\/jpeg"}],"author":"guilherme_saude","twitter_card":"summary_large_image","twitter_misc":{"Escrito por":"guilherme_saude","Est. tempo de leitura":"4 minutos"},"schema":{"@context":"https:\/\/schema.org","@graph":[{"@type":"WebPage","@id":"https:\/\/www.correiobraziliense.com.br\/cbradar\/raiva-e-quase-sempre-fatal-veja-o-que-ainda-nao-te-contaram\/","url":"https:\/\/www.correiobraziliense.com.br\/cbradar\/raiva-e-quase-sempre-fatal-veja-o-que-ainda-nao-te-contaram\/","name":"Raiva \u00e9 quase sempre fatal veja o que ainda n\u00e3o te contaram - Correio Braziliense - Radar","isPartOf":{"@id":"https:\/\/www.correiobraziliense.com.br\/cbradar\/#website"},"primaryImageOfPage":{"@id":"https:\/\/www.correiobraziliense.com.br\/cbradar\/raiva-e-quase-sempre-fatal-veja-o-que-ainda-nao-te-contaram\/#primaryimage"},"image":{"@id":"https:\/\/www.correiobraziliense.com.br\/cbradar\/raiva-e-quase-sempre-fatal-veja-o-que-ainda-nao-te-contaram\/#primaryimage"},"thumbnailUrl":"https:\/\/www.correiobraziliense.com.br\/cbradar\/wp-content\/uploads\/2025\/11\/Raiva-animal_1762885877408.jpg","datePublished":"2025-11-13T00:35:00+00:00","author":{"@id":"https:\/\/www.correiobraziliense.com.br\/cbradar\/#\/schema\/person\/5aa4bf3c8fa699c267933611de12978b"},"description":"Veja como a raiva afeta humanos e animais, por que ela ainda n\u00e3o foi erradicada e quais medidas simples podem evitar mortes.","breadcrumb":{"@id":"https:\/\/www.correiobraziliense.com.br\/cbradar\/raiva-e-quase-sempre-fatal-veja-o-que-ainda-nao-te-contaram\/#breadcrumb"},"inLanguage":"pt-BR","potentialAction":[{"@type":"ReadAction","target":["https:\/\/www.correiobraziliense.com.br\/cbradar\/raiva-e-quase-sempre-fatal-veja-o-que-ainda-nao-te-contaram\/"]}]},{"@type":"ImageObject","inLanguage":"pt-BR","@id":"https:\/\/www.correiobraziliense.com.br\/cbradar\/raiva-e-quase-sempre-fatal-veja-o-que-ainda-nao-te-contaram\/#primaryimage","url":"https:\/\/www.correiobraziliense.com.br\/cbradar\/wp-content\/uploads\/2025\/11\/Raiva-animal_1762885877408.jpg","contentUrl":"https:\/\/www.correiobraziliense.com.br\/cbradar\/wp-content\/uploads\/2025\/11\/Raiva-animal_1762885877408.jpg","width":1280,"height":720,"caption":"Raiva - Cr\u00e9ditos: depositphotos.com \/ arrow_smith2"},{"@type":"BreadcrumbList","@id":"https:\/\/www.correiobraziliense.com.br\/cbradar\/raiva-e-quase-sempre-fatal-veja-o-que-ainda-nao-te-contaram\/#breadcrumb","itemListElement":[{"@type":"ListItem","position":1,"name":"In\u00edcio","item":"https:\/\/www.correiobraziliense.com.br\/cbradar\/"},{"@type":"ListItem","position":2,"name":"Raiva \u00e9 quase sempre fatal veja o que ainda n\u00e3o te contaram"}]},{"@type":"WebSite","@id":"https:\/\/www.correiobraziliense.com.br\/cbradar\/#website","url":"https:\/\/www.correiobraziliense.com.br\/cbradar\/","name":"Correio Braziliense - Radar","description":"Acompanhe as \u00faltimas not\u00edcias e fique bem informado sobre tudo o que acontece no Brasil e no mundo.","potentialAction":[{"@type":"SearchAction","target":{"@type":"EntryPoint","urlTemplate":"https:\/\/www.correiobraziliense.com.br\/cbradar\/?s={search_term_string}"},"query-input":{"@type":"PropertyValueSpecification","valueRequired":true,"valueName":"search_term_string"}}],"inLanguage":"pt-BR"},{"@type":"Person","@id":"https:\/\/www.correiobraziliense.com.br\/cbradar\/#\/schema\/person\/5aa4bf3c8fa699c267933611de12978b","name":"guilherme_saude","image":{"@type":"ImageObject","inLanguage":"pt-BR","@id":"https:\/\/www.correiobraziliense.com.br\/cbradar\/#\/schema\/person\/image\/","url":"https:\/\/secure.gravatar.com\/avatar\/df9adfb835d344bc0af109d41756253f?s=96&d=mm&r=g","contentUrl":"https:\/\/secure.gravatar.com\/avatar\/df9adfb835d344bc0af109d41756253f?s=96&d=mm&r=g","caption":"guilherme_saude"},"url":"https:\/\/www.correiobraziliense.com.br\/cbradar\/author\/guilherme_saude\/"}]}},"_links":{"self":[{"href":"https:\/\/www.correiobraziliense.com.br\/cbradar\/wp-json\/wp\/v2\/posts\/135956","targetHints":{"allow":["GET"]}}],"collection":[{"href":"https:\/\/www.correiobraziliense.com.br\/cbradar\/wp-json\/wp\/v2\/posts"}],"about":[{"href":"https:\/\/www.correiobraziliense.com.br\/cbradar\/wp-json\/wp\/v2\/types\/post"}],"author":[{"embeddable":true,"href":"https:\/\/www.correiobraziliense.com.br\/cbradar\/wp-json\/wp\/v2\/users\/14"}],"replies":[{"embeddable":true,"href":"https:\/\/www.correiobraziliense.com.br\/cbradar\/wp-json\/wp\/v2\/comments?post=135956"}],"version-history":[{"count":1,"href":"https:\/\/www.correiobraziliense.com.br\/cbradar\/wp-json\/wp\/v2\/posts\/135956\/revisions"}],"predecessor-version":[{"id":135960,"href":"https:\/\/www.correiobraziliense.com.br\/cbradar\/wp-json\/wp\/v2\/posts\/135956\/revisions\/135960"}],"wp:featuredmedia":[{"embeddable":true,"href":"https:\/\/www.correiobraziliense.com.br\/cbradar\/wp-json\/wp\/v2\/media\/135958"}],"wp:attachment":[{"href":"https:\/\/www.correiobraziliense.com.br\/cbradar\/wp-json\/wp\/v2\/media?parent=135956"}],"wp:term":[{"taxonomy":"category","embeddable":true,"href":"https:\/\/www.correiobraziliense.com.br\/cbradar\/wp-json\/wp\/v2\/categories?post=135956"},{"taxonomy":"post_tag","embeddable":true,"href":"https:\/\/www.correiobraziliense.com.br\/cbradar\/wp-json\/wp\/v2\/post_tag?post=135956"}],"curies":[{"name":"wp","href":"https:\/\/api.w.org\/{rel}","templated":true}]}}