{"id":136208,"date":"2025-11-13T10:55:00","date_gmt":"2025-11-13T13:55:00","guid":{"rendered":"https:\/\/www.correiobraziliense.com.br\/cbradar\/?p=136208"},"modified":"2025-11-12T15:36:48","modified_gmt":"2025-11-12T18:36:48","slug":"guarde-as-batatas-desta-forma-e-vera-que-duram-ate-cinco-meses","status":"publish","type":"post","link":"https:\/\/www.correiobraziliense.com.br\/cbradar\/guarde-as-batatas-desta-forma-e-vera-que-duram-ate-cinco-meses\/","title":{"rendered":"Guarde as batatas desta forma e ver\u00e1 que duram at\u00e9 cinco meses"},"content":{"rendered":"\n<p>As batatas s\u00e3o um dos alimentos mais consumidos no mundo gra\u00e7as \u00e0 sua <strong>versatilidade<\/strong> e facilidade de preparo. Conserv\u00e1-las de maneira adequada \u00e9 fundamental para evitar que fiquem moles ou brotem antes da hora, garantindo seu aproveitamento por muito mais tempo.<\/p>\n\n\n\n<h2 class=\"wp-block-heading\">Como devo armazenar batatas na geladeira para aumentar sua durabilidade?<\/h2>\n\n\n\n<p>Armazenar batatas na geladeira pode ser controverso, mas <a href=\"https:\/\/www.food.gov.uk\/\" target=\"_blank\" rel=\"noreferrer noopener\">estudos mostram que temperaturas abaixo de cinco graus <strong>ajudam a inibir bact\u00e9rias e fungos<\/strong>,<\/a> estendendo significativamente a vida \u00fatil desse tub\u00e9rculo. Para potencializar essa t\u00e9cnica, basta seguir algumas recomenda\u00e7\u00f5es simples.<\/p>\n\n\n\n<p>Evite lavar as batatas antes de guard\u00e1-las, pois a sujeira natural \u2014 geralmente terra \u2014 contribui para a sua conserva\u00e7\u00e3o. Assegure-se tamb\u00e9m de envolv\u00ea-las em <strong>saco de papel<\/strong> ou papel de cozinha, permitindo circula\u00e7\u00e3o de ar e evitando a umidade, que poderia ser intensificada pelo uso de sacos pl\u00e1sticos.<\/p>\n\n\n\n<p>O v\u00eddeo publicado no canal Lanna de Verdade traz uma op\u00e7\u00e3o de como congelar as batatas para n\u00e3o ficarem pretas:<\/p>\n\n\n\n<iframe loading=\"lazy\" width=\"560\" height=\"315\" src=\"https:\/\/www.youtube.com\/embed\/AhXXz1_dktE?si=Fe4UEo4VZIxTLUZs\" title=\"YouTube video player\" frameborder=\"0\" allow=\"accelerometer; autoplay; clipboard-write; encrypted-media; gyroscope; picture-in-picture; web-share\" referrerpolicy=\"strict-origin-when-cross-origin\" allowfullscreen><\/iframe>\n\n\n\n<h2 class=\"wp-block-heading\">Qual \u00e9 realmente o melhor local da geladeira para guardar batatas?<\/h2>\n\n\n\n<p>O local mais indicado \u00e9 a <strong>gaveta mais baixa da geladeira<\/strong>, onde a temperatura costuma ser mais est\u00e1vel e menos sujeita a varia\u00e7\u00f5es. Esse cuidado ajuda a manter as batatas frescas por mais tempo e reduz o risco de deteriora\u00e7\u00e3o precoce.<\/p>\n\n\n\n<p>Outro ponto importante \u00e9 evitar armazen\u00e1-las perto de frutas como ma\u00e7\u00e3s e bananas. Essas frutas liberam <strong>etileno<\/strong>, g\u00e1s que pode acelerar o processo de amadurecimento e deteriora\u00e7\u00e3o das batatas.<\/p>\n\n\n\n<figure class=\"wp-block-image size-large\"><img decoding=\"async\" width=\"1024\" height=\"576\" src=\"https:\/\/www.correiobraziliense.com.br\/cbradar\/wp-content\/uploads\/2025\/11\/batatas_1762947470195-1024x576.jpg\" alt=\"Guarde as batatas desta forma e ver\u00e1 que duram at\u00e9 cinco meses\" class=\"wp-image-136211\" srcset=\"https:\/\/www.correiobraziliense.com.br\/cbradar\/wp-content\/uploads\/2025\/11\/batatas_1762947470195-1024x576.jpg 1024w, https:\/\/www.correiobraziliense.com.br\/cbradar\/wp-content\/uploads\/2025\/11\/batatas_1762947470195-300x169.jpg 300w, https:\/\/www.correiobraziliense.com.br\/cbradar\/wp-content\/uploads\/2025\/11\/batatas_1762947470195-768x432.jpg 768w, https:\/\/www.correiobraziliense.com.br\/cbradar\/wp-content\/uploads\/2025\/11\/batatas_1762947470195-750x422.jpg 750w, https:\/\/www.correiobraziliense.com.br\/cbradar\/wp-content\/uploads\/2025\/11\/batatas_1762947470195-1140x641.jpg 1140w, https:\/\/www.correiobraziliense.com.br\/cbradar\/wp-content\/uploads\/2025\/11\/batatas_1762947470195.jpg 1280w\" sizes=\"(max-width: 1024px) 100vw, 1024px\" \/><figcaption class=\"wp-element-caption\">Batatas duram mais quando guardadas longe da luz e em temperatura ambiente correta. Cr\u00e9ditos: depositphotos.com \/ serezniy<\/figcaption><\/figure>\n\n\n\n<h2 class=\"wp-block-heading\">Quais fun\u00e7\u00f5es alternativas as batatas desempenham na limpeza dom\u00e9stica?<\/h2>\n\n\n\n<p>Al\u00e9m do uso culin\u00e1rio, as batatas se destacam pela ampla utilidade na limpeza dom\u00e9stica. O amido presente nelas garante solu\u00e7\u00f5es pr\u00e1ticas para v\u00e1rias situa\u00e7\u00f5es do dia a dia, revelando o potencial sustent\u00e1vel desse alimento.<\/p>\n\n\n\n<p>Confira algumas formas inteligentes de empregar a batata nas tarefas de limpeza e manuten\u00e7\u00e3o do lar:<\/p>\n\n\n\n<ul class=\"wp-block-list\">\n<li>Utilizar pur\u00ea de batata com sal pode ser uma maneira eficaz de limpar utens\u00edlios de cobre.<\/li>\n\n\n\n<li>Esfregue talheres de prata com batata esmagada para recuperar o brilho.<\/li>\n\n\n\n<li>Passar uma batata crua suavemente em CDs e DVDs pode remover sujeira e pequenos riscos.<\/li>\n\n\n\n<li>Nos cal\u00e7ados de couro, o amido elimina res\u00edduos indesejados.<\/li>\n\n\n\n<li>Metades de batata absorvem odores em ambientes fechados.<\/li>\n\n\n\n<li>Borracha de batata pode remover riscos de l\u00e1pis em paredes com efici\u00eancia.<\/li>\n<\/ul>\n\n\n\n<p>Assim, al\u00e9m de servir como alimento, a batata se mostra uma <strong>aliada multifacetada<\/strong> da vida dom\u00e9stica, proporcionando economia e versatilidade em diversas fun\u00e7\u00f5es do seu dia a dia. Aproveite ao m\u00e1ximo cada aspecto desse vegetal, transformando-o em um recurso sustent\u00e1vel e funcional para o seu lar.<\/p>\n\n\n\n<p>Leia tamb\u00e9m: <a href=\"https:\/\/www.correiobraziliense.com.br\/cbradar\/o-truque-sem-esforco-que-facilita-para-descascar-batatas-diariamente\/\" target=\"_blank\" rel=\"noreferrer noopener\">O truque sem esfor\u00e7o que facilita para descascar batatas diariamente<\/a><\/p>\n","protected":false},"excerpt":{"rendered":"<p>Descubra como armazenar batatas para durarem at\u00e9 5 meses com truques simples e eficientes! Saiba tamb\u00e9m como us\u00e1-las na limpeza dom\u00e9stica.<\/p>\n","protected":false},"author":3,"featured_media":136210,"comment_status":"open","ping_status":"open","sticky":false,"template":"","format":"standard","meta":{"jnews-multi-image_gallery":[],"jnews_single_post":{"format":"standard"},"jnews_primary_category":[],"jnews_social_meta":[],"jnews_override_counter":[],"footnotes":""},"categories":[112],"post_tag":[281,1423,2292,144],"class_list":["post-136208","post","type-post","status-publish","format-standard","has-post-thumbnail","hentry","category-curiosidades","tag-alimentacao","tag-alimentos","tag-batatas","tag-curiosidades"],"yoast_head":"<!-- This site is optimized with the Yoast SEO plugin v24.6 - https:\/\/yoast.com\/wordpress\/plugins\/seo\/ -->\n<title>Guarde as batatas desta forma e ver\u00e1 que duram at\u00e9 cinco meses<\/title>\n<meta name=\"description\" content=\"Descubra como armazenar batatas para durarem at\u00e9 5 meses com truques simples e eficientes! Saiba tamb\u00e9m como us\u00e1-las na limpeza dom\u00e9stica.\" \/>\n<meta name=\"robots\" content=\"index, follow, max-snippet:-1, max-image-preview:large, max-video-preview:-1\" \/>\n<link rel=\"canonical\" href=\"https:\/\/www.correiobraziliense.com.br\/cbradar\/guarde-as-batatas-desta-forma-e-vera-que-duram-ate-cinco-meses\/\" \/>\n<meta property=\"og:locale\" content=\"pt_BR\" \/>\n<meta property=\"og:type\" content=\"article\" \/>\n<meta property=\"og:title\" content=\"Guarde as batatas desta forma e ver\u00e1 que duram at\u00e9 cinco meses\" \/>\n<meta property=\"og:description\" content=\"Descubra como armazenar batatas para durarem at\u00e9 5 meses com truques simples e eficientes! Saiba tamb\u00e9m como us\u00e1-las na limpeza dom\u00e9stica.\" \/>\n<meta property=\"og:url\" content=\"https:\/\/www.correiobraziliense.com.br\/cbradar\/guarde-as-batatas-desta-forma-e-vera-que-duram-ate-cinco-meses\/\" \/>\n<meta property=\"og:site_name\" content=\"Correio Braziliense - Radar\" \/>\n<meta property=\"article:published_time\" content=\"2025-11-13T13:55:00+00:00\" \/>\n<meta property=\"og:image\" content=\"https:\/\/www.correiobraziliense.com.br\/cbradar\/wp-content\/uploads\/2025\/11\/mosaico_1762947437815.jpg\" \/>\n\t<meta property=\"og:image:width\" content=\"1280\" \/>\n\t<meta property=\"og:image:height\" content=\"720\" \/>\n\t<meta property=\"og:image:type\" content=\"image\/jpeg\" \/>\n<meta name=\"author\" content=\"Larissa Carvalho\" \/>\n<meta name=\"twitter:card\" content=\"summary_large_image\" \/>\n<meta name=\"twitter:label1\" content=\"Escrito por\" \/>\n\t<meta name=\"twitter:data1\" content=\"Larissa Carvalho\" \/>\n\t<meta name=\"twitter:label2\" content=\"Est. tempo de leitura\" \/>\n\t<meta name=\"twitter:data2\" content=\"3 minutos\" \/>\n<!-- \/ Yoast SEO plugin. -->","yoast_head_json":{"title":"Guarde as batatas desta forma e ver\u00e1 que duram at\u00e9 cinco meses","description":"Descubra como armazenar batatas para durarem at\u00e9 5 meses com truques simples e eficientes! Saiba tamb\u00e9m como us\u00e1-las na limpeza dom\u00e9stica.","robots":{"index":"index","follow":"follow","max-snippet":"max-snippet:-1","max-image-preview":"max-image-preview:large","max-video-preview":"max-video-preview:-1"},"canonical":"https:\/\/www.correiobraziliense.com.br\/cbradar\/guarde-as-batatas-desta-forma-e-vera-que-duram-ate-cinco-meses\/","og_locale":"pt_BR","og_type":"article","og_title":"Guarde as batatas desta forma e ver\u00e1 que duram at\u00e9 cinco meses","og_description":"Descubra como armazenar batatas para durarem at\u00e9 5 meses com truques simples e eficientes! Saiba tamb\u00e9m como us\u00e1-las na limpeza dom\u00e9stica.","og_url":"https:\/\/www.correiobraziliense.com.br\/cbradar\/guarde-as-batatas-desta-forma-e-vera-que-duram-ate-cinco-meses\/","og_site_name":"Correio Braziliense - Radar","article_published_time":"2025-11-13T13:55:00+00:00","og_image":[{"width":1280,"height":720,"url":"https:\/\/www.correiobraziliense.com.br\/cbradar\/wp-content\/uploads\/2025\/11\/mosaico_1762947437815.jpg","type":"image\/jpeg"}],"author":"Larissa Carvalho","twitter_card":"summary_large_image","twitter_misc":{"Escrito por":"Larissa Carvalho","Est. tempo de leitura":"3 minutos"},"schema":{"@context":"https:\/\/schema.org","@graph":[{"@type":"WebPage","@id":"https:\/\/www.correiobraziliense.com.br\/cbradar\/guarde-as-batatas-desta-forma-e-vera-que-duram-ate-cinco-meses\/","url":"https:\/\/www.correiobraziliense.com.br\/cbradar\/guarde-as-batatas-desta-forma-e-vera-que-duram-ate-cinco-meses\/","name":"Guarde as batatas desta forma e ver\u00e1 que duram at\u00e9 cinco meses","isPartOf":{"@id":"https:\/\/www.correiobraziliense.com.br\/cbradar\/#website"},"primaryImageOfPage":{"@id":"https:\/\/www.correiobraziliense.com.br\/cbradar\/guarde-as-batatas-desta-forma-e-vera-que-duram-ate-cinco-meses\/#primaryimage"},"image":{"@id":"https:\/\/www.correiobraziliense.com.br\/cbradar\/guarde-as-batatas-desta-forma-e-vera-que-duram-ate-cinco-meses\/#primaryimage"},"thumbnailUrl":"https:\/\/www.correiobraziliense.com.br\/cbradar\/wp-content\/uploads\/2025\/11\/mosaico_1762947437815.jpg","datePublished":"2025-11-13T13:55:00+00:00","author":{"@id":"https:\/\/www.correiobraziliense.com.br\/cbradar\/#\/schema\/person\/58422787644df994b53a19d3e56c1513"},"description":"Descubra como armazenar batatas para durarem at\u00e9 5 meses com truques simples e eficientes! Saiba tamb\u00e9m como us\u00e1-las na limpeza dom\u00e9stica.","breadcrumb":{"@id":"https:\/\/www.correiobraziliense.com.br\/cbradar\/guarde-as-batatas-desta-forma-e-vera-que-duram-ate-cinco-meses\/#breadcrumb"},"inLanguage":"pt-BR","potentialAction":[{"@type":"ReadAction","target":["https:\/\/www.correiobraziliense.com.br\/cbradar\/guarde-as-batatas-desta-forma-e-vera-que-duram-ate-cinco-meses\/"]}]},{"@type":"ImageObject","inLanguage":"pt-BR","@id":"https:\/\/www.correiobraziliense.com.br\/cbradar\/guarde-as-batatas-desta-forma-e-vera-que-duram-ate-cinco-meses\/#primaryimage","url":"https:\/\/www.correiobraziliense.com.br\/cbradar\/wp-content\/uploads\/2025\/11\/mosaico_1762947437815.jpg","contentUrl":"https:\/\/www.correiobraziliense.com.br\/cbradar\/wp-content\/uploads\/2025\/11\/mosaico_1762947437815.jpg","width":1280,"height":720,"caption":"T\u00e9cnicas simples de armazenamento prolongam a vida \u00fatil das batatas no consumo dom\u00e9stico. Cr\u00e9ditos: depositphotos.com \/ IgorVetushko e Cr\u00e9ditos: depositphotos.com \/ AndrewLozovyi"},{"@type":"BreadcrumbList","@id":"https:\/\/www.correiobraziliense.com.br\/cbradar\/guarde-as-batatas-desta-forma-e-vera-que-duram-ate-cinco-meses\/#breadcrumb","itemListElement":[{"@type":"ListItem","position":1,"name":"In\u00edcio","item":"https:\/\/www.correiobraziliense.com.br\/cbradar\/"},{"@type":"ListItem","position":2,"name":"Guarde as batatas desta forma e ver\u00e1 que duram at\u00e9 cinco meses"}]},{"@type":"WebSite","@id":"https:\/\/www.correiobraziliense.com.br\/cbradar\/#website","url":"https:\/\/www.correiobraziliense.com.br\/cbradar\/","name":"Correio Braziliense - Radar","description":"Acompanhe as \u00faltimas not\u00edcias e fique bem informado sobre tudo o que acontece no Brasil e no mundo.","potentialAction":[{"@type":"SearchAction","target":{"@type":"EntryPoint","urlTemplate":"https:\/\/www.correiobraziliense.com.br\/cbradar\/?s={search_term_string}"},"query-input":{"@type":"PropertyValueSpecification","valueRequired":true,"valueName":"search_term_string"}}],"inLanguage":"pt-BR"},{"@type":"Person","@id":"https:\/\/www.correiobraziliense.com.br\/cbradar\/#\/schema\/person\/58422787644df994b53a19d3e56c1513","name":"Larissa Carvalho","image":{"@type":"ImageObject","inLanguage":"pt-BR","@id":"https:\/\/www.correiobraziliense.com.br\/cbradar\/#\/schema\/person\/image\/","url":"https:\/\/secure.gravatar.com\/avatar\/fe4f91a0de32b52a838d0d612abdc1aa?s=96&d=mm&r=g","contentUrl":"https:\/\/secure.gravatar.com\/avatar\/fe4f91a0de32b52a838d0d612abdc1aa?s=96&d=mm&r=g","caption":"Larissa Carvalho"},"url":"https:\/\/www.correiobraziliense.com.br\/cbradar\/author\/larissamyth\/"}]}},"_links":{"self":[{"href":"https:\/\/www.correiobraziliense.com.br\/cbradar\/wp-json\/wp\/v2\/posts\/136208","targetHints":{"allow":["GET"]}}],"collection":[{"href":"https:\/\/www.correiobraziliense.com.br\/cbradar\/wp-json\/wp\/v2\/posts"}],"about":[{"href":"https:\/\/www.correiobraziliense.com.br\/cbradar\/wp-json\/wp\/v2\/types\/post"}],"author":[{"embeddable":true,"href":"https:\/\/www.correiobraziliense.com.br\/cbradar\/wp-json\/wp\/v2\/users\/3"}],"replies":[{"embeddable":true,"href":"https:\/\/www.correiobraziliense.com.br\/cbradar\/wp-json\/wp\/v2\/comments?post=136208"}],"version-history":[{"count":3,"href":"https:\/\/www.correiobraziliense.com.br\/cbradar\/wp-json\/wp\/v2\/posts\/136208\/revisions"}],"predecessor-version":[{"id":136444,"href":"https:\/\/www.correiobraziliense.com.br\/cbradar\/wp-json\/wp\/v2\/posts\/136208\/revisions\/136444"}],"wp:featuredmedia":[{"embeddable":true,"href":"https:\/\/www.correiobraziliense.com.br\/cbradar\/wp-json\/wp\/v2\/media\/136210"}],"wp:attachment":[{"href":"https:\/\/www.correiobraziliense.com.br\/cbradar\/wp-json\/wp\/v2\/media?parent=136208"}],"wp:term":[{"taxonomy":"category","embeddable":true,"href":"https:\/\/www.correiobraziliense.com.br\/cbradar\/wp-json\/wp\/v2\/categories?post=136208"},{"taxonomy":"post_tag","embeddable":true,"href":"https:\/\/www.correiobraziliense.com.br\/cbradar\/wp-json\/wp\/v2\/post_tag?post=136208"}],"curies":[{"name":"wp","href":"https:\/\/api.w.org\/{rel}","templated":true}]}}