{"id":136463,"date":"2025-11-13T15:55:00","date_gmt":"2025-11-13T18:55:00","guid":{"rendered":"https:\/\/www.correiobraziliense.com.br\/cbradar\/?p=136463"},"modified":"2025-11-12T15:49:58","modified_gmt":"2025-11-12T18:49:58","slug":"voce-sabe-diferenciar-a-celulite-facial-da-comum","status":"publish","type":"post","link":"https:\/\/www.correiobraziliense.com.br\/cbradar\/voce-sabe-diferenciar-a-celulite-facial-da-comum\/","title":{"rendered":"Voc\u00ea sabe diferenciar a celulite facial da comum?"},"content":{"rendered":"\n<p>A <strong>Celulite Facial<\/strong> \u00e9 uma condi\u00e7\u00e3o m\u00e9dica s\u00e9ria que demanda aten\u00e7\u00e3o imediata. Ao contr\u00e1rio das ondula\u00e7\u00f5es comuns na pele que aparecem nas n\u00e1degas e coxas, essa forma de celulite \u00e9 causada por uma infec\u00e7\u00e3o bacteriana que acomete as camadas profundas da pele e do tecido subcut\u00e2neo do rosto. A distin\u00e7\u00e3o entre a Celulite Facial e a popularmente conhecida celulite relacionada \u00e0 gordura \u00e9 crucial para um diagn\u00f3stico e tratamento adequados.<\/p>\n\n\n\n<p>A Celulite Facial se manifesta quando bact\u00e9rias penetram na pele atrav\u00e9s de les\u00f5es, como cortes, espinhas ou picadas de insetos. Pessoas com sistema imunol\u00f3gico comprometido ou condi\u00e7\u00f5es cr\u00f4nicas de pele, como psor\u00edase, s\u00e3o mais suscet\u00edveis a esse problema. Essa infec\u00e7\u00e3o necessita de aten\u00e7\u00e3o urgente devido \u00e0 sua proximidade com o sistema nervoso central, apresentando o risco de evoluir para complica\u00e7\u00f5es severas como meningite.<\/p>\n\n\n\n<h2 class=\"wp-block-heading\">Quais s\u00e3o os sintomas da Celulite Facial?<\/h2>\n\n\n\n<p>Os sinais de Celulite Facial costumam incluir vermelhid\u00e3o, dor, incha\u00e7o, calor local e sensibilidade ao toque, geralmente afetando um lado do rosto. Sintomas sist\u00eamicos, como febre, calafrios e um mal-estar geral, frequentemente acompanham a infec\u00e7\u00e3o. Em casos mais graves, sintomas associados \u00e0 celulite orbit\u00e1ria podem surgir, como dificuldade para mover os olhos, dor ocular intensa, e vis\u00e3o turva.<\/p>\n\n\n\n<h2 class=\"wp-block-heading\">Como prevenir a Celulite Facial?<\/h2>\n\n\n\n<p>A preven\u00e7\u00e3o da Celulite Facial envolve evitar a manipula\u00e7\u00e3o de feridas e espinhas, mantendo a higiene adequada de cortes e les\u00f5es. Al\u00e9m disso, \u00e9 fundamental cuidar da <a href=\"https:\/\/www.correiobraziliense.com.br\/cbradar\/conheca-os-remedios-caseiros-mais-eficazes-contra-asma\/\" target=\"_blank\" rel=\"noreferrer noopener\">sa\u00fade <\/a>geral, refor\u00e7ando o sistema imunol\u00f3gico por meio de uma boa alimenta\u00e7\u00e3o rica em frutas e verduras, que s\u00e3o fontes de vitaminas e minerais essenciais. Cuidados adicionais, como manter a pele hidratada, ajudam a fortalecer a barreira cut\u00e2nea contra infec\u00e7\u00f5es.<\/p>\n\n\n\n<h2 class=\"wp-block-heading\">Como \u00e9 realizado o tratamento da Celulite Facial?<\/h2>\n\n\n\n<p>O tratamento dessa condi\u00e7\u00e3o geralmente \u00e9 feito com antibi\u00f3ticos, que podem ser administrados por via oral em casos leves ou por via intravenosa em situa\u00e7\u00f5es mais graves. A administra\u00e7\u00e3o de medicamentos para controlar sintomas como dor e febre tamb\u00e9m \u00e9 comum. Em situa\u00e7\u00f5es mais severas, pode ser necess\u00e1ria a drenagem cir\u00fargica de abscessos ou mesmo interna\u00e7\u00e3o hospitalar.<\/p>\n\n\n\n<p>O tempo de recupera\u00e7\u00e3o varia, mas normalmente os sintomas melhoram em aproximadamente 10 dias ap\u00f3s o in\u00edcio do tratamento com antibi\u00f3ticos. Para facilitar o tratamento e aliviar o incha\u00e7o e a dor, \u00e9 aconselh\u00e1vel que o paciente repouse e mantenha o membro afetado elevado durante 30 minutos, tr\u00eas vezes ao dia, al\u00e9m de manter a \u00e1rea infectada sempre limpa. Manter-se atento aos primeiros sinais e procurar ajuda m\u00e9dica s\u00e3o medidas fundamentais para combater essa condi\u00e7\u00e3o de maneira eficaz.<\/p>\n\n\n<a href=\"https:\/\/www.instagram.com\/dra.annaluisabf\/\" target=\"_blank\" rel=\"noopener\" style=\"text-decoration: none; color: inherit;\">\n    <span style=\"display: inline-block; border: 1px solid #ccc; border-radius: 10px; padding: 15px; max-width: 550px; font-family: sans-serif; box-shadow: 0 2px 5px rgba(0,0,0,0.1); width: 100%;\">\n\n      <!-- T\u00edtulo -->\n      <span style=\"display: block; margin: 0 0 15px 0; font-weight: bold; color: #2c3e50; text-align: center;\">\n        Entre em contato:\n      <\/span>\n\n      <!-- Linha do perfil -->\n      <span style=\"display: flex; align-items: center; gap: 15px;\">\n        <img decoding=\"async\"\n          src=\"https:\/\/www.correiobraziliense.com.br\/cbradar\/wp-content\/uploads\/2025\/08\/dra_anna_luisa.jpeg\"\n          alt=\"Foto da Dra. Anna Lu\u00edsa\"\n          style=\"border-radius: 50%; width: 80px; height: 80px; object-fit: cover;\"\n        \/>\n        <span style=\"display: flex; flex-direction: column;\">\n          <span style=\"font-size: 18px; font-weight: 700; color: #2c3e50;\">Dra. Anna Lu\u00edsa Barbosa Fernandes<\/span>\n          <span style=\"color: #555;\">CRM-GO 33.271<\/span>\n        <\/span>\n      <\/span>\n\n      <!-- Redes -->\n      <span style=\"display: flex; align-items: center; gap: 10px; margin-top: 12px;\">\n        <img decoding=\"async\" src=\"https:\/\/cdn-icons-png.flaticon.com\/24\/1384\/1384063.png\" alt=\"Instagram\" width=\"24\" height=\"24\" \/>\n        <span style=\"text-decoration: underline; color: #2c3e50;\">@dra.annaluisabf<\/span>\n      <\/span>\n\n    <\/span>\n  <\/a>","protected":false},"excerpt":{"rendered":"<p>A Celulite Facial \u00e9 uma condi\u00e7\u00e3o m\u00e9dica s\u00e9ria que demanda aten\u00e7\u00e3o imediata. Ao contr\u00e1rio das ondula\u00e7\u00f5es comuns na pele que aparecem nas n\u00e1degas e coxas, essa forma de celulite \u00e9 causada por uma infec\u00e7\u00e3o bacteriana que acomete as camadas profundas da pele e do tecido subcut\u00e2neo do rosto. A distin\u00e7\u00e3o entre a Celulite Facial e [&hellip;]<\/p>\n","protected":false},"author":14,"featured_media":136466,"comment_status":"open","ping_status":"open","sticky":false,"template":"","format":"standard","meta":{"_yoast_wpseo_focuskw":"Celulite Facial","_yoast_wpseo_title":"","_yoast_wpseo_metadesc":"Ao contr\u00e1rio da celulite est\u00e9tica, a celulite facial \u00e9 uma infec\u00e7\u00e3o que precisa de tratamento urgente. Descubra como identificar os sinais.","jnews-multi-image_gallery":[],"jnews_single_post":{"format":"standard"},"jnews_primary_category":[],"jnews_social_meta":[],"jnews_override_counter":[],"footnotes":""},"categories":[4404],"post_tag":[120,11605,1318],"class_list":["post-136463","post","type-post","status-publish","format-standard","has-post-thumbnail","hentry","category-saude","tag-bem-estar","tag-celulite-facial","tag-saude-2"],"yoast_head":"<!-- This site is optimized with the Yoast SEO plugin v24.6 - https:\/\/yoast.com\/wordpress\/plugins\/seo\/ -->\n<title>Voc\u00ea sabe diferenciar a celulite facial da comum? - Correio Braziliense - Radar<\/title>\n<meta name=\"description\" content=\"Ao contr\u00e1rio da celulite est\u00e9tica, a celulite facial \u00e9 uma infec\u00e7\u00e3o que precisa de tratamento urgente. Descubra como identificar os sinais.\" \/>\n<meta name=\"robots\" content=\"index, follow, max-snippet:-1, max-image-preview:large, max-video-preview:-1\" \/>\n<link rel=\"canonical\" href=\"https:\/\/www.correiobraziliense.com.br\/cbradar\/voce-sabe-diferenciar-a-celulite-facial-da-comum\/\" \/>\n<meta property=\"og:locale\" content=\"pt_BR\" \/>\n<meta property=\"og:type\" content=\"article\" \/>\n<meta property=\"og:title\" content=\"Voc\u00ea sabe diferenciar a celulite facial da comum? - Correio Braziliense - Radar\" \/>\n<meta property=\"og:description\" content=\"Ao contr\u00e1rio da celulite est\u00e9tica, a celulite facial \u00e9 uma infec\u00e7\u00e3o que precisa de tratamento urgente. Descubra como identificar os sinais.\" \/>\n<meta property=\"og:url\" content=\"https:\/\/www.correiobraziliense.com.br\/cbradar\/voce-sabe-diferenciar-a-celulite-facial-da-comum\/\" \/>\n<meta property=\"og:site_name\" content=\"Correio Braziliense - Radar\" \/>\n<meta property=\"article:published_time\" content=\"2025-11-13T18:55:00+00:00\" \/>\n<meta property=\"og:image\" content=\"https:\/\/www.correiobraziliense.com.br\/cbradar\/wp-content\/uploads\/2025\/11\/Celulite-Facial_1762973374510.jpg\" \/>\n\t<meta property=\"og:image:width\" content=\"1280\" \/>\n\t<meta property=\"og:image:height\" content=\"720\" \/>\n\t<meta property=\"og:image:type\" content=\"image\/jpeg\" \/>\n<meta name=\"author\" content=\"guilherme_saude\" \/>\n<meta name=\"twitter:card\" content=\"summary_large_image\" \/>\n<meta name=\"twitter:label1\" content=\"Escrito por\" \/>\n\t<meta name=\"twitter:data1\" content=\"guilherme_saude\" \/>\n\t<meta name=\"twitter:label2\" content=\"Est. tempo de leitura\" \/>\n\t<meta name=\"twitter:data2\" content=\"3 minutos\" \/>\n<!-- \/ Yoast SEO plugin. -->","yoast_head_json":{"title":"Voc\u00ea sabe diferenciar a celulite facial da comum? - Correio Braziliense - Radar","description":"Ao contr\u00e1rio da celulite est\u00e9tica, a celulite facial \u00e9 uma infec\u00e7\u00e3o que precisa de tratamento urgente. Descubra como identificar os sinais.","robots":{"index":"index","follow":"follow","max-snippet":"max-snippet:-1","max-image-preview":"max-image-preview:large","max-video-preview":"max-video-preview:-1"},"canonical":"https:\/\/www.correiobraziliense.com.br\/cbradar\/voce-sabe-diferenciar-a-celulite-facial-da-comum\/","og_locale":"pt_BR","og_type":"article","og_title":"Voc\u00ea sabe diferenciar a celulite facial da comum? - Correio Braziliense - Radar","og_description":"Ao contr\u00e1rio da celulite est\u00e9tica, a celulite facial \u00e9 uma infec\u00e7\u00e3o que precisa de tratamento urgente. Descubra como identificar os sinais.","og_url":"https:\/\/www.correiobraziliense.com.br\/cbradar\/voce-sabe-diferenciar-a-celulite-facial-da-comum\/","og_site_name":"Correio Braziliense - Radar","article_published_time":"2025-11-13T18:55:00+00:00","og_image":[{"width":1280,"height":720,"url":"https:\/\/www.correiobraziliense.com.br\/cbradar\/wp-content\/uploads\/2025\/11\/Celulite-Facial_1762973374510.jpg","type":"image\/jpeg"}],"author":"guilherme_saude","twitter_card":"summary_large_image","twitter_misc":{"Escrito por":"guilherme_saude","Est. tempo de leitura":"3 minutos"},"schema":{"@context":"https:\/\/schema.org","@graph":[{"@type":"WebPage","@id":"https:\/\/www.correiobraziliense.com.br\/cbradar\/voce-sabe-diferenciar-a-celulite-facial-da-comum\/","url":"https:\/\/www.correiobraziliense.com.br\/cbradar\/voce-sabe-diferenciar-a-celulite-facial-da-comum\/","name":"Voc\u00ea sabe diferenciar a celulite facial da comum? - Correio Braziliense - Radar","isPartOf":{"@id":"https:\/\/www.correiobraziliense.com.br\/cbradar\/#website"},"primaryImageOfPage":{"@id":"https:\/\/www.correiobraziliense.com.br\/cbradar\/voce-sabe-diferenciar-a-celulite-facial-da-comum\/#primaryimage"},"image":{"@id":"https:\/\/www.correiobraziliense.com.br\/cbradar\/voce-sabe-diferenciar-a-celulite-facial-da-comum\/#primaryimage"},"thumbnailUrl":"https:\/\/www.correiobraziliense.com.br\/cbradar\/wp-content\/uploads\/2025\/11\/Celulite-Facial_1762973374510.jpg","datePublished":"2025-11-13T18:55:00+00:00","author":{"@id":"https:\/\/www.correiobraziliense.com.br\/cbradar\/#\/schema\/person\/5aa4bf3c8fa699c267933611de12978b"},"description":"Ao contr\u00e1rio da celulite est\u00e9tica, a celulite facial \u00e9 uma infec\u00e7\u00e3o que precisa de tratamento urgente. Descubra como identificar os sinais.","breadcrumb":{"@id":"https:\/\/www.correiobraziliense.com.br\/cbradar\/voce-sabe-diferenciar-a-celulite-facial-da-comum\/#breadcrumb"},"inLanguage":"pt-BR","potentialAction":[{"@type":"ReadAction","target":["https:\/\/www.correiobraziliense.com.br\/cbradar\/voce-sabe-diferenciar-a-celulite-facial-da-comum\/"]}]},{"@type":"ImageObject","inLanguage":"pt-BR","@id":"https:\/\/www.correiobraziliense.com.br\/cbradar\/voce-sabe-diferenciar-a-celulite-facial-da-comum\/#primaryimage","url":"https:\/\/www.correiobraziliense.com.br\/cbradar\/wp-content\/uploads\/2025\/11\/Celulite-Facial_1762973374510.jpg","contentUrl":"https:\/\/www.correiobraziliense.com.br\/cbradar\/wp-content\/uploads\/2025\/11\/Celulite-Facial_1762973374510.jpg","width":1280,"height":720,"caption":"Celulite Facial - Cr\u00e9ditos: depositphotos.com \/ zaynyinyi"},{"@type":"BreadcrumbList","@id":"https:\/\/www.correiobraziliense.com.br\/cbradar\/voce-sabe-diferenciar-a-celulite-facial-da-comum\/#breadcrumb","itemListElement":[{"@type":"ListItem","position":1,"name":"In\u00edcio","item":"https:\/\/www.correiobraziliense.com.br\/cbradar\/"},{"@type":"ListItem","position":2,"name":"Voc\u00ea sabe diferenciar a celulite facial da comum?"}]},{"@type":"WebSite","@id":"https:\/\/www.correiobraziliense.com.br\/cbradar\/#website","url":"https:\/\/www.correiobraziliense.com.br\/cbradar\/","name":"Correio Braziliense - Radar","description":"Acompanhe as \u00faltimas not\u00edcias e fique bem informado sobre tudo o que acontece no Brasil e no mundo.","potentialAction":[{"@type":"SearchAction","target":{"@type":"EntryPoint","urlTemplate":"https:\/\/www.correiobraziliense.com.br\/cbradar\/?s={search_term_string}"},"query-input":{"@type":"PropertyValueSpecification","valueRequired":true,"valueName":"search_term_string"}}],"inLanguage":"pt-BR"},{"@type":"Person","@id":"https:\/\/www.correiobraziliense.com.br\/cbradar\/#\/schema\/person\/5aa4bf3c8fa699c267933611de12978b","name":"guilherme_saude","image":{"@type":"ImageObject","inLanguage":"pt-BR","@id":"https:\/\/www.correiobraziliense.com.br\/cbradar\/#\/schema\/person\/image\/","url":"https:\/\/secure.gravatar.com\/avatar\/df9adfb835d344bc0af109d41756253f?s=96&d=mm&r=g","contentUrl":"https:\/\/secure.gravatar.com\/avatar\/df9adfb835d344bc0af109d41756253f?s=96&d=mm&r=g","caption":"guilherme_saude"},"url":"https:\/\/www.correiobraziliense.com.br\/cbradar\/author\/guilherme_saude\/"}]}},"_links":{"self":[{"href":"https:\/\/www.correiobraziliense.com.br\/cbradar\/wp-json\/wp\/v2\/posts\/136463","targetHints":{"allow":["GET"]}}],"collection":[{"href":"https:\/\/www.correiobraziliense.com.br\/cbradar\/wp-json\/wp\/v2\/posts"}],"about":[{"href":"https:\/\/www.correiobraziliense.com.br\/cbradar\/wp-json\/wp\/v2\/types\/post"}],"author":[{"embeddable":true,"href":"https:\/\/www.correiobraziliense.com.br\/cbradar\/wp-json\/wp\/v2\/users\/14"}],"replies":[{"embeddable":true,"href":"https:\/\/www.correiobraziliense.com.br\/cbradar\/wp-json\/wp\/v2\/comments?post=136463"}],"version-history":[{"count":1,"href":"https:\/\/www.correiobraziliense.com.br\/cbradar\/wp-json\/wp\/v2\/posts\/136463\/revisions"}],"predecessor-version":[{"id":136467,"href":"https:\/\/www.correiobraziliense.com.br\/cbradar\/wp-json\/wp\/v2\/posts\/136463\/revisions\/136467"}],"wp:featuredmedia":[{"embeddable":true,"href":"https:\/\/www.correiobraziliense.com.br\/cbradar\/wp-json\/wp\/v2\/media\/136466"}],"wp:attachment":[{"href":"https:\/\/www.correiobraziliense.com.br\/cbradar\/wp-json\/wp\/v2\/media?parent=136463"}],"wp:term":[{"taxonomy":"category","embeddable":true,"href":"https:\/\/www.correiobraziliense.com.br\/cbradar\/wp-json\/wp\/v2\/categories?post=136463"},{"taxonomy":"post_tag","embeddable":true,"href":"https:\/\/www.correiobraziliense.com.br\/cbradar\/wp-json\/wp\/v2\/post_tag?post=136463"}],"curies":[{"name":"wp","href":"https:\/\/api.w.org\/{rel}","templated":true}]}}