{"id":136473,"date":"2025-11-13T18:25:00","date_gmt":"2025-11-13T21:25:00","guid":{"rendered":"https:\/\/www.correiobraziliense.com.br\/cbradar\/?p=136473"},"modified":"2025-11-12T15:54:52","modified_gmt":"2025-11-12T18:54:52","slug":"madeira-plastico-ou-vidro-qual-e-a-tabua-mais-segura","status":"publish","type":"post","link":"https:\/\/www.correiobraziliense.com.br\/cbradar\/madeira-plastico-ou-vidro-qual-e-a-tabua-mais-segura\/","title":{"rendered":"Madeira, pl\u00e1stico ou vidro qual \u00e9 a t\u00e1bua mais segura?"},"content":{"rendered":"\n<p>Ao optar por utens\u00edlios de cozinha, muitos se deparam com a escolha da <strong>T\u00e1bua de Corte<\/strong> ideal, um item crucial para a seguran\u00e7a e efici\u00eancia na prepara\u00e7\u00e3o de alimentos. A T\u00e1bua de Corte vem em diversos materiais, cada um com suas caracter\u00edsticas particulares que influenciam diretamente na higiene e na durabilidade. Avaliar cuidadosamente as op\u00e7\u00f5es de madeira, pl\u00e1stico e vidro pode evitar riscos \u00e0 sa\u00fade e garantir uma culin\u00e1ria resguardada contra contamina\u00e7\u00f5es.<\/p>\n\n\n\n<p>A t\u00e1bua de madeira, tradicional entre muitas cozinhas, \u00e9 conhecida por sua durabilidade e capacidade de preservar a vida \u00fatil das facas devido \u00e0 sua superf\u00edcie macia. No entanto, sua estrutura porosa representa um risco, pois pode acumular bact\u00e9rias como Salmonella e E. coli, especialmente em frestas e rachaduras que surgem com o tempo. Mesmo quando adequadamente lavada, a madeira pode n\u00e3o ser totalmente higienizada, uma vez que produtos de limpeza comuns nem sempre alcan\u00e7am microrganismos em camadas profundas.<\/p>\n\n\n\n<h2 class=\"wp-block-heading\">Qual \u00e9 a alternativa ideal ao material poroso?<\/h2>\n\n\n\n<p>Distinguindo-se da madeira, a t\u00e1bua de pl\u00e1stico \u00e9 uma alternativa popular devido \u00e0 sua praticidade e leveza. Facilmente lav\u00e1vel com \u00e1gua e detergente, esse material oferece uma limpeza eficiente no in\u00edcio de seu uso. Contudo, com o tempo, o pl\u00e1stico suscet\u00edvel a riscos sofre com a forma\u00e7\u00e3o de sulcos, que, similarmente \u00e0 madeira, podem abrigar fragmentos aliment\u00edcios e microrganismos. A substitui\u00e7\u00e3o regular dessas t\u00e1buas \u00e9 vital para manter sua efici\u00eancia na cozinha.<\/p>\n\n\n<div class=\"wp-block-image\">\n<figure class=\"aligncenter size-large\"><img decoding=\"async\" width=\"1024\" height=\"576\" src=\"https:\/\/www.correiobraziliense.com.br\/cbradar\/wp-content\/uploads\/2025\/11\/Tabua-de-Corte_1762973661611-1024x576.jpg\" alt=\"\" class=\"wp-image-136476\" srcset=\"https:\/\/www.correiobraziliense.com.br\/cbradar\/wp-content\/uploads\/2025\/11\/Tabua-de-Corte_1762973661611-1024x576.jpg 1024w, https:\/\/www.correiobraziliense.com.br\/cbradar\/wp-content\/uploads\/2025\/11\/Tabua-de-Corte_1762973661611-300x169.jpg 300w, https:\/\/www.correiobraziliense.com.br\/cbradar\/wp-content\/uploads\/2025\/11\/Tabua-de-Corte_1762973661611-768x432.jpg 768w, https:\/\/www.correiobraziliense.com.br\/cbradar\/wp-content\/uploads\/2025\/11\/Tabua-de-Corte_1762973661611-750x422.jpg 750w, https:\/\/www.correiobraziliense.com.br\/cbradar\/wp-content\/uploads\/2025\/11\/Tabua-de-Corte_1762973661611-1140x641.jpg 1140w, https:\/\/www.correiobraziliense.com.br\/cbradar\/wp-content\/uploads\/2025\/11\/Tabua-de-Corte_1762973661611.jpg 1280w\" sizes=\"(max-width: 1024px) 100vw, 1024px\" \/><figcaption class=\"wp-element-caption\">T\u00e1bua de Corte &#8211; Cr\u00e9ditos: depositphotos.com \/ AlexLipa<\/figcaption><\/figure><\/div>\n\n\n<h2 class=\"wp-block-heading\">Por que o vidro \u00e9 considerado o material mais higi\u00eanico?<\/h2>\n\n\n\n<p>O vidro \u00e9 destacado pela sua superf\u00edcie perfeitamente lisa, que n\u00e3o ret\u00e9m res\u00edduos, permitindo uma limpeza completa. Este material \u00e9 imbat\u00edvel quando se trata de higiene, visto que seu uso n\u00e3o deixa rachaduras onde bact\u00e9rias possam se proliferar. Apesar de ser o material mais seguro contra contamina\u00e7\u00e3o, a t\u00e1bua de vidro requer manipula\u00e7\u00e3o cuidadosa devido ao peso e ao risco de escorregar. Al\u00e9m disso, o impacto no fio das facas pode ser uma desvantagem para alguns cozinheiros.<\/p>\n\n\n\n<h2 class=\"wp-block-heading\">Como higienizar adequadamente a T\u00e1bua de Corte?<\/h2>\n\n\n\n<p>Independentemente do tipo de t\u00e1bua escolhido, a higiene \u00e9 uma prioridade. A lavagem com \u00e1gua quente e sab\u00e3o logo ap\u00f3s o uso \u00e9 essencial para manter o utens\u00edlio limpo. Utilizar vinagre branco ou uma solu\u00e7\u00e3o dilu\u00edda de cloro periodicamente pode auxiliar na descontamina\u00e7\u00e3o. Para maximizar a seguran\u00e7a, \u00e9 recomendado separar t\u00e1buas para diferentes tipos de alimentos, como carnes cruas e vegetais, diminuindo a chance de contamina\u00e7\u00e3o cruzada.<\/p>\n\n\n\n<p>Na escolha entre madeira, pl\u00e1stico e vidro, \u00e9 importante balancear a frequ\u00eancia de uso, o tipo de alimento preparado e a rotina de manuten\u00e7\u00e3o. Uma t\u00e1bua bem conservada e adequadamente higienizada n\u00e3o apenas prolonga a vida \u00fatil do utens\u00edlio, como tamb\u00e9m protege a <a href=\"https:\/\/www.correiobraziliense.com.br\/cbradar\/conheca-os-remedios-caseiros-mais-eficazes-contra-asma\/\" target=\"_blank\" rel=\"noreferrer noopener\">sa\u00fade <\/a>dos usu\u00e1rios, reduzindo significativamente o risco de infec\u00e7\u00e3o alimentar.<\/p>\n\n\n<a href=\"https:\/\/www.instagram.com\/dra.annaluisabf\/\" target=\"_blank\" rel=\"noopener\" style=\"text-decoration: none; color: inherit;\">\n    <span style=\"display: inline-block; border: 1px solid #ccc; border-radius: 10px; padding: 15px; max-width: 550px; font-family: sans-serif; box-shadow: 0 2px 5px rgba(0,0,0,0.1); width: 100%;\">\n\n      <!-- T\u00edtulo -->\n      <span style=\"display: block; margin: 0 0 15px 0; font-weight: bold; color: #2c3e50; text-align: center;\">\n        Entre em contato:\n      <\/span>\n\n      <!-- Linha do perfil -->\n      <span style=\"display: flex; align-items: center; gap: 15px;\">\n        <img decoding=\"async\"\n          src=\"https:\/\/www.correiobraziliense.com.br\/cbradar\/wp-content\/uploads\/2025\/08\/dra_anna_luisa.jpeg\"\n          alt=\"Foto da Dra. Anna Lu\u00edsa\"\n          style=\"border-radius: 50%; width: 80px; height: 80px; object-fit: cover;\"\n        \/>\n        <span style=\"display: flex; flex-direction: column;\">\n          <span style=\"font-size: 18px; font-weight: 700; color: #2c3e50;\">Dra. Anna Lu\u00edsa Barbosa Fernandes<\/span>\n          <span style=\"color: #555;\">CRM-GO 33.271<\/span>\n        <\/span>\n      <\/span>\n\n      <!-- Redes -->\n      <span style=\"display: flex; align-items: center; gap: 10px; margin-top: 12px;\">\n        <img decoding=\"async\" src=\"https:\/\/cdn-icons-png.flaticon.com\/24\/1384\/1384063.png\" alt=\"Instagram\" width=\"24\" height=\"24\" \/>\n        <span style=\"text-decoration: underline; color: #2c3e50;\">@dra.annaluisabf<\/span>\n      <\/span>\n\n    <\/span>\n  <\/a>","protected":false},"excerpt":{"rendered":"<p>Ao optar por utens\u00edlios de cozinha, muitos se deparam com a escolha da T\u00e1bua de Corte ideal, um item crucial para a seguran\u00e7a e efici\u00eancia na prepara\u00e7\u00e3o de alimentos. A T\u00e1bua de Corte vem em diversos materiais, cada um com suas caracter\u00edsticas particulares que influenciam diretamente na higiene e na durabilidade. Avaliar cuidadosamente as op\u00e7\u00f5es [&hellip;]<\/p>\n","protected":false},"author":14,"featured_media":136475,"comment_status":"open","ping_status":"open","sticky":false,"template":"","format":"standard","meta":{"_yoast_wpseo_focuskw":"T\u00e1bua de Corte","_yoast_wpseo_title":"","_yoast_wpseo_metadesc":"T\u00e1bua de corte de madeira, pl\u00e1stico ou vidro Qual a mais segura? Evite contamina\u00e7\u00f5es e descubra como higienizar corretamente.","jnews-multi-image_gallery":[],"jnews_single_post":{"format":"standard"},"jnews_primary_category":[],"jnews_social_meta":[],"jnews_override_counter":[],"footnotes":""},"categories":[4404],"post_tag":[281,120,1318],"class_list":["post-136473","post","type-post","status-publish","format-standard","has-post-thumbnail","hentry","category-saude","tag-alimentacao","tag-bem-estar","tag-saude-2"],"yoast_head":"<!-- This site is optimized with the Yoast SEO plugin v24.6 - https:\/\/yoast.com\/wordpress\/plugins\/seo\/ -->\n<title>Madeira, pl\u00e1stico ou vidro qual \u00e9 a t\u00e1bua mais segura? - Correio Braziliense - Radar<\/title>\n<meta name=\"description\" content=\"T\u00e1bua de corte de madeira, pl\u00e1stico ou vidro Qual a mais segura? Evite contamina\u00e7\u00f5es e descubra como higienizar corretamente.\" \/>\n<meta name=\"robots\" content=\"index, follow, max-snippet:-1, max-image-preview:large, max-video-preview:-1\" \/>\n<link rel=\"canonical\" href=\"https:\/\/www.correiobraziliense.com.br\/cbradar\/madeira-plastico-ou-vidro-qual-e-a-tabua-mais-segura\/\" \/>\n<meta property=\"og:locale\" content=\"pt_BR\" \/>\n<meta property=\"og:type\" content=\"article\" \/>\n<meta property=\"og:title\" content=\"Madeira, pl\u00e1stico ou vidro qual \u00e9 a t\u00e1bua mais segura? - Correio Braziliense - Radar\" \/>\n<meta property=\"og:description\" content=\"T\u00e1bua de corte de madeira, pl\u00e1stico ou vidro Qual a mais segura? Evite contamina\u00e7\u00f5es e descubra como higienizar corretamente.\" \/>\n<meta property=\"og:url\" content=\"https:\/\/www.correiobraziliense.com.br\/cbradar\/madeira-plastico-ou-vidro-qual-e-a-tabua-mais-segura\/\" \/>\n<meta property=\"og:site_name\" content=\"Correio Braziliense - Radar\" \/>\n<meta property=\"article:published_time\" content=\"2025-11-13T21:25:00+00:00\" \/>\n<meta property=\"og:image\" content=\"https:\/\/www.correiobraziliense.com.br\/cbradar\/wp-content\/uploads\/2025\/11\/Tabua-de-Corte_1762973641876.jpg\" \/>\n\t<meta property=\"og:image:width\" content=\"1280\" \/>\n\t<meta property=\"og:image:height\" content=\"720\" \/>\n\t<meta property=\"og:image:type\" content=\"image\/jpeg\" \/>\n<meta name=\"author\" content=\"guilherme_saude\" \/>\n<meta name=\"twitter:card\" content=\"summary_large_image\" \/>\n<meta name=\"twitter:label1\" content=\"Escrito por\" \/>\n\t<meta name=\"twitter:data1\" content=\"guilherme_saude\" \/>\n\t<meta name=\"twitter:label2\" content=\"Est. tempo de leitura\" \/>\n\t<meta name=\"twitter:data2\" content=\"4 minutos\" \/>\n<!-- \/ Yoast SEO plugin. -->","yoast_head_json":{"title":"Madeira, pl\u00e1stico ou vidro qual \u00e9 a t\u00e1bua mais segura? - Correio Braziliense - Radar","description":"T\u00e1bua de corte de madeira, pl\u00e1stico ou vidro Qual a mais segura? Evite contamina\u00e7\u00f5es e descubra como higienizar corretamente.","robots":{"index":"index","follow":"follow","max-snippet":"max-snippet:-1","max-image-preview":"max-image-preview:large","max-video-preview":"max-video-preview:-1"},"canonical":"https:\/\/www.correiobraziliense.com.br\/cbradar\/madeira-plastico-ou-vidro-qual-e-a-tabua-mais-segura\/","og_locale":"pt_BR","og_type":"article","og_title":"Madeira, pl\u00e1stico ou vidro qual \u00e9 a t\u00e1bua mais segura? - Correio Braziliense - Radar","og_description":"T\u00e1bua de corte de madeira, pl\u00e1stico ou vidro Qual a mais segura? Evite contamina\u00e7\u00f5es e descubra como higienizar corretamente.","og_url":"https:\/\/www.correiobraziliense.com.br\/cbradar\/madeira-plastico-ou-vidro-qual-e-a-tabua-mais-segura\/","og_site_name":"Correio Braziliense - Radar","article_published_time":"2025-11-13T21:25:00+00:00","og_image":[{"width":1280,"height":720,"url":"https:\/\/www.correiobraziliense.com.br\/cbradar\/wp-content\/uploads\/2025\/11\/Tabua-de-Corte_1762973641876.jpg","type":"image\/jpeg"}],"author":"guilherme_saude","twitter_card":"summary_large_image","twitter_misc":{"Escrito por":"guilherme_saude","Est. tempo de leitura":"4 minutos"},"schema":{"@context":"https:\/\/schema.org","@graph":[{"@type":"WebPage","@id":"https:\/\/www.correiobraziliense.com.br\/cbradar\/madeira-plastico-ou-vidro-qual-e-a-tabua-mais-segura\/","url":"https:\/\/www.correiobraziliense.com.br\/cbradar\/madeira-plastico-ou-vidro-qual-e-a-tabua-mais-segura\/","name":"Madeira, pl\u00e1stico ou vidro qual \u00e9 a t\u00e1bua mais segura? - Correio Braziliense - Radar","isPartOf":{"@id":"https:\/\/www.correiobraziliense.com.br\/cbradar\/#website"},"primaryImageOfPage":{"@id":"https:\/\/www.correiobraziliense.com.br\/cbradar\/madeira-plastico-ou-vidro-qual-e-a-tabua-mais-segura\/#primaryimage"},"image":{"@id":"https:\/\/www.correiobraziliense.com.br\/cbradar\/madeira-plastico-ou-vidro-qual-e-a-tabua-mais-segura\/#primaryimage"},"thumbnailUrl":"https:\/\/www.correiobraziliense.com.br\/cbradar\/wp-content\/uploads\/2025\/11\/Tabua-de-Corte_1762973641876.jpg","datePublished":"2025-11-13T21:25:00+00:00","author":{"@id":"https:\/\/www.correiobraziliense.com.br\/cbradar\/#\/schema\/person\/5aa4bf3c8fa699c267933611de12978b"},"description":"T\u00e1bua de corte de madeira, pl\u00e1stico ou vidro Qual a mais segura? Evite contamina\u00e7\u00f5es e descubra como higienizar corretamente.","breadcrumb":{"@id":"https:\/\/www.correiobraziliense.com.br\/cbradar\/madeira-plastico-ou-vidro-qual-e-a-tabua-mais-segura\/#breadcrumb"},"inLanguage":"pt-BR","potentialAction":[{"@type":"ReadAction","target":["https:\/\/www.correiobraziliense.com.br\/cbradar\/madeira-plastico-ou-vidro-qual-e-a-tabua-mais-segura\/"]}]},{"@type":"ImageObject","inLanguage":"pt-BR","@id":"https:\/\/www.correiobraziliense.com.br\/cbradar\/madeira-plastico-ou-vidro-qual-e-a-tabua-mais-segura\/#primaryimage","url":"https:\/\/www.correiobraziliense.com.br\/cbradar\/wp-content\/uploads\/2025\/11\/Tabua-de-Corte_1762973641876.jpg","contentUrl":"https:\/\/www.correiobraziliense.com.br\/cbradar\/wp-content\/uploads\/2025\/11\/Tabua-de-Corte_1762973641876.jpg","width":1280,"height":720,"caption":"T\u00e1bua de Corte - Cr\u00e9ditos: depositphotos.com \/ IgorTishenko"},{"@type":"BreadcrumbList","@id":"https:\/\/www.correiobraziliense.com.br\/cbradar\/madeira-plastico-ou-vidro-qual-e-a-tabua-mais-segura\/#breadcrumb","itemListElement":[{"@type":"ListItem","position":1,"name":"In\u00edcio","item":"https:\/\/www.correiobraziliense.com.br\/cbradar\/"},{"@type":"ListItem","position":2,"name":"Madeira, pl\u00e1stico ou vidro qual \u00e9 a t\u00e1bua mais segura?"}]},{"@type":"WebSite","@id":"https:\/\/www.correiobraziliense.com.br\/cbradar\/#website","url":"https:\/\/www.correiobraziliense.com.br\/cbradar\/","name":"Correio Braziliense - Radar","description":"Acompanhe as \u00faltimas not\u00edcias e fique bem informado sobre tudo o que acontece no Brasil e no mundo.","potentialAction":[{"@type":"SearchAction","target":{"@type":"EntryPoint","urlTemplate":"https:\/\/www.correiobraziliense.com.br\/cbradar\/?s={search_term_string}"},"query-input":{"@type":"PropertyValueSpecification","valueRequired":true,"valueName":"search_term_string"}}],"inLanguage":"pt-BR"},{"@type":"Person","@id":"https:\/\/www.correiobraziliense.com.br\/cbradar\/#\/schema\/person\/5aa4bf3c8fa699c267933611de12978b","name":"guilherme_saude","image":{"@type":"ImageObject","inLanguage":"pt-BR","@id":"https:\/\/www.correiobraziliense.com.br\/cbradar\/#\/schema\/person\/image\/","url":"https:\/\/secure.gravatar.com\/avatar\/df9adfb835d344bc0af109d41756253f?s=96&d=mm&r=g","contentUrl":"https:\/\/secure.gravatar.com\/avatar\/df9adfb835d344bc0af109d41756253f?s=96&d=mm&r=g","caption":"guilherme_saude"},"url":"https:\/\/www.correiobraziliense.com.br\/cbradar\/author\/guilherme_saude\/"}]}},"_links":{"self":[{"href":"https:\/\/www.correiobraziliense.com.br\/cbradar\/wp-json\/wp\/v2\/posts\/136473","targetHints":{"allow":["GET"]}}],"collection":[{"href":"https:\/\/www.correiobraziliense.com.br\/cbradar\/wp-json\/wp\/v2\/posts"}],"about":[{"href":"https:\/\/www.correiobraziliense.com.br\/cbradar\/wp-json\/wp\/v2\/types\/post"}],"author":[{"embeddable":true,"href":"https:\/\/www.correiobraziliense.com.br\/cbradar\/wp-json\/wp\/v2\/users\/14"}],"replies":[{"embeddable":true,"href":"https:\/\/www.correiobraziliense.com.br\/cbradar\/wp-json\/wp\/v2\/comments?post=136473"}],"version-history":[{"count":1,"href":"https:\/\/www.correiobraziliense.com.br\/cbradar\/wp-json\/wp\/v2\/posts\/136473\/revisions"}],"predecessor-version":[{"id":136477,"href":"https:\/\/www.correiobraziliense.com.br\/cbradar\/wp-json\/wp\/v2\/posts\/136473\/revisions\/136477"}],"wp:featuredmedia":[{"embeddable":true,"href":"https:\/\/www.correiobraziliense.com.br\/cbradar\/wp-json\/wp\/v2\/media\/136475"}],"wp:attachment":[{"href":"https:\/\/www.correiobraziliense.com.br\/cbradar\/wp-json\/wp\/v2\/media?parent=136473"}],"wp:term":[{"taxonomy":"category","embeddable":true,"href":"https:\/\/www.correiobraziliense.com.br\/cbradar\/wp-json\/wp\/v2\/categories?post=136473"},{"taxonomy":"post_tag","embeddable":true,"href":"https:\/\/www.correiobraziliense.com.br\/cbradar\/wp-json\/wp\/v2\/post_tag?post=136473"}],"curies":[{"name":"wp","href":"https:\/\/api.w.org\/{rel}","templated":true}]}}