{"id":136534,"date":"2025-11-13T18:15:00","date_gmt":"2025-11-13T21:15:00","guid":{"rendered":"https:\/\/www.correiobraziliense.com.br\/cbradar\/?p=136534"},"modified":"2025-11-12T18:36:40","modified_gmt":"2025-11-12T21:36:40","slug":"o-que-significa-a-popular-frase-latina-aude-sapere","status":"publish","type":"post","link":"https:\/\/www.correiobraziliense.com.br\/cbradar\/o-que-significa-a-popular-frase-latina-aude-sapere\/","title":{"rendered":"O que significa a popular frase latina \u201cAude sapere\u201d"},"content":{"rendered":"\n<p>A frase <strong>&#8220;Aude sapere&#8221;<\/strong> ressoa com poder mesmo nos tempos modernos. Proveniente do latim, essa locu\u00e7\u00e3o refere-se \u00e0 ousadia de pensar e buscar o conhecimento sem temores. Originada na obra do poeta romano Hor\u00e1cio, seu significado transcendeu \u00e9pocas, inspirando movimentos filos\u00f3ficos e culturais ao longo da hist\u00f3ria. Hor\u00e1cio utilizou essa exorta\u00e7\u00e3o em suas obras para incentivar as pessoas a tomar decis\u00f5es importantes com coragem e a iniciar, com determina\u00e7\u00e3o, o caminho do aprendizado.<\/p>\n\n\n\n<h2 class=\"wp-block-heading\">De que forma se pode aplicar &#8220;Aude sapere&#8221; nos dias de hoje?<\/h2>\n\n\n\n<p>No mundo contempor\u00e2neo, <strong>&#8220;Aude sapere&#8221;<\/strong> mostra-se relevante em diferentes situa\u00e7\u00f5es cotidianas que promovem o <strong>crescimento pessoal e social<\/strong>. Vivendo em uma era de circula\u00e7\u00e3o r\u00e1pida de informa\u00e7\u00f5es, essa m\u00e1xima incentiva o h\u00e1bito de reflex\u00e3o e o questionamento antes de aceitar conceitos como verdadeiros.<\/p>\n\n\n\n<p>Veja exemplos pr\u00e1ticos de como o esp\u00edrito de <strong>&#8220;Aude sapere&#8221;<\/strong> se manifesta em a\u00e7\u00f5es do dia a dia:<\/p>\n\n\n\n<ul class=\"wp-block-list\">\n<li>Buscar fontes diversas antes de acreditar em not\u00edcias compartilhadas<\/li>\n\n\n\n<li>Empreender projetos pessoais ou profissionais mesmo diante de incertezas<\/li>\n\n\n\n<li>Aprender novas habilidades, como idiomas ou tecnologias<\/li>\n\n\n\n<li>Repensar valores e decis\u00f5es a partir de an\u00e1lise cr\u00edtica individual<\/li>\n<\/ul>\n\n\n\n<p>O professor Dr. em filosofia Mateus Salavadori, trouxe em seu perfil no TikTok @mateus.salvadori o significado da frase latina:<\/p>\n\n\n\n<blockquote class=\"tiktok-embed\" cite=\"https:\/\/www.tiktok.com\/@mateus.salvadori\/video\/7322430079835835654\" data-video-id=\"7322430079835835654\" style=\"max-width: 605px;min-width: 325px;\" > <section> <a target=\"_blank\" title=\"@mateus.salvadori\" href=\"https:\/\/www.tiktok.com\/@mateus.salvadori?refer=embed\">@mateus.salvadori<\/a> Sapere aude <a title=\"fy\" target=\"_blank\" href=\"https:\/\/www.tiktok.com\/tag\/fy?refer=embed\">#fy<\/a> <a title=\"filosofia\" target=\"_blank\" href=\"https:\/\/www.tiktok.com\/tag\/filosofia?refer=embed\">#filosofia<\/a> <a title=\"kant\" target=\"_blank\" href=\"https:\/\/www.tiktok.com\/tag\/kant?refer=embed\">#kant<\/a> <a target=\"_blank\" title=\"\u266c som original - Mateus Salvadori\" href=\"https:\/\/www.tiktok.com\/music\/som-original-7322430085036034821?refer=embed\">\u266c som original &#8211; Mateus Salvadori<\/a> <\/section> <\/blockquote> <script async src=\"https:\/\/www.tiktok.com\/embed.js\"><\/script>\n\n\n\n<h2 class=\"wp-block-heading\">Qual \u00e9 o papel de Hor\u00e1cio na literatura e no desenvolvimento do pensamento filos\u00f3fico?<\/h2>\n\n\n\n<p><strong>Hor\u00e1cio<\/strong>, nascido em 65 a.C., tem import\u00e2ncia central na literatura latina por sua produ\u00e7\u00e3o l\u00edrica refinada e por reflex\u00f5es filos\u00f3ficas. Temas como a valoriza\u00e7\u00e3o do presente, registrados em &#8220;Carpe diem&#8221;, e abordagens sobre amizade e equil\u00edbrio s\u00e3o <strong>marcas de sua obra<\/strong>.<\/p>\n\n\n\n<p>Sua influ\u00eancia perdura ao oferecer \u00e0s gera\u00e7\u00f5es seguintes ideias universais e atuais, sendo refer\u00eancia tanto para escritores quanto para pensadores em busca de compreender a condi\u00e7\u00e3o humana.<\/p>\n\n\n\n<figure class=\"wp-block-image size-large\"><img decoding=\"async\" width=\"1024\" height=\"576\" src=\"https:\/\/www.correiobraziliense.com.br\/cbradar\/wp-content\/uploads\/2025\/11\/mosaico_1762983376233-1024x576.jpg\" alt=\"O que significa a popular frase latina \u201cAude sapere\u201d\" class=\"wp-image-136537\" srcset=\"https:\/\/www.correiobraziliense.com.br\/cbradar\/wp-content\/uploads\/2025\/11\/mosaico_1762983376233-1024x576.jpg 1024w, https:\/\/www.correiobraziliense.com.br\/cbradar\/wp-content\/uploads\/2025\/11\/mosaico_1762983376233-300x169.jpg 300w, https:\/\/www.correiobraziliense.com.br\/cbradar\/wp-content\/uploads\/2025\/11\/mosaico_1762983376233-768x432.jpg 768w, https:\/\/www.correiobraziliense.com.br\/cbradar\/wp-content\/uploads\/2025\/11\/mosaico_1762983376233-750x422.jpg 750w, https:\/\/www.correiobraziliense.com.br\/cbradar\/wp-content\/uploads\/2025\/11\/mosaico_1762983376233-1140x641.jpg 1140w, https:\/\/www.correiobraziliense.com.br\/cbradar\/wp-content\/uploads\/2025\/11\/mosaico_1762983376233.jpg 1280w\" sizes=\"(max-width: 1024px) 100vw, 1024px\" \/><figcaption class=\"wp-element-caption\">Essa express\u00e3o lembra a import\u00e2ncia de n\u00e3o adiar o aprendizado e agir com coragem no presente. Cr\u00e9ditos: depositphotos.com \/ Morphart e Cr\u00e9ditos: depositphotos.com \/ varbenov1<\/figcaption><\/figure>\n\n\n\n<h2 class=\"wp-block-heading\">Por qual raz\u00e3o &#8220;Aude sapere&#8221; mant\u00e9m relev\u00e2ncia nos tempos atuais?<\/h2>\n\n\n\n<p>A <strong>atualidade<\/strong> de &#8220;Aude sapere&#8221; est\u00e1 no seu apelo cont\u00ednuo \u00e0 <strong>curiosidade intelectual, ao pensamento cr\u00edtico e ao aprendizado ativo<\/strong>. Em um contexto de f\u00e1cil acesso, mas poss\u00edvel superficialidade de dados, a express\u00e3o incentiva o mergulho profundo nos assuntos e uma postura menos passiva diante das informa\u00e7\u00f5es.<\/p>\n\n\n\n<p>Dessa forma, &#8220;Aude sapere&#8221; refor\u00e7a a import\u00e2ncia de construir opini\u00f5es pr\u00f3prias, livres de verdades absolutas e fundadas na raz\u00e3o, promovendo debates mais ricos e solu\u00e7\u00f5es mais inovadoras na sociedade.<\/p>\n\n\n\n<p>Em conclus\u00e3o, <strong>&#8220;Aude sapere&#8221;<\/strong> permanece como orienta\u00e7\u00e3o essencial para quem valoriza autonomia e conhecimento. Sua mensagem, que convida \u00e0 reflex\u00e3o e \u00e0 busca ativa pelo saber, continua a inspirar todos que desejam entender melhor o mundo, sustentando o ensinamento de Hor\u00e1cio de que aprender exige, acima de tudo, coragem.<\/p>\n","protected":false},"excerpt":{"rendered":"<p>Conhe\u00e7a os significados da frase &#8220;Aude sapere&#8221;, muito conhecida do latim e difundida at\u00e9 hoje em diferentes contextos.<\/p>\n","protected":false},"author":3,"featured_media":136536,"comment_status":"open","ping_status":"open","sticky":false,"template":"","format":"standard","meta":{"_yoast_wpseo_focuskw":"Aude sapere","_yoast_wpseo_title":"%%title%%","_yoast_wpseo_metadesc":"Conhe\u00e7a os significados da frase \"Aude sapere\", muito conhecida do latim e difundida at\u00e9 hoje em diferentes contextos.","jnews-multi-image_gallery":[],"jnews_single_post":{"format":"standard"},"jnews_primary_category":[],"jnews_social_meta":[],"jnews_override_counter":[],"footnotes":""},"categories":[112],"tags":[144,5310,11054,11064,5174],"class_list":["post-136534","post","type-post","status-publish","format-standard","has-post-thumbnail","hentry","category-curiosidades","tag-curiosidades","tag-frases","tag-latim","tag-linguas","tag-significados"],"yoast_head":"<!-- This site is optimized with the Yoast SEO plugin v24.6 - https:\/\/yoast.com\/wordpress\/plugins\/seo\/ -->\n<title>O que significa a popular frase latina \u201cAude sapere\u201d<\/title>\n<meta name=\"description\" content=\"Conhe\u00e7a os significados da frase &quot;Aude sapere&quot;, muito conhecida do latim e difundida at\u00e9 hoje em diferentes contextos.\" \/>\n<meta name=\"robots\" content=\"index, follow, max-snippet:-1, max-image-preview:large, max-video-preview:-1\" \/>\n<link rel=\"canonical\" href=\"https:\/\/www.correiobraziliense.com.br\/cbradar\/o-que-significa-a-popular-frase-latina-aude-sapere\/\" \/>\n<meta property=\"og:locale\" content=\"pt_BR\" \/>\n<meta property=\"og:type\" content=\"article\" \/>\n<meta property=\"og:title\" content=\"O que significa a popular frase latina \u201cAude sapere\u201d\" \/>\n<meta property=\"og:description\" content=\"Conhe\u00e7a os significados da frase &quot;Aude sapere&quot;, muito conhecida do latim e difundida at\u00e9 hoje em diferentes contextos.\" \/>\n<meta property=\"og:url\" content=\"https:\/\/www.correiobraziliense.com.br\/cbradar\/o-que-significa-a-popular-frase-latina-aude-sapere\/\" \/>\n<meta property=\"og:site_name\" content=\"Correio Braziliense - Radar\" \/>\n<meta property=\"article:published_time\" content=\"2025-11-13T21:15:00+00:00\" \/>\n<meta property=\"og:image\" content=\"https:\/\/www.correiobraziliense.com.br\/cbradar\/wp-content\/uploads\/2025\/11\/Aude-sapere-1280x720-1.png\" \/>\n\t<meta property=\"og:image:width\" content=\"1280\" \/>\n\t<meta property=\"og:image:height\" content=\"720\" \/>\n\t<meta property=\"og:image:type\" content=\"image\/png\" \/>\n<meta name=\"author\" content=\"Larissa Carvalho\" \/>\n<meta name=\"twitter:card\" content=\"summary_large_image\" \/>\n<meta name=\"twitter:label1\" content=\"Escrito por\" \/>\n\t<meta name=\"twitter:data1\" content=\"Larissa Carvalho\" \/>\n\t<meta name=\"twitter:label2\" content=\"Est. tempo de leitura\" \/>\n\t<meta name=\"twitter:data2\" content=\"3 minutos\" \/>\n<!-- \/ Yoast SEO plugin. -->","yoast_head_json":{"title":"O que significa a popular frase latina \u201cAude sapere\u201d","description":"Conhe\u00e7a os significados da frase \"Aude sapere\", muito conhecida do latim e difundida at\u00e9 hoje em diferentes contextos.","robots":{"index":"index","follow":"follow","max-snippet":"max-snippet:-1","max-image-preview":"max-image-preview:large","max-video-preview":"max-video-preview:-1"},"canonical":"https:\/\/www.correiobraziliense.com.br\/cbradar\/o-que-significa-a-popular-frase-latina-aude-sapere\/","og_locale":"pt_BR","og_type":"article","og_title":"O que significa a popular frase latina \u201cAude sapere\u201d","og_description":"Conhe\u00e7a os significados da frase \"Aude sapere\", muito conhecida do latim e difundida at\u00e9 hoje em diferentes contextos.","og_url":"https:\/\/www.correiobraziliense.com.br\/cbradar\/o-que-significa-a-popular-frase-latina-aude-sapere\/","og_site_name":"Correio Braziliense - Radar","article_published_time":"2025-11-13T21:15:00+00:00","og_image":[{"width":1280,"height":720,"url":"https:\/\/www.correiobraziliense.com.br\/cbradar\/wp-content\/uploads\/2025\/11\/Aude-sapere-1280x720-1.png","type":"image\/png"}],"author":"Larissa Carvalho","twitter_card":"summary_large_image","twitter_misc":{"Escrito por":"Larissa Carvalho","Est. tempo de leitura":"3 minutos"},"schema":{"@context":"https:\/\/schema.org","@graph":[{"@type":"WebPage","@id":"https:\/\/www.correiobraziliense.com.br\/cbradar\/o-que-significa-a-popular-frase-latina-aude-sapere\/","url":"https:\/\/www.correiobraziliense.com.br\/cbradar\/o-que-significa-a-popular-frase-latina-aude-sapere\/","name":"O que significa a popular frase latina \u201cAude sapere\u201d","isPartOf":{"@id":"https:\/\/www.correiobraziliense.com.br\/cbradar\/#website"},"primaryImageOfPage":{"@id":"https:\/\/www.correiobraziliense.com.br\/cbradar\/o-que-significa-a-popular-frase-latina-aude-sapere\/#primaryimage"},"image":{"@id":"https:\/\/www.correiobraziliense.com.br\/cbradar\/o-que-significa-a-popular-frase-latina-aude-sapere\/#primaryimage"},"thumbnailUrl":"https:\/\/www.correiobraziliense.com.br\/cbradar\/wp-content\/uploads\/2025\/11\/Aude-sapere-1280x720-1.png","datePublished":"2025-11-13T21:15:00+00:00","author":{"@id":"https:\/\/www.correiobraziliense.com.br\/cbradar\/#\/schema\/person\/58422787644df994b53a19d3e56c1513"},"description":"Conhe\u00e7a os significados da frase \"Aude sapere\", muito conhecida do latim e difundida at\u00e9 hoje em diferentes contextos.","breadcrumb":{"@id":"https:\/\/www.correiobraziliense.com.br\/cbradar\/o-que-significa-a-popular-frase-latina-aude-sapere\/#breadcrumb"},"inLanguage":"pt-BR","potentialAction":[{"@type":"ReadAction","target":["https:\/\/www.correiobraziliense.com.br\/cbradar\/o-que-significa-a-popular-frase-latina-aude-sapere\/"]}]},{"@type":"ImageObject","inLanguage":"pt-BR","@id":"https:\/\/www.correiobraziliense.com.br\/cbradar\/o-que-significa-a-popular-frase-latina-aude-sapere\/#primaryimage","url":"https:\/\/www.correiobraziliense.com.br\/cbradar\/wp-content\/uploads\/2025\/11\/Aude-sapere-1280x720-1.png","contentUrl":"https:\/\/www.correiobraziliense.com.br\/cbradar\/wp-content\/uploads\/2025\/11\/Aude-sapere-1280x720-1.png","width":1280,"height":720,"caption":"Em Hor\u00e1cio, aparece na obra Epistularum liber primus como convite a iniciar a\u00e7\u00f5es com determina\u00e7\u00e3o."},{"@type":"BreadcrumbList","@id":"https:\/\/www.correiobraziliense.com.br\/cbradar\/o-que-significa-a-popular-frase-latina-aude-sapere\/#breadcrumb","itemListElement":[{"@type":"ListItem","position":1,"name":"In\u00edcio","item":"https:\/\/www.correiobraziliense.com.br\/cbradar\/"},{"@type":"ListItem","position":2,"name":"O que significa a popular frase latina \u201cAude sapere\u201d"}]},{"@type":"WebSite","@id":"https:\/\/www.correiobraziliense.com.br\/cbradar\/#website","url":"https:\/\/www.correiobraziliense.com.br\/cbradar\/","name":"Correio Braziliense - Radar","description":"Acompanhe as \u00faltimas not\u00edcias e fique bem informado sobre tudo o que acontece no Brasil e no mundo.","potentialAction":[{"@type":"SearchAction","target":{"@type":"EntryPoint","urlTemplate":"https:\/\/www.correiobraziliense.com.br\/cbradar\/?s={search_term_string}"},"query-input":{"@type":"PropertyValueSpecification","valueRequired":true,"valueName":"search_term_string"}}],"inLanguage":"pt-BR"},{"@type":"Person","@id":"https:\/\/www.correiobraziliense.com.br\/cbradar\/#\/schema\/person\/58422787644df994b53a19d3e56c1513","name":"Larissa Carvalho","image":{"@type":"ImageObject","inLanguage":"pt-BR","@id":"https:\/\/www.correiobraziliense.com.br\/cbradar\/#\/schema\/person\/image\/","url":"https:\/\/secure.gravatar.com\/avatar\/fe4f91a0de32b52a838d0d612abdc1aa?s=96&d=mm&r=g","contentUrl":"https:\/\/secure.gravatar.com\/avatar\/fe4f91a0de32b52a838d0d612abdc1aa?s=96&d=mm&r=g","caption":"Larissa Carvalho"},"url":"https:\/\/www.correiobraziliense.com.br\/cbradar\/author\/larissamyth\/"}]}},"_links":{"self":[{"href":"https:\/\/www.correiobraziliense.com.br\/cbradar\/wp-json\/wp\/v2\/posts\/136534","targetHints":{"allow":["GET"]}}],"collection":[{"href":"https:\/\/www.correiobraziliense.com.br\/cbradar\/wp-json\/wp\/v2\/posts"}],"about":[{"href":"https:\/\/www.correiobraziliense.com.br\/cbradar\/wp-json\/wp\/v2\/types\/post"}],"author":[{"embeddable":true,"href":"https:\/\/www.correiobraziliense.com.br\/cbradar\/wp-json\/wp\/v2\/users\/3"}],"replies":[{"embeddable":true,"href":"https:\/\/www.correiobraziliense.com.br\/cbradar\/wp-json\/wp\/v2\/comments?post=136534"}],"version-history":[{"count":2,"href":"https:\/\/www.correiobraziliense.com.br\/cbradar\/wp-json\/wp\/v2\/posts\/136534\/revisions"}],"predecessor-version":[{"id":136538,"href":"https:\/\/www.correiobraziliense.com.br\/cbradar\/wp-json\/wp\/v2\/posts\/136534\/revisions\/136538"}],"wp:featuredmedia":[{"embeddable":true,"href":"https:\/\/www.correiobraziliense.com.br\/cbradar\/wp-json\/wp\/v2\/media\/136536"}],"wp:attachment":[{"href":"https:\/\/www.correiobraziliense.com.br\/cbradar\/wp-json\/wp\/v2\/media?parent=136534"}],"wp:term":[{"taxonomy":"category","embeddable":true,"href":"https:\/\/www.correiobraziliense.com.br\/cbradar\/wp-json\/wp\/v2\/categories?post=136534"},{"taxonomy":"post_tag","embeddable":true,"href":"https:\/\/www.correiobraziliense.com.br\/cbradar\/wp-json\/wp\/v2\/tags?post=136534"}],"curies":[{"name":"wp","href":"https:\/\/api.w.org\/{rel}","templated":true}]}}