{"id":136629,"date":"2025-11-14T13:25:00","date_gmt":"2025-11-14T16:25:00","guid":{"rendered":"https:\/\/www.correiobraziliense.com.br\/cbradar\/?p=136629"},"modified":"2025-11-13T08:47:09","modified_gmt":"2025-11-13T11:47:09","slug":"sinais-que-seu-corpo-apresenta-que-esta-faltando-calcio-na-sua-dieta","status":"publish","type":"post","link":"https:\/\/www.correiobraziliense.com.br\/cbradar\/sinais-que-seu-corpo-apresenta-que-esta-faltando-calcio-na-sua-dieta\/","title":{"rendered":"Sinais que seu corpo apresenta que est\u00e1 faltando c\u00e1lcio na sua dieta"},"content":{"rendered":"\n<p>O c\u00e1lcio \u00e9 vital para ossos fortes, mas sua fun\u00e7\u00e3o vai muito al\u00e9m, impactando m\u00fasculos e nervos. A defici\u00eancia (hipocalcemia) pode ser silenciosa, mas o corpo emite sinais sutis, como c\u00e3ibras e fadiga, antes que problemas graves (como a osteoporose) se instalem.<\/p>\n\n\n\n<h2 class=\"wp-block-heading\">Por que o c\u00e1lcio \u00e9 crucial al\u00e9m dos ossos?<\/h2>\n\n\n\n<p>Embora 99% do c\u00e1lcio esteja nos ossos, o 1% restante na corrente sangu\u00ednea \u00e9 crucial para a vida, regulando a contra\u00e7\u00e3o muscular e a transmiss\u00e3o de impulsos nervosos.<\/p>\n\n\n\n<p>O corpo &#8220;rouba&#8221; c\u00e1lcio dos ossos para manter esse 1% est\u00e1vel. A defici\u00eancia significa que n\u00e3o h\u00e1 c\u00e1lcio suficiente para <em>ambas<\/em> as fun\u00e7\u00f5es, for\u00e7ando o corpo a comprometer a estrutura \u00f3ssea.<\/p>\n\n\n\n<p>No v\u00eddeo a seguir, a <strong>Nutricionista Maria Julia Rosa<\/strong> apresenta a import\u00e2ncia do c\u00e1lcio em seu v\u00eddeo no <strong>YouTube<\/strong>:<\/p>\n\n\n\n<iframe loading=\"lazy\" width=\"342\" height=\"608\" src=\"https:\/\/www.youtube.com\/embed\/pLS23kldw2w\" title=\"Pra que serve o c\u00e1lcio?\" frameborder=\"0\" allow=\"accelerometer; autoplay; clipboard-write; encrypted-media; gyroscope; picture-in-picture; web-share\" referrerpolicy=\"strict-origin-when-cross-origin\" allowfullscreen><\/iframe>\n\n\n\n<h2 class=\"wp-block-heading\">C\u00e3ibras e espasmos musculares s\u00e3o um sinal?<\/h2>\n\n\n\n<p>Sim, este \u00e9 um dos primeiros sinais. O c\u00e1lcio atua como um &#8220;calmante&#8221; para as fibras nervosas. N\u00edveis baixos no sangue causam <strong>hiperexcitabilidade neuromuscular<\/strong>, resultando em espasmos involunt\u00e1rios.<\/p>\n\n\n\n<p>Isso se manifesta como c\u00e3ibras dolorosas (especialmente nas pernas e costas), &#8220;tremor&#8221; nas p\u00e1lpebras ou, em casos mais severos, formigamento e dorm\u00eancia nos dedos e ao redor da boca.<\/p>\n\n\n\n<p>Leia tamb\u00e9m: <a href=\"https:\/\/www.correiobraziliense.com.br\/cbradar\/estudos-revelam-os-verdadeiros-sintomas-de-cancer-no-figado\" target=\"_blank\" rel=\"noreferrer noopener\">Estudos revelam os verdadeiros sintomas de c\u00e2ncer no f\u00edgado<\/a><\/p>\n\n\n\n<h2 class=\"wp-block-heading\">Qual a liga\u00e7\u00e3o com a Vitamina D e a fadiga?<\/h2>\n\n\n\n<p>A defici\u00eancia de c\u00e1lcio est\u00e1 quase sempre ligada \u00e0 <strong>defici\u00eancia de Vitamina D<\/strong>. <a target=\"_blank\" rel=\"noreferrer noopener\" href=\"https:\/\/ods.od.nih.gov\/factsheets\/Calcium-HealthProfessional\/\">O corpo n\u00e3o consegue absorver o c\u00e1lcio<\/a> (mesmo que a dieta seja rica) sem essa vitamina.<\/p>\n\n\n\n<p>A fadiga extrema e a fraqueza muscular (sensa\u00e7\u00e3o de &#8220;pernas pesadas&#8221;) s\u00e3o sintomas cl\u00e1ssicos de osteomal\u00e1cia (ossos &#8220;moles&#8221;), uma condi\u00e7\u00e3o causada pela m\u00e1 mineraliza\u00e7\u00e3o \u00f3ssea (falta de c\u00e1lcio\/D).<\/p>\n\n\n\n<h2 class=\"wp-block-heading\">Quais s\u00e3o os sinais de longo prazo na sa\u00fade \u00f3ssea?<\/h2>\n\n\n\n<p>A defici\u00eancia cr\u00f4nica leva \u00e0 <strong>osteopenia<\/strong> (baixa densidade \u00f3ssea) e, eventualmente, \u00e0 <strong>osteoporose<\/strong>. O corpo &#8220;rouba&#8221; c\u00e1lcio do esqueleto por anos para manter as fun\u00e7\u00f5es vitais.<\/p>\n\n\n\n<p>O sinal mais \u00f3bvio, embora tardio, \u00e9 a <strong>fragilidade \u00f3ssea<\/strong>. A <a href=\"https:\/\/www.who.int\/news-room\/fact-sheets\/detail\/musculoskeletal-conditions\" target=\"_blank\" rel=\"noreferrer noopener\"><strong>Organiza\u00e7\u00e3o Mundial da Sa\u00fade (OMS)<\/strong><\/a> alerta que a osteoporose \u00e9 uma &#8220;doen\u00e7a silenciosa&#8221; at\u00e9 que ocorra uma fratura ap\u00f3s um impacto m\u00ednimo.<\/p>\n\n\n<div class=\"wp-block-image\">\n<figure class=\"aligncenter size-large\"><img decoding=\"async\" width=\"1024\" height=\"576\" src=\"https:\/\/www.correiobraziliense.com.br\/cbradar\/wp-content\/uploads\/2025\/10\/Osteoporose-_1760531520183-1024x576.jpg\" alt=\"Como funciona a t\u00e9cnica inovadora que reverteria a progress\u00e3o da osteoporose\" class=\"wp-image-119707\" srcset=\"https:\/\/www.correiobraziliense.com.br\/cbradar\/wp-content\/uploads\/2025\/10\/Osteoporose-_1760531520183-1024x576.jpg 1024w, https:\/\/www.correiobraziliense.com.br\/cbradar\/wp-content\/uploads\/2025\/10\/Osteoporose-_1760531520183-300x169.jpg 300w, https:\/\/www.correiobraziliense.com.br\/cbradar\/wp-content\/uploads\/2025\/10\/Osteoporose-_1760531520183-768x432.jpg 768w, https:\/\/www.correiobraziliense.com.br\/cbradar\/wp-content\/uploads\/2025\/10\/Osteoporose-_1760531520183-750x422.jpg 750w, https:\/\/www.correiobraziliense.com.br\/cbradar\/wp-content\/uploads\/2025\/10\/Osteoporose-_1760531520183-1140x641.jpg 1140w, https:\/\/www.correiobraziliense.com.br\/cbradar\/wp-content\/uploads\/2025\/10\/Osteoporose-_1760531520183.jpg 1280w\" sizes=\"(max-width: 1024px) 100vw, 1024px\" \/><figcaption class=\"wp-element-caption\">Osteoporose &#8211; Cr\u00e9ditos: depositphotos.com \/ Crevis<\/figcaption><\/figure><\/div>\n\n\n<p>Leia tamb\u00e9m: <a href=\"https:\/\/www.correiobraziliense.com.br\/cbradar\/alimentos-que-ajudam-a-equilibrar-o-acucar-no-sangue-durante-o-dia\" target=\"_blank\" rel=\"noreferrer noopener\">Alimentos que ajudam a equilibrar o a\u00e7\u00facar no sangue durante o dia<\/a><\/p>\n\n\n\n<h2 class=\"wp-block-heading\">Quais outros sintomas s\u00e3o frequentemente ignorados?<\/h2>\n\n\n\n<p>A falta de c\u00e1lcio tamb\u00e9m afeta a pele, unhas e dentes, que dependem da mineraliza\u00e7\u00e3o adequada. Em casos severos, pode at\u00e9 afetar a cogni\u00e7\u00e3o e o humor, causando confus\u00e3o mental ou irritabilidade.<\/p>\n\n\n\n<p>Como o c\u00e1lcio \u00e9 usado em todo o corpo, a defici\u00eancia pode se manifestar de formas sutis que muitas vezes s\u00e3o atribu\u00eddas a outras causas. \u00c9 crucial observar um conjunto de sintomas:<\/p>\n\n\n\n<ul class=\"wp-block-list\">\n<li><strong>Unhas fr\u00e1geis<\/strong> e quebradi\u00e7as.<\/li>\n\n\n\n<li><strong>Pele seca<\/strong> e problemas dent\u00e1rios (c\u00e1ries frequentes).<\/li>\n\n\n\n<li><strong>Batimentos card\u00edacos irregulares<\/strong> (arritmias), em casos graves.<\/li>\n\n\n\n<li><strong>Dificuldade de coagula\u00e7\u00e3o<\/strong> sangu\u00ednea (o c\u00e1lcio \u00e9 cofator).<\/li>\n<\/ul>\n","protected":false},"excerpt":{"rendered":"<p>O c\u00e1lcio \u00e9 vital para ossos fortes, mas sua fun\u00e7\u00e3o vai muito al\u00e9m, impactando m\u00fasculos e nervos. A defici\u00eancia (hipocalcemia) pode ser silenciosa, mas o corpo emite sinais sutis, como c\u00e3ibras e fadiga, antes que problemas graves (como a osteoporose) se instalem. Por que o c\u00e1lcio \u00e9 crucial al\u00e9m dos ossos? Embora 99% do c\u00e1lcio [&hellip;]<\/p>\n","protected":false},"author":11,"featured_media":136630,"comment_status":"open","ping_status":"open","sticky":false,"template":"","format":"standard","meta":{"_yoast_wpseo_focuskw":"sinais falta de calcio","_yoast_wpseo_title":"","_yoast_wpseo_metadesc":"Sinais sutis podem indicar defici\u00eancia de c\u00e1lcio na dieta, afetando ossos, dentes e o bom funcionamento muscular","jnews-multi-image_gallery":[],"jnews_single_post":{"format":"standard"},"jnews_primary_category":[],"jnews_social_meta":[],"jnews_override_counter":[],"footnotes":""},"categories":[119],"tags":[11609,1318],"class_list":["post-136629","post","type-post","status-publish","format-standard","has-post-thumbnail","hentry","category-bem-estar","tag-calcio-2","tag-saude-2"],"yoast_head":"<!-- This site is optimized with the Yoast SEO plugin v24.6 - https:\/\/yoast.com\/wordpress\/plugins\/seo\/ -->\n<title>Sinais que seu corpo apresenta que est\u00e1 faltando c\u00e1lcio na sua dieta - Correio Braziliense - Radar<\/title>\n<meta name=\"description\" content=\"Sinais sutis podem indicar defici\u00eancia de c\u00e1lcio na dieta, afetando ossos, dentes e o bom funcionamento muscular\" \/>\n<meta name=\"robots\" content=\"index, follow, max-snippet:-1, max-image-preview:large, max-video-preview:-1\" \/>\n<link rel=\"canonical\" href=\"https:\/\/www.correiobraziliense.com.br\/cbradar\/sinais-que-seu-corpo-apresenta-que-esta-faltando-calcio-na-sua-dieta\/\" \/>\n<meta property=\"og:locale\" content=\"pt_BR\" \/>\n<meta property=\"og:type\" content=\"article\" \/>\n<meta property=\"og:title\" content=\"Sinais que seu corpo apresenta que est\u00e1 faltando c\u00e1lcio na sua dieta - Correio Braziliense - Radar\" \/>\n<meta property=\"og:description\" content=\"Sinais sutis podem indicar defici\u00eancia de c\u00e1lcio na dieta, afetando ossos, dentes e o bom funcionamento muscular\" \/>\n<meta property=\"og:url\" content=\"https:\/\/www.correiobraziliense.com.br\/cbradar\/sinais-que-seu-corpo-apresenta-que-esta-faltando-calcio-na-sua-dieta\/\" \/>\n<meta property=\"og:site_name\" content=\"Correio Braziliense - Radar\" \/>\n<meta property=\"article:published_time\" content=\"2025-11-14T16:25:00+00:00\" \/>\n<meta property=\"og:image\" content=\"https:\/\/www.correiobraziliense.com.br\/cbradar\/wp-content\/uploads\/2025\/11\/mosaico_1763034355943.jpg\" \/>\n\t<meta property=\"og:image:width\" content=\"1280\" \/>\n\t<meta property=\"og:image:height\" content=\"720\" \/>\n\t<meta property=\"og:image:type\" content=\"image\/jpeg\" \/>\n<meta name=\"author\" content=\"Paulo Custodio\" \/>\n<meta name=\"twitter:card\" content=\"summary_large_image\" \/>\n<meta name=\"twitter:label1\" content=\"Escrito por\" \/>\n\t<meta name=\"twitter:data1\" content=\"Paulo Custodio\" \/>\n\t<meta name=\"twitter:label2\" content=\"Est. tempo de leitura\" \/>\n\t<meta name=\"twitter:data2\" content=\"3 minutos\" \/>\n<!-- \/ Yoast SEO plugin. -->","yoast_head_json":{"title":"Sinais que seu corpo apresenta que est\u00e1 faltando c\u00e1lcio na sua dieta - Correio Braziliense - Radar","description":"Sinais sutis podem indicar defici\u00eancia de c\u00e1lcio na dieta, afetando ossos, dentes e o bom funcionamento muscular","robots":{"index":"index","follow":"follow","max-snippet":"max-snippet:-1","max-image-preview":"max-image-preview:large","max-video-preview":"max-video-preview:-1"},"canonical":"https:\/\/www.correiobraziliense.com.br\/cbradar\/sinais-que-seu-corpo-apresenta-que-esta-faltando-calcio-na-sua-dieta\/","og_locale":"pt_BR","og_type":"article","og_title":"Sinais que seu corpo apresenta que est\u00e1 faltando c\u00e1lcio na sua dieta - Correio Braziliense - Radar","og_description":"Sinais sutis podem indicar defici\u00eancia de c\u00e1lcio na dieta, afetando ossos, dentes e o bom funcionamento muscular","og_url":"https:\/\/www.correiobraziliense.com.br\/cbradar\/sinais-que-seu-corpo-apresenta-que-esta-faltando-calcio-na-sua-dieta\/","og_site_name":"Correio Braziliense - Radar","article_published_time":"2025-11-14T16:25:00+00:00","og_image":[{"width":1280,"height":720,"url":"https:\/\/www.correiobraziliense.com.br\/cbradar\/wp-content\/uploads\/2025\/11\/mosaico_1763034355943.jpg","type":"image\/jpeg"}],"author":"Paulo Custodio","twitter_card":"summary_large_image","twitter_misc":{"Escrito por":"Paulo Custodio","Est. tempo de leitura":"3 minutos"},"schema":{"@context":"https:\/\/schema.org","@graph":[{"@type":"WebPage","@id":"https:\/\/www.correiobraziliense.com.br\/cbradar\/sinais-que-seu-corpo-apresenta-que-esta-faltando-calcio-na-sua-dieta\/","url":"https:\/\/www.correiobraziliense.com.br\/cbradar\/sinais-que-seu-corpo-apresenta-que-esta-faltando-calcio-na-sua-dieta\/","name":"Sinais que seu corpo apresenta que est\u00e1 faltando c\u00e1lcio na sua dieta - Correio Braziliense - Radar","isPartOf":{"@id":"https:\/\/www.correiobraziliense.com.br\/cbradar\/#website"},"primaryImageOfPage":{"@id":"https:\/\/www.correiobraziliense.com.br\/cbradar\/sinais-que-seu-corpo-apresenta-que-esta-faltando-calcio-na-sua-dieta\/#primaryimage"},"image":{"@id":"https:\/\/www.correiobraziliense.com.br\/cbradar\/sinais-que-seu-corpo-apresenta-que-esta-faltando-calcio-na-sua-dieta\/#primaryimage"},"thumbnailUrl":"https:\/\/www.correiobraziliense.com.br\/cbradar\/wp-content\/uploads\/2025\/11\/mosaico_1763034355943.jpg","datePublished":"2025-11-14T16:25:00+00:00","author":{"@id":"https:\/\/www.correiobraziliense.com.br\/cbradar\/#\/schema\/person\/4cec7857301a9a1a2ef249893cd908d3"},"description":"Sinais sutis podem indicar defici\u00eancia de c\u00e1lcio na dieta, afetando ossos, dentes e o bom funcionamento muscular","breadcrumb":{"@id":"https:\/\/www.correiobraziliense.com.br\/cbradar\/sinais-que-seu-corpo-apresenta-que-esta-faltando-calcio-na-sua-dieta\/#breadcrumb"},"inLanguage":"pt-BR","potentialAction":[{"@type":"ReadAction","target":["https:\/\/www.correiobraziliense.com.br\/cbradar\/sinais-que-seu-corpo-apresenta-que-esta-faltando-calcio-na-sua-dieta\/"]}]},{"@type":"ImageObject","inLanguage":"pt-BR","@id":"https:\/\/www.correiobraziliense.com.br\/cbradar\/sinais-que-seu-corpo-apresenta-que-esta-faltando-calcio-na-sua-dieta\/#primaryimage","url":"https:\/\/www.correiobraziliense.com.br\/cbradar\/wp-content\/uploads\/2025\/11\/mosaico_1763034355943.jpg","contentUrl":"https:\/\/www.correiobraziliense.com.br\/cbradar\/wp-content\/uploads\/2025\/11\/mosaico_1763034355943.jpg","width":1280,"height":720,"caption":"Sintomas f\u00edsicos que indicam defici\u00eancia de c\u00e1lcio e necessidade de ajustar a alimenta\u00e7\u00e3o - Cr\u00e9ditos: depositphotos.com \/ czuber - Cr\u00e9ditos: depositphotos.com \/ jamenp"},{"@type":"BreadcrumbList","@id":"https:\/\/www.correiobraziliense.com.br\/cbradar\/sinais-que-seu-corpo-apresenta-que-esta-faltando-calcio-na-sua-dieta\/#breadcrumb","itemListElement":[{"@type":"ListItem","position":1,"name":"In\u00edcio","item":"https:\/\/www.correiobraziliense.com.br\/cbradar\/"},{"@type":"ListItem","position":2,"name":"Sinais que seu corpo apresenta que est\u00e1 faltando c\u00e1lcio na sua dieta"}]},{"@type":"WebSite","@id":"https:\/\/www.correiobraziliense.com.br\/cbradar\/#website","url":"https:\/\/www.correiobraziliense.com.br\/cbradar\/","name":"Correio Braziliense - Radar","description":"Acompanhe as \u00faltimas not\u00edcias e fique bem informado sobre tudo o que acontece no Brasil e no mundo.","potentialAction":[{"@type":"SearchAction","target":{"@type":"EntryPoint","urlTemplate":"https:\/\/www.correiobraziliense.com.br\/cbradar\/?s={search_term_string}"},"query-input":{"@type":"PropertyValueSpecification","valueRequired":true,"valueName":"search_term_string"}}],"inLanguage":"pt-BR"},{"@type":"Person","@id":"https:\/\/www.correiobraziliense.com.br\/cbradar\/#\/schema\/person\/4cec7857301a9a1a2ef249893cd908d3","name":"Paulo Custodio","image":{"@type":"ImageObject","inLanguage":"pt-BR","@id":"https:\/\/www.correiobraziliense.com.br\/cbradar\/#\/schema\/person\/image\/","url":"https:\/\/secure.gravatar.com\/avatar\/bcd67168d1534e8fcf4f45c726a87cea?s=96&d=mm&r=g","contentUrl":"https:\/\/secure.gravatar.com\/avatar\/bcd67168d1534e8fcf4f45c726a87cea?s=96&d=mm&r=g","caption":"Paulo Custodio"},"sameAs":["https:\/\/www.correiobraziliense.com.br\/cbradar"],"url":"https:\/\/www.correiobraziliense.com.br\/cbradar\/author\/paulomyth\/"}]}},"_links":{"self":[{"href":"https:\/\/www.correiobraziliense.com.br\/cbradar\/wp-json\/wp\/v2\/posts\/136629","targetHints":{"allow":["GET"]}}],"collection":[{"href":"https:\/\/www.correiobraziliense.com.br\/cbradar\/wp-json\/wp\/v2\/posts"}],"about":[{"href":"https:\/\/www.correiobraziliense.com.br\/cbradar\/wp-json\/wp\/v2\/types\/post"}],"author":[{"embeddable":true,"href":"https:\/\/www.correiobraziliense.com.br\/cbradar\/wp-json\/wp\/v2\/users\/11"}],"replies":[{"embeddable":true,"href":"https:\/\/www.correiobraziliense.com.br\/cbradar\/wp-json\/wp\/v2\/comments?post=136629"}],"version-history":[{"count":1,"href":"https:\/\/www.correiobraziliense.com.br\/cbradar\/wp-json\/wp\/v2\/posts\/136629\/revisions"}],"predecessor-version":[{"id":136631,"href":"https:\/\/www.correiobraziliense.com.br\/cbradar\/wp-json\/wp\/v2\/posts\/136629\/revisions\/136631"}],"wp:featuredmedia":[{"embeddable":true,"href":"https:\/\/www.correiobraziliense.com.br\/cbradar\/wp-json\/wp\/v2\/media\/136630"}],"wp:attachment":[{"href":"https:\/\/www.correiobraziliense.com.br\/cbradar\/wp-json\/wp\/v2\/media?parent=136629"}],"wp:term":[{"taxonomy":"category","embeddable":true,"href":"https:\/\/www.correiobraziliense.com.br\/cbradar\/wp-json\/wp\/v2\/categories?post=136629"},{"taxonomy":"post_tag","embeddable":true,"href":"https:\/\/www.correiobraziliense.com.br\/cbradar\/wp-json\/wp\/v2\/tags?post=136629"}],"curies":[{"name":"wp","href":"https:\/\/api.w.org\/{rel}","templated":true}]}}