{"id":136632,"date":"2025-11-14T16:05:00","date_gmt":"2025-11-14T19:05:00","guid":{"rendered":"https:\/\/www.correiobraziliense.com.br\/cbradar\/?p=136632"},"modified":"2025-11-13T09:21:18","modified_gmt":"2025-11-13T12:21:18","slug":"consumir-esse-nutriente-com-frequencia-pode-ter-impacto-direto-no-seu-emagrecimento","status":"publish","type":"post","link":"https:\/\/www.correiobraziliense.com.br\/cbradar\/consumir-esse-nutriente-com-frequencia-pode-ter-impacto-direto-no-seu-emagrecimento\/","title":{"rendered":"Consumir esse nutriente com frequ\u00eancia pode ter impacto direto no seu emagrecimento"},"content":{"rendered":"\n<p>O consumo de fibras \u00e9 essencial para a perda de peso, n\u00e3o apenas por &#8220;encher o est\u00f4mago&#8221;, mas por seu papel direto na regula\u00e7\u00e3o hormonal. Elas s\u00e3o a ferramenta mais eficaz da dieta para controlar a insulina (o horm\u00f4nio de armazenamento de gordura) e aumentar os horm\u00f4nios da saciedade, tornando o emagrecimento mais f\u00e1cil de sustentar.<\/p>\n\n\n\n<h2 class=\"wp-block-heading\">Como a fibra controla o horm\u00f4nio da insulina?<\/h2>\n\n\n\n<p>A fibra sol\u00favel (como a da aveia) forma um gel viscoso no est\u00f4mago, o que retarda o esvaziamento g\u00e1strico. Isso &#8220;achata&#8221; a curva de a\u00e7\u00facar no sangue (glicemia) ap\u00f3s uma refei\u00e7\u00e3o, exigindo muito menos <strong>insulina<\/strong> do p\u00e2ncreas.<\/p>\n\n\n\n<p>Manter a insulina baixa \u00e9 a chave para o emagrecimento. N\u00edveis baixos deste horm\u00f4nio sinalizam ao corpo para parar de <em>armazenar<\/em> gordura e come\u00e7ar a <em>queim\u00e1-la<\/em> como combust\u00edvel.<\/p>\n\n\n\n<p>No v\u00eddeo a seguir, a <strong>Tiktoker Eujula<\/strong> mostra como fazer um mix rico em fibras:<\/p>\n\n\n\n<blockquote class=\"tiktok-embed\" cite=\"https:\/\/www.tiktok.com\/@eujula\/video\/7503583676542799109\" data-video-id=\"7503583676542799109\" style=\"max-width: 605px;min-width: 325px;\" > <section> <a target=\"_blank\" title=\"@eujula\" href=\"https:\/\/www.tiktok.com\/@eujula?refer=embed\">@eujula<\/a> Se voc\u00ea quer emagrecer e ficar mais saciada voc\u00ea precisa adicionar esse mix de fibras na sua rotina! \u2022 200g de psyllium + 200g de fibra de ma\u00e7\u00e3 + 50g de semente de linha\u00e7a + 50g de semente de chia Ele tem v\u00e1rios benef\u00edcios como: regula o instestino, diminui o \u00edndice glic\u00eamico da refei\u00e7\u00e3o, aumenta a sensa\u00e7\u00e3o de saciedade (\u00f3timo pra perda de peso), fortalece o sistema imunol\u00f3gico\u2026 Mas cuidado com o excesso! Eu uso de 1 a 2 colheres de sopa por dia, uma eu uso no caf\u00e9 da manh\u00e3 e a outra no lanche da tarde Eu AMO comer com fruta, iogurte, coloco no bolo, no meu sorvete proteico\u2026 porque ele realmente tem um gosto bom por causa da fibra de ma\u00e7\u00e3 E n\u00e3o se esque\u00e7a de beber mais \u00e1gua que o normal. Se voc\u00ea aumenta a ingest\u00e3o de fibras, voc\u00ea tamb\u00e9m precisa aumentar a ingest\u00e3o de \u00e1gua, se n\u00e3o acontece o efeito inverso e da constipa\u00e7\u00e3o \u00d3bvio que n\u00e3o \u00e9 s\u00f3 ele que faz voce emagrecer, voc\u00ea precisar estar em d\u00e9ficit calorico, mas ele ajuda varias pessoas!!!! \u203c\ufe0fE N\u00c3O PRECISA CONTABILIZARRRR\u203c\ufe0f <a title=\"receitasfit\" target=\"_blank\" href=\"https:\/\/www.tiktok.com\/tag\/receitasfit?refer=embed\">#receitasfit<\/a> <a title=\"receitas\" target=\"_blank\" href=\"https:\/\/www.tiktok.com\/tag\/receitas?refer=embed\">#receitas<\/a> <a title=\"fitness\" target=\"_blank\" href=\"https:\/\/www.tiktok.com\/tag\/fitness?refer=embed\">#fitness<\/a> <a title=\"alimentacaosaudavel\" target=\"_blank\" href=\"https:\/\/www.tiktok.com\/tag\/alimentacaosaudavel?refer=embed\">#alimentacaosaudavel<\/a> <a title=\"fibras\" target=\"_blank\" href=\"https:\/\/www.tiktok.com\/tag\/fibras?refer=embed\">#fibras<\/a> <a title=\"lanche\" target=\"_blank\" href=\"https:\/\/www.tiktok.com\/tag\/lanche?refer=embed\">#lanche<\/a> <a title=\"lanchesaudavel\" target=\"_blank\" href=\"https:\/\/www.tiktok.com\/tag\/lanchesaudavel?refer=embed\">#lanchesaudavel<\/a> <a title=\"comidasaudavel\" target=\"_blank\" href=\"https:\/\/www.tiktok.com\/tag\/comidasaudavel?refer=embed\">#comidasaudavel<\/a> <a title=\"cafedamanha\" target=\"_blank\" href=\"https:\/\/www.tiktok.com\/tag\/cafedamanha?refer=embed\">#cafedamanha<\/a> <a title=\"emagrecimento\" target=\"_blank\" href=\"https:\/\/www.tiktok.com\/tag\/emagrecimento?refer=embed\">#emagrecimento<\/a> <a title=\"deficitcalorico\" target=\"_blank\" href=\"https:\/\/www.tiktok.com\/tag\/deficitcalorico?refer=embed\">#deficitcalorico<\/a> <a title=\"gym\" target=\"_blank\" href=\"https:\/\/www.tiktok.com\/tag\/gym?refer=embed\">#gym<\/a> <a title=\"academia\" target=\"_blank\" href=\"https:\/\/www.tiktok.com\/tag\/academia?refer=embed\">#academia<\/a> <a title=\"dicasfit\" target=\"_blank\" href=\"https:\/\/www.tiktok.com\/tag\/dicasfit?refer=embed\">#dicasfit<\/a> <a title=\"postreino\" target=\"_blank\" href=\"https:\/\/www.tiktok.com\/tag\/postreino?refer=embed\">#postreino<\/a> <a title=\"cafedamanhasaudavel\" target=\"_blank\" href=\"https:\/\/www.tiktok.com\/tag\/cafedamanhasaudavel?refer=embed\">#cafedamanhasaudavel<\/a> <a title=\"ratadeacademia\" target=\"_blank\" href=\"https:\/\/www.tiktok.com\/tag\/ratadeacademia?refer=embed\">#ratadeacademia<\/a> <a title=\"dieta\" target=\"_blank\" href=\"https:\/\/www.tiktok.com\/tag\/dieta?refer=embed\">#dieta<\/a> <a title=\"dietaflexivel\" target=\"_blank\" href=\"https:\/\/www.tiktok.com\/tag\/dietaflexivel?refer=embed\">#dietaflexivel<\/a> <a title=\"receitapratica\" target=\"_blank\" href=\"https:\/\/www.tiktok.com\/tag\/receitapratica?refer=embed\">#receitapratica<\/a> <a target=\"_blank\" title=\"\u266c Rock and Roll Session - Canal Records JP\" href=\"https:\/\/www.tiktok.com\/music\/Rock-and-Roll-Session-6817422635597563905?refer=embed\">\u266c Rock and Roll Session &#8211; Canal Records JP<\/a> <\/section> <\/blockquote> <script async src=\"https:\/\/www.tiktok.com\/embed.js\"><\/script>\n\n\n\n<h2 class=\"wp-block-heading\">A fibra pode realmente aumentar os horm\u00f4nios da saciedade?<\/h2>\n\n\n\n<p>Sim, este \u00e9 o benef\u00edcio mais potente. Quando as fibras prebi\u00f3ticas (como as de gr\u00e3os integrais ou vegetais) chegam ao c\u00f3lon, elas alimentam a flora intestinal (microbiota).<\/p>\n\n\n\n<p>Essa fermenta\u00e7\u00e3o <a href=\"https:\/\/www.ncbi.nlm.nih.gov\/pmc\/articles\/PMC7468882\/\" target=\"_blank\" rel=\"noreferrer noopener\">libera horm\u00f4nios intestinais <strong>(NIH<\/strong>)<\/a>, como o <strong>GLP-1<\/strong> e o <strong>Pept\u00eddeo YY (PYY)<\/strong>. Esses horm\u00f4nios viajam pela corrente sangu\u00ednea at\u00e9 o c\u00e9rebro, onde sinalizam quimicamente a sensa\u00e7\u00e3o de saciedade, reduzindo o apetite.<\/p>\n\n\n\n<h2 class=\"wp-block-heading\">A fibra ajuda a &#8220;limpar&#8221; o excesso de estrog\u00eanio?<\/h2>\n\n\n\n<p>Sim, o f\u00edgado processa o excesso de horm\u00f4nios (como o estrog\u00eanio) e os excreta atrav\u00e9s da bile, que se mistura \u00e0s fezes. A <strong>fibra insol\u00favel<\/strong> (presente em cascas e folhas) atua &#8220;capturando&#8221; essa bile.<\/p>\n\n\n\n<p>Sem fibra suficiente, esses horm\u00f4nios podem ser reabsorvidos pelo intestino e voltar \u00e0 circula\u00e7\u00e3o, contribuindo para desequil\u00edbrios. A fibra garante a <strong>excre\u00e7\u00e3o<\/strong> eficaz desse excesso.<\/p>\n\n\n\n<figure class=\"wp-block-image aligncenter size-large\"><img decoding=\"async\" width=\"1024\" height=\"576\" src=\"https:\/\/www.correiobraziliense.com.br\/cbradar\/wp-content\/uploads\/2025\/11\/mosaico_1763036294237-1024x576.jpg\" alt=\"\" class=\"wp-image-136641\" srcset=\"https:\/\/www.correiobraziliense.com.br\/cbradar\/wp-content\/uploads\/2025\/11\/mosaico_1763036294237-1024x576.jpg 1024w, https:\/\/www.correiobraziliense.com.br\/cbradar\/wp-content\/uploads\/2025\/11\/mosaico_1763036294237-300x169.jpg 300w, https:\/\/www.correiobraziliense.com.br\/cbradar\/wp-content\/uploads\/2025\/11\/mosaico_1763036294237-768x432.jpg 768w, https:\/\/www.correiobraziliense.com.br\/cbradar\/wp-content\/uploads\/2025\/11\/mosaico_1763036294237-750x422.jpg 750w, https:\/\/www.correiobraziliense.com.br\/cbradar\/wp-content\/uploads\/2025\/11\/mosaico_1763036294237-1140x641.jpg 1140w, https:\/\/www.correiobraziliense.com.br\/cbradar\/wp-content\/uploads\/2025\/11\/mosaico_1763036294237.jpg 1280w\" sizes=\"(max-width: 1024px) 100vw, 1024px\" \/><figcaption class=\"wp-element-caption\">Efeitos de um nutriente essencial que influencia diretamente o processo de emagrecimento &#8211; Cr\u00e9ditos: depositphotos.com \/ taisija1 &#8211; Cr\u00e9ditos: depositphotos.com \/ marrakeshh\n<\/figcaption><\/figure>\n\n\n\n<h2 class=\"wp-block-heading\">Qual a diferen\u00e7a entre os tipos de fibra?<\/h2>\n\n\n\n<p>O corpo precisa dos dois tipos (sol\u00favel e insol\u00favel) para um equil\u00edbrio hormonal e digestivo completo, pois eles executam fun\u00e7\u00f5es diferentes. A <a href=\"https:\/\/www.who.int\/news-room\/fact-sheets\/detail\/healthy-diet\" target=\"_blank\" rel=\"noreferrer noopener\"><strong>Organiza\u00e7\u00e3o Mundial da Sa\u00fade (OMS)<\/strong><\/a> recomenda uma dieta rica em ambos.<\/p>\n\n\n\n<p>A tabela abaixo tem o intuito de comparar as fun\u00e7\u00f5es de cada tipo de fibra, destacando como elas auxiliam no metabolismo e na digest\u00e3o:<\/p>\n\n\n\n<figure class=\"wp-block-table\"><table class=\"has-fixed-layout\"><thead><tr><td><strong>Tipo de Fibra<\/strong><\/td><td><strong>A\u00e7\u00e3o Principal<\/strong><\/td><td><strong>Fontes Comuns<\/strong><\/td><\/tr><\/thead><tbody><tr><td><strong>Sol\u00favel<\/strong><\/td><td>Forma gel (Controla Insulina \/ Saciedade)<\/td><td>Aveia, Ma\u00e7\u00e3, Feij\u00e3o, Cenoura<\/td><\/tr><tr><td><strong>Insol\u00favel<\/strong><\/td><td>D\u00e1 volume (Regula Tr\u00e2nsito \/ Limpa excesso)<\/td><td>Folhas verdes, Cascas, Nozes, Br\u00f3colis<\/td><\/tr><\/tbody><\/table><\/figure>\n\n\n\n<h2 class=\"wp-block-heading\">Quais s\u00e3o os cuidados ao aumentar a ingest\u00e3o de fibras?<\/h2>\n\n\n\n<p>Aumentar a fibra muito rapidamente pode causar o efeito oposto: gases, incha\u00e7o e desconforto, pois a flora intestinal precisa de tempo para se adaptar \u00e0 fermenta\u00e7\u00e3o.<\/p>\n\n\n\n<p>Para garantir uma transi\u00e7\u00e3o suave e colher os benef\u00edcios hormonais sem desconforto, <a href=\"https:\/\/www.health.harvard.edu\/nutrition\/the-facts-on-fiber\" target=\"_blank\" rel=\"noreferrer noopener\">como aponta <strong>Harvard Health<\/strong><\/a>, \u00e9 crucial seguir quatro regras b\u00e1sicas:<\/p>\n\n\n\n<ul class=\"wp-block-list\">\n<li><strong>Aumente a ingest\u00e3o de \u00e1gua:<\/strong> A fibra precisa de \u00e1gua para formar o gel e se mover; sem \u00e1gua, ela causa constipa\u00e7\u00e3o.<\/li>\n\n\n\n<li><strong>V\u00e1 devagar:<\/strong> Aumente a ingest\u00e3o gradualmente ao longo de 1-2 semanas.<\/li>\n\n\n\n<li><strong>Mastigue bem:<\/strong> A digest\u00e3o mec\u00e2nica na boca facilita o trabalho do intestino.<\/li>\n\n\n\n<li><strong>Priorize alimentos integrais:<\/strong> Obtenha fibras de frutas, vegetais e gr\u00e3os, e n\u00e3o apenas de suplementos processados.<\/li>\n<\/ul>\n","protected":false},"excerpt":{"rendered":"<p>O consumo de fibras \u00e9 essencial para a perda de peso, n\u00e3o apenas por &#8220;encher o est\u00f4mago&#8221;, mas por seu papel direto na regula\u00e7\u00e3o hormonal. Elas s\u00e3o a ferramenta mais eficaz da dieta para controlar a insulina (o horm\u00f4nio de armazenamento de gordura) e aumentar os horm\u00f4nios da saciedade, tornando o emagrecimento mais f\u00e1cil de [&hellip;]<\/p>\n","protected":false},"author":11,"featured_media":136642,"comment_status":"open","ping_status":"open","sticky":false,"template":"","format":"standard","meta":{"_yoast_wpseo_focuskw":"consumir fibras","_yoast_wpseo_title":"","_yoast_wpseo_metadesc":"O consumo frequente desse nutriente pode acelerar o metabolismo e influenciar diretamente nos resultados do emagrecimento","jnews-multi-image_gallery":[],"jnews_single_post":{"format":"standard"},"jnews_primary_category":[],"jnews_social_meta":[],"jnews_override_counter":[],"footnotes":""},"categories":[119],"tags":[367,2295,1318],"class_list":["post-136632","post","type-post","status-publish","format-standard","has-post-thumbnail","hentry","category-bem-estar","tag-emagrecimento","tag-fibras","tag-saude-2"],"yoast_head":"<!-- This site is optimized with the Yoast SEO plugin v24.6 - https:\/\/yoast.com\/wordpress\/plugins\/seo\/ -->\n<title>Consumir esse nutriente com frequ\u00eancia pode ter impacto direto no seu emagrecimento - Correio Braziliense - Radar<\/title>\n<meta name=\"description\" content=\"O consumo frequente desse nutriente pode acelerar o metabolismo e influenciar diretamente nos resultados do emagrecimento\" \/>\n<meta name=\"robots\" content=\"index, follow, max-snippet:-1, max-image-preview:large, max-video-preview:-1\" \/>\n<link rel=\"canonical\" href=\"https:\/\/www.correiobraziliense.com.br\/cbradar\/consumir-esse-nutriente-com-frequencia-pode-ter-impacto-direto-no-seu-emagrecimento\/\" \/>\n<meta property=\"og:locale\" content=\"pt_BR\" \/>\n<meta property=\"og:type\" content=\"article\" \/>\n<meta property=\"og:title\" content=\"Consumir esse nutriente com frequ\u00eancia pode ter impacto direto no seu emagrecimento - Correio Braziliense - Radar\" \/>\n<meta property=\"og:description\" content=\"O consumo frequente desse nutriente pode acelerar o metabolismo e influenciar diretamente nos resultados do emagrecimento\" \/>\n<meta property=\"og:url\" content=\"https:\/\/www.correiobraziliense.com.br\/cbradar\/consumir-esse-nutriente-com-frequencia-pode-ter-impacto-direto-no-seu-emagrecimento\/\" \/>\n<meta property=\"og:site_name\" content=\"Correio Braziliense - Radar\" \/>\n<meta property=\"article:published_time\" content=\"2025-11-14T19:05:00+00:00\" \/>\n<meta property=\"og:image\" content=\"https:\/\/www.correiobraziliense.com.br\/cbradar\/wp-content\/uploads\/2025\/11\/mosaico_1763036392011.jpg\" \/>\n\t<meta property=\"og:image:width\" content=\"1280\" \/>\n\t<meta property=\"og:image:height\" content=\"720\" \/>\n\t<meta property=\"og:image:type\" content=\"image\/jpeg\" \/>\n<meta name=\"author\" content=\"Paulo Custodio\" \/>\n<meta name=\"twitter:card\" content=\"summary_large_image\" \/>\n<meta name=\"twitter:label1\" content=\"Escrito por\" \/>\n\t<meta name=\"twitter:data1\" content=\"Paulo Custodio\" \/>\n\t<meta name=\"twitter:label2\" content=\"Est. tempo de leitura\" \/>\n\t<meta name=\"twitter:data2\" content=\"4 minutos\" \/>\n<!-- \/ Yoast SEO plugin. -->","yoast_head_json":{"title":"Consumir esse nutriente com frequ\u00eancia pode ter impacto direto no seu emagrecimento - Correio Braziliense - Radar","description":"O consumo frequente desse nutriente pode acelerar o metabolismo e influenciar diretamente nos resultados do emagrecimento","robots":{"index":"index","follow":"follow","max-snippet":"max-snippet:-1","max-image-preview":"max-image-preview:large","max-video-preview":"max-video-preview:-1"},"canonical":"https:\/\/www.correiobraziliense.com.br\/cbradar\/consumir-esse-nutriente-com-frequencia-pode-ter-impacto-direto-no-seu-emagrecimento\/","og_locale":"pt_BR","og_type":"article","og_title":"Consumir esse nutriente com frequ\u00eancia pode ter impacto direto no seu emagrecimento - Correio Braziliense - Radar","og_description":"O consumo frequente desse nutriente pode acelerar o metabolismo e influenciar diretamente nos resultados do emagrecimento","og_url":"https:\/\/www.correiobraziliense.com.br\/cbradar\/consumir-esse-nutriente-com-frequencia-pode-ter-impacto-direto-no-seu-emagrecimento\/","og_site_name":"Correio Braziliense - Radar","article_published_time":"2025-11-14T19:05:00+00:00","og_image":[{"width":1280,"height":720,"url":"https:\/\/www.correiobraziliense.com.br\/cbradar\/wp-content\/uploads\/2025\/11\/mosaico_1763036392011.jpg","type":"image\/jpeg"}],"author":"Paulo Custodio","twitter_card":"summary_large_image","twitter_misc":{"Escrito por":"Paulo Custodio","Est. tempo de leitura":"4 minutos"},"schema":{"@context":"https:\/\/schema.org","@graph":[{"@type":"WebPage","@id":"https:\/\/www.correiobraziliense.com.br\/cbradar\/consumir-esse-nutriente-com-frequencia-pode-ter-impacto-direto-no-seu-emagrecimento\/","url":"https:\/\/www.correiobraziliense.com.br\/cbradar\/consumir-esse-nutriente-com-frequencia-pode-ter-impacto-direto-no-seu-emagrecimento\/","name":"Consumir esse nutriente com frequ\u00eancia pode ter impacto direto no seu emagrecimento - Correio Braziliense - Radar","isPartOf":{"@id":"https:\/\/www.correiobraziliense.com.br\/cbradar\/#website"},"primaryImageOfPage":{"@id":"https:\/\/www.correiobraziliense.com.br\/cbradar\/consumir-esse-nutriente-com-frequencia-pode-ter-impacto-direto-no-seu-emagrecimento\/#primaryimage"},"image":{"@id":"https:\/\/www.correiobraziliense.com.br\/cbradar\/consumir-esse-nutriente-com-frequencia-pode-ter-impacto-direto-no-seu-emagrecimento\/#primaryimage"},"thumbnailUrl":"https:\/\/www.correiobraziliense.com.br\/cbradar\/wp-content\/uploads\/2025\/11\/mosaico_1763036392011.jpg","datePublished":"2025-11-14T19:05:00+00:00","author":{"@id":"https:\/\/www.correiobraziliense.com.br\/cbradar\/#\/schema\/person\/4cec7857301a9a1a2ef249893cd908d3"},"description":"O consumo frequente desse nutriente pode acelerar o metabolismo e influenciar diretamente nos resultados do emagrecimento","breadcrumb":{"@id":"https:\/\/www.correiobraziliense.com.br\/cbradar\/consumir-esse-nutriente-com-frequencia-pode-ter-impacto-direto-no-seu-emagrecimento\/#breadcrumb"},"inLanguage":"pt-BR","potentialAction":[{"@type":"ReadAction","target":["https:\/\/www.correiobraziliense.com.br\/cbradar\/consumir-esse-nutriente-com-frequencia-pode-ter-impacto-direto-no-seu-emagrecimento\/"]}]},{"@type":"ImageObject","inLanguage":"pt-BR","@id":"https:\/\/www.correiobraziliense.com.br\/cbradar\/consumir-esse-nutriente-com-frequencia-pode-ter-impacto-direto-no-seu-emagrecimento\/#primaryimage","url":"https:\/\/www.correiobraziliense.com.br\/cbradar\/wp-content\/uploads\/2025\/11\/mosaico_1763036392011.jpg","contentUrl":"https:\/\/www.correiobraziliense.com.br\/cbradar\/wp-content\/uploads\/2025\/11\/mosaico_1763036392011.jpg","width":1280,"height":720,"caption":"Efeitos de um nutriente essencial que influencia diretamente o processo de emagrecimento - Cr\u00e9ditos: depositphotos.com \/ nito103 - Cr\u00e9ditos: depositphotos.com \/ AllaSerebrina"},{"@type":"BreadcrumbList","@id":"https:\/\/www.correiobraziliense.com.br\/cbradar\/consumir-esse-nutriente-com-frequencia-pode-ter-impacto-direto-no-seu-emagrecimento\/#breadcrumb","itemListElement":[{"@type":"ListItem","position":1,"name":"In\u00edcio","item":"https:\/\/www.correiobraziliense.com.br\/cbradar\/"},{"@type":"ListItem","position":2,"name":"Consumir esse nutriente com frequ\u00eancia pode ter impacto direto no seu emagrecimento"}]},{"@type":"WebSite","@id":"https:\/\/www.correiobraziliense.com.br\/cbradar\/#website","url":"https:\/\/www.correiobraziliense.com.br\/cbradar\/","name":"Correio Braziliense - Radar","description":"Acompanhe as \u00faltimas not\u00edcias e fique bem informado sobre tudo o que acontece no Brasil e no mundo.","potentialAction":[{"@type":"SearchAction","target":{"@type":"EntryPoint","urlTemplate":"https:\/\/www.correiobraziliense.com.br\/cbradar\/?s={search_term_string}"},"query-input":{"@type":"PropertyValueSpecification","valueRequired":true,"valueName":"search_term_string"}}],"inLanguage":"pt-BR"},{"@type":"Person","@id":"https:\/\/www.correiobraziliense.com.br\/cbradar\/#\/schema\/person\/4cec7857301a9a1a2ef249893cd908d3","name":"Paulo Custodio","image":{"@type":"ImageObject","inLanguage":"pt-BR","@id":"https:\/\/www.correiobraziliense.com.br\/cbradar\/#\/schema\/person\/image\/","url":"https:\/\/secure.gravatar.com\/avatar\/bcd67168d1534e8fcf4f45c726a87cea?s=96&d=mm&r=g","contentUrl":"https:\/\/secure.gravatar.com\/avatar\/bcd67168d1534e8fcf4f45c726a87cea?s=96&d=mm&r=g","caption":"Paulo Custodio"},"sameAs":["https:\/\/www.correiobraziliense.com.br\/cbradar"],"url":"https:\/\/www.correiobraziliense.com.br\/cbradar\/author\/paulomyth\/"}]}},"_links":{"self":[{"href":"https:\/\/www.correiobraziliense.com.br\/cbradar\/wp-json\/wp\/v2\/posts\/136632","targetHints":{"allow":["GET"]}}],"collection":[{"href":"https:\/\/www.correiobraziliense.com.br\/cbradar\/wp-json\/wp\/v2\/posts"}],"about":[{"href":"https:\/\/www.correiobraziliense.com.br\/cbradar\/wp-json\/wp\/v2\/types\/post"}],"author":[{"embeddable":true,"href":"https:\/\/www.correiobraziliense.com.br\/cbradar\/wp-json\/wp\/v2\/users\/11"}],"replies":[{"embeddable":true,"href":"https:\/\/www.correiobraziliense.com.br\/cbradar\/wp-json\/wp\/v2\/comments?post=136632"}],"version-history":[{"count":2,"href":"https:\/\/www.correiobraziliense.com.br\/cbradar\/wp-json\/wp\/v2\/posts\/136632\/revisions"}],"predecessor-version":[{"id":136645,"href":"https:\/\/www.correiobraziliense.com.br\/cbradar\/wp-json\/wp\/v2\/posts\/136632\/revisions\/136645"}],"wp:featuredmedia":[{"embeddable":true,"href":"https:\/\/www.correiobraziliense.com.br\/cbradar\/wp-json\/wp\/v2\/media\/136642"}],"wp:attachment":[{"href":"https:\/\/www.correiobraziliense.com.br\/cbradar\/wp-json\/wp\/v2\/media?parent=136632"}],"wp:term":[{"taxonomy":"category","embeddable":true,"href":"https:\/\/www.correiobraziliense.com.br\/cbradar\/wp-json\/wp\/v2\/categories?post=136632"},{"taxonomy":"post_tag","embeddable":true,"href":"https:\/\/www.correiobraziliense.com.br\/cbradar\/wp-json\/wp\/v2\/tags?post=136632"}],"curies":[{"name":"wp","href":"https:\/\/api.w.org\/{rel}","templated":true}]}}