{"id":136664,"date":"2025-11-14T09:25:50","date_gmt":"2025-11-14T12:25:50","guid":{"rendered":"https:\/\/www.correiobraziliense.com.br\/cbradar\/?p=136664"},"modified":"2025-11-13T11:18:18","modified_gmt":"2025-11-13T14:18:18","slug":"aprenda-como-plantar-o-caroco-de-abacate-e-acompanhar-o-crescimento","status":"publish","type":"post","link":"https:\/\/www.correiobraziliense.com.br\/cbradar\/aprenda-como-plantar-o-caroco-de-abacate-e-acompanhar-o-crescimento\/","title":{"rendered":"Aprenda como plantar o caro\u00e7o de abacate e acompanhar o crescimento"},"content":{"rendered":"\n<p>O cultivo de \u00e1rvores de <strong>abacate<\/strong> conquistou muitos adeptos pelos benef\u00edcios pessoais, ambientais e, cada vez mais, pela busca de alternativas sustent\u00e1veis para a produ\u00e7\u00e3o de alimentos em casa.<\/p>\n\n\n\n<h2 class=\"wp-block-heading\">Como funciona o processo de germina\u00e7\u00e3o da semente de abacate?<\/h2>\n\n\n\n<p>Uma das<strong> etapas iniciais no cultivo \u00e9 germinar a semente<\/strong>, para garantir o sucesso do plantio. O m\u00e9todo mais comum \u00e9 o da <strong>\u00e1gua<\/strong>, onde parte da semente fica submersa enquanto o restante permanece exposto, favorecendo o surgimento das <strong>ra\u00edzes<\/strong>.<\/p>\n\n\n\n<p>Outra op\u00e7\u00e3o \u00e9 plantar a semente diretamente no solo, com rega frequente para manter a umidade. Ambas as t\u00e9cnicas t\u00eam bons resultados para quem deseja iniciar o cultivo dom\u00e9stico do abacateiro.<\/p>\n\n\n<div class=\"wp-block-image\">\n<figure class=\"aligncenter size-large\"><img decoding=\"async\" width=\"1024\" height=\"576\" src=\"https:\/\/www.correiobraziliense.com.br\/cbradar\/wp-content\/uploads\/2025\/11\/semente-de-abacate-plantar_1763042230799-1024x576.jpg\" alt=\"\" class=\"wp-image-136715\" srcset=\"https:\/\/www.correiobraziliense.com.br\/cbradar\/wp-content\/uploads\/2025\/11\/semente-de-abacate-plantar_1763042230799-1024x576.jpg 1024w, https:\/\/www.correiobraziliense.com.br\/cbradar\/wp-content\/uploads\/2025\/11\/semente-de-abacate-plantar_1763042230799-300x169.jpg 300w, https:\/\/www.correiobraziliense.com.br\/cbradar\/wp-content\/uploads\/2025\/11\/semente-de-abacate-plantar_1763042230799-768x432.jpg 768w, https:\/\/www.correiobraziliense.com.br\/cbradar\/wp-content\/uploads\/2025\/11\/semente-de-abacate-plantar_1763042230799-750x422.jpg 750w, https:\/\/www.correiobraziliense.com.br\/cbradar\/wp-content\/uploads\/2025\/11\/semente-de-abacate-plantar_1763042230799-1140x641.jpg 1140w, https:\/\/www.correiobraziliense.com.br\/cbradar\/wp-content\/uploads\/2025\/11\/semente-de-abacate-plantar_1763042230799.jpg 1280w\" sizes=\"(max-width: 1024px) 100vw, 1024px\" \/><figcaption class=\"wp-element-caption\">O clima e o solo possuem papel determinante na sa\u00fade do abacateiro. &#8211; Cr\u00e9ditos: depositphotos.com \/ chormail@hotmail.com<\/figcaption><\/figure><\/div>\n\n\n<h2 class=\"wp-block-heading\">O que \u00e9 enxertia e por que utiliz\u00e1-la em abacateiros?<\/h2>\n\n\n\n<p>O enxerto \u00e9 uma t\u00e9cnica agr\u00edcola que visa acelerar a produ\u00e7\u00e3o de frutos e melhorar suas caracter\u00edsticas. Ao unir uma parte de uma <strong>\u00e1rvore resistente <\/strong>(porta-enxerto) a uma variedade produtiva, acelera-se o tempo para frutifica\u00e7\u00e3o, reduzindo-o de at\u00e9 treze anos para cerca de tr\u00eas a quatro anos.<\/p>\n\n\n\n<p>Al\u00e9m disso, a enxertia proporciona vantagens adicionais ao abacateiro, como maior resist\u00eancia a doen\u00e7as, melhor adapta\u00e7\u00e3o clim\u00e1tica e aumento na qualidade do fruto. Essa t\u00e9cnica \u00e9 fundamental para quem busca alta produtividade e qualidade.<\/p>\n\n\n\n<p>Leia tamb\u00e9m:&nbsp;<a href=\"https:\/\/www.correiobraziliense.com.br\/cbradar\/como-plantar-jabuticabeira-ana-e-ter-frutos-doces-no-quintal-ou-varanda\/\" target=\"_blank\" rel=\"noopener\">Como plantar jabuticabeira an\u00e3 e ter frutos doces no quintal ou varanda<\/a><\/p>\n\n\n\n<h2 class=\"wp-block-heading\">Quais fatores devem ser considerados para garantir o sucesso do cultivo do abacate?<\/h2>\n\n\n\n<p>O clima e o solo possuem papel determinante na sa\u00fade do abacateiro. O ideal \u00e9 um clima ameno, sem risco de geadas, e solos pouco compactados para favorecer o bom desenvolvimento das ra\u00edzes. Em regi\u00f5es frias, escolha \u00e1reas protegidas do vento e do frio intenso.<\/p>\n\n\n\n<p>Para aumentar as chances de sucesso, fique atento a aspectos importantes durante o cultivo:<\/p>\n\n\n\n<ul class=\"wp-block-list\">\n<li>Manuten\u00e7\u00e3o da poda regular para favorecer a luz solar e controlar o tamanho da \u00e1rvore<\/li>\n\n\n\n<li>Irriga\u00e7\u00e3o constante, evitando excesso de \u00e1gua<\/li>\n\n\n\n<li>Evitar solos muito argilosos ou encharcados<\/li>\n\n\n\n<li>Monitoramento de pragas e doen\u00e7as<\/li>\n<\/ul>\n\n\n\n<p class=\"has-text-align-left\"><strong>Confira o v\u00eddeo abaixo do canal <a href=\"https:\/\/www.youtube.com\/@gabrieltavares18\/videos\" target=\"_blank\" rel=\"noreferrer noopener\">gabrieltavares18<\/a> ensinando passo a passo em como plantar o caro\u00e7o do abacate:<\/strong><\/p>\n\n\n\n<figure class=\"wp-block-embed is-type-video is-provider-youtube wp-block-embed-youtube wp-embed-aspect-16-9 wp-has-aspect-ratio\"><div class=\"wp-block-embed__wrapper\">\n<div class=\"jeg_video_container jeg_video_content\"><iframe loading=\"lazy\" title=\"Como Plantar Caro\u00e7o de Abacate!\" width=\"500\" height=\"281\" src=\"https:\/\/www.youtube.com\/embed\/ljtfC9q2Km8?feature=oembed\" frameborder=\"0\" allow=\"accelerometer; autoplay; clipboard-write; encrypted-media; gyroscope; picture-in-picture; web-share\" referrerpolicy=\"strict-origin-when-cross-origin\" allowfullscreen><\/iframe><\/div>\n<\/div><\/figure>\n\n\n\n<h2 class=\"wp-block-heading\">\u00c9 vi\u00e1vel cultivar abacate em vasos em ambientes urbanos?<\/h2>\n\n\n\n<p>Cultivar abacateiros em vasos \u00e9 poss\u00edvel, especialmente para quem tem pouco espa\u00e7o. No entanto, o porte da \u00e1rvore tende a ser menor, assim como a quantidade de frutos. \u00c9 importante escolher vasos grandes e com boa drenagem.<\/p>\n\n\n\n<p>Apesar de algumas limita\u00e7\u00f5es, este m\u00e9todo pode ser uma op\u00e7\u00e3o interessante para iniciar o cultivo em ambientes urbanos, proporcionando satisfa\u00e7\u00e3o ao acompanhar o crescimento da planta desde a semente.<\/p>\n\n\n\n<p>Cultivar uma \u00e1rvore de abacate \u00e9 uma experi\u00eancia enriquecedora, unindo sabor, sustentabilidade e cuidado ambiental. Com paci\u00eancia, aten\u00e7\u00e3o \u00e0s necessidades da planta e pr\u00e1ticas adequadas, \u00e9 poss\u00edvel colher frutos frescos e contribuir positivamente para o meio ambiente.<\/p>\n","protected":false},"excerpt":{"rendered":"<p>O cultivo de \u00e1rvores de abacate conquistou muitos adeptos pelos benef\u00edcios pessoais, ambientais e, cada vez mais, pela busca de alternativas sustent\u00e1veis para a produ\u00e7\u00e3o de alimentos em casa. Como funciona o processo de germina\u00e7\u00e3o da semente de abacate? Uma das etapas iniciais no cultivo \u00e9 germinar a semente, para garantir o sucesso do plantio. [&hellip;]<\/p>\n","protected":false},"author":9,"featured_media":136714,"comment_status":"open","ping_status":"open","sticky":false,"template":"","format":"standard","meta":{"_yoast_wpseo_focuskw":"semente de abacate","_yoast_wpseo_title":"%%title%% %%page%%","_yoast_wpseo_metadesc":"Aprenda a germinar e cultivar abacateiros em casa, com dicas sobre solo, clima, enxertia e cuidados para colher frutos saud\u00e1veis.","jnews-multi-image_gallery":[],"jnews_single_post":{"format":"standard"},"jnews_primary_category":[],"jnews_social_meta":[],"jnews_override_counter":[],"footnotes":""},"categories":[136],"tags":[735,7835,6040],"class_list":["post-136664","post","type-post","status-publish","format-standard","has-post-thumbnail","hentry","category-jardinagem","tag-frutas","tag-pomar","tag-quintal"],"yoast_head":"<!-- This site is optimized with the Yoast SEO plugin v24.6 - https:\/\/yoast.com\/wordpress\/plugins\/seo\/ -->\n<title>Aprenda como plantar o caro\u00e7o de abacate e acompanhar o crescimento<\/title>\n<meta name=\"description\" content=\"Aprenda a germinar e cultivar abacateiros em casa, com dicas sobre solo, clima, enxertia e cuidados para colher frutos saud\u00e1veis.\" \/>\n<meta name=\"robots\" content=\"index, follow, max-snippet:-1, max-image-preview:large, max-video-preview:-1\" \/>\n<link rel=\"canonical\" href=\"https:\/\/www.correiobraziliense.com.br\/cbradar\/aprenda-como-plantar-o-caroco-de-abacate-e-acompanhar-o-crescimento\/\" \/>\n<meta property=\"og:locale\" content=\"pt_BR\" \/>\n<meta property=\"og:type\" content=\"article\" \/>\n<meta property=\"og:title\" content=\"Aprenda como plantar o caro\u00e7o de abacate e acompanhar o crescimento\" \/>\n<meta property=\"og:description\" content=\"Aprenda a germinar e cultivar abacateiros em casa, com dicas sobre solo, clima, enxertia e cuidados para colher frutos saud\u00e1veis.\" \/>\n<meta property=\"og:url\" content=\"https:\/\/www.correiobraziliense.com.br\/cbradar\/aprenda-como-plantar-o-caroco-de-abacate-e-acompanhar-o-crescimento\/\" \/>\n<meta property=\"og:site_name\" content=\"Correio Braziliense - Radar\" \/>\n<meta property=\"article:published_time\" content=\"2025-11-14T12:25:50+00:00\" \/>\n<meta property=\"og:image\" content=\"https:\/\/www.correiobraziliense.com.br\/cbradar\/wp-content\/uploads\/2025\/11\/mosaico_1763042145973.jpg\" \/>\n\t<meta property=\"og:image:width\" content=\"1280\" \/>\n\t<meta property=\"og:image:height\" content=\"720\" \/>\n\t<meta property=\"og:image:type\" content=\"image\/jpeg\" \/>\n<meta name=\"author\" content=\"Daniely Cardoso\" \/>\n<meta name=\"twitter:card\" content=\"summary_large_image\" \/>\n<meta name=\"twitter:label1\" content=\"Escrito por\" \/>\n\t<meta name=\"twitter:data1\" content=\"Daniely Cardoso\" \/>\n\t<meta name=\"twitter:label2\" content=\"Est. tempo de leitura\" \/>\n\t<meta name=\"twitter:data2\" content=\"3 minutos\" \/>\n<!-- \/ Yoast SEO plugin. -->","yoast_head_json":{"title":"Aprenda como plantar o caro\u00e7o de abacate e acompanhar o crescimento","description":"Aprenda a germinar e cultivar abacateiros em casa, com dicas sobre solo, clima, enxertia e cuidados para colher frutos saud\u00e1veis.","robots":{"index":"index","follow":"follow","max-snippet":"max-snippet:-1","max-image-preview":"max-image-preview:large","max-video-preview":"max-video-preview:-1"},"canonical":"https:\/\/www.correiobraziliense.com.br\/cbradar\/aprenda-como-plantar-o-caroco-de-abacate-e-acompanhar-o-crescimento\/","og_locale":"pt_BR","og_type":"article","og_title":"Aprenda como plantar o caro\u00e7o de abacate e acompanhar o crescimento","og_description":"Aprenda a germinar e cultivar abacateiros em casa, com dicas sobre solo, clima, enxertia e cuidados para colher frutos saud\u00e1veis.","og_url":"https:\/\/www.correiobraziliense.com.br\/cbradar\/aprenda-como-plantar-o-caroco-de-abacate-e-acompanhar-o-crescimento\/","og_site_name":"Correio Braziliense - Radar","article_published_time":"2025-11-14T12:25:50+00:00","og_image":[{"width":1280,"height":720,"url":"https:\/\/www.correiobraziliense.com.br\/cbradar\/wp-content\/uploads\/2025\/11\/mosaico_1763042145973.jpg","type":"image\/jpeg"}],"author":"Daniely Cardoso","twitter_card":"summary_large_image","twitter_misc":{"Escrito por":"Daniely Cardoso","Est. tempo de leitura":"3 minutos"},"schema":{"@context":"https:\/\/schema.org","@graph":[{"@type":"WebPage","@id":"https:\/\/www.correiobraziliense.com.br\/cbradar\/aprenda-como-plantar-o-caroco-de-abacate-e-acompanhar-o-crescimento\/","url":"https:\/\/www.correiobraziliense.com.br\/cbradar\/aprenda-como-plantar-o-caroco-de-abacate-e-acompanhar-o-crescimento\/","name":"Aprenda como plantar o caro\u00e7o de abacate e acompanhar o crescimento","isPartOf":{"@id":"https:\/\/www.correiobraziliense.com.br\/cbradar\/#website"},"primaryImageOfPage":{"@id":"https:\/\/www.correiobraziliense.com.br\/cbradar\/aprenda-como-plantar-o-caroco-de-abacate-e-acompanhar-o-crescimento\/#primaryimage"},"image":{"@id":"https:\/\/www.correiobraziliense.com.br\/cbradar\/aprenda-como-plantar-o-caroco-de-abacate-e-acompanhar-o-crescimento\/#primaryimage"},"thumbnailUrl":"https:\/\/www.correiobraziliense.com.br\/cbradar\/wp-content\/uploads\/2025\/11\/mosaico_1763042145973.jpg","datePublished":"2025-11-14T12:25:50+00:00","author":{"@id":"https:\/\/www.correiobraziliense.com.br\/cbradar\/#\/schema\/person\/7356666e12ec0ee53f348ee5db227032"},"description":"Aprenda a germinar e cultivar abacateiros em casa, com dicas sobre solo, clima, enxertia e cuidados para colher frutos saud\u00e1veis.","breadcrumb":{"@id":"https:\/\/www.correiobraziliense.com.br\/cbradar\/aprenda-como-plantar-o-caroco-de-abacate-e-acompanhar-o-crescimento\/#breadcrumb"},"inLanguage":"pt-BR","potentialAction":[{"@type":"ReadAction","target":["https:\/\/www.correiobraziliense.com.br\/cbradar\/aprenda-como-plantar-o-caroco-de-abacate-e-acompanhar-o-crescimento\/"]}]},{"@type":"ImageObject","inLanguage":"pt-BR","@id":"https:\/\/www.correiobraziliense.com.br\/cbradar\/aprenda-como-plantar-o-caroco-de-abacate-e-acompanhar-o-crescimento\/#primaryimage","url":"https:\/\/www.correiobraziliense.com.br\/cbradar\/wp-content\/uploads\/2025\/11\/mosaico_1763042145973.jpg","contentUrl":"https:\/\/www.correiobraziliense.com.br\/cbradar\/wp-content\/uploads\/2025\/11\/mosaico_1763042145973.jpg","width":1280,"height":720,"caption":"Uma das etapas iniciais no cultivo \u00e9 germinar a semente, para garantir o sucesso do plantio - Cr\u00e9ditos: depositphotos.com \/ ekaterinachalysheva.yahoo.com \/ Cr\u00e9ditos: depositphotos.com \/ vikaemerson1 \/ Cr\u00e9ditos: depositphotos.com \/ maryviolet"},{"@type":"BreadcrumbList","@id":"https:\/\/www.correiobraziliense.com.br\/cbradar\/aprenda-como-plantar-o-caroco-de-abacate-e-acompanhar-o-crescimento\/#breadcrumb","itemListElement":[{"@type":"ListItem","position":1,"name":"In\u00edcio","item":"https:\/\/www.correiobraziliense.com.br\/cbradar\/"},{"@type":"ListItem","position":2,"name":"Aprenda como plantar o caro\u00e7o de abacate e acompanhar o crescimento"}]},{"@type":"WebSite","@id":"https:\/\/www.correiobraziliense.com.br\/cbradar\/#website","url":"https:\/\/www.correiobraziliense.com.br\/cbradar\/","name":"Correio Braziliense - Radar","description":"Acompanhe as \u00faltimas not\u00edcias e fique bem informado sobre tudo o que acontece no Brasil e no mundo.","potentialAction":[{"@type":"SearchAction","target":{"@type":"EntryPoint","urlTemplate":"https:\/\/www.correiobraziliense.com.br\/cbradar\/?s={search_term_string}"},"query-input":{"@type":"PropertyValueSpecification","valueRequired":true,"valueName":"search_term_string"}}],"inLanguage":"pt-BR"},{"@type":"Person","@id":"https:\/\/www.correiobraziliense.com.br\/cbradar\/#\/schema\/person\/7356666e12ec0ee53f348ee5db227032","name":"Daniely Cardoso","image":{"@type":"ImageObject","inLanguage":"pt-BR","@id":"https:\/\/www.correiobraziliense.com.br\/cbradar\/#\/schema\/person\/image\/","url":"https:\/\/secure.gravatar.com\/avatar\/4b80ddbd124d1f071b626d52d62e5dff?s=96&d=mm&r=g","contentUrl":"https:\/\/secure.gravatar.com\/avatar\/4b80ddbd124d1f071b626d52d62e5dff?s=96&d=mm&r=g","caption":"Daniely Cardoso"},"description":"Redatora nos portais CB Radar e EM Foco, formada pela Universidade Federal de Goi\u00e1s, em Goi\u00e2nia. Apaixonada por comunica\u00e7\u00e3o, arte, decora\u00e7\u00e3o e tend\u00eancias, atuo na produ\u00e7\u00e3o de conte\u00fados envolventes sobre curiosidades, moda, beleza e paisagismo, sempre com um olhar atento \u00e0s novidades do momento.","sameAs":["https:\/\/www.correiobraziliense.com.br\/cbradar"],"url":"https:\/\/www.correiobraziliense.com.br\/cbradar\/author\/danielymyth\/"}]}},"_links":{"self":[{"href":"https:\/\/www.correiobraziliense.com.br\/cbradar\/wp-json\/wp\/v2\/posts\/136664","targetHints":{"allow":["GET"]}}],"collection":[{"href":"https:\/\/www.correiobraziliense.com.br\/cbradar\/wp-json\/wp\/v2\/posts"}],"about":[{"href":"https:\/\/www.correiobraziliense.com.br\/cbradar\/wp-json\/wp\/v2\/types\/post"}],"author":[{"embeddable":true,"href":"https:\/\/www.correiobraziliense.com.br\/cbradar\/wp-json\/wp\/v2\/users\/9"}],"replies":[{"embeddable":true,"href":"https:\/\/www.correiobraziliense.com.br\/cbradar\/wp-json\/wp\/v2\/comments?post=136664"}],"version-history":[{"count":2,"href":"https:\/\/www.correiobraziliense.com.br\/cbradar\/wp-json\/wp\/v2\/posts\/136664\/revisions"}],"predecessor-version":[{"id":136725,"href":"https:\/\/www.correiobraziliense.com.br\/cbradar\/wp-json\/wp\/v2\/posts\/136664\/revisions\/136725"}],"wp:featuredmedia":[{"embeddable":true,"href":"https:\/\/www.correiobraziliense.com.br\/cbradar\/wp-json\/wp\/v2\/media\/136714"}],"wp:attachment":[{"href":"https:\/\/www.correiobraziliense.com.br\/cbradar\/wp-json\/wp\/v2\/media?parent=136664"}],"wp:term":[{"taxonomy":"category","embeddable":true,"href":"https:\/\/www.correiobraziliense.com.br\/cbradar\/wp-json\/wp\/v2\/categories?post=136664"},{"taxonomy":"post_tag","embeddable":true,"href":"https:\/\/www.correiobraziliense.com.br\/cbradar\/wp-json\/wp\/v2\/tags?post=136664"}],"curies":[{"name":"wp","href":"https:\/\/api.w.org\/{rel}","templated":true}]}}