{"id":136675,"date":"2025-11-13T21:35:00","date_gmt":"2025-11-14T00:35:00","guid":{"rendered":"https:\/\/www.correiobraziliense.com.br\/cbradar\/?p=136675"},"modified":"2025-11-13T09:48:00","modified_gmt":"2025-11-13T12:48:00","slug":"qual-o-nome-dos-apelidos-que-damos-as-criancas","status":"publish","type":"post","link":"https:\/\/www.correiobraziliense.com.br\/cbradar\/qual-o-nome-dos-apelidos-que-damos-as-criancas\/","title":{"rendered":"Qual o nome dos apelidos que damos \u00e1s crian\u00e7as?"},"content":{"rendered":"\n<p>\u00c9 comum que, ao longo do crescimento, crian\u00e7as recebam <strong>apelidos carinhosos<\/strong>, tornando suas vidas mais afetuosas e divertidas. Quem nunca ouviu falar de um &#8220;Dudu&#8221; ao inv\u00e9s de Eduardo ou de um &#8220;Marc\u00e3o&#8221; no lugar de Marcos? Esses apelidos, usados de forma amorosa e informal, s\u00e3o conhecidos como <strong>hipocor\u00edsticos<\/strong>. Este termo lingu\u00edstico descreve uma forma carinhosa e muitas vezes abreviada de chamar algu\u00e9m pelo nome, refor\u00e7ando la\u00e7os afetivos e a proximidade entre as pessoas.<\/p>\n\n\n\n<h2 class=\"wp-block-heading\">O que significa hipocor\u00edstico e de onde vem essa palavra<\/h2>\n\n\n\n<p><strong>Hipocor\u00edsticos<\/strong>, em ess\u00eancia, s\u00e3o uma simplifica\u00e7\u00e3o dos nomes pr\u00f3prios utilizados principalmente para expressar afei\u00e7\u00e3o ou informalidade. O termo tem origem no grego <em>hypokoristik\u00f3s<\/em>, significando \u201cacariciar com palavras\u201d.<\/p>\n\n\n\n<p>Ao longo da hist\u00f3ria, diversas culturas adotaram essa pr\u00e1tica, tornando-se um fen\u00f4meno comum, sobretudo em ambientes familiares ou de amizade. O uso dessas formas mostra como o ser humano busca se aproximar afetivamente, criando intimidade e acolhimento.<\/p>\n\n\n\n<figure class=\"wp-block-image size-large\"><img decoding=\"async\" width=\"1024\" height=\"585\" src=\"https:\/\/www.correiobraziliense.com.br\/cbradar\/wp-content\/uploads\/2025\/11\/Apelidos-para-Criancas-1024x585.png\" alt=\"Qual o nome dos apelidos que damos \u00e1s crian\u00e7as?\" class=\"wp-image-136686\" srcset=\"https:\/\/www.correiobraziliense.com.br\/cbradar\/wp-content\/uploads\/2025\/11\/Apelidos-para-Criancas-1024x585.png 1024w, https:\/\/www.correiobraziliense.com.br\/cbradar\/wp-content\/uploads\/2025\/11\/Apelidos-para-Criancas-300x171.png 300w, https:\/\/www.correiobraziliense.com.br\/cbradar\/wp-content\/uploads\/2025\/11\/Apelidos-para-Criancas-768x439.png 768w, https:\/\/www.correiobraziliense.com.br\/cbradar\/wp-content\/uploads\/2025\/11\/Apelidos-para-Criancas-750x429.png 750w, https:\/\/www.correiobraziliense.com.br\/cbradar\/wp-content\/uploads\/2025\/11\/Apelidos-para-Criancas-1140x651.png 1140w, https:\/\/www.correiobraziliense.com.br\/cbradar\/wp-content\/uploads\/2025\/11\/Apelidos-para-Criancas.png 1344w\" sizes=\"(max-width: 1024px) 100vw, 1024px\" \/><figcaption class=\"wp-element-caption\">Quem n\u00e3o gosta de um apelido fofo? Eles mostram carinho e proximidade entre amigos e fam\u00edlia.<\/figcaption><\/figure>\n\n\n\n<h2 class=\"wp-block-heading\">Como os hipocor\u00edsticos aparecem em diferentes pa\u00edses e culturas<\/h2>\n\n\n\n<p>Assim como no portugu\u00eas, outras l\u00ednguas apresentam maneiras interessantes de criar <strong>hipocor\u00edsticos<\/strong>. Essas varia\u00e7\u00f5es n\u00e3o costumam ser tradu\u00e7\u00f5es diretas, mas refletem nuances culturais que influenciam a linguagem afetiva.<\/p>\n\n\n\n<p>Em diversos pa\u00edses, \u00e9 bastante f\u00e1cil identificar hipocor\u00edsticos. Veja alguns exemplos marcantes:<\/p>\n\n\n\n<ul class=\"wp-block-list\">\n<li>Em ingl\u00eas, &#8220;Richard&#8221; vira &#8220;Dick&#8221; e &#8220;William&#8221; se transforma em &#8220;Bill&#8221;<\/li>\n\n\n\n<li>No espanhol, &#8220;Francisco&#8221; \u00e9 chamado de &#8220;Paco&#8221;<\/li>\n\n\n\n<li>No italiano, &#8220;Giuseppe&#8221; se torna &#8220;Beppe&#8221;<\/li>\n\n\n\n<li>Na R\u00fassia, &#8220;Mikhail&#8221; vira &#8220;Misha&#8221;, usando sufixos especialmente afetuosos<\/li>\n<\/ul>\n\n\n\n<h2 class=\"wp-block-heading\">Por que os hipocor\u00edsticos s\u00e3o importantes para o lado emocional e social<\/h2>\n\n\n\n<p>Os <strong>hipocor\u00edsticos<\/strong> v\u00e3o al\u00e9m das simples abrevia\u00e7\u00f5es, pois exercem forte impacto nas rela\u00e7\u00f5es interpessoais. Tornam-se s\u00edmbolos vis\u00edveis de carinho, proximidade e la\u00e7os familiares ou de amizade.<\/p>\n\n\n\n<p>O uso dessas formas carinhosas de nome contribui para um ambiente de maior intimidade, fortalecendo v\u00ednculos afetivos e sociais. Dessa forma, ajudam a criar mem\u00f3rias afetivas e aprofundar rela\u00e7\u00f5es entre pessoas, inclusive entre gera\u00e7\u00f5es diferentes.<\/p>\n\n\n\n<h2 class=\"wp-block-heading\">Como os hipocor\u00edsticos revelam a riqueza da linguagem e conex\u00f5es humanas<\/h2>\n\n\n\n<p>Em resumo, os <strong>hipocor\u00edsticos<\/strong> refletem o desejo humano de criar e nutrir <strong>la\u00e7os de afei\u00e7\u00e3o e proximidade<\/strong>. Eles evidenciam a busca por conex\u00f5es profundas, indo al\u00e9m das fronteiras lingu\u00edsticas.<\/p>\n\n\n\n<p>Ao valorizar este aspecto da linguagem, reconhecemos a <strong>riqueza cultural de cada tradi\u00e7\u00e3o<\/strong> e celebramos a universalidade do afeto, manifestada atrav\u00e9s de apelidos que atravessam \u00e9pocas e culturas.<\/p>\n","protected":false},"excerpt":{"rendered":"<p>Descubra o universo dos hipocor\u00edsticos, como &#8216;Dudu&#8217; ou &#8216;Marc\u00e3o&#8217;, e explore sua origem e impacto emocional em v\u00e1rias culturas.<\/p>\n","protected":false},"author":3,"featured_media":136684,"comment_status":"open","ping_status":"open","sticky":false,"template":"","format":"standard","meta":{"_yoast_wpseo_focuskw":"nome apelido","_yoast_wpseo_title":"%%title%%","_yoast_wpseo_metadesc":"Descubra o universo dos hipocor\u00edsticos, como 'Dudu' ou 'Marc\u00e3o', e explore sua origem e impacto emocional em v\u00e1rias culturas.","jnews-multi-image_gallery":[],"jnews_single_post":{"format":"standard"},"jnews_primary_category":[],"jnews_social_meta":[],"jnews_override_counter":[],"footnotes":""},"categories":[112],"tags":[11036,4377,144,5202],"class_list":["post-136675","post","type-post","status-publish","format-standard","has-post-thumbnail","hentry","category-curiosidades","tag-apelidos","tag-criancas","tag-curiosidades","tag-nomes"],"yoast_head":"<!-- This site is optimized with the Yoast SEO plugin v24.6 - https:\/\/yoast.com\/wordpress\/plugins\/seo\/ -->\n<title>Qual o nome dos apelidos que damos \u00e1s crian\u00e7as?<\/title>\n<meta name=\"description\" content=\"Descubra o universo dos hipocor\u00edsticos, como &#039;Dudu&#039; ou &#039;Marc\u00e3o&#039;, e explore sua origem e impacto emocional em v\u00e1rias culturas.\" \/>\n<meta name=\"robots\" content=\"index, follow, max-snippet:-1, max-image-preview:large, max-video-preview:-1\" \/>\n<link rel=\"canonical\" href=\"https:\/\/www.correiobraziliense.com.br\/cbradar\/qual-o-nome-dos-apelidos-que-damos-as-criancas\/\" \/>\n<meta property=\"og:locale\" content=\"pt_BR\" \/>\n<meta property=\"og:type\" content=\"article\" \/>\n<meta property=\"og:title\" content=\"Qual o nome dos apelidos que damos \u00e1s crian\u00e7as?\" \/>\n<meta property=\"og:description\" content=\"Descubra o universo dos hipocor\u00edsticos, como &#039;Dudu&#039; ou &#039;Marc\u00e3o&#039;, e explore sua origem e impacto emocional em v\u00e1rias culturas.\" \/>\n<meta property=\"og:url\" content=\"https:\/\/www.correiobraziliense.com.br\/cbradar\/qual-o-nome-dos-apelidos-que-damos-as-criancas\/\" \/>\n<meta property=\"og:site_name\" content=\"Correio Braziliense - Radar\" \/>\n<meta property=\"article:published_time\" content=\"2025-11-14T00:35:00+00:00\" \/>\n<meta property=\"og:image\" content=\"https:\/\/www.correiobraziliense.com.br\/cbradar\/wp-content\/uploads\/2025\/11\/mosaico_1763037911710.jpg\" \/>\n\t<meta property=\"og:image:width\" content=\"1280\" \/>\n\t<meta property=\"og:image:height\" content=\"720\" \/>\n\t<meta property=\"og:image:type\" content=\"image\/jpeg\" \/>\n<meta name=\"author\" content=\"Larissa Carvalho\" \/>\n<meta name=\"twitter:card\" content=\"summary_large_image\" \/>\n<meta name=\"twitter:label1\" content=\"Escrito por\" \/>\n\t<meta name=\"twitter:data1\" content=\"Larissa Carvalho\" \/>\n\t<meta name=\"twitter:label2\" content=\"Est. tempo de leitura\" \/>\n\t<meta name=\"twitter:data2\" content=\"3 minutos\" \/>\n<!-- \/ Yoast SEO plugin. -->","yoast_head_json":{"title":"Qual o nome dos apelidos que damos \u00e1s crian\u00e7as?","description":"Descubra o universo dos hipocor\u00edsticos, como 'Dudu' ou 'Marc\u00e3o', e explore sua origem e impacto emocional em v\u00e1rias culturas.","robots":{"index":"index","follow":"follow","max-snippet":"max-snippet:-1","max-image-preview":"max-image-preview:large","max-video-preview":"max-video-preview:-1"},"canonical":"https:\/\/www.correiobraziliense.com.br\/cbradar\/qual-o-nome-dos-apelidos-que-damos-as-criancas\/","og_locale":"pt_BR","og_type":"article","og_title":"Qual o nome dos apelidos que damos \u00e1s crian\u00e7as?","og_description":"Descubra o universo dos hipocor\u00edsticos, como 'Dudu' ou 'Marc\u00e3o', e explore sua origem e impacto emocional em v\u00e1rias culturas.","og_url":"https:\/\/www.correiobraziliense.com.br\/cbradar\/qual-o-nome-dos-apelidos-que-damos-as-criancas\/","og_site_name":"Correio Braziliense - Radar","article_published_time":"2025-11-14T00:35:00+00:00","og_image":[{"width":1280,"height":720,"url":"https:\/\/www.correiobraziliense.com.br\/cbradar\/wp-content\/uploads\/2025\/11\/mosaico_1763037911710.jpg","type":"image\/jpeg"}],"author":"Larissa Carvalho","twitter_card":"summary_large_image","twitter_misc":{"Escrito por":"Larissa Carvalho","Est. tempo de leitura":"3 minutos"},"schema":{"@context":"https:\/\/schema.org","@graph":[{"@type":"WebPage","@id":"https:\/\/www.correiobraziliense.com.br\/cbradar\/qual-o-nome-dos-apelidos-que-damos-as-criancas\/","url":"https:\/\/www.correiobraziliense.com.br\/cbradar\/qual-o-nome-dos-apelidos-que-damos-as-criancas\/","name":"Qual o nome dos apelidos que damos \u00e1s crian\u00e7as?","isPartOf":{"@id":"https:\/\/www.correiobraziliense.com.br\/cbradar\/#website"},"primaryImageOfPage":{"@id":"https:\/\/www.correiobraziliense.com.br\/cbradar\/qual-o-nome-dos-apelidos-que-damos-as-criancas\/#primaryimage"},"image":{"@id":"https:\/\/www.correiobraziliense.com.br\/cbradar\/qual-o-nome-dos-apelidos-que-damos-as-criancas\/#primaryimage"},"thumbnailUrl":"https:\/\/www.correiobraziliense.com.br\/cbradar\/wp-content\/uploads\/2025\/11\/mosaico_1763037911710.jpg","datePublished":"2025-11-14T00:35:00+00:00","author":{"@id":"https:\/\/www.correiobraziliense.com.br\/cbradar\/#\/schema\/person\/58422787644df994b53a19d3e56c1513"},"description":"Descubra o universo dos hipocor\u00edsticos, como 'Dudu' ou 'Marc\u00e3o', e explore sua origem e impacto emocional em v\u00e1rias culturas.","breadcrumb":{"@id":"https:\/\/www.correiobraziliense.com.br\/cbradar\/qual-o-nome-dos-apelidos-que-damos-as-criancas\/#breadcrumb"},"inLanguage":"pt-BR","potentialAction":[{"@type":"ReadAction","target":["https:\/\/www.correiobraziliense.com.br\/cbradar\/qual-o-nome-dos-apelidos-que-damos-as-criancas\/"]}]},{"@type":"ImageObject","inLanguage":"pt-BR","@id":"https:\/\/www.correiobraziliense.com.br\/cbradar\/qual-o-nome-dos-apelidos-que-damos-as-criancas\/#primaryimage","url":"https:\/\/www.correiobraziliense.com.br\/cbradar\/wp-content\/uploads\/2025\/11\/mosaico_1763037911710.jpg","contentUrl":"https:\/\/www.correiobraziliense.com.br\/cbradar\/wp-content\/uploads\/2025\/11\/mosaico_1763037911710.jpg","width":1280,"height":720,"caption":"Linguistas destacam a import\u00e2ncia dos hipocor\u00edsticos na constru\u00e7\u00e3o de v\u00ednculos sociais e afetivos. Cr\u00e9ditos: depositphotos.com \/ pressmaster e Cr\u00e9ditos: depositphotos.com \/ HayDmitriy"},{"@type":"BreadcrumbList","@id":"https:\/\/www.correiobraziliense.com.br\/cbradar\/qual-o-nome-dos-apelidos-que-damos-as-criancas\/#breadcrumb","itemListElement":[{"@type":"ListItem","position":1,"name":"In\u00edcio","item":"https:\/\/www.correiobraziliense.com.br\/cbradar\/"},{"@type":"ListItem","position":2,"name":"Qual o nome dos apelidos que damos \u00e1s crian\u00e7as?"}]},{"@type":"WebSite","@id":"https:\/\/www.correiobraziliense.com.br\/cbradar\/#website","url":"https:\/\/www.correiobraziliense.com.br\/cbradar\/","name":"Correio Braziliense - Radar","description":"Acompanhe as \u00faltimas not\u00edcias e fique bem informado sobre tudo o que acontece no Brasil e no mundo.","potentialAction":[{"@type":"SearchAction","target":{"@type":"EntryPoint","urlTemplate":"https:\/\/www.correiobraziliense.com.br\/cbradar\/?s={search_term_string}"},"query-input":{"@type":"PropertyValueSpecification","valueRequired":true,"valueName":"search_term_string"}}],"inLanguage":"pt-BR"},{"@type":"Person","@id":"https:\/\/www.correiobraziliense.com.br\/cbradar\/#\/schema\/person\/58422787644df994b53a19d3e56c1513","name":"Larissa Carvalho","image":{"@type":"ImageObject","inLanguage":"pt-BR","@id":"https:\/\/www.correiobraziliense.com.br\/cbradar\/#\/schema\/person\/image\/","url":"https:\/\/secure.gravatar.com\/avatar\/fe4f91a0de32b52a838d0d612abdc1aa?s=96&d=mm&r=g","contentUrl":"https:\/\/secure.gravatar.com\/avatar\/fe4f91a0de32b52a838d0d612abdc1aa?s=96&d=mm&r=g","caption":"Larissa Carvalho"},"url":"https:\/\/www.correiobraziliense.com.br\/cbradar\/author\/larissamyth\/"}]}},"_links":{"self":[{"href":"https:\/\/www.correiobraziliense.com.br\/cbradar\/wp-json\/wp\/v2\/posts\/136675","targetHints":{"allow":["GET"]}}],"collection":[{"href":"https:\/\/www.correiobraziliense.com.br\/cbradar\/wp-json\/wp\/v2\/posts"}],"about":[{"href":"https:\/\/www.correiobraziliense.com.br\/cbradar\/wp-json\/wp\/v2\/types\/post"}],"author":[{"embeddable":true,"href":"https:\/\/www.correiobraziliense.com.br\/cbradar\/wp-json\/wp\/v2\/users\/3"}],"replies":[{"embeddable":true,"href":"https:\/\/www.correiobraziliense.com.br\/cbradar\/wp-json\/wp\/v2\/comments?post=136675"}],"version-history":[{"count":2,"href":"https:\/\/www.correiobraziliense.com.br\/cbradar\/wp-json\/wp\/v2\/posts\/136675\/revisions"}],"predecessor-version":[{"id":136687,"href":"https:\/\/www.correiobraziliense.com.br\/cbradar\/wp-json\/wp\/v2\/posts\/136675\/revisions\/136687"}],"wp:featuredmedia":[{"embeddable":true,"href":"https:\/\/www.correiobraziliense.com.br\/cbradar\/wp-json\/wp\/v2\/media\/136684"}],"wp:attachment":[{"href":"https:\/\/www.correiobraziliense.com.br\/cbradar\/wp-json\/wp\/v2\/media?parent=136675"}],"wp:term":[{"taxonomy":"category","embeddable":true,"href":"https:\/\/www.correiobraziliense.com.br\/cbradar\/wp-json\/wp\/v2\/categories?post=136675"},{"taxonomy":"post_tag","embeddable":true,"href":"https:\/\/www.correiobraziliense.com.br\/cbradar\/wp-json\/wp\/v2\/tags?post=136675"}],"curies":[{"name":"wp","href":"https:\/\/api.w.org\/{rel}","templated":true}]}}