{"id":136706,"date":"2025-11-14T17:45:01","date_gmt":"2025-11-14T20:45:01","guid":{"rendered":"https:\/\/www.correiobraziliense.com.br\/cbradar\/?p=136706"},"modified":"2025-11-13T12:57:07","modified_gmt":"2025-11-13T15:57:07","slug":"o-cha-mais-indicado-para-combater-o-inchaco-e-a-retencao-de-liquidos","status":"publish","type":"post","link":"https:\/\/www.correiobraziliense.com.br\/cbradar\/o-cha-mais-indicado-para-combater-o-inchaco-e-a-retencao-de-liquidos\/","title":{"rendered":"O ch\u00e1 mais indicado para combater o incha\u00e7o e a reten\u00e7\u00e3o de l\u00edquidos"},"content":{"rendered":"\n<p>O ch\u00e1 de hibisco, conhecido por sua cor vibrante e sabor \u00fanico, tem ganhado popularidade por seus <strong>benef\u00edcios \u00e0 sa\u00fade<\/strong>, sendo destacado especialmente pela sua efic\u00e1cia no combate \u00e0 <strong>reten\u00e7\u00e3o de l\u00edquidos<\/strong>, que causa incha\u00e7o e desconforto em muitas pessoas.<\/p>\n\n\n\n<h2 class=\"wp-block-heading\">Como o ch\u00e1 de hibisco combate a reten\u00e7\u00e3o de l\u00edquidos de forma natural<\/h2>\n\n\n\n<p>O hibisco, proveniente da planta <em>Hibiscus sabdariffa<\/em>, \u00e9 fonte de compostos bioativos como <strong>polifen\u00f3is<\/strong> e flavonoides, associados a efeitos diur\u00e9ticos naturais. Eles contribuem para a elimina\u00e7\u00e3o do excesso de \u00e1gua pelo corpo, reduzindo o incha\u00e7o e promovendo o bem-estar geral.<\/p>\n\n\n\n<p>A combina\u00e7\u00e3o desses componentes torna o ch\u00e1 de hibisco uma op\u00e7\u00e3o popular entre aqueles que buscam alternativas naturais para equilibrar os fluidos corporais de maneira eficiente e segura.<\/p>\n\n\n<div class=\"wp-block-image\">\n<figure class=\"aligncenter size-large\"><img decoding=\"async\" width=\"1024\" height=\"576\" src=\"https:\/\/www.correiobraziliense.com.br\/cbradar\/wp-content\/uploads\/2025\/02\/hibisco-jardim_1740684962156-1024x576.jpg\" alt=\"Cultive hibiscos com sucesso e encante seu jardim\" class=\"wp-image-7032\" srcset=\"https:\/\/www.correiobraziliense.com.br\/cbradar\/wp-content\/uploads\/2025\/02\/hibisco-jardim_1740684962156-1024x576.jpg 1024w, https:\/\/www.correiobraziliense.com.br\/cbradar\/wp-content\/uploads\/2025\/02\/hibisco-jardim_1740684962156-300x169.jpg 300w, https:\/\/www.correiobraziliense.com.br\/cbradar\/wp-content\/uploads\/2025\/02\/hibisco-jardim_1740684962156-768x432.jpg 768w, https:\/\/www.correiobraziliense.com.br\/cbradar\/wp-content\/uploads\/2025\/02\/hibisco-jardim_1740684962156-750x422.jpg 750w, https:\/\/www.correiobraziliense.com.br\/cbradar\/wp-content\/uploads\/2025\/02\/hibisco-jardim_1740684962156-1140x641.jpg 1140w, https:\/\/www.correiobraziliense.com.br\/cbradar\/wp-content\/uploads\/2025\/02\/hibisco-jardim_1740684962156.jpg 1280w\" sizes=\"(max-width: 1024px) 100vw, 1024px\" \/><figcaption class=\"wp-element-caption\">Auxilia na redu\u00e7\u00e3o da press\u00e3o arterial  &#8211; Cr\u00e9ditos: depositphotos.com \/ Armands photography<\/figcaption><\/figure><\/div>\n\n\n<p>Leia tamb\u00e9m:&nbsp;<a href=\"https:\/\/www.correiobraziliense.com.br\/cbradar\/o-alimento-mais-completo-para-energia-digestao-e-a-saude-cardiovascular\/\" target=\"_blank\" rel=\"noopener\">O alimento mais completo para energia, digest\u00e3o e a sa\u00fade cardiovascular<\/a><\/p>\n\n\n\n<h2 class=\"wp-block-heading\">Entenda os mecanismos da a\u00e7\u00e3o diur\u00e9tica do ch\u00e1 de hibisco<\/h2>\n\n\n\n<p>A <strong>a\u00e7\u00e3o diur\u00e9tica<\/strong> est\u00e1 relacionada ao aumento na produ\u00e7\u00e3o de urina pelos rins, o que facilita a elimina\u00e7\u00e3o de s\u00f3dio e \u00e1gua acumulados no organismo. Isso ajuda a aliviar o incha\u00e7o caracter\u00edstico da reten\u00e7\u00e3o de l\u00edquidos, al\u00e9m de auxiliar tamb\u00e9m na regula\u00e7\u00e3o da press\u00e3o arterial.<\/p>\n\n\n\n<p>Al\u00e9m disso, os <strong>antioxidantes<\/strong> presentes no hibisco melhoram significativamente a fun\u00e7\u00e3o renal, promovendo uma filtra\u00e7\u00e3o mais eficiente das impurezas e protegendo as c\u00e9lulas dos rins contra danos causados pelo estresse oxidativo. Algumas pesquisas sugerem que o ch\u00e1 de hibisco pode ajudar tamb\u00e9m na redu\u00e7\u00e3o dos n\u00edveis de colesterol, potencializando ainda mais a sa\u00fade cardiovascular.<\/p>\n\n\n\n<h2 class=\"wp-block-heading\">Como inserir o ch\u00e1 de hibisco no dia a dia de forma pr\u00e1tica<\/h2>\n\n\n\n<p>A introdu\u00e7\u00e3o do ch\u00e1 de hibisco na rotina \u00e9 simples e permite varia\u00e7\u00f5es de sabor para agradar diferentes paladares. Tomar de uma a duas x\u00edcaras di\u00e1rias, sem adi\u00e7\u00e3o de <strong>a\u00e7\u00facar<\/strong>, potencializa seus efeitos ben\u00e9ficos.<\/p>\n\n\n\n<p>Para facilitar o preparo e garantir o consumo adequado, confira o passo a passo b\u00e1sico recomendado:<\/p>\n\n\n\n<ul class=\"wp-block-list\">\n<li>Ferva uma colher de sopa das flores secas de hibisco em 500 ml de \u00e1gua por cinco a dez minutos.<\/li>\n\n\n\n<li>Coe e deixe esfriar. O ch\u00e1 pode ser consumido quente ou frio, conforme a prefer\u00eancia.<\/li>\n\n\n\n<li>Armazene na geladeira se preferir beber gelado.<\/li>\n<\/ul>\n\n\n\n<p>Confira o v\u00eddeo abaixo do canal <a href=\"https:\/\/www.youtube.com\/@DayanSiebra\" target=\"_blank\" rel=\"noreferrer noopener\">Dayan Siebra<\/a> mostrando os benef\u00edcios do ch\u00e1 de hibisco:<\/p>\n\n\n\n<figure class=\"wp-block-embed is-type-video is-provider-youtube wp-block-embed-youtube wp-embed-aspect-16-9 wp-has-aspect-ratio\"><div class=\"wp-block-embed__wrapper\">\n<div class=\"jeg_video_container jeg_video_content\"><iframe loading=\"lazy\" title=\"CH\u00c1 DE HIBISCO: CONHE\u00c7A OS BENEF\u00cdCIOS | Dr Dayan Siebra\" width=\"500\" height=\"281\" src=\"https:\/\/www.youtube.com\/embed\/Nk_Q__tw14w?start=2&#038;feature=oembed\" frameborder=\"0\" allow=\"accelerometer; autoplay; clipboard-write; encrypted-media; gyroscope; picture-in-picture; web-share\" referrerpolicy=\"strict-origin-when-cross-origin\" allowfullscreen><\/iframe><\/div>\n<\/div><\/figure>\n\n\n\n<h2 class=\"wp-block-heading\">Saiba quem deve ter cautela ao consumir ch\u00e1 de hibisco<\/h2>\n\n\n\n<p>Embora seja considerado seguro para a maioria das pessoas, algumas condi\u00e7\u00f5es exigem cuidado. Indiv\u00edduos com <strong>press\u00e3o baixa<\/strong>, gestantes ou lactantes devem consultar um especialista antes de adicionar o ch\u00e1 \u00e0 dieta.<\/p>\n\n\n\n<p>Al\u00e9m disso, o consumo exagerado pode trazer efeitos adversos, como desidrata\u00e7\u00e3o ou altera\u00e7\u00e3o de equil\u00edbrio eletrol\u00edtico. Portanto, mantenha o equil\u00edbrio e busque orienta\u00e7\u00e3o profissional caso haja d\u00favidas sobre poss\u00edveis restri\u00e7\u00f5es ao seu uso.<\/p>\n","protected":false},"excerpt":{"rendered":"<p>O ch\u00e1 de hibisco, conhecido por sua cor vibrante e sabor \u00fanico, tem ganhado popularidade por seus benef\u00edcios \u00e0 sa\u00fade, sendo destacado especialmente pela sua efic\u00e1cia no combate \u00e0 reten\u00e7\u00e3o de l\u00edquidos, que causa incha\u00e7o e desconforto em muitas pessoas. Como o ch\u00e1 de hibisco combate a reten\u00e7\u00e3o de l\u00edquidos de forma natural O hibisco, [&hellip;]<\/p>\n","protected":false},"author":9,"featured_media":136749,"comment_status":"open","ping_status":"open","sticky":false,"template":"","format":"standard","meta":{"_yoast_wpseo_focuskw":"ch\u00e1 de hibisco","_yoast_wpseo_title":"%%title%% %%page%%","_yoast_wpseo_metadesc":"Uma x\u00edcara de ch\u00e1 de hibisco por dia pode aliviar o incha\u00e7o, equilibrar o organismo e cuidar da sa\u00fade do cora\u00e7\u00e3o.","jnews-multi-image_gallery":[],"jnews_single_post":{"format":"standard"},"jnews_primary_category":[],"jnews_social_meta":[],"jnews_override_counter":[],"footnotes":""},"categories":[119,4404],"post_tag":[2827,1249,5785],"class_list":["post-136706","post","type-post","status-publish","format-standard","has-post-thumbnail","hentry","category-bem-estar","category-saude","tag-cha-de-hibisco","tag-hibisco","tag-retencao-de-liquidos"],"yoast_head":"<!-- This site is optimized with the Yoast SEO plugin v24.6 - https:\/\/yoast.com\/wordpress\/plugins\/seo\/ -->\n<title>O ch\u00e1 mais indicado para combater o incha\u00e7o e a reten\u00e7\u00e3o de l\u00edquidos<\/title>\n<meta name=\"description\" content=\"Uma x\u00edcara de ch\u00e1 de hibisco por dia pode aliviar o incha\u00e7o, equilibrar o organismo e cuidar da sa\u00fade do cora\u00e7\u00e3o.\" \/>\n<meta name=\"robots\" content=\"index, follow, max-snippet:-1, max-image-preview:large, max-video-preview:-1\" \/>\n<link rel=\"canonical\" href=\"https:\/\/www.correiobraziliense.com.br\/cbradar\/o-cha-mais-indicado-para-combater-o-inchaco-e-a-retencao-de-liquidos\/\" \/>\n<meta property=\"og:locale\" content=\"pt_BR\" \/>\n<meta property=\"og:type\" content=\"article\" \/>\n<meta property=\"og:title\" content=\"O ch\u00e1 mais indicado para combater o incha\u00e7o e a reten\u00e7\u00e3o de l\u00edquidos\" \/>\n<meta property=\"og:description\" content=\"Uma x\u00edcara de ch\u00e1 de hibisco por dia pode aliviar o incha\u00e7o, equilibrar o organismo e cuidar da sa\u00fade do cora\u00e7\u00e3o.\" \/>\n<meta property=\"og:url\" content=\"https:\/\/www.correiobraziliense.com.br\/cbradar\/o-cha-mais-indicado-para-combater-o-inchaco-e-a-retencao-de-liquidos\/\" \/>\n<meta property=\"og:site_name\" content=\"Correio Braziliense - Radar\" \/>\n<meta property=\"article:published_time\" content=\"2025-11-14T20:45:01+00:00\" \/>\n<meta property=\"og:image\" content=\"https:\/\/www.correiobraziliense.com.br\/cbradar\/wp-content\/uploads\/2025\/11\/mosaico_1763049286194.jpg\" \/>\n\t<meta property=\"og:image:width\" content=\"1280\" \/>\n\t<meta property=\"og:image:height\" content=\"720\" \/>\n\t<meta property=\"og:image:type\" content=\"image\/jpeg\" \/>\n<meta name=\"author\" content=\"Daniely Cardoso\" \/>\n<meta name=\"twitter:card\" content=\"summary_large_image\" \/>\n<meta name=\"twitter:label1\" content=\"Escrito por\" \/>\n\t<meta name=\"twitter:data1\" content=\"Daniely Cardoso\" \/>\n\t<meta name=\"twitter:label2\" content=\"Est. tempo de leitura\" \/>\n\t<meta name=\"twitter:data2\" content=\"3 minutos\" \/>\n<!-- \/ Yoast SEO plugin. -->","yoast_head_json":{"title":"O ch\u00e1 mais indicado para combater o incha\u00e7o e a reten\u00e7\u00e3o de l\u00edquidos","description":"Uma x\u00edcara de ch\u00e1 de hibisco por dia pode aliviar o incha\u00e7o, equilibrar o organismo e cuidar da sa\u00fade do cora\u00e7\u00e3o.","robots":{"index":"index","follow":"follow","max-snippet":"max-snippet:-1","max-image-preview":"max-image-preview:large","max-video-preview":"max-video-preview:-1"},"canonical":"https:\/\/www.correiobraziliense.com.br\/cbradar\/o-cha-mais-indicado-para-combater-o-inchaco-e-a-retencao-de-liquidos\/","og_locale":"pt_BR","og_type":"article","og_title":"O ch\u00e1 mais indicado para combater o incha\u00e7o e a reten\u00e7\u00e3o de l\u00edquidos","og_description":"Uma x\u00edcara de ch\u00e1 de hibisco por dia pode aliviar o incha\u00e7o, equilibrar o organismo e cuidar da sa\u00fade do cora\u00e7\u00e3o.","og_url":"https:\/\/www.correiobraziliense.com.br\/cbradar\/o-cha-mais-indicado-para-combater-o-inchaco-e-a-retencao-de-liquidos\/","og_site_name":"Correio Braziliense - Radar","article_published_time":"2025-11-14T20:45:01+00:00","og_image":[{"width":1280,"height":720,"url":"https:\/\/www.correiobraziliense.com.br\/cbradar\/wp-content\/uploads\/2025\/11\/mosaico_1763049286194.jpg","type":"image\/jpeg"}],"author":"Daniely Cardoso","twitter_card":"summary_large_image","twitter_misc":{"Escrito por":"Daniely Cardoso","Est. tempo de leitura":"3 minutos"},"schema":{"@context":"https:\/\/schema.org","@graph":[{"@type":"WebPage","@id":"https:\/\/www.correiobraziliense.com.br\/cbradar\/o-cha-mais-indicado-para-combater-o-inchaco-e-a-retencao-de-liquidos\/","url":"https:\/\/www.correiobraziliense.com.br\/cbradar\/o-cha-mais-indicado-para-combater-o-inchaco-e-a-retencao-de-liquidos\/","name":"O ch\u00e1 mais indicado para combater o incha\u00e7o e a reten\u00e7\u00e3o de l\u00edquidos","isPartOf":{"@id":"https:\/\/www.correiobraziliense.com.br\/cbradar\/#website"},"primaryImageOfPage":{"@id":"https:\/\/www.correiobraziliense.com.br\/cbradar\/o-cha-mais-indicado-para-combater-o-inchaco-e-a-retencao-de-liquidos\/#primaryimage"},"image":{"@id":"https:\/\/www.correiobraziliense.com.br\/cbradar\/o-cha-mais-indicado-para-combater-o-inchaco-e-a-retencao-de-liquidos\/#primaryimage"},"thumbnailUrl":"https:\/\/www.correiobraziliense.com.br\/cbradar\/wp-content\/uploads\/2025\/11\/mosaico_1763049286194.jpg","datePublished":"2025-11-14T20:45:01+00:00","author":{"@id":"https:\/\/www.correiobraziliense.com.br\/cbradar\/#\/schema\/person\/7356666e12ec0ee53f348ee5db227032"},"description":"Uma x\u00edcara de ch\u00e1 de hibisco por dia pode aliviar o incha\u00e7o, equilibrar o organismo e cuidar da sa\u00fade do cora\u00e7\u00e3o.","breadcrumb":{"@id":"https:\/\/www.correiobraziliense.com.br\/cbradar\/o-cha-mais-indicado-para-combater-o-inchaco-e-a-retencao-de-liquidos\/#breadcrumb"},"inLanguage":"pt-BR","potentialAction":[{"@type":"ReadAction","target":["https:\/\/www.correiobraziliense.com.br\/cbradar\/o-cha-mais-indicado-para-combater-o-inchaco-e-a-retencao-de-liquidos\/"]}]},{"@type":"ImageObject","inLanguage":"pt-BR","@id":"https:\/\/www.correiobraziliense.com.br\/cbradar\/o-cha-mais-indicado-para-combater-o-inchaco-e-a-retencao-de-liquidos\/#primaryimage","url":"https:\/\/www.correiobraziliense.com.br\/cbradar\/wp-content\/uploads\/2025\/11\/mosaico_1763049286194.jpg","contentUrl":"https:\/\/www.correiobraziliense.com.br\/cbradar\/wp-content\/uploads\/2025\/11\/mosaico_1763049286194.jpg","width":1280,"height":720,"caption":"A a\u00e7\u00e3o diur\u00e9tica est\u00e1 relacionada ao aumento na produ\u00e7\u00e3o de urina pelos rins, o que facilita a elimina\u00e7\u00e3o de s\u00f3dio e \u00e1gua acumulados no organismo - Cr\u00e9ditos: depositphotos.com \/ MicEnin \/ Cr\u00e9ditos: depositphotos.com \/ SebW"},{"@type":"BreadcrumbList","@id":"https:\/\/www.correiobraziliense.com.br\/cbradar\/o-cha-mais-indicado-para-combater-o-inchaco-e-a-retencao-de-liquidos\/#breadcrumb","itemListElement":[{"@type":"ListItem","position":1,"name":"In\u00edcio","item":"https:\/\/www.correiobraziliense.com.br\/cbradar\/"},{"@type":"ListItem","position":2,"name":"O ch\u00e1 mais indicado para combater o incha\u00e7o e a reten\u00e7\u00e3o de l\u00edquidos"}]},{"@type":"WebSite","@id":"https:\/\/www.correiobraziliense.com.br\/cbradar\/#website","url":"https:\/\/www.correiobraziliense.com.br\/cbradar\/","name":"Correio Braziliense - Radar","description":"Acompanhe as \u00faltimas not\u00edcias e fique bem informado sobre tudo o que acontece no Brasil e no mundo.","potentialAction":[{"@type":"SearchAction","target":{"@type":"EntryPoint","urlTemplate":"https:\/\/www.correiobraziliense.com.br\/cbradar\/?s={search_term_string}"},"query-input":{"@type":"PropertyValueSpecification","valueRequired":true,"valueName":"search_term_string"}}],"inLanguage":"pt-BR"},{"@type":"Person","@id":"https:\/\/www.correiobraziliense.com.br\/cbradar\/#\/schema\/person\/7356666e12ec0ee53f348ee5db227032","name":"Daniely Cardoso","image":{"@type":"ImageObject","inLanguage":"pt-BR","@id":"https:\/\/www.correiobraziliense.com.br\/cbradar\/#\/schema\/person\/image\/","url":"https:\/\/secure.gravatar.com\/avatar\/4b80ddbd124d1f071b626d52d62e5dff?s=96&d=mm&r=g","contentUrl":"https:\/\/secure.gravatar.com\/avatar\/4b80ddbd124d1f071b626d52d62e5dff?s=96&d=mm&r=g","caption":"Daniely Cardoso"},"description":"Redatora nos portais CB Radar e EM Foco, formada pela Universidade Federal de Goi\u00e1s, em Goi\u00e2nia. Apaixonada por comunica\u00e7\u00e3o, arte, decora\u00e7\u00e3o e tend\u00eancias, atuo na produ\u00e7\u00e3o de conte\u00fados envolventes sobre curiosidades, moda, beleza e paisagismo, sempre com um olhar atento \u00e0s novidades do momento.","sameAs":["https:\/\/www.correiobraziliense.com.br\/cbradar"],"url":"https:\/\/www.correiobraziliense.com.br\/cbradar\/author\/danielymyth\/"}]}},"_links":{"self":[{"href":"https:\/\/www.correiobraziliense.com.br\/cbradar\/wp-json\/wp\/v2\/posts\/136706","targetHints":{"allow":["GET"]}}],"collection":[{"href":"https:\/\/www.correiobraziliense.com.br\/cbradar\/wp-json\/wp\/v2\/posts"}],"about":[{"href":"https:\/\/www.correiobraziliense.com.br\/cbradar\/wp-json\/wp\/v2\/types\/post"}],"author":[{"embeddable":true,"href":"https:\/\/www.correiobraziliense.com.br\/cbradar\/wp-json\/wp\/v2\/users\/9"}],"replies":[{"embeddable":true,"href":"https:\/\/www.correiobraziliense.com.br\/cbradar\/wp-json\/wp\/v2\/comments?post=136706"}],"version-history":[{"count":2,"href":"https:\/\/www.correiobraziliense.com.br\/cbradar\/wp-json\/wp\/v2\/posts\/136706\/revisions"}],"predecessor-version":[{"id":136748,"href":"https:\/\/www.correiobraziliense.com.br\/cbradar\/wp-json\/wp\/v2\/posts\/136706\/revisions\/136748"}],"wp:featuredmedia":[{"embeddable":true,"href":"https:\/\/www.correiobraziliense.com.br\/cbradar\/wp-json\/wp\/v2\/media\/136749"}],"wp:attachment":[{"href":"https:\/\/www.correiobraziliense.com.br\/cbradar\/wp-json\/wp\/v2\/media?parent=136706"}],"wp:term":[{"taxonomy":"category","embeddable":true,"href":"https:\/\/www.correiobraziliense.com.br\/cbradar\/wp-json\/wp\/v2\/categories?post=136706"},{"taxonomy":"post_tag","embeddable":true,"href":"https:\/\/www.correiobraziliense.com.br\/cbradar\/wp-json\/wp\/v2\/post_tag?post=136706"}],"curies":[{"name":"wp","href":"https:\/\/api.w.org\/{rel}","templated":true}]}}