{"id":13699,"date":"2025-03-19T15:50:00","date_gmt":"2025-03-19T18:50:00","guid":{"rendered":"https:\/\/www.correiobraziliense.com.br\/cbradar\/?p=13699"},"modified":"2025-03-18T14:53:49","modified_gmt":"2025-03-18T17:53:49","slug":"essa-e-a-cidade-mais-arborizada-do-pais-pelo-sexto-ano-seguido","status":"publish","type":"post","link":"https:\/\/www.correiobraziliense.com.br\/cbradar\/essa-e-a-cidade-mais-arborizada-do-pais-pelo-sexto-ano-seguido\/","title":{"rendered":"Essa \u00e9 a cidade mais arborizada do pa\u00eds pelo sexto ano seguido"},"content":{"rendered":"\n<p><strong>Campo Grande<\/strong>, a capital do <strong>Mato Grosso do Sul,<\/strong> \u00e9 amplamente reconhecida por sua dedica\u00e7\u00e3o \u00e0 arboriza\u00e7\u00e3o urbana. Em 2025, a cidade foi novamente homenageada como uma das mais arborizadas do mundo, recebendo o t\u00edtulo de \u201c<strong>Tree City of the World<\/strong>\u201d pela sexta vez consecutiva. Este reconhecimento \u00e9 concedido pela <strong>FAO <\/strong>e pela <strong>Funda\u00e7\u00e3o Arbor Day,<\/strong> destacando o compromisso da cidade com a sustentabilidade.<\/p>\n\n\n\n<p>Este t\u00edtulo reflete os esfor\u00e7os cont\u00ednuos de Campo Grande em promover um ambiente urbano saud\u00e1vel. A cidade implementa pol\u00edticas eficazes para a manuten\u00e7\u00e3o e expans\u00e3o de suas \u00e1reas verdes, contribuindo significativamente para a qualidade de vida de seus habitantes. Este reconhecimento \u00e9 um testemunho do sucesso das estrat\u00e9gias ambientais adotadas pela administra\u00e7\u00e3o local.<\/p>\n\n\n\n<h2 class=\"wp-block-heading\">Como uma cidade se torna uma \u201cTree City of the World\u201d?<\/h2>\n\n\n\n<p>Para ser reconhecida como uma \u201cTree City of the World\u201d, uma cidade deve cumprir uma s\u00e9rie de crit\u00e9rios estabelecidos. Entre eles, \u00e9 fundamental possuir uma equipe dedicada \u00e0 gest\u00e3o das \u00e1rvores urbanas, al\u00e9m de leis espec\u00edficas para a arboriza\u00e7\u00e3o. A realiza\u00e7\u00e3o de eventos que promovam a conscientiza\u00e7\u00e3o ambiental tamb\u00e9m \u00e9 crucial, assim como o investimento cont\u00ednuo no plantio e na manuten\u00e7\u00e3o das \u00e1rvores.<\/p>\n\n\n\n<p>Campo Grande tem se destacado por sua abordagem integrada na gest\u00e3o de suas florestas urbanas. A cidade promove a participa\u00e7\u00e3o comunit\u00e1ria e a educa\u00e7\u00e3o ambiental, incentivando a preserva\u00e7\u00e3o e a valoriza\u00e7\u00e3o das \u00e1reas verdes. Este compromisso com a sustentabilidade \u00e9 um dos fatores que garantem o reconhecimento internacional da cidade.<\/p>\n\n\n\n<figure class=\"wp-block-image size-large\"><img decoding=\"async\" width=\"1024\" height=\"576\" src=\"https:\/\/www.correiobraziliense.com.br\/cbradar\/wp-content\/uploads\/2025\/03\/Mato-Grosso-do-Sul_1742319541379-1024x576.jpg\" alt=\"Essa \u00e9 a cidade mais arborizada do pa\u00eds pelo sexto ano seguido\" class=\"wp-image-13704\" srcset=\"https:\/\/www.correiobraziliense.com.br\/cbradar\/wp-content\/uploads\/2025\/03\/Mato-Grosso-do-Sul_1742319541379-1024x576.jpg 1024w, https:\/\/www.correiobraziliense.com.br\/cbradar\/wp-content\/uploads\/2025\/03\/Mato-Grosso-do-Sul_1742319541379-300x169.jpg 300w, https:\/\/www.correiobraziliense.com.br\/cbradar\/wp-content\/uploads\/2025\/03\/Mato-Grosso-do-Sul_1742319541379-768x432.jpg 768w, https:\/\/www.correiobraziliense.com.br\/cbradar\/wp-content\/uploads\/2025\/03\/Mato-Grosso-do-Sul_1742319541379-750x422.jpg 750w, https:\/\/www.correiobraziliense.com.br\/cbradar\/wp-content\/uploads\/2025\/03\/Mato-Grosso-do-Sul_1742319541379-1140x641.jpg 1140w, https:\/\/www.correiobraziliense.com.br\/cbradar\/wp-content\/uploads\/2025\/03\/Mato-Grosso-do-Sul_1742319541379.jpg 1280w\" sizes=\"(max-width: 1024px) 100vw, 1024px\" \/><figcaption class=\"wp-element-caption\">Mato Grosso do Sul. Cr\u00e9ditos: depositphotos.com \/ AntonMatyukha<\/figcaption><\/figure>\n\n\n\n<h2 class=\"wp-block-heading\">Quais os benef\u00edcios do reconhecimento para a comunidade?<\/h2>\n\n\n\n<p>O reconhecimento de Campo Grande como uma cidade arborizada traz in\u00fameros benef\u00edcios para a comunidade local. Al\u00e9m de aumentar o orgulho dos moradores, o t\u00edtulo atrai turistas e investidores que valorizam a sustentabilidade. A arboriza\u00e7\u00e3o urbana melhora a qualidade do ar, reduz a temperatura e promove o bem-estar dos habitantes.<\/p>\n\n\n\n<p>As \u00e1reas verdes servem como espa\u00e7os de lazer e conviv\u00eancia, fortalecendo o tecido social da cidade. A presen\u00e7a de \u00e1rvores em \u00e1reas urbanas tamb\u00e9m contribui para a sa\u00fade mental e f\u00edsica dos moradores, proporcionando um ambiente mais agrad\u00e1vel e saud\u00e1vel para todos.<\/p>\n\n\n\n<h2 class=\"wp-block-heading\">O programa \u201cTree Cities of the World\u201d e sua import\u00e2ncia global<\/h2>\n\n\n\n<p>O programa \u201cTree Cities of the World\u201d foi criado para reconhecer cidades que se destacam na gest\u00e3o sustent\u00e1vel de suas florestas urbanas. Atualmente, 24 pa\u00edses participam do programa, com 210 cidades reconhecidas, incluindo 34 brasileiras. Este programa promove a troca de experi\u00eancias e boas pr\u00e1ticas entre as cidades participantes.<\/p>\n\n\n\n<p>A rede global de cidades arborizadas incentiva a ado\u00e7\u00e3o de pol\u00edticas p\u00fablicas que valorizem a arboriza\u00e7\u00e3o urbana. Este esfor\u00e7o conjunto fortalece o compromisso mundial com a sustentabilidade e a melhoria da qualidade de vida nas cidades, mostrando que \u00e9 poss\u00edvel conciliar desenvolvimento urbano com preserva\u00e7\u00e3o ambiental.<\/p>\n","protected":false},"excerpt":{"rendered":"<p>Campo Grande recebe reconhecimento global pela sua dedica\u00e7\u00e3o \u00e0 arboriza\u00e7\u00e3o urbana. A cidade \u00e9 homenageada como &#8216;Tree City of the World&#8217; em 2025.<\/p>\n","protected":false},"author":3,"featured_media":13701,"comment_status":"open","ping_status":"open","sticky":false,"template":"","format":"standard","meta":{"_yoast_wpseo_focuskw":"cidade arborizada","_yoast_wpseo_title":"%%title%%","_yoast_wpseo_metadesc":"Campo Grande recebe reconhecimento global pela sua dedica\u00e7\u00e3o \u00e0 arboriza\u00e7\u00e3o urbana. A cidade \u00e9 homenageada como 'Tree City of the World' em 2025.","jnews-multi-image_gallery":[],"jnews_single_post":{"format":"standard"},"jnews_primary_category":[],"jnews_social_meta":[],"jnews_override_counter":[],"footnotes":""},"categories":[108],"tags":[109],"class_list":["post-13699","post","type-post","status-publish","format-standard","has-post-thumbnail","hentry","category-cidades","tag-cidades"],"yoast_head":"<!-- This site is optimized with the Yoast SEO plugin v24.6 - https:\/\/yoast.com\/wordpress\/plugins\/seo\/ -->\n<title>Essa \u00e9 a cidade mais arborizada do pa\u00eds pelo sexto ano seguido<\/title>\n<meta name=\"description\" content=\"Campo Grande recebe reconhecimento global pela sua dedica\u00e7\u00e3o \u00e0 arboriza\u00e7\u00e3o urbana. A cidade \u00e9 homenageada como &#039;Tree City of the World&#039; em 2025.\" \/>\n<meta name=\"robots\" content=\"index, follow, max-snippet:-1, max-image-preview:large, max-video-preview:-1\" \/>\n<link rel=\"canonical\" href=\"https:\/\/www.correiobraziliense.com.br\/cbradar\/essa-e-a-cidade-mais-arborizada-do-pais-pelo-sexto-ano-seguido\/\" \/>\n<meta property=\"og:locale\" content=\"pt_BR\" \/>\n<meta property=\"og:type\" content=\"article\" \/>\n<meta property=\"og:title\" content=\"Essa \u00e9 a cidade mais arborizada do pa\u00eds pelo sexto ano seguido\" \/>\n<meta property=\"og:description\" content=\"Campo Grande recebe reconhecimento global pela sua dedica\u00e7\u00e3o \u00e0 arboriza\u00e7\u00e3o urbana. A cidade \u00e9 homenageada como &#039;Tree City of the World&#039; em 2025.\" \/>\n<meta property=\"og:url\" content=\"https:\/\/www.correiobraziliense.com.br\/cbradar\/essa-e-a-cidade-mais-arborizada-do-pais-pelo-sexto-ano-seguido\/\" \/>\n<meta property=\"og:site_name\" content=\"Correio Braziliense - Radar\" \/>\n<meta property=\"article:published_time\" content=\"2025-03-19T18:50:00+00:00\" \/>\n<meta property=\"og:image\" content=\"https:\/\/www.correiobraziliense.com.br\/cbradar\/wp-content\/uploads\/2025\/03\/Mato-Grosso-do-Sul_1742319502555.jpg\" \/>\n\t<meta property=\"og:image:width\" content=\"1279\" \/>\n\t<meta property=\"og:image:height\" content=\"720\" \/>\n\t<meta property=\"og:image:type\" content=\"image\/jpeg\" \/>\n<meta name=\"author\" content=\"Larissa Carvalho\" \/>\n<meta name=\"twitter:card\" content=\"summary_large_image\" \/>\n<meta name=\"twitter:label1\" content=\"Escrito por\" \/>\n\t<meta name=\"twitter:data1\" content=\"Larissa Carvalho\" \/>\n\t<meta name=\"twitter:label2\" content=\"Est. tempo de leitura\" \/>\n\t<meta name=\"twitter:data2\" content=\"3 minutos\" \/>\n<!-- \/ Yoast SEO plugin. -->","yoast_head_json":{"title":"Essa \u00e9 a cidade mais arborizada do pa\u00eds pelo sexto ano seguido","description":"Campo Grande recebe reconhecimento global pela sua dedica\u00e7\u00e3o \u00e0 arboriza\u00e7\u00e3o urbana. A cidade \u00e9 homenageada como 'Tree City of the World' em 2025.","robots":{"index":"index","follow":"follow","max-snippet":"max-snippet:-1","max-image-preview":"max-image-preview:large","max-video-preview":"max-video-preview:-1"},"canonical":"https:\/\/www.correiobraziliense.com.br\/cbradar\/essa-e-a-cidade-mais-arborizada-do-pais-pelo-sexto-ano-seguido\/","og_locale":"pt_BR","og_type":"article","og_title":"Essa \u00e9 a cidade mais arborizada do pa\u00eds pelo sexto ano seguido","og_description":"Campo Grande recebe reconhecimento global pela sua dedica\u00e7\u00e3o \u00e0 arboriza\u00e7\u00e3o urbana. A cidade \u00e9 homenageada como 'Tree City of the World' em 2025.","og_url":"https:\/\/www.correiobraziliense.com.br\/cbradar\/essa-e-a-cidade-mais-arborizada-do-pais-pelo-sexto-ano-seguido\/","og_site_name":"Correio Braziliense - Radar","article_published_time":"2025-03-19T18:50:00+00:00","og_image":[{"width":1279,"height":720,"url":"https:\/\/www.correiobraziliense.com.br\/cbradar\/wp-content\/uploads\/2025\/03\/Mato-Grosso-do-Sul_1742319502555.jpg","type":"image\/jpeg"}],"author":"Larissa Carvalho","twitter_card":"summary_large_image","twitter_misc":{"Escrito por":"Larissa Carvalho","Est. tempo de leitura":"3 minutos"},"schema":{"@context":"https:\/\/schema.org","@graph":[{"@type":"WebPage","@id":"https:\/\/www.correiobraziliense.com.br\/cbradar\/essa-e-a-cidade-mais-arborizada-do-pais-pelo-sexto-ano-seguido\/","url":"https:\/\/www.correiobraziliense.com.br\/cbradar\/essa-e-a-cidade-mais-arborizada-do-pais-pelo-sexto-ano-seguido\/","name":"Essa \u00e9 a cidade mais arborizada do pa\u00eds pelo sexto ano seguido","isPartOf":{"@id":"https:\/\/www.correiobraziliense.com.br\/cbradar\/#website"},"primaryImageOfPage":{"@id":"https:\/\/www.correiobraziliense.com.br\/cbradar\/essa-e-a-cidade-mais-arborizada-do-pais-pelo-sexto-ano-seguido\/#primaryimage"},"image":{"@id":"https:\/\/www.correiobraziliense.com.br\/cbradar\/essa-e-a-cidade-mais-arborizada-do-pais-pelo-sexto-ano-seguido\/#primaryimage"},"thumbnailUrl":"https:\/\/www.correiobraziliense.com.br\/cbradar\/wp-content\/uploads\/2025\/03\/Mato-Grosso-do-Sul_1742319502555.jpg","datePublished":"2025-03-19T18:50:00+00:00","author":{"@id":"https:\/\/www.correiobraziliense.com.br\/cbradar\/#\/schema\/person\/58422787644df994b53a19d3e56c1513"},"description":"Campo Grande recebe reconhecimento global pela sua dedica\u00e7\u00e3o \u00e0 arboriza\u00e7\u00e3o urbana. A cidade \u00e9 homenageada como 'Tree City of the World' em 2025.","breadcrumb":{"@id":"https:\/\/www.correiobraziliense.com.br\/cbradar\/essa-e-a-cidade-mais-arborizada-do-pais-pelo-sexto-ano-seguido\/#breadcrumb"},"inLanguage":"pt-BR","potentialAction":[{"@type":"ReadAction","target":["https:\/\/www.correiobraziliense.com.br\/cbradar\/essa-e-a-cidade-mais-arborizada-do-pais-pelo-sexto-ano-seguido\/"]}]},{"@type":"ImageObject","inLanguage":"pt-BR","@id":"https:\/\/www.correiobraziliense.com.br\/cbradar\/essa-e-a-cidade-mais-arborizada-do-pais-pelo-sexto-ano-seguido\/#primaryimage","url":"https:\/\/www.correiobraziliense.com.br\/cbradar\/wp-content\/uploads\/2025\/03\/Mato-Grosso-do-Sul_1742319502555.jpg","contentUrl":"https:\/\/www.correiobraziliense.com.br\/cbradar\/wp-content\/uploads\/2025\/03\/Mato-Grosso-do-Sul_1742319502555.jpg","width":1279,"height":720,"caption":"Mato Grosso do Sul. Cr\u00e9ditos: depositphotos.com \/ pawopa3336"},{"@type":"BreadcrumbList","@id":"https:\/\/www.correiobraziliense.com.br\/cbradar\/essa-e-a-cidade-mais-arborizada-do-pais-pelo-sexto-ano-seguido\/#breadcrumb","itemListElement":[{"@type":"ListItem","position":1,"name":"In\u00edcio","item":"https:\/\/www.correiobraziliense.com.br\/cbradar\/"},{"@type":"ListItem","position":2,"name":"Essa \u00e9 a cidade mais arborizada do pa\u00eds pelo sexto ano seguido"}]},{"@type":"WebSite","@id":"https:\/\/www.correiobraziliense.com.br\/cbradar\/#website","url":"https:\/\/www.correiobraziliense.com.br\/cbradar\/","name":"Correio Braziliense - Radar","description":"Acompanhe as \u00faltimas not\u00edcias e fique bem informado sobre tudo o que acontece no Brasil e no mundo.","potentialAction":[{"@type":"SearchAction","target":{"@type":"EntryPoint","urlTemplate":"https:\/\/www.correiobraziliense.com.br\/cbradar\/?s={search_term_string}"},"query-input":{"@type":"PropertyValueSpecification","valueRequired":true,"valueName":"search_term_string"}}],"inLanguage":"pt-BR"},{"@type":"Person","@id":"https:\/\/www.correiobraziliense.com.br\/cbradar\/#\/schema\/person\/58422787644df994b53a19d3e56c1513","name":"Larissa Carvalho","image":{"@type":"ImageObject","inLanguage":"pt-BR","@id":"https:\/\/www.correiobraziliense.com.br\/cbradar\/#\/schema\/person\/image\/","url":"https:\/\/secure.gravatar.com\/avatar\/fe4f91a0de32b52a838d0d612abdc1aa?s=96&d=mm&r=g","contentUrl":"https:\/\/secure.gravatar.com\/avatar\/fe4f91a0de32b52a838d0d612abdc1aa?s=96&d=mm&r=g","caption":"Larissa Carvalho"},"url":"https:\/\/www.correiobraziliense.com.br\/cbradar\/author\/larissamyth\/"}]}},"_links":{"self":[{"href":"https:\/\/www.correiobraziliense.com.br\/cbradar\/wp-json\/wp\/v2\/posts\/13699","targetHints":{"allow":["GET"]}}],"collection":[{"href":"https:\/\/www.correiobraziliense.com.br\/cbradar\/wp-json\/wp\/v2\/posts"}],"about":[{"href":"https:\/\/www.correiobraziliense.com.br\/cbradar\/wp-json\/wp\/v2\/types\/post"}],"author":[{"embeddable":true,"href":"https:\/\/www.correiobraziliense.com.br\/cbradar\/wp-json\/wp\/v2\/users\/3"}],"replies":[{"embeddable":true,"href":"https:\/\/www.correiobraziliense.com.br\/cbradar\/wp-json\/wp\/v2\/comments?post=13699"}],"version-history":[{"count":1,"href":"https:\/\/www.correiobraziliense.com.br\/cbradar\/wp-json\/wp\/v2\/posts\/13699\/revisions"}],"predecessor-version":[{"id":13705,"href":"https:\/\/www.correiobraziliense.com.br\/cbradar\/wp-json\/wp\/v2\/posts\/13699\/revisions\/13705"}],"wp:featuredmedia":[{"embeddable":true,"href":"https:\/\/www.correiobraziliense.com.br\/cbradar\/wp-json\/wp\/v2\/media\/13701"}],"wp:attachment":[{"href":"https:\/\/www.correiobraziliense.com.br\/cbradar\/wp-json\/wp\/v2\/media?parent=13699"}],"wp:term":[{"taxonomy":"category","embeddable":true,"href":"https:\/\/www.correiobraziliense.com.br\/cbradar\/wp-json\/wp\/v2\/categories?post=13699"},{"taxonomy":"post_tag","embeddable":true,"href":"https:\/\/www.correiobraziliense.com.br\/cbradar\/wp-json\/wp\/v2\/tags?post=13699"}],"curies":[{"name":"wp","href":"https:\/\/api.w.org\/{rel}","templated":true}]}}