{"id":137068,"date":"2025-11-14T17:35:00","date_gmt":"2025-11-14T20:35:00","guid":{"rendered":"https:\/\/www.correiobraziliense.com.br\/cbradar\/?p=137068"},"modified":"2025-11-13T23:05:31","modified_gmt":"2025-11-14T02:05:31","slug":"por-que-manchas-amarelas-aparecem-em-travesseiros-e-quando-e-hora-de-troca-las","status":"publish","type":"post","link":"https:\/\/www.correiobraziliense.com.br\/cbradar\/por-que-manchas-amarelas-aparecem-em-travesseiros-e-quando-e-hora-de-troca-las\/","title":{"rendered":"Por que manchas amarelas aparecem em travesseiros e quando \u00e9 hora de troc\u00e1-las?"},"content":{"rendered":"\n<p>O bem-estar durante o descanso depende diretamente da <strong>qualidade dos acess\u00f3rios<\/strong> utilizados, principalmente dos travesseiros, que influenciam tanto a est\u00e9tica quanto a <strong>higiene<\/strong> do ambiente onde dormimos e podem afetar at\u00e9 nossa sa\u00fade.<\/p>\n\n\n\n<h2 class=\"wp-block-heading\">Como as manchas amarelas surgem nos travesseiros e o que isso indica<\/h2>\n\n\n\n<p>Com o passar do tempo, \u00e9 comum perceber <strong>manchas amareladas<\/strong> nos travesseiros, que n\u00e3o s\u00f3 prejudicam a apar\u00eancia como tamb\u00e9m sinalizam poss\u00edveis riscos de desgaste e ac\u00famulo de impurezas. Esse fen\u00f4meno ocorre por diversos motivos rotineiros relacionados \u00e0 nossa rotina de sono.<\/p>\n\n\n\n<p>Entre os fatores que mais contribuem est\u00e3o <strong>suor<\/strong>, <strong>saliva<\/strong>, <strong>\u00f3leos naturais do cabelo<\/strong> e at\u00e9 res\u00edduos de maquiagem. Quando o intervalo entre as lavagens se prolonga, o travesseiro tende a absorver ainda mais umidade, facilitando a prolifera\u00e7\u00e3o de microrganismos e comprometendo o frescor.<\/p>\n\n\n\n<p>O perfil @receitasdavivivoficial no TikTOk mostra uma dica importante de como retirar as manchas amarelas do travesseiro:<\/p>\n\n\n\n<blockquote class=\"tiktok-embed\" cite=\"https:\/\/www.tiktok.com\/@receitasdavivioficial\/video\/7189639233303317766\" data-video-id=\"7189639233303317766\" style=\"max-width: 605px;min-width: 325px;\" > <section> <a target=\"_blank\" title=\"@receitasdavivioficial\" href=\"https:\/\/www.tiktok.com\/@receitasdavivioficial?refer=embed\">@receitasdavivioficial<\/a> Seu Travesseiro encardido fica NOVO! Sem Lavar Sem usa Clorofina!<a title=\"aprendanotiktok\" target=\"_blank\" href=\"https:\/\/www.tiktok.com\/tag\/aprendanotiktok?refer=embed\">#aprendanotiktok<\/a> <a title=\"dicasdecasa\" target=\"_blank\" href=\"https:\/\/www.tiktok.com\/tag\/dicasdecasa?refer=embed\">#dicasdecasa<\/a> <a title=\"limpezadacasa\" target=\"_blank\" href=\"https:\/\/www.tiktok.com\/tag\/limpezadacasa?refer=embed\">#limpezadacasa<\/a> <a title=\"clorofilla\" target=\"_blank\" href=\"https:\/\/www.tiktok.com\/tag\/clorofilla?refer=embed\">#clorofilla<\/a> <a target=\"_blank\" title=\"\u266c som original - Receitas da Vivi\" href=\"https:\/\/www.tiktok.com\/music\/som-original-7189639282317855493?refer=embed\">\u266c som original &#8211; Receitas da Vivi<\/a> <\/section> <\/blockquote> <script async src=\"https:\/\/www.tiktok.com\/embed.js\"><\/script>\n\n\n\n<h2 class=\"wp-block-heading\">Veja como evitar manchas e proteger a sa\u00fade ao cuidar dos seus travesseiros<\/h2>\n\n\n\n<p>Al\u00e9m da quest\u00e3o est\u00e9tica, as manchas em travesseiros podem ser um indicativo da presen\u00e7a de <strong>\u00e1caros<\/strong>, <strong>fungos<\/strong> e bact\u00e9rias, respons\u00e1veis pelo aparecimento de alergias, acne e outros problemas. Adotar pr\u00e1ticas preventivas simples \u00e9 fundamental para garantir a <strong>sa\u00fade e o conforto<\/strong>.<\/p>\n\n\n\n<p>Adotar alguns cuidados no dia a dia pode ser decisivo para manter seus travesseiros sempre conservados e seguros para o uso. Veja abaixo algumas pr\u00e1ticas eficazes para esse objetivo:<\/p>\n\n\n\n<ul class=\"wp-block-list\">\n<li><strong>Utilize capas lav\u00e1veis<\/strong> e realize trocas regularmente.<\/li>\n\n\n\n<li><strong>Evite deitar-se com o cabelo molhado<\/strong> ou com res\u00edduos de cosm\u00e9ticos.<\/li>\n\n\n\n<li><strong>Lave os travesseiros periodicamente<\/strong>, levando em conta o material de fabrica\u00e7\u00e3o.<\/li>\n\n\n\n<li><strong>Deixe os travesseiros arejarem ao sol<\/strong> por algumas horas de tempos em tempos, pois a luz solar ajuda a eliminar \u00e1caros e a reduzir umidade.<\/li>\n\n\n\n<li><strong>Verifique sinais de desgaste<\/strong> regularmente para identificar poss\u00edveis necessidades de troca antecipada.<\/li>\n<\/ul>\n\n\n\n<h2 class=\"wp-block-heading\">Saiba identificar o momento certo de trocar seu travesseiro<\/h2>\n\n\n\n<p>Mesmo quando bem cuidados, os travesseiros possuem vida \u00fatil limitada. Uma pr\u00e1tica simples \u00e9 dobrar o travesseiro ao meio: se ele n\u00e3o retornar \u00e0 forma original, j\u00e1 \u00e9 hora de trocar.<\/p>\n\n\n\n<p>Recomenda-se que adultos troquem seus travesseiros a cada 6 a 12 meses. Para crian\u00e7as e idosos, o per\u00edodo ideal \u00e9 de 4 a 8 meses, especialmente ao perceber <strong>diminui\u00e7\u00e3o da firmeza<\/strong>, maus odores ou desconfortos recorrentes. Al\u00e9m disso, pessoas al\u00e9rgicas ou com problemas respirat\u00f3rios devem ser ainda mais rigorosas e considerar intervalos menores para trocar os travesseiros.<\/p>\n\n\n\n<figure class=\"wp-block-image size-large\"><img decoding=\"async\" width=\"1024\" height=\"576\" src=\"https:\/\/www.correiobraziliense.com.br\/cbradar\/wp-content\/uploads\/2025\/11\/travesseira_1763085911600-1024x576.jpg\" alt=\"Por que manchas amarelas aparecem em travesseiros e quando \u00e9 hora de troc\u00e1-las?\" class=\"wp-image-137215\" srcset=\"https:\/\/www.correiobraziliense.com.br\/cbradar\/wp-content\/uploads\/2025\/11\/travesseira_1763085911600-1024x576.jpg 1024w, https:\/\/www.correiobraziliense.com.br\/cbradar\/wp-content\/uploads\/2025\/11\/travesseira_1763085911600-300x169.jpg 300w, https:\/\/www.correiobraziliense.com.br\/cbradar\/wp-content\/uploads\/2025\/11\/travesseira_1763085911600-768x432.jpg 768w, https:\/\/www.correiobraziliense.com.br\/cbradar\/wp-content\/uploads\/2025\/11\/travesseira_1763085911600-750x422.jpg 750w, https:\/\/www.correiobraziliense.com.br\/cbradar\/wp-content\/uploads\/2025\/11\/travesseira_1763085911600-1140x641.jpg 1140w, https:\/\/www.correiobraziliense.com.br\/cbradar\/wp-content\/uploads\/2025\/11\/travesseira_1763085911600.jpg 1280w\" sizes=\"(max-width: 1024px) 100vw, 1024px\" \/><figcaption class=\"wp-element-caption\">Um travesseiro adequado mant\u00e9m a cabe\u00e7a, o pesco\u00e7o e a coluna alinhados, prevenindo dores cervicais e lombares. Cr\u00e9ditos: depositphotos.com \/ DenisDenisenko <\/figcaption><\/figure>\n\n\n\n<h2 class=\"wp-block-heading\">Por que investir em travesseiros de qualidade traz benef\u00edcios para o sono e a sa\u00fade<\/h2>\n\n\n\n<p>Optar por travesseiros de qualidade <strong>impacta diretamente a qualidade do sono<\/strong> e a sa\u00fade, j\u00e1 que eles favorecem uma <strong>postura adequada<\/strong> e dificultam a prolifera\u00e7\u00e3o de \u00e1caros. Essa escolha contribui para noites mais confort\u00e1veis e tranquilas.<\/p>\n\n\n\n<p>Al\u00e9m de conferir melhor suporte ao pesco\u00e7o, modelos de alto padr\u00e3o utilizam tecnologias que otimizam a ventila\u00e7\u00e3o e a prote\u00e7\u00e3o contra microrganismos. Hoje, existem travesseiros com tratamentos anti\u00e1caro, antial\u00e9rgico e at\u00e9 tecidos que ajudam a manter a temperatura agrad\u00e1vel durante o sono. Assim, investir em bons travesseiros \u00e9 sin\u00f4nimo de <strong>bem-estar e sa\u00fade a longo prazo<\/strong>.<\/p>\n","protected":false},"excerpt":{"rendered":"<p>Descubra o segredo para manter suas almofadas frescas e saud\u00e1veis! Aprenda a eliminar manchas amarelas e quando substituir suas almofadas.<\/p>\n","protected":false},"author":3,"featured_media":137214,"comment_status":"open","ping_status":"open","sticky":false,"template":"","format":"standard","meta":{"_yoast_wpseo_focuskw":"manchas amarelas travesseiros","_yoast_wpseo_title":"%%title%%","_yoast_wpseo_metadesc":"Descubra o segredo para manter suas almofadas frescas e saud\u00e1veis! Aprenda a eliminar manchas amarelas e quando substituir suas almofadas.","jnews-multi-image_gallery":[],"jnews_single_post":{"format":"standard"},"jnews_primary_category":[],"jnews_social_meta":[],"jnews_override_counter":[],"footnotes":""},"categories":[112],"tags":[2626,144,1973,1241,6260],"class_list":["post-137068","post","type-post","status-publish","format-standard","has-post-thumbnail","hentry","category-curiosidades","tag-como-limpar","tag-curiosidades","tag-dicas-de-limpeza","tag-limpeza","tag-travesseiro"],"yoast_head":"<!-- This site is optimized with the Yoast SEO plugin v24.6 - https:\/\/yoast.com\/wordpress\/plugins\/seo\/ -->\n<title>Por que manchas amarelas aparecem em travesseiros e quando \u00e9 hora de troc\u00e1-las?<\/title>\n<meta name=\"description\" content=\"Descubra o segredo para manter suas almofadas frescas e saud\u00e1veis! Aprenda a eliminar manchas amarelas e quando substituir suas almofadas.\" \/>\n<meta name=\"robots\" content=\"index, follow, max-snippet:-1, max-image-preview:large, max-video-preview:-1\" \/>\n<link rel=\"canonical\" href=\"https:\/\/www.correiobraziliense.com.br\/cbradar\/por-que-manchas-amarelas-aparecem-em-travesseiros-e-quando-e-hora-de-troca-las\/\" \/>\n<meta property=\"og:locale\" content=\"pt_BR\" \/>\n<meta property=\"og:type\" content=\"article\" \/>\n<meta property=\"og:title\" content=\"Por que manchas amarelas aparecem em travesseiros e quando \u00e9 hora de troc\u00e1-las?\" \/>\n<meta property=\"og:description\" content=\"Descubra o segredo para manter suas almofadas frescas e saud\u00e1veis! Aprenda a eliminar manchas amarelas e quando substituir suas almofadas.\" \/>\n<meta property=\"og:url\" content=\"https:\/\/www.correiobraziliense.com.br\/cbradar\/por-que-manchas-amarelas-aparecem-em-travesseiros-e-quando-e-hora-de-troca-las\/\" \/>\n<meta property=\"og:site_name\" content=\"Correio Braziliense - Radar\" \/>\n<meta property=\"article:published_time\" content=\"2025-11-14T20:35:00+00:00\" \/>\n<meta property=\"og:image\" content=\"https:\/\/www.correiobraziliense.com.br\/cbradar\/wp-content\/uploads\/2025\/11\/Manchas-Amarelas-em-Travesseiros.png\" \/>\n\t<meta property=\"og:image:width\" content=\"1344\" \/>\n\t<meta property=\"og:image:height\" content=\"768\" \/>\n\t<meta property=\"og:image:type\" content=\"image\/png\" \/>\n<meta name=\"author\" content=\"Larissa Carvalho\" \/>\n<meta name=\"twitter:card\" content=\"summary_large_image\" \/>\n<meta name=\"twitter:label1\" content=\"Escrito por\" \/>\n\t<meta name=\"twitter:data1\" content=\"Larissa Carvalho\" \/>\n\t<meta name=\"twitter:label2\" content=\"Est. tempo de leitura\" \/>\n\t<meta name=\"twitter:data2\" content=\"4 minutos\" \/>\n<!-- \/ Yoast SEO plugin. -->","yoast_head_json":{"title":"Por que manchas amarelas aparecem em travesseiros e quando \u00e9 hora de troc\u00e1-las?","description":"Descubra o segredo para manter suas almofadas frescas e saud\u00e1veis! Aprenda a eliminar manchas amarelas e quando substituir suas almofadas.","robots":{"index":"index","follow":"follow","max-snippet":"max-snippet:-1","max-image-preview":"max-image-preview:large","max-video-preview":"max-video-preview:-1"},"canonical":"https:\/\/www.correiobraziliense.com.br\/cbradar\/por-que-manchas-amarelas-aparecem-em-travesseiros-e-quando-e-hora-de-troca-las\/","og_locale":"pt_BR","og_type":"article","og_title":"Por que manchas amarelas aparecem em travesseiros e quando \u00e9 hora de troc\u00e1-las?","og_description":"Descubra o segredo para manter suas almofadas frescas e saud\u00e1veis! Aprenda a eliminar manchas amarelas e quando substituir suas almofadas.","og_url":"https:\/\/www.correiobraziliense.com.br\/cbradar\/por-que-manchas-amarelas-aparecem-em-travesseiros-e-quando-e-hora-de-troca-las\/","og_site_name":"Correio Braziliense - Radar","article_published_time":"2025-11-14T20:35:00+00:00","og_image":[{"width":1344,"height":768,"url":"https:\/\/www.correiobraziliense.com.br\/cbradar\/wp-content\/uploads\/2025\/11\/Manchas-Amarelas-em-Travesseiros.png","type":"image\/png"}],"author":"Larissa Carvalho","twitter_card":"summary_large_image","twitter_misc":{"Escrito por":"Larissa Carvalho","Est. tempo de leitura":"4 minutos"},"schema":{"@context":"https:\/\/schema.org","@graph":[{"@type":"WebPage","@id":"https:\/\/www.correiobraziliense.com.br\/cbradar\/por-que-manchas-amarelas-aparecem-em-travesseiros-e-quando-e-hora-de-troca-las\/","url":"https:\/\/www.correiobraziliense.com.br\/cbradar\/por-que-manchas-amarelas-aparecem-em-travesseiros-e-quando-e-hora-de-troca-las\/","name":"Por que manchas amarelas aparecem em travesseiros e quando \u00e9 hora de troc\u00e1-las?","isPartOf":{"@id":"https:\/\/www.correiobraziliense.com.br\/cbradar\/#website"},"primaryImageOfPage":{"@id":"https:\/\/www.correiobraziliense.com.br\/cbradar\/por-que-manchas-amarelas-aparecem-em-travesseiros-e-quando-e-hora-de-troca-las\/#primaryimage"},"image":{"@id":"https:\/\/www.correiobraziliense.com.br\/cbradar\/por-que-manchas-amarelas-aparecem-em-travesseiros-e-quando-e-hora-de-troca-las\/#primaryimage"},"thumbnailUrl":"https:\/\/www.correiobraziliense.com.br\/cbradar\/wp-content\/uploads\/2025\/11\/Manchas-Amarelas-em-Travesseiros.png","datePublished":"2025-11-14T20:35:00+00:00","author":{"@id":"https:\/\/www.correiobraziliense.com.br\/cbradar\/#\/schema\/person\/58422787644df994b53a19d3e56c1513"},"description":"Descubra o segredo para manter suas almofadas frescas e saud\u00e1veis! Aprenda a eliminar manchas amarelas e quando substituir suas almofadas.","breadcrumb":{"@id":"https:\/\/www.correiobraziliense.com.br\/cbradar\/por-que-manchas-amarelas-aparecem-em-travesseiros-e-quando-e-hora-de-troca-las\/#breadcrumb"},"inLanguage":"pt-BR","potentialAction":[{"@type":"ReadAction","target":["https:\/\/www.correiobraziliense.com.br\/cbradar\/por-que-manchas-amarelas-aparecem-em-travesseiros-e-quando-e-hora-de-troca-las\/"]}]},{"@type":"ImageObject","inLanguage":"pt-BR","@id":"https:\/\/www.correiobraziliense.com.br\/cbradar\/por-que-manchas-amarelas-aparecem-em-travesseiros-e-quando-e-hora-de-troca-las\/#primaryimage","url":"https:\/\/www.correiobraziliense.com.br\/cbradar\/wp-content\/uploads\/2025\/11\/Manchas-Amarelas-em-Travesseiros.png","contentUrl":"https:\/\/www.correiobraziliense.com.br\/cbradar\/wp-content\/uploads\/2025\/11\/Manchas-Amarelas-em-Travesseiros.png","width":1344,"height":768,"caption":"Ajuda a prevenir problemas posturais e evita tens\u00f5es musculares que causam cansa\u00e7o ao despertar."},{"@type":"BreadcrumbList","@id":"https:\/\/www.correiobraziliense.com.br\/cbradar\/por-que-manchas-amarelas-aparecem-em-travesseiros-e-quando-e-hora-de-troca-las\/#breadcrumb","itemListElement":[{"@type":"ListItem","position":1,"name":"In\u00edcio","item":"https:\/\/www.correiobraziliense.com.br\/cbradar\/"},{"@type":"ListItem","position":2,"name":"Por que manchas amarelas aparecem em travesseiros e quando \u00e9 hora de troc\u00e1-las?"}]},{"@type":"WebSite","@id":"https:\/\/www.correiobraziliense.com.br\/cbradar\/#website","url":"https:\/\/www.correiobraziliense.com.br\/cbradar\/","name":"Correio Braziliense - Radar","description":"Acompanhe as \u00faltimas not\u00edcias e fique bem informado sobre tudo o que acontece no Brasil e no mundo.","potentialAction":[{"@type":"SearchAction","target":{"@type":"EntryPoint","urlTemplate":"https:\/\/www.correiobraziliense.com.br\/cbradar\/?s={search_term_string}"},"query-input":{"@type":"PropertyValueSpecification","valueRequired":true,"valueName":"search_term_string"}}],"inLanguage":"pt-BR"},{"@type":"Person","@id":"https:\/\/www.correiobraziliense.com.br\/cbradar\/#\/schema\/person\/58422787644df994b53a19d3e56c1513","name":"Larissa Carvalho","image":{"@type":"ImageObject","inLanguage":"pt-BR","@id":"https:\/\/www.correiobraziliense.com.br\/cbradar\/#\/schema\/person\/image\/","url":"https:\/\/secure.gravatar.com\/avatar\/fe4f91a0de32b52a838d0d612abdc1aa?s=96&d=mm&r=g","contentUrl":"https:\/\/secure.gravatar.com\/avatar\/fe4f91a0de32b52a838d0d612abdc1aa?s=96&d=mm&r=g","caption":"Larissa Carvalho"},"url":"https:\/\/www.correiobraziliense.com.br\/cbradar\/author\/larissamyth\/"}]}},"_links":{"self":[{"href":"https:\/\/www.correiobraziliense.com.br\/cbradar\/wp-json\/wp\/v2\/posts\/137068","targetHints":{"allow":["GET"]}}],"collection":[{"href":"https:\/\/www.correiobraziliense.com.br\/cbradar\/wp-json\/wp\/v2\/posts"}],"about":[{"href":"https:\/\/www.correiobraziliense.com.br\/cbradar\/wp-json\/wp\/v2\/types\/post"}],"author":[{"embeddable":true,"href":"https:\/\/www.correiobraziliense.com.br\/cbradar\/wp-json\/wp\/v2\/users\/3"}],"replies":[{"embeddable":true,"href":"https:\/\/www.correiobraziliense.com.br\/cbradar\/wp-json\/wp\/v2\/comments?post=137068"}],"version-history":[{"count":3,"href":"https:\/\/www.correiobraziliense.com.br\/cbradar\/wp-json\/wp\/v2\/posts\/137068\/revisions"}],"predecessor-version":[{"id":137216,"href":"https:\/\/www.correiobraziliense.com.br\/cbradar\/wp-json\/wp\/v2\/posts\/137068\/revisions\/137216"}],"wp:featuredmedia":[{"embeddable":true,"href":"https:\/\/www.correiobraziliense.com.br\/cbradar\/wp-json\/wp\/v2\/media\/137214"}],"wp:attachment":[{"href":"https:\/\/www.correiobraziliense.com.br\/cbradar\/wp-json\/wp\/v2\/media?parent=137068"}],"wp:term":[{"taxonomy":"category","embeddable":true,"href":"https:\/\/www.correiobraziliense.com.br\/cbradar\/wp-json\/wp\/v2\/categories?post=137068"},{"taxonomy":"post_tag","embeddable":true,"href":"https:\/\/www.correiobraziliense.com.br\/cbradar\/wp-json\/wp\/v2\/tags?post=137068"}],"curies":[{"name":"wp","href":"https:\/\/api.w.org\/{rel}","templated":true}]}}