{"id":137151,"date":"2025-11-14T15:55:00","date_gmt":"2025-11-14T18:55:00","guid":{"rendered":"https:\/\/www.correiobraziliense.com.br\/cbradar\/?p=137151"},"modified":"2025-11-13T20:48:33","modified_gmt":"2025-11-13T23:48:33","slug":"esmaltes-ideais-para-mulheres-acima-dos-40","status":"publish","type":"post","link":"https:\/\/www.correiobraziliense.com.br\/cbradar\/esmaltes-ideais-para-mulheres-acima-dos-40\/","title":{"rendered":"Esmaltes ideais para mulheres acima dos 40"},"content":{"rendered":"\n<p>Escolher o <strong>Esmalte <\/strong>certo pode ser um elemento transformador no visual de qualquer pessoa, especialmente para mulheres acima dos 40 anos que buscam um look mais jovem e sofisticado. Pequenas mudan\u00e7as, como a escolha da cor ideal, t\u00eam o poder de iluminar a pele e destacar os tra\u00e7os, transformando completamente a apar\u00eancia. Um Esmalte bem escolhido n\u00e3o s\u00f3 real\u00e7a a beleza das m\u00e3os, mas tamb\u00e9m confere uma sensa\u00e7\u00e3o moderna e atual.<\/p>\n\n\n\n<p>Optar por cores neutras \u00e9 uma estrat\u00e9gia eficaz para rejuvenescer o visual com eleg\u00e2ncia e simplicidade. Cores como o&nbsp;<strong>nude<\/strong>&nbsp;s\u00e3o extremamente vers\u00e1teis e oferecem um toque sofisticado que pode ser adaptado para qualquer situa\u00e7\u00e3o e estilo. Da mesma forma, o&nbsp;<strong>bege<\/strong>&nbsp;\u00e9 uma excelente escolha para aquelas que preferem uma abordagem minimalista e elegante, pois real\u00e7a a beleza natural das unhas sem sacrificar a sofistica\u00e7\u00e3o.<\/p>\n\n\n\n<h2 class=\"wp-block-heading\">Por que as cores neutras s\u00e3o escolhas acertadas para real\u00e7ar o look?<\/h2>\n\n\n\n<p>As cores neutras t\u00eam o poder de criar uma base elegante e atemporal para o visual. O&nbsp;<em>nude<\/em>, em particular, destaca-se por sua versatilidade, proporcionando um toque sofisticado que \u00e9 v\u00e1lido em qualquer contexto. Esse tom harmoniza bem com diversas paletas de cores e estilos, tornando-se uma escolha popular entre aqueles que buscam simplicidade e sofistica\u00e7\u00e3o.<\/p>\n\n\n\n<h2 class=\"wp-block-heading\">Quais cores de Esmalte s\u00e3o ideais para mulheres acima dos 40 anos?<\/h2>\n\n\n<div class=\"wp-block-image\">\n<figure class=\"aligncenter size-large\"><img decoding=\"async\" width=\"1024\" height=\"576\" src=\"https:\/\/www.correiobraziliense.com.br\/cbradar\/wp-content\/uploads\/2025\/10\/Unhas-_1759769044123-1024x576.jpg\" alt=\"\" class=\"wp-image-114804\" srcset=\"https:\/\/www.correiobraziliense.com.br\/cbradar\/wp-content\/uploads\/2025\/10\/Unhas-_1759769044123-1024x576.jpg 1024w, https:\/\/www.correiobraziliense.com.br\/cbradar\/wp-content\/uploads\/2025\/10\/Unhas-_1759769044123-300x169.jpg 300w, https:\/\/www.correiobraziliense.com.br\/cbradar\/wp-content\/uploads\/2025\/10\/Unhas-_1759769044123-768x432.jpg 768w, https:\/\/www.correiobraziliense.com.br\/cbradar\/wp-content\/uploads\/2025\/10\/Unhas-_1759769044123-750x422.jpg 750w, https:\/\/www.correiobraziliense.com.br\/cbradar\/wp-content\/uploads\/2025\/10\/Unhas-_1759769044123-1140x641.jpg 1140w, https:\/\/www.correiobraziliense.com.br\/cbradar\/wp-content\/uploads\/2025\/10\/Unhas-_1759769044123.jpg 1280w\" sizes=\"(max-width: 1024px) 100vw, 1024px\" \/><figcaption class=\"wp-element-caption\">Unhas &#8211; Cr\u00e9ditos: depositphotos.com \/ AntonMatyukha<\/figcaption><\/figure><\/div>\n\n\n<p>Al\u00e9m dos neutros, outras cores vibrantes e joviais podem tamb\u00e9m iluminar a apar\u00eancia e trazer um toque de frescor. O&nbsp;<strong>vermelho cereja<\/strong>, por exemplo, \u00e9 um cl\u00e1ssico atemporal que valoriza as peles maduras com seu tom vibrante. J\u00e1 o&nbsp;<strong>rosa antigo<\/strong>, com seu charme delicado, \u00e9 perfeito para um toque rom\u00e2ntico. Tons como&nbsp;<em>terracota<\/em>&nbsp;ou&nbsp;<em>lil\u00e1s suave<\/em>&nbsp;s\u00e3o escolhas modernas que atualizam o visual de forma discreta e inovadora.<\/p>\n\n\n\n<h2 class=\"wp-block-heading\">Como combinar o tom de Esmalte com a cor de pele?<\/h2>\n\n\n\n<p>A escolha da tonalidade do Esmalte pode ser otimizada ao considerar o tom de pele. Assim, cores como\u00a0<strong>bege<\/strong>\u00a0e\u00a0<strong>rosa antigo<\/strong>\u00a0tendem a harmonizar bem com pele clara, criando uma est\u00e9tica equilibrada. Por outro lado, peles m\u00e9dias e morenas s\u00e3o acentuadas com tons de\u00a0<em>nude<\/em>\u00a0e cores quentes, como o\u00a0<strong>vermelho cereja<\/strong>, que oferecem um contraste sofisticado e destacam a beleza natural.<\/p>\n\n\n\n<h2 class=\"wp-block-heading\">Como os esmaltes e nail arts podem refletir a personalidade?<\/h2>\n\n\n\n<p>A escolha das cores de Esmalte pode ser uma forma expressiva de apresentar a personalidade. Al\u00e9m das cores, t\u00e9cnicas como nail arts oferecem a chance de renovar o visual com criatividade. A combina\u00e7\u00e3o de tons foscos e brilhantes, assim como detalhes discretos, adicionam uma camada extra de estilo e <a href=\"https:\/\/www.correiobraziliense.com.br\/cbradar\/diego-wildberger-psicoterapeuta-ansiedade-nao-e-so-medo-do-futuro-e-isso-muda-tudo\/\" target=\"_blank\" rel=\"noreferrer noopener\">confian\u00e7a<\/a>, permitindo que mulheres maduras exibam seu gosto pessoal e eleg\u00e2ncia.<\/p>\n\n\n<a href=\"https:\/\/www.instagram.com\/dra.annaluisabf\/\" target=\"_blank\" rel=\"noopener\" style=\"text-decoration: none; color: inherit;\">\n    <span style=\"display: inline-block; border: 1px solid #ccc; border-radius: 10px; padding: 15px; max-width: 550px; font-family: sans-serif; box-shadow: 0 2px 5px rgba(0,0,0,0.1); width: 100%;\">\n\n      <!-- T\u00edtulo -->\n      <span style=\"display: block; margin: 0 0 15px 0; font-weight: bold; color: #2c3e50; text-align: center;\">\n        Entre em contato:\n      <\/span>\n\n      <!-- Linha do perfil -->\n      <span style=\"display: flex; align-items: center; gap: 15px;\">\n        <img decoding=\"async\"\n          src=\"https:\/\/www.correiobraziliense.com.br\/cbradar\/wp-content\/uploads\/2025\/08\/dra_anna_luisa.jpeg\"\n          alt=\"Foto da Dra. Anna Lu\u00edsa\"\n          style=\"border-radius: 50%; width: 80px; height: 80px; object-fit: cover;\"\n        \/>\n        <span style=\"display: flex; flex-direction: column;\">\n          <span style=\"font-size: 18px; font-weight: 700; color: #2c3e50;\">Dra. Anna Lu\u00edsa Barbosa Fernandes<\/span>\n          <span style=\"color: #555;\">CRM-GO 33.271<\/span>\n        <\/span>\n      <\/span>\n\n      <!-- Redes -->\n      <span style=\"display: flex; align-items: center; gap: 10px; margin-top: 12px;\">\n        <img decoding=\"async\" src=\"https:\/\/cdn-icons-png.flaticon.com\/24\/1384\/1384063.png\" alt=\"Instagram\" width=\"24\" height=\"24\" \/>\n        <span style=\"text-decoration: underline; color: #2c3e50;\">@dra.annaluisabf<\/span>\n      <\/span>\n\n    <\/span>\n  <\/a>","protected":false},"excerpt":{"rendered":"<p>Escolher o Esmalte certo pode ser um elemento transformador no visual de qualquer pessoa, especialmente para mulheres acima dos 40 anos que buscam um look mais jovem e sofisticado. Pequenas mudan\u00e7as, como a escolha da cor ideal, t\u00eam o poder de iluminar a pele e destacar os tra\u00e7os, transformando completamente a apar\u00eancia. Um Esmalte bem [&hellip;]<\/p>\n","protected":false},"author":14,"featured_media":97965,"comment_status":"open","ping_status":"open","sticky":false,"template":"","format":"standard","meta":{"_yoast_wpseo_focuskw":"Esmalte","_yoast_wpseo_title":"","_yoast_wpseo_metadesc":"Descubra os esmaltes ideais para mulheres acima dos 40 e veja como real\u00e7ar sua beleza com sofistica\u00e7\u00e3o e um toque moderno.","jnews-multi-image_gallery":[],"jnews_single_post":{"format":"standard"},"jnews_primary_category":[],"jnews_social_meta":[],"jnews_override_counter":[],"footnotes":""},"categories":[4404],"post_tag":[120,247,1318],"class_list":["post-137151","post","type-post","status-publish","format-standard","has-post-thumbnail","hentry","category-saude","tag-bem-estar","tag-qualidade-de-vida","tag-saude-2"],"yoast_head":"<!-- This site is optimized with the Yoast SEO plugin v24.6 - https:\/\/yoast.com\/wordpress\/plugins\/seo\/ -->\n<title>Esmaltes ideais para mulheres acima dos 40 - Correio Braziliense - Radar<\/title>\n<meta name=\"description\" content=\"Descubra os esmaltes ideais para mulheres acima dos 40 e veja como real\u00e7ar sua beleza com sofistica\u00e7\u00e3o e um toque moderno.\" \/>\n<meta name=\"robots\" content=\"index, follow, max-snippet:-1, max-image-preview:large, max-video-preview:-1\" \/>\n<link rel=\"canonical\" href=\"https:\/\/www.correiobraziliense.com.br\/cbradar\/esmaltes-ideais-para-mulheres-acima-dos-40\/\" \/>\n<meta property=\"og:locale\" content=\"pt_BR\" \/>\n<meta property=\"og:type\" content=\"article\" \/>\n<meta property=\"og:title\" content=\"Esmaltes ideais para mulheres acima dos 40 - Correio Braziliense - Radar\" \/>\n<meta property=\"og:description\" content=\"Descubra os esmaltes ideais para mulheres acima dos 40 e veja como real\u00e7ar sua beleza com sofistica\u00e7\u00e3o e um toque moderno.\" \/>\n<meta property=\"og:url\" content=\"https:\/\/www.correiobraziliense.com.br\/cbradar\/esmaltes-ideais-para-mulheres-acima-dos-40\/\" \/>\n<meta property=\"og:site_name\" content=\"Correio Braziliense - Radar\" \/>\n<meta property=\"article:published_time\" content=\"2025-11-14T18:55:00+00:00\" \/>\n<meta property=\"og:image\" content=\"https:\/\/www.correiobraziliense.com.br\/cbradar\/wp-content\/uploads\/2025\/09\/unhas_1756934492463.jpg\" \/>\n\t<meta property=\"og:image:width\" content=\"1280\" \/>\n\t<meta property=\"og:image:height\" content=\"720\" \/>\n\t<meta property=\"og:image:type\" content=\"image\/jpeg\" \/>\n<meta name=\"author\" content=\"guilherme_saude\" \/>\n<meta name=\"twitter:card\" content=\"summary_large_image\" \/>\n<meta name=\"twitter:label1\" content=\"Escrito por\" \/>\n\t<meta name=\"twitter:data1\" content=\"guilherme_saude\" \/>\n\t<meta name=\"twitter:label2\" content=\"Est. tempo de leitura\" \/>\n\t<meta name=\"twitter:data2\" content=\"4 minutos\" \/>\n<!-- \/ Yoast SEO plugin. -->","yoast_head_json":{"title":"Esmaltes ideais para mulheres acima dos 40 - Correio Braziliense - Radar","description":"Descubra os esmaltes ideais para mulheres acima dos 40 e veja como real\u00e7ar sua beleza com sofistica\u00e7\u00e3o e um toque moderno.","robots":{"index":"index","follow":"follow","max-snippet":"max-snippet:-1","max-image-preview":"max-image-preview:large","max-video-preview":"max-video-preview:-1"},"canonical":"https:\/\/www.correiobraziliense.com.br\/cbradar\/esmaltes-ideais-para-mulheres-acima-dos-40\/","og_locale":"pt_BR","og_type":"article","og_title":"Esmaltes ideais para mulheres acima dos 40 - Correio Braziliense - Radar","og_description":"Descubra os esmaltes ideais para mulheres acima dos 40 e veja como real\u00e7ar sua beleza com sofistica\u00e7\u00e3o e um toque moderno.","og_url":"https:\/\/www.correiobraziliense.com.br\/cbradar\/esmaltes-ideais-para-mulheres-acima-dos-40\/","og_site_name":"Correio Braziliense - Radar","article_published_time":"2025-11-14T18:55:00+00:00","og_image":[{"width":1280,"height":720,"url":"https:\/\/www.correiobraziliense.com.br\/cbradar\/wp-content\/uploads\/2025\/09\/unhas_1756934492463.jpg","type":"image\/jpeg"}],"author":"guilherme_saude","twitter_card":"summary_large_image","twitter_misc":{"Escrito por":"guilherme_saude","Est. tempo de leitura":"4 minutos"},"schema":{"@context":"https:\/\/schema.org","@graph":[{"@type":"WebPage","@id":"https:\/\/www.correiobraziliense.com.br\/cbradar\/esmaltes-ideais-para-mulheres-acima-dos-40\/","url":"https:\/\/www.correiobraziliense.com.br\/cbradar\/esmaltes-ideais-para-mulheres-acima-dos-40\/","name":"Esmaltes ideais para mulheres acima dos 40 - Correio Braziliense - Radar","isPartOf":{"@id":"https:\/\/www.correiobraziliense.com.br\/cbradar\/#website"},"primaryImageOfPage":{"@id":"https:\/\/www.correiobraziliense.com.br\/cbradar\/esmaltes-ideais-para-mulheres-acima-dos-40\/#primaryimage"},"image":{"@id":"https:\/\/www.correiobraziliense.com.br\/cbradar\/esmaltes-ideais-para-mulheres-acima-dos-40\/#primaryimage"},"thumbnailUrl":"https:\/\/www.correiobraziliense.com.br\/cbradar\/wp-content\/uploads\/2025\/09\/unhas_1756934492463.jpg","datePublished":"2025-11-14T18:55:00+00:00","author":{"@id":"https:\/\/www.correiobraziliense.com.br\/cbradar\/#\/schema\/person\/5aa4bf3c8fa699c267933611de12978b"},"description":"Descubra os esmaltes ideais para mulheres acima dos 40 e veja como real\u00e7ar sua beleza com sofistica\u00e7\u00e3o e um toque moderno.","breadcrumb":{"@id":"https:\/\/www.correiobraziliense.com.br\/cbradar\/esmaltes-ideais-para-mulheres-acima-dos-40\/#breadcrumb"},"inLanguage":"pt-BR","potentialAction":[{"@type":"ReadAction","target":["https:\/\/www.correiobraziliense.com.br\/cbradar\/esmaltes-ideais-para-mulheres-acima-dos-40\/"]}]},{"@type":"ImageObject","inLanguage":"pt-BR","@id":"https:\/\/www.correiobraziliense.com.br\/cbradar\/esmaltes-ideais-para-mulheres-acima-dos-40\/#primaryimage","url":"https:\/\/www.correiobraziliense.com.br\/cbradar\/wp-content\/uploads\/2025\/09\/unhas_1756934492463.jpg","contentUrl":"https:\/\/www.correiobraziliense.com.br\/cbradar\/wp-content\/uploads\/2025\/09\/unhas_1756934492463.jpg","width":1280,"height":720,"caption":"Unhas - Cr\u00e9ditos: depositphotos.com \/ eos.ka"},{"@type":"BreadcrumbList","@id":"https:\/\/www.correiobraziliense.com.br\/cbradar\/esmaltes-ideais-para-mulheres-acima-dos-40\/#breadcrumb","itemListElement":[{"@type":"ListItem","position":1,"name":"In\u00edcio","item":"https:\/\/www.correiobraziliense.com.br\/cbradar\/"},{"@type":"ListItem","position":2,"name":"Esmaltes ideais para mulheres acima dos 40"}]},{"@type":"WebSite","@id":"https:\/\/www.correiobraziliense.com.br\/cbradar\/#website","url":"https:\/\/www.correiobraziliense.com.br\/cbradar\/","name":"Correio Braziliense - Radar","description":"Acompanhe as \u00faltimas not\u00edcias e fique bem informado sobre tudo o que acontece no Brasil e no mundo.","potentialAction":[{"@type":"SearchAction","target":{"@type":"EntryPoint","urlTemplate":"https:\/\/www.correiobraziliense.com.br\/cbradar\/?s={search_term_string}"},"query-input":{"@type":"PropertyValueSpecification","valueRequired":true,"valueName":"search_term_string"}}],"inLanguage":"pt-BR"},{"@type":"Person","@id":"https:\/\/www.correiobraziliense.com.br\/cbradar\/#\/schema\/person\/5aa4bf3c8fa699c267933611de12978b","name":"guilherme_saude","image":{"@type":"ImageObject","inLanguage":"pt-BR","@id":"https:\/\/www.correiobraziliense.com.br\/cbradar\/#\/schema\/person\/image\/","url":"https:\/\/secure.gravatar.com\/avatar\/df9adfb835d344bc0af109d41756253f?s=96&d=mm&r=g","contentUrl":"https:\/\/secure.gravatar.com\/avatar\/df9adfb835d344bc0af109d41756253f?s=96&d=mm&r=g","caption":"guilherme_saude"},"url":"https:\/\/www.correiobraziliense.com.br\/cbradar\/author\/guilherme_saude\/"}]}},"_links":{"self":[{"href":"https:\/\/www.correiobraziliense.com.br\/cbradar\/wp-json\/wp\/v2\/posts\/137151","targetHints":{"allow":["GET"]}}],"collection":[{"href":"https:\/\/www.correiobraziliense.com.br\/cbradar\/wp-json\/wp\/v2\/posts"}],"about":[{"href":"https:\/\/www.correiobraziliense.com.br\/cbradar\/wp-json\/wp\/v2\/types\/post"}],"author":[{"embeddable":true,"href":"https:\/\/www.correiobraziliense.com.br\/cbradar\/wp-json\/wp\/v2\/users\/14"}],"replies":[{"embeddable":true,"href":"https:\/\/www.correiobraziliense.com.br\/cbradar\/wp-json\/wp\/v2\/comments?post=137151"}],"version-history":[{"count":1,"href":"https:\/\/www.correiobraziliense.com.br\/cbradar\/wp-json\/wp\/v2\/posts\/137151\/revisions"}],"predecessor-version":[{"id":137153,"href":"https:\/\/www.correiobraziliense.com.br\/cbradar\/wp-json\/wp\/v2\/posts\/137151\/revisions\/137153"}],"wp:featuredmedia":[{"embeddable":true,"href":"https:\/\/www.correiobraziliense.com.br\/cbradar\/wp-json\/wp\/v2\/media\/97965"}],"wp:attachment":[{"href":"https:\/\/www.correiobraziliense.com.br\/cbradar\/wp-json\/wp\/v2\/media?parent=137151"}],"wp:term":[{"taxonomy":"category","embeddable":true,"href":"https:\/\/www.correiobraziliense.com.br\/cbradar\/wp-json\/wp\/v2\/categories?post=137151"},{"taxonomy":"post_tag","embeddable":true,"href":"https:\/\/www.correiobraziliense.com.br\/cbradar\/wp-json\/wp\/v2\/post_tag?post=137151"}],"curies":[{"name":"wp","href":"https:\/\/api.w.org\/{rel}","templated":true}]}}