{"id":13723,"date":"2025-03-19T20:50:00","date_gmt":"2025-03-19T23:50:00","guid":{"rendered":"https:\/\/www.correiobraziliense.com.br\/cbradar\/?p=13723"},"modified":"2025-03-18T14:53:25","modified_gmt":"2025-03-18T17:53:25","slug":"esses-sao-os-melhores-notebooks-bons-e-baratos-de-2025","status":"publish","type":"post","link":"https:\/\/www.correiobraziliense.com.br\/cbradar\/esses-sao-os-melhores-notebooks-bons-e-baratos-de-2025\/","title":{"rendered":"Esses s\u00e3o os melhores notebooks bons e baratos de 2025"},"content":{"rendered":"\n<p>Com a crescente demanda por dispositivos tecnol\u00f3gicos no ambiente de trabalho e estudo, a escolha de um notebook que ofere\u00e7a um bom custo-benef\u00edcio tornou-se essencial. Em 2025, o mercado oferece diversas op\u00e7\u00f5es que atendem tanto \u00e0s necessidades b\u00e1sicas quanto a tarefas mais exigentes. Este artigo explora algumas das melhores op\u00e7\u00f5es dispon\u00edveis, considerando desempenho, pre\u00e7o e caracter\u00edsticas t\u00e9cnicas.<\/p>\n\n\n\n<p>Os notebooks listados a seguir s\u00e3o ideais para usu\u00e1rios que buscam efici\u00eancia sem comprometer o or\u00e7amento. Modelos de marcas renomadas como Asus, Samsung, Lenovo, Acer e Dell est\u00e3o entre as op\u00e7\u00f5es destacadas, cada um com suas especificidades que atendem a diferentes perfis de uso.<\/p>\n\n\n\n<h2 class=\"wp-block-heading\">Quais s\u00e3o os melhores notebooks para tarefas b\u00e1sicas?<\/h2>\n\n\n\n<p>Para aqueles que buscam um notebook para tarefas cotidianas, o&nbsp;<strong>ASUS X515<\/strong>&nbsp;se destaca como uma op\u00e7\u00e3o acess\u00edvel. Equipado com um processador Intel Celeron Dual Core de 10\u00aa gera\u00e7\u00e3o, 4 GB de mem\u00f3ria RAM DDR4 e um SSD de 128 GB, este modelo \u00e9 ideal para uso do pacote Office e navega\u00e7\u00e3o na internet. Sua tela de 15,6 polegadas com resolu\u00e7\u00e3o HD proporciona uma experi\u00eancia visual satisfat\u00f3ria.<\/p>\n\n\n\n<p>O&nbsp;<strong>Samsung Galaxy Book Go<\/strong>&nbsp;\u00e9 outra escolha popular para tarefas di\u00e1rias. Com um processador Snapdragon 7c Gen 2, 4 GB de RAM e 128 GB de armazenamento SSD, este notebook \u00e9 leve e port\u00e1til, perfeito para quem precisa de mobilidade. A tela de 14 polegadas com resolu\u00e7\u00e3o Full HD \u00e9 um atrativo adicional para o consumo de m\u00eddia.<\/p>\n\n\n\n<figure class=\"wp-block-image size-large\"><img decoding=\"async\" width=\"1024\" height=\"576\" src=\"https:\/\/www.correiobraziliense.com.br\/cbradar\/wp-content\/uploads\/2025\/03\/notebook_1742320043142-1024x576.jpg\" alt=\"Esses s\u00e3o os melhores notebooks bons e baratos de 2025\" class=\"wp-image-13726\" srcset=\"https:\/\/www.correiobraziliense.com.br\/cbradar\/wp-content\/uploads\/2025\/03\/notebook_1742320043142-1024x576.jpg 1024w, https:\/\/www.correiobraziliense.com.br\/cbradar\/wp-content\/uploads\/2025\/03\/notebook_1742320043142-300x169.jpg 300w, https:\/\/www.correiobraziliense.com.br\/cbradar\/wp-content\/uploads\/2025\/03\/notebook_1742320043142-768x432.jpg 768w, https:\/\/www.correiobraziliense.com.br\/cbradar\/wp-content\/uploads\/2025\/03\/notebook_1742320043142-750x422.jpg 750w, https:\/\/www.correiobraziliense.com.br\/cbradar\/wp-content\/uploads\/2025\/03\/notebook_1742320043142-1140x641.jpg 1140w, https:\/\/www.correiobraziliense.com.br\/cbradar\/wp-content\/uploads\/2025\/03\/notebook_1742320043142.jpg 1280w\" sizes=\"(max-width: 1024px) 100vw, 1024px\" \/><figcaption class=\"wp-element-caption\">notebook. Cr\u00e9ditos: depositphotos.com \/ ArturVerkhovetskiy<\/figcaption><\/figure>\n\n\n\n<h2 class=\"wp-block-heading\">Qual notebook oferece melhor desempenho para multitarefas?<\/h2>\n\n\n\n<p>Para usu\u00e1rios que necessitam de um pouco mais de pot\u00eancia, o&nbsp;<strong>Lenovo IdeaPad 1i<\/strong>&nbsp;\u00e9 uma excelente escolha. Com um processador Intel Core i3 de 12\u00aa gera\u00e7\u00e3o e 8 GB de RAM, este modelo \u00e9 capaz de lidar com multitarefas de forma eficiente. O SSD de 256 GB garante armazenamento suficiente para arquivos e programas essenciais.<\/p>\n\n\n\n<p>O&nbsp;<strong>Asus VivoBook Go 15<\/strong>&nbsp;tamb\u00e9m \u00e9 uma op\u00e7\u00e3o robusta, com um processador AMD Ryzen 5 e 8 GB de RAM DDR5. Este notebook \u00e9 ideal para quem precisa armazenar muitos arquivos, gra\u00e7as ao seu SSD de 512 GB. A tela de 15,6 polegadas com resolu\u00e7\u00e3o Full HD \u00e9 perfeita para assistir a filmes e s\u00e9ries.<\/p>\n\n\n\n<h2 class=\"wp-block-heading\">Quais s\u00e3o as op\u00e7\u00f5es mais recomendadas para jogos leves?<\/h2>\n\n\n\n<p>Para quem busca um notebook que suporte jogos leves, o&nbsp;<strong>Acer Aspire 5<\/strong>&nbsp;\u00e9 uma escolha acertada. Equipado com um processador AMD Ryzen 7 5700U, 8 GB de RAM e uma placa gr\u00e1fica AMD Radeon, este modelo oferece um bom desempenho em jogos e tarefas di\u00e1rias. A tela de 15,6 polegadas e a bateria de longa dura\u00e7\u00e3o s\u00e3o outros pontos positivos.<\/p>\n\n\n\n<p>O&nbsp;<strong>Dell Inspiron 15<\/strong>&nbsp;tamb\u00e9m merece destaque, com um processador Intel Core i3 de 12\u00aa gera\u00e7\u00e3o e 8 GB de RAM. Este notebook oferece uma experi\u00eancia visual satisfat\u00f3ria com sua tela de 15,6 polegadas e resolu\u00e7\u00e3o Full HD. Al\u00e9m disso, a possibilidade de expans\u00e3o de mem\u00f3ria RAM at\u00e9 16 GB \u00e9 um diferencial para quem busca um upgrade futuro.<\/p>\n\n\n\n<h2 class=\"wp-block-heading\">Review final<\/h2>\n\n\n\n<p>Escolher o notebook ideal depende das necessidades espec\u00edficas de cada usu\u00e1rio. Seja para tarefas b\u00e1sicas, multitarefas ou jogos leves, as op\u00e7\u00f5es apresentadas oferecem uma combina\u00e7\u00e3o de desempenho e pre\u00e7o que atende a diferentes perfis. Ao considerar fatores como processador, mem\u00f3ria RAM, armazenamento e resolu\u00e7\u00e3o de tela, \u00e9 poss\u00edvel encontrar o modelo que melhor se adapta ao seu uso di\u00e1rio.<\/p>\n","protected":false},"excerpt":{"rendered":"<p>Encontre o notebook ideal para suas necessidades em 2025. Este guia apresenta uma sele\u00e7\u00e3o cuidadosa de dispositivos acess\u00edveis.<\/p>\n","protected":false},"author":3,"featured_media":13725,"comment_status":"open","ping_status":"open","sticky":false,"template":"","format":"standard","meta":{"_yoast_wpseo_focuskw":"notebooks bons baratos","_yoast_wpseo_title":"%%title%%","_yoast_wpseo_metadesc":"Encontre o notebook ideal para suas necessidades em 2025. Este guia apresenta uma sele\u00e7\u00e3o cuidadosa de dispositivos acess\u00edveis.","jnews-multi-image_gallery":[],"jnews_single_post":{"format":"standard"},"jnews_primary_category":[],"jnews_social_meta":[],"jnews_override_counter":[],"footnotes":""},"categories":[115],"post_tag":[603,114],"class_list":["post-13723","post","type-post","status-publish","format-standard","has-post-thumbnail","hentry","category-tecnologia","tag-notebooks","tag-tecnologia"],"yoast_head":"<!-- This site is optimized with the Yoast SEO plugin v24.6 - https:\/\/yoast.com\/wordpress\/plugins\/seo\/ -->\n<title>Esses s\u00e3o os melhores notebooks bons e baratos de 2025<\/title>\n<meta name=\"description\" content=\"Encontre o notebook ideal para suas necessidades em 2025. Este guia apresenta uma sele\u00e7\u00e3o cuidadosa de dispositivos acess\u00edveis.\" \/>\n<meta name=\"robots\" content=\"index, follow, max-snippet:-1, max-image-preview:large, max-video-preview:-1\" \/>\n<link rel=\"canonical\" href=\"https:\/\/www.correiobraziliense.com.br\/cbradar\/esses-sao-os-melhores-notebooks-bons-e-baratos-de-2025\/\" \/>\n<meta property=\"og:locale\" content=\"pt_BR\" \/>\n<meta property=\"og:type\" content=\"article\" \/>\n<meta property=\"og:title\" content=\"Esses s\u00e3o os melhores notebooks bons e baratos de 2025\" \/>\n<meta property=\"og:description\" content=\"Encontre o notebook ideal para suas necessidades em 2025. Este guia apresenta uma sele\u00e7\u00e3o cuidadosa de dispositivos acess\u00edveis.\" \/>\n<meta property=\"og:url\" content=\"https:\/\/www.correiobraziliense.com.br\/cbradar\/esses-sao-os-melhores-notebooks-bons-e-baratos-de-2025\/\" \/>\n<meta property=\"og:site_name\" content=\"Correio Braziliense - Radar\" \/>\n<meta property=\"article:published_time\" content=\"2025-03-19T23:50:00+00:00\" \/>\n<meta property=\"og:image\" content=\"https:\/\/www.correiobraziliense.com.br\/cbradar\/wp-content\/uploads\/2025\/03\/notebook_1742320013903.jpg\" \/>\n\t<meta property=\"og:image:width\" content=\"1280\" \/>\n\t<meta property=\"og:image:height\" content=\"720\" \/>\n\t<meta property=\"og:image:type\" content=\"image\/jpeg\" \/>\n<meta name=\"author\" content=\"Larissa Carvalho\" \/>\n<meta name=\"twitter:card\" content=\"summary_large_image\" \/>\n<meta name=\"twitter:label1\" content=\"Escrito por\" \/>\n\t<meta name=\"twitter:data1\" content=\"Larissa Carvalho\" \/>\n\t<meta name=\"twitter:label2\" content=\"Est. tempo de leitura\" \/>\n\t<meta name=\"twitter:data2\" content=\"4 minutos\" \/>\n<!-- \/ Yoast SEO plugin. -->","yoast_head_json":{"title":"Esses s\u00e3o os melhores notebooks bons e baratos de 2025","description":"Encontre o notebook ideal para suas necessidades em 2025. Este guia apresenta uma sele\u00e7\u00e3o cuidadosa de dispositivos acess\u00edveis.","robots":{"index":"index","follow":"follow","max-snippet":"max-snippet:-1","max-image-preview":"max-image-preview:large","max-video-preview":"max-video-preview:-1"},"canonical":"https:\/\/www.correiobraziliense.com.br\/cbradar\/esses-sao-os-melhores-notebooks-bons-e-baratos-de-2025\/","og_locale":"pt_BR","og_type":"article","og_title":"Esses s\u00e3o os melhores notebooks bons e baratos de 2025","og_description":"Encontre o notebook ideal para suas necessidades em 2025. Este guia apresenta uma sele\u00e7\u00e3o cuidadosa de dispositivos acess\u00edveis.","og_url":"https:\/\/www.correiobraziliense.com.br\/cbradar\/esses-sao-os-melhores-notebooks-bons-e-baratos-de-2025\/","og_site_name":"Correio Braziliense - Radar","article_published_time":"2025-03-19T23:50:00+00:00","og_image":[{"width":1280,"height":720,"url":"https:\/\/www.correiobraziliense.com.br\/cbradar\/wp-content\/uploads\/2025\/03\/notebook_1742320013903.jpg","type":"image\/jpeg"}],"author":"Larissa Carvalho","twitter_card":"summary_large_image","twitter_misc":{"Escrito por":"Larissa Carvalho","Est. tempo de leitura":"4 minutos"},"schema":{"@context":"https:\/\/schema.org","@graph":[{"@type":"WebPage","@id":"https:\/\/www.correiobraziliense.com.br\/cbradar\/esses-sao-os-melhores-notebooks-bons-e-baratos-de-2025\/","url":"https:\/\/www.correiobraziliense.com.br\/cbradar\/esses-sao-os-melhores-notebooks-bons-e-baratos-de-2025\/","name":"Esses s\u00e3o os melhores notebooks bons e baratos de 2025","isPartOf":{"@id":"https:\/\/www.correiobraziliense.com.br\/cbradar\/#website"},"primaryImageOfPage":{"@id":"https:\/\/www.correiobraziliense.com.br\/cbradar\/esses-sao-os-melhores-notebooks-bons-e-baratos-de-2025\/#primaryimage"},"image":{"@id":"https:\/\/www.correiobraziliense.com.br\/cbradar\/esses-sao-os-melhores-notebooks-bons-e-baratos-de-2025\/#primaryimage"},"thumbnailUrl":"https:\/\/www.correiobraziliense.com.br\/cbradar\/wp-content\/uploads\/2025\/03\/notebook_1742320013903.jpg","datePublished":"2025-03-19T23:50:00+00:00","author":{"@id":"https:\/\/www.correiobraziliense.com.br\/cbradar\/#\/schema\/person\/58422787644df994b53a19d3e56c1513"},"description":"Encontre o notebook ideal para suas necessidades em 2025. Este guia apresenta uma sele\u00e7\u00e3o cuidadosa de dispositivos acess\u00edveis.","breadcrumb":{"@id":"https:\/\/www.correiobraziliense.com.br\/cbradar\/esses-sao-os-melhores-notebooks-bons-e-baratos-de-2025\/#breadcrumb"},"inLanguage":"pt-BR","potentialAction":[{"@type":"ReadAction","target":["https:\/\/www.correiobraziliense.com.br\/cbradar\/esses-sao-os-melhores-notebooks-bons-e-baratos-de-2025\/"]}]},{"@type":"ImageObject","inLanguage":"pt-BR","@id":"https:\/\/www.correiobraziliense.com.br\/cbradar\/esses-sao-os-melhores-notebooks-bons-e-baratos-de-2025\/#primaryimage","url":"https:\/\/www.correiobraziliense.com.br\/cbradar\/wp-content\/uploads\/2025\/03\/notebook_1742320013903.jpg","contentUrl":"https:\/\/www.correiobraziliense.com.br\/cbradar\/wp-content\/uploads\/2025\/03\/notebook_1742320013903.jpg","width":1280,"height":720,"caption":"notebook. Cr\u00e9ditos: depositphotos.com \/ IgorVetushko"},{"@type":"BreadcrumbList","@id":"https:\/\/www.correiobraziliense.com.br\/cbradar\/esses-sao-os-melhores-notebooks-bons-e-baratos-de-2025\/#breadcrumb","itemListElement":[{"@type":"ListItem","position":1,"name":"In\u00edcio","item":"https:\/\/www.correiobraziliense.com.br\/cbradar\/"},{"@type":"ListItem","position":2,"name":"Esses s\u00e3o os melhores notebooks bons e baratos de 2025"}]},{"@type":"WebSite","@id":"https:\/\/www.correiobraziliense.com.br\/cbradar\/#website","url":"https:\/\/www.correiobraziliense.com.br\/cbradar\/","name":"Correio Braziliense - Radar","description":"Acompanhe as \u00faltimas not\u00edcias e fique bem informado sobre tudo o que acontece no Brasil e no mundo.","potentialAction":[{"@type":"SearchAction","target":{"@type":"EntryPoint","urlTemplate":"https:\/\/www.correiobraziliense.com.br\/cbradar\/?s={search_term_string}"},"query-input":{"@type":"PropertyValueSpecification","valueRequired":true,"valueName":"search_term_string"}}],"inLanguage":"pt-BR"},{"@type":"Person","@id":"https:\/\/www.correiobraziliense.com.br\/cbradar\/#\/schema\/person\/58422787644df994b53a19d3e56c1513","name":"Larissa Carvalho","image":{"@type":"ImageObject","inLanguage":"pt-BR","@id":"https:\/\/www.correiobraziliense.com.br\/cbradar\/#\/schema\/person\/image\/","url":"https:\/\/secure.gravatar.com\/avatar\/fe4f91a0de32b52a838d0d612abdc1aa?s=96&d=mm&r=g","contentUrl":"https:\/\/secure.gravatar.com\/avatar\/fe4f91a0de32b52a838d0d612abdc1aa?s=96&d=mm&r=g","caption":"Larissa Carvalho"},"url":"https:\/\/www.correiobraziliense.com.br\/cbradar\/author\/larissamyth\/"}]}},"_links":{"self":[{"href":"https:\/\/www.correiobraziliense.com.br\/cbradar\/wp-json\/wp\/v2\/posts\/13723","targetHints":{"allow":["GET"]}}],"collection":[{"href":"https:\/\/www.correiobraziliense.com.br\/cbradar\/wp-json\/wp\/v2\/posts"}],"about":[{"href":"https:\/\/www.correiobraziliense.com.br\/cbradar\/wp-json\/wp\/v2\/types\/post"}],"author":[{"embeddable":true,"href":"https:\/\/www.correiobraziliense.com.br\/cbradar\/wp-json\/wp\/v2\/users\/3"}],"replies":[{"embeddable":true,"href":"https:\/\/www.correiobraziliense.com.br\/cbradar\/wp-json\/wp\/v2\/comments?post=13723"}],"version-history":[{"count":1,"href":"https:\/\/www.correiobraziliense.com.br\/cbradar\/wp-json\/wp\/v2\/posts\/13723\/revisions"}],"predecessor-version":[{"id":13727,"href":"https:\/\/www.correiobraziliense.com.br\/cbradar\/wp-json\/wp\/v2\/posts\/13723\/revisions\/13727"}],"wp:featuredmedia":[{"embeddable":true,"href":"https:\/\/www.correiobraziliense.com.br\/cbradar\/wp-json\/wp\/v2\/media\/13725"}],"wp:attachment":[{"href":"https:\/\/www.correiobraziliense.com.br\/cbradar\/wp-json\/wp\/v2\/media?parent=13723"}],"wp:term":[{"taxonomy":"category","embeddable":true,"href":"https:\/\/www.correiobraziliense.com.br\/cbradar\/wp-json\/wp\/v2\/categories?post=13723"},{"taxonomy":"post_tag","embeddable":true,"href":"https:\/\/www.correiobraziliense.com.br\/cbradar\/wp-json\/wp\/v2\/post_tag?post=13723"}],"curies":[{"name":"wp","href":"https:\/\/api.w.org\/{rel}","templated":true}]}}