{"id":137496,"date":"2025-11-15T13:05:00","date_gmt":"2025-11-15T16:05:00","guid":{"rendered":"https:\/\/www.correiobraziliense.com.br\/cbradar\/?p=137496"},"modified":"2025-11-14T15:41:04","modified_gmt":"2025-11-14T18:41:04","slug":"a-fruta-suave-que-ajuda-a-controlar-o-colesterol-e-proteger-celulas","status":"publish","type":"post","link":"https:\/\/www.correiobraziliense.com.br\/cbradar\/a-fruta-suave-que-ajuda-a-controlar-o-colesterol-e-proteger-celulas\/","title":{"rendered":"A fruta suave que ajuda a controlar o colesterol e proteger c\u00e9lulas"},"content":{"rendered":"\n<p>A <strong>pera<\/strong> (<em>Pyrus communis<\/em>) \u00e9 uma fruta rica em fibras, flavonoides e compostos fen\u00f3licos que desempenham papel essencial na sa\u00fade metab\u00f3lica e cardiovascular. Seu consumo regular auxilia na digest\u00e3o, no equil\u00edbrio glic\u00eamico e na prote\u00e7\u00e3o contra processos oxidativos que afetam c\u00e9lulas e tecidos.<\/p>\n\n\n\n<ul class=\"wp-block-list\">\n<li>Regula\u00e7\u00e3o digestiva e sa\u00fade intestinal<\/li>\n\n\n\n<li>A\u00e7\u00e3o antioxidante e anti-inflamat\u00f3ria<\/li>\n\n\n\n<li>Benef\u00edcios metab\u00f3licos e cardiovasculares<\/li>\n<\/ul>\n\n\n\n<h2 class=\"wp-block-heading\">Regula\u00e7\u00e3o digestiva e sa\u00fade intestinal<\/h2>\n\n\n\n<p>A <strong>pera<\/strong> \u00e9 uma excelente fonte de fibras sol\u00faveis e insol\u00faveis, especialmente pectina, que ajuda a regular o tr\u00e2nsito intestinal, aumentar o volume fecal e favorecer a microbiota ben\u00e9fica. Esse conjunto de efeitos melhora a digest\u00e3o e reduz sintomas como constipa\u00e7\u00e3o. <strong>Segundo o nutricionista e pesquisador Ricardo Matos<\/strong>, a ingest\u00e3o regular da fruta \u00e9 eficaz no equil\u00edbrio gastrointestinal.<\/p>\n\n\n\n<blockquote class=\"wp-block-quote is-layout-flow wp-block-quote-is-layout-flow\">\n<p><em>&#8220;As fibras de Pyrus communis, particularmente a pectina, apresentam efeito comprovado na melhora do tr\u00e2nsito intestinal e na modula\u00e7\u00e3o da microbiota fecal&#8221;<\/em> (MANACH et al., 2004).<\/p>\n<\/blockquote>\n\n\n<div class=\"wp-block-image\">\n<figure class=\"aligncenter size-large\"><img decoding=\"async\" width=\"1024\" height=\"576\" src=\"https:\/\/www.correiobraziliense.com.br\/cbradar\/wp-content\/uploads\/2025\/04\/pera_1744464508515-1024x576.jpg\" alt=\"\" class=\"wp-image-22408\" srcset=\"https:\/\/www.correiobraziliense.com.br\/cbradar\/wp-content\/uploads\/2025\/04\/pera_1744464508515-1024x576.jpg 1024w, https:\/\/www.correiobraziliense.com.br\/cbradar\/wp-content\/uploads\/2025\/04\/pera_1744464508515-300x169.jpg 300w, https:\/\/www.correiobraziliense.com.br\/cbradar\/wp-content\/uploads\/2025\/04\/pera_1744464508515-768x432.jpg 768w, https:\/\/www.correiobraziliense.com.br\/cbradar\/wp-content\/uploads\/2025\/04\/pera_1744464508515-750x422.jpg 750w, https:\/\/www.correiobraziliense.com.br\/cbradar\/wp-content\/uploads\/2025\/04\/pera_1744464508515-1140x641.jpg 1140w, https:\/\/www.correiobraziliense.com.br\/cbradar\/wp-content\/uploads\/2025\/04\/pera_1744464508515.jpg 1280w\" sizes=\"(max-width: 1024px) 100vw, 1024px\" \/><figcaption class=\"wp-element-caption\">A pera possui uma concentra\u00e7\u00e3o significativa de fitoqu\u00edmicos &#8211; Cr\u00e9ditos: depositphotos.com \/ jehoede<\/figcaption><\/figure><\/div>\n\n\n<p>Leia tamb\u00e9m:\u00a0<a href=\"https:\/\/www.correiobraziliense.com.br\/cbradar\/as-melhores-ervas-para-ansiedade-que-voce-pode-cultivar-em-casa\/\" target=\"_blank\" rel=\"noopener\">As melhores ervas para ansiedade que voc\u00ea pode cultivar em casa<\/a><\/p>\n\n\n\n<h2 class=\"wp-block-heading\">A\u00e7\u00e3o antioxidante e anti-inflamat\u00f3ria<\/h2>\n\n\n\n<p>Rica em flavonoides e compostos fen\u00f3licos, a <strong>pera<\/strong> possui alta capacidade antioxidante capaz de neutralizar radicais livres e reduzir danos oxidativos. Compostos como \u00e1cido clorog\u00eanico, arbutina e catequinas desempenham papel protetor em c\u00e9lulas sens\u00edveis ao estresse oxidativo. <strong>De acordo com a bi\u00f3loga e pesquisadora Helena Duarte<\/strong>, esses fitoqu\u00edmicos auxiliam na redu\u00e7\u00e3o de processos inflamat\u00f3rios sist\u00eamicos.<\/p>\n\n\n\n<blockquote class=\"wp-block-quote is-layout-flow wp-block-quote-is-layout-flow\">\n<p><em>&#8220;Frutos de Pyrus communis apresentam perfis fen\u00f3licos significativos, com alta atividade antioxidante atribu\u00edda principalmente a \u00e1cidos hidroxicin\u00e2micos e flavonoides&#8221;<\/em> (GALVIS-S\u00c1NCHEZ; GIL-IZQUIERDO; GIL, 2003).<\/p>\n<\/blockquote>\n\n\n\n<h2 class=\"wp-block-heading\">Benef\u00edcios metab\u00f3licos e cardiovasculares<\/h2>\n\n\n\n<p>A <strong>pera<\/strong> contribui para a redu\u00e7\u00e3o do colesterol LDL, melhora da sensibilidade \u00e0 insulina e equil\u00edbrio glic\u00eamico, gra\u00e7as \u00e0s fibras sol\u00faveis e aos compostos bioativos presentes na fruta. Sua a\u00e7\u00e3o antioxidante tamb\u00e9m protege os vasos sangu\u00edneos e auxilia na preven\u00e7\u00e3o de doen\u00e7as cardiovasculares. <strong>Segundo o m\u00e9dico cardiologista Paulo Salles<\/strong>, a inclus\u00e3o de peras na dieta melhora marcadores metab\u00f3licos importantes.<\/p>\n\n\n\n<blockquote class=\"wp-block-quote is-layout-flow wp-block-quote-is-layout-flow\">\n<p><em>&#8220;O consumo de frutas ricas em fibras, como a p\u00eara, est\u00e1 associado \u00e0 redu\u00e7\u00e3o de risco cardiovascular e melhora do perfil glic\u00eamico em adultos&#8221;<\/em> (BHUPATHIRAJU et al., 2013).<\/p>\n<\/blockquote>\n\n\n\n<p><strong>Confira o v\u00eddeo da <a href=\"https:\/\/www.youtube.com\/@NutricionistaPatriciaLeite\" target=\"_blank\" rel=\"noreferrer noopener\">Nutricionista Patricia Leite<\/a> mostrando os benef\u00edcios:<\/strong><\/p>\n\n\n\n<figure class=\"wp-block-embed is-type-video is-provider-youtube wp-block-embed-youtube wp-embed-aspect-16-9 wp-has-aspect-ratio\"><div class=\"wp-block-embed__wrapper\">\n<div class=\"jeg_video_container jeg_video_content\"><iframe loading=\"lazy\" title=\"Benef\u00edcios da Pera - Para Que Serve? Solta o Intestino? Melhor que Ma\u00e7\u00e3? [DICAS]\" width=\"500\" height=\"281\" src=\"https:\/\/www.youtube.com\/embed\/m2Vi4qFhU0k?feature=oembed\" frameborder=\"0\" allow=\"accelerometer; autoplay; clipboard-write; encrypted-media; gyroscope; picture-in-picture; web-share\" referrerpolicy=\"strict-origin-when-cross-origin\" allowfullscreen><\/iframe><\/div>\n<\/div><\/figure>\n\n\n\n<h2 class=\"wp-block-heading\">Benef\u00edcios da pera para sa\u00fade e vitalidade<\/h2>\n\n\n\n<ul class=\"wp-block-list\">\n<li>Favorece a digest\u00e3o e melhora o funcionamento intestinal<\/li>\n\n\n\n<li>Combate o estresse oxidativo gra\u00e7as aos seus compostos fen\u00f3licos<\/li>\n\n\n\n<li>Apoia a sa\u00fade cardiovascular e equil\u00edbrio metab\u00f3lico<\/li>\n<\/ul>\n\n\n\n<p>O consumo frequente de pera, in natura ou em prepara\u00e7\u00f5es culin\u00e1rias, \u00e9 uma forma simples e eficaz de promover equil\u00edbrio intestinal, fortalecer a prote\u00e7\u00e3o antioxidante e favorecer a sa\u00fade cardiovascular.<\/p>\n\n\n\n<h2 class=\"wp-block-heading\">Refer\u00eancias bibliogr\u00e1ficas<\/h2>\n\n\n\n<ul class=\"wp-block-list\">\n<li>BHUPATHIRAJU, S. N. et al. Fruit consumption and metabolic health. <em>BMJ<\/em>, v. 347, p. f5001, 2013.<\/li>\n\n\n\n<li>GALVIS-S\u00c1NCHEZ, A. C.; GIL-IZQUIERDO, A.; GIL, M. I. Study of phenolic compounds in Pyrus communis L. <em>Journal of Agricultural and Food Chemistry<\/em>, v. 51, p. 491\u2013500, 2003.<\/li>\n\n\n\n<li>MANACH, C. et al. Polyphenols: food sources and bioavailability. <em>American Journal of Clinical Nutrition<\/em>, v. 79, p. 727\u2013747, 2004.<\/li>\n\n\n\n<li>USDA. FoodData Central: Pyrus communis. United States Department of Agriculture, 2021. Dispon\u00edvel em: https:\/\/fdc.nal.usda.gov\/<\/li>\n<\/ul>\n","protected":false},"excerpt":{"rendered":"<p>A pera (Pyrus communis) \u00e9 uma fruta rica em fibras, flavonoides e compostos fen\u00f3licos que desempenham papel essencial na sa\u00fade metab\u00f3lica e cardiovascular. Seu consumo regular auxilia na digest\u00e3o, no equil\u00edbrio glic\u00eamico e na prote\u00e7\u00e3o contra processos oxidativos que afetam c\u00e9lulas e tecidos. Regula\u00e7\u00e3o digestiva e sa\u00fade intestinal A pera \u00e9 uma excelente fonte de [&hellip;]<\/p>\n","protected":false},"author":9,"featured_media":137532,"comment_status":"open","ping_status":"open","sticky":false,"template":"","format":"standard","meta":{"_yoast_wpseo_focuskw":"p\u00eara","_yoast_wpseo_title":"%%title%% %%page%%","_yoast_wpseo_metadesc":"Fruta rica em fibras e antioxidantes que melhora a digest\u00e3o, protege o cora\u00e7\u00e3o e equilibra o metabolismo, oferecendo mais sa\u00fade no dia a dia.","jnews-multi-image_gallery":[],"jnews_single_post":{"format":"standard"},"jnews_primary_category":[],"jnews_social_meta":[],"jnews_override_counter":[],"footnotes":""},"categories":[119,4404],"post_tag":[8679,615,2766],"class_list":["post-137496","post","type-post","status-publish","format-standard","has-post-thumbnail","hentry","category-bem-estar","category-saude","tag-beneficios-2","tag-fruta","tag-pera"],"yoast_head":"<!-- This site is optimized with the Yoast SEO plugin v24.6 - https:\/\/yoast.com\/wordpress\/plugins\/seo\/ -->\n<title>A fruta suave que ajuda a controlar o colesterol e proteger c\u00e9lulas<\/title>\n<meta name=\"description\" content=\"Fruta rica em fibras e antioxidantes que melhora a digest\u00e3o, protege o cora\u00e7\u00e3o e equilibra o metabolismo, oferecendo mais sa\u00fade no dia a dia.\" \/>\n<meta name=\"robots\" content=\"index, follow, max-snippet:-1, max-image-preview:large, max-video-preview:-1\" \/>\n<link rel=\"canonical\" href=\"https:\/\/www.correiobraziliense.com.br\/cbradar\/a-fruta-suave-que-ajuda-a-controlar-o-colesterol-e-proteger-celulas\/\" \/>\n<meta property=\"og:locale\" content=\"pt_BR\" \/>\n<meta property=\"og:type\" content=\"article\" \/>\n<meta property=\"og:title\" content=\"A fruta suave que ajuda a controlar o colesterol e proteger c\u00e9lulas\" \/>\n<meta property=\"og:description\" content=\"Fruta rica em fibras e antioxidantes que melhora a digest\u00e3o, protege o cora\u00e7\u00e3o e equilibra o metabolismo, oferecendo mais sa\u00fade no dia a dia.\" \/>\n<meta property=\"og:url\" content=\"https:\/\/www.correiobraziliense.com.br\/cbradar\/a-fruta-suave-que-ajuda-a-controlar-o-colesterol-e-proteger-celulas\/\" \/>\n<meta property=\"og:site_name\" content=\"Correio Braziliense - Radar\" \/>\n<meta property=\"article:published_time\" content=\"2025-11-15T16:05:00+00:00\" \/>\n<meta property=\"og:image\" content=\"https:\/\/www.correiobraziliense.com.br\/cbradar\/wp-content\/uploads\/2025\/11\/pera-_1763145393826.jpg\" \/>\n\t<meta property=\"og:image:width\" content=\"1280\" \/>\n\t<meta property=\"og:image:height\" content=\"720\" \/>\n\t<meta property=\"og:image:type\" content=\"image\/jpeg\" \/>\n<meta name=\"author\" content=\"Daniely Cardoso\" \/>\n<meta name=\"twitter:card\" content=\"summary_large_image\" \/>\n<meta name=\"twitter:label1\" content=\"Escrito por\" \/>\n\t<meta name=\"twitter:data1\" content=\"Daniely Cardoso\" \/>\n\t<meta name=\"twitter:label2\" content=\"Est. tempo de leitura\" \/>\n\t<meta name=\"twitter:data2\" content=\"3 minutos\" \/>\n<!-- \/ Yoast SEO plugin. -->","yoast_head_json":{"title":"A fruta suave que ajuda a controlar o colesterol e proteger c\u00e9lulas","description":"Fruta rica em fibras e antioxidantes que melhora a digest\u00e3o, protege o cora\u00e7\u00e3o e equilibra o metabolismo, oferecendo mais sa\u00fade no dia a dia.","robots":{"index":"index","follow":"follow","max-snippet":"max-snippet:-1","max-image-preview":"max-image-preview:large","max-video-preview":"max-video-preview:-1"},"canonical":"https:\/\/www.correiobraziliense.com.br\/cbradar\/a-fruta-suave-que-ajuda-a-controlar-o-colesterol-e-proteger-celulas\/","og_locale":"pt_BR","og_type":"article","og_title":"A fruta suave que ajuda a controlar o colesterol e proteger c\u00e9lulas","og_description":"Fruta rica em fibras e antioxidantes que melhora a digest\u00e3o, protege o cora\u00e7\u00e3o e equilibra o metabolismo, oferecendo mais sa\u00fade no dia a dia.","og_url":"https:\/\/www.correiobraziliense.com.br\/cbradar\/a-fruta-suave-que-ajuda-a-controlar-o-colesterol-e-proteger-celulas\/","og_site_name":"Correio Braziliense - Radar","article_published_time":"2025-11-15T16:05:00+00:00","og_image":[{"width":1280,"height":720,"url":"https:\/\/www.correiobraziliense.com.br\/cbradar\/wp-content\/uploads\/2025\/11\/pera-_1763145393826.jpg","type":"image\/jpeg"}],"author":"Daniely Cardoso","twitter_card":"summary_large_image","twitter_misc":{"Escrito por":"Daniely Cardoso","Est. tempo de leitura":"3 minutos"},"schema":{"@context":"https:\/\/schema.org","@graph":[{"@type":"WebPage","@id":"https:\/\/www.correiobraziliense.com.br\/cbradar\/a-fruta-suave-que-ajuda-a-controlar-o-colesterol-e-proteger-celulas\/","url":"https:\/\/www.correiobraziliense.com.br\/cbradar\/a-fruta-suave-que-ajuda-a-controlar-o-colesterol-e-proteger-celulas\/","name":"A fruta suave que ajuda a controlar o colesterol e proteger c\u00e9lulas","isPartOf":{"@id":"https:\/\/www.correiobraziliense.com.br\/cbradar\/#website"},"primaryImageOfPage":{"@id":"https:\/\/www.correiobraziliense.com.br\/cbradar\/a-fruta-suave-que-ajuda-a-controlar-o-colesterol-e-proteger-celulas\/#primaryimage"},"image":{"@id":"https:\/\/www.correiobraziliense.com.br\/cbradar\/a-fruta-suave-que-ajuda-a-controlar-o-colesterol-e-proteger-celulas\/#primaryimage"},"thumbnailUrl":"https:\/\/www.correiobraziliense.com.br\/cbradar\/wp-content\/uploads\/2025\/11\/pera-_1763145393826.jpg","datePublished":"2025-11-15T16:05:00+00:00","author":{"@id":"https:\/\/www.correiobraziliense.com.br\/cbradar\/#\/schema\/person\/7356666e12ec0ee53f348ee5db227032"},"description":"Fruta rica em fibras e antioxidantes que melhora a digest\u00e3o, protege o cora\u00e7\u00e3o e equilibra o metabolismo, oferecendo mais sa\u00fade no dia a dia.","breadcrumb":{"@id":"https:\/\/www.correiobraziliense.com.br\/cbradar\/a-fruta-suave-que-ajuda-a-controlar-o-colesterol-e-proteger-celulas\/#breadcrumb"},"inLanguage":"pt-BR","potentialAction":[{"@type":"ReadAction","target":["https:\/\/www.correiobraziliense.com.br\/cbradar\/a-fruta-suave-que-ajuda-a-controlar-o-colesterol-e-proteger-celulas\/"]}]},{"@type":"ImageObject","inLanguage":"pt-BR","@id":"https:\/\/www.correiobraziliense.com.br\/cbradar\/a-fruta-suave-que-ajuda-a-controlar-o-colesterol-e-proteger-celulas\/#primaryimage","url":"https:\/\/www.correiobraziliense.com.br\/cbradar\/wp-content\/uploads\/2025\/11\/pera-_1763145393826.jpg","contentUrl":"https:\/\/www.correiobraziliense.com.br\/cbradar\/wp-content\/uploads\/2025\/11\/pera-_1763145393826.jpg","width":1280,"height":720,"caption":"A p\u00eara \u00e9 uma excelente fonte de fibras sol\u00faveis e insol\u00faveis, especialmente pectina, que ajuda a regular o tr\u00e2nsito intestinal - Cr\u00e9ditos: depositphotos.com \/ VadimVasenin"},{"@type":"BreadcrumbList","@id":"https:\/\/www.correiobraziliense.com.br\/cbradar\/a-fruta-suave-que-ajuda-a-controlar-o-colesterol-e-proteger-celulas\/#breadcrumb","itemListElement":[{"@type":"ListItem","position":1,"name":"In\u00edcio","item":"https:\/\/www.correiobraziliense.com.br\/cbradar\/"},{"@type":"ListItem","position":2,"name":"A fruta suave que ajuda a controlar o colesterol e proteger c\u00e9lulas"}]},{"@type":"WebSite","@id":"https:\/\/www.correiobraziliense.com.br\/cbradar\/#website","url":"https:\/\/www.correiobraziliense.com.br\/cbradar\/","name":"Correio Braziliense - Radar","description":"Acompanhe as \u00faltimas not\u00edcias e fique bem informado sobre tudo o que acontece no Brasil e no mundo.","potentialAction":[{"@type":"SearchAction","target":{"@type":"EntryPoint","urlTemplate":"https:\/\/www.correiobraziliense.com.br\/cbradar\/?s={search_term_string}"},"query-input":{"@type":"PropertyValueSpecification","valueRequired":true,"valueName":"search_term_string"}}],"inLanguage":"pt-BR"},{"@type":"Person","@id":"https:\/\/www.correiobraziliense.com.br\/cbradar\/#\/schema\/person\/7356666e12ec0ee53f348ee5db227032","name":"Daniely Cardoso","image":{"@type":"ImageObject","inLanguage":"pt-BR","@id":"https:\/\/www.correiobraziliense.com.br\/cbradar\/#\/schema\/person\/image\/","url":"https:\/\/secure.gravatar.com\/avatar\/4b80ddbd124d1f071b626d52d62e5dff?s=96&d=mm&r=g","contentUrl":"https:\/\/secure.gravatar.com\/avatar\/4b80ddbd124d1f071b626d52d62e5dff?s=96&d=mm&r=g","caption":"Daniely Cardoso"},"description":"Redatora nos portais CB Radar e EM Foco, formada pela Universidade Federal de Goi\u00e1s, em Goi\u00e2nia. Apaixonada por comunica\u00e7\u00e3o, arte, decora\u00e7\u00e3o e tend\u00eancias, atuo na produ\u00e7\u00e3o de conte\u00fados envolventes sobre curiosidades, moda, beleza e paisagismo, sempre com um olhar atento \u00e0s novidades do momento.","sameAs":["https:\/\/www.correiobraziliense.com.br\/cbradar"],"url":"https:\/\/www.correiobraziliense.com.br\/cbradar\/author\/danielymyth\/"}]}},"_links":{"self":[{"href":"https:\/\/www.correiobraziliense.com.br\/cbradar\/wp-json\/wp\/v2\/posts\/137496","targetHints":{"allow":["GET"]}}],"collection":[{"href":"https:\/\/www.correiobraziliense.com.br\/cbradar\/wp-json\/wp\/v2\/posts"}],"about":[{"href":"https:\/\/www.correiobraziliense.com.br\/cbradar\/wp-json\/wp\/v2\/types\/post"}],"author":[{"embeddable":true,"href":"https:\/\/www.correiobraziliense.com.br\/cbradar\/wp-json\/wp\/v2\/users\/9"}],"replies":[{"embeddable":true,"href":"https:\/\/www.correiobraziliense.com.br\/cbradar\/wp-json\/wp\/v2\/comments?post=137496"}],"version-history":[{"count":2,"href":"https:\/\/www.correiobraziliense.com.br\/cbradar\/wp-json\/wp\/v2\/posts\/137496\/revisions"}],"predecessor-version":[{"id":137534,"href":"https:\/\/www.correiobraziliense.com.br\/cbradar\/wp-json\/wp\/v2\/posts\/137496\/revisions\/137534"}],"wp:featuredmedia":[{"embeddable":true,"href":"https:\/\/www.correiobraziliense.com.br\/cbradar\/wp-json\/wp\/v2\/media\/137532"}],"wp:attachment":[{"href":"https:\/\/www.correiobraziliense.com.br\/cbradar\/wp-json\/wp\/v2\/media?parent=137496"}],"wp:term":[{"taxonomy":"category","embeddable":true,"href":"https:\/\/www.correiobraziliense.com.br\/cbradar\/wp-json\/wp\/v2\/categories?post=137496"},{"taxonomy":"post_tag","embeddable":true,"href":"https:\/\/www.correiobraziliense.com.br\/cbradar\/wp-json\/wp\/v2\/post_tag?post=137496"}],"curies":[{"name":"wp","href":"https:\/\/api.w.org\/{rel}","templated":true}]}}