{"id":137567,"date":"2025-11-15T12:25:00","date_gmt":"2025-11-15T15:25:00","guid":{"rendered":"https:\/\/www.correiobraziliense.com.br\/cbradar\/?p=137567"},"modified":"2025-11-14T17:27:25","modified_gmt":"2025-11-14T20:27:25","slug":"o-habito-matinal-que-reduz-o-estresse-ao-longo-do-dia-e-melhora-sua-qualidade-de-vida","status":"publish","type":"post","link":"https:\/\/www.correiobraziliense.com.br\/cbradar\/o-habito-matinal-que-reduz-o-estresse-ao-longo-do-dia-e-melhora-sua-qualidade-de-vida\/","title":{"rendered":"O h\u00e1bito matinal que reduz o estresse ao longo do dia e melhora sua qualidade de vida"},"content":{"rendered":"\n<p>O h\u00e1bito de reservar os primeiros 5 a 10 minutos do dia para a <strong>respira\u00e7\u00e3o consciente<\/strong> (mindfulness), antes de qualquer intera\u00e7\u00e3o com telas, \u00e9 a ferramenta mais poderosa para reduzir o estresse. Este ritual define um estado de calma fisiol\u00f3gica que protege a mente da reatividade e da sobrecarga ao longo do dia.<\/p>\n\n\n\n<h2 class=\"wp-block-heading\">Por que checar o celular ao acordar ativa o estresse?<\/h2>\n\n\n\n<p>Ao acordar, o corpo libera um pico de <strong>cortisol<\/strong> (alerta). Checar o celular (not\u00edcias, e-mails) &#8220;sequestra&#8221; esse pico, ativando imediatamente o <strong>sistema nervoso simp\u00e1tico<\/strong> (&#8220;luta ou fuga&#8221;).<\/p>\n\n\n\n<p>O c\u00e9rebro entra em &#8220;modo reativo&#8221; antes mesmo de sair da cama, drenando a energia mental e estabelecendo um tom de ansiedade e urg\u00eancia para o resto do dia.<\/p>\n\n\n\n<figure class=\"wp-block-image aligncenter size-large\"><img decoding=\"async\" width=\"1024\" height=\"576\" src=\"https:\/\/www.correiobraziliense.com.br\/cbradar\/wp-content\/uploads\/2025\/11\/celular-manha_1763151409171-1024x576.jpg\" alt=\"O h\u00e1bito matinal que reduz o estresse ao longo do dia e melhora sua qualidade de vida\" class=\"wp-image-137573\" srcset=\"https:\/\/www.correiobraziliense.com.br\/cbradar\/wp-content\/uploads\/2025\/11\/celular-manha_1763151409171-1024x576.jpg 1024w, https:\/\/www.correiobraziliense.com.br\/cbradar\/wp-content\/uploads\/2025\/11\/celular-manha_1763151409171-300x169.jpg 300w, https:\/\/www.correiobraziliense.com.br\/cbradar\/wp-content\/uploads\/2025\/11\/celular-manha_1763151409171-768x432.jpg 768w, https:\/\/www.correiobraziliense.com.br\/cbradar\/wp-content\/uploads\/2025\/11\/celular-manha_1763151409171-750x422.jpg 750w, https:\/\/www.correiobraziliense.com.br\/cbradar\/wp-content\/uploads\/2025\/11\/celular-manha_1763151409171-1140x641.jpg 1140w, https:\/\/www.correiobraziliense.com.br\/cbradar\/wp-content\/uploads\/2025\/11\/celular-manha_1763151409171.jpg 1280w\" sizes=\"(max-width: 1024px) 100vw, 1024px\" \/><figcaption class=\"wp-element-caption\">Pr\u00e1tica matinal que reduz o estresse di\u00e1rio e contribui para melhor qualidade de vida &#8211; Cr\u00e9ditos: depositphotos.com \/ HayDmitriy\n<\/figcaption><\/figure>\n\n\n\n<h2 class=\"wp-block-heading\">Como a respira\u00e7\u00e3o consciente &#8220;desliga&#8221; o modo de alerta?<\/h2>\n\n\n\n<p>A respira\u00e7\u00e3o lenta e diafragm\u00e1tica (pela barriga) \u00e9 o &#8220;interruptor&#8221; manual do <strong>sistema nervoso parassimp\u00e1tico<\/strong> (&#8220;descansar e digerir&#8221;), o ant\u00eddoto do estresse.<\/p>\n\n\n\n<p>Ela <a href=\"https:\/\/www.health.harvard.edu\/mind-and-mood\/relaxation-techniques-breath-control-helps-quell-errant-stress-response\" target=\"_blank\" rel=\"noreferrer noopener\">estimula o nervo vago (<strong>Harvard Health<\/strong>)<\/a>, reduzindo a frequ\u00eancia card\u00edaca e o cortisol. Isso cria uma &#8220;linha de base&#8221; de calma, tornando-o menos reativo a pequenos estresses (tr\u00e2nsito, e-mails).<\/p>\n\n\n\n<p>Leia tamb\u00e9m: <a href=\"https:\/\/www.correiobraziliense.com.br\/cbradar\/sinais-que-seu-corpo-apresenta-que-esta-faltando-calcio-na-sua-dieta\" target=\"_blank\" rel=\"noreferrer noopener\">Sinais que seu corpo apresenta que est\u00e1 faltando c\u00e1lcio na sua dieta<\/a><\/p>\n\n\n\n<h2 class=\"wp-block-heading\">Qual o impacto na clareza mental e no foco?<\/h2>\n\n\n\n<p>A respira\u00e7\u00e3o consciente \u00e9 um treino para o <strong>c\u00f3rtex pr\u00e9-frontal<\/strong> (o centro do foco). Ela quebra o ciclo da <strong>rumina\u00e7\u00e3o<\/strong> (pensamentos ansiosos repetitivos) sobre o dia que est\u00e1 por vir.<\/p>\n\n\n\n<p>Ao &#8220;ancorar&#8221; a mente no presente (na sensa\u00e7\u00e3o da respira\u00e7\u00e3o), voc\u00ea come\u00e7a o dia com clareza, em vez de &#8220;n\u00e9voa mental&#8221;, <a href=\"https:\/\/www.nimh.nih.gov\/health\/publications\/so-stressed-out-fact-sheet\" target=\"_blank\" rel=\"noreferrer noopener\">protegendo sua capacidade de foco (<strong>NIMH<\/strong>)<\/a> e tomada de decis\u00e3o.<\/p>\n\n\n\n<h2 class=\"wp-block-heading\">Como esse h\u00e1bito melhora a qualidade de vida geral?<\/h2>\n\n\n\n<p>A pr\u00e1tica di\u00e1ria de <em>mindfulness<\/em> matinal constr\u00f3i <strong>resili\u00eancia emocional<\/strong>. Voc\u00ea aprende a observar seus impulsos de estresse sem ser controlado por eles, o que melhora a regula\u00e7\u00e3o emocional e a paci\u00eancia.<\/p>\n\n\n\n<p>A <a href=\"https:\/\/www.who.int\/news-room\/fact-sheets\/detail\/mental-health-strengthening-our-response\" target=\"_blank\" rel=\"noreferrer noopener\"><strong>Organiza\u00e7\u00e3o Mundial da Sa\u00fade (OMS)<\/strong><\/a> destaca o manejo do estresse como vital. Este h\u00e1bito melhora o humor, reduz a irritabilidade (&#8220;pavio curto&#8221;) e melhora a qualidade do sono (pois reduz a ansiedade noturna).<\/p>\n\n\n\n<figure class=\"wp-block-image aligncenter size-large\"><img decoding=\"async\" width=\"1024\" height=\"576\" src=\"https:\/\/www.correiobraziliense.com.br\/cbradar\/wp-content\/uploads\/2025\/11\/mosaico_1763151861452-1024x576.jpg\" alt=\"O h\u00e1bito matinal que reduz o estresse ao longo do dia e melhora sua qualidade de vida\" class=\"wp-image-137579\" srcset=\"https:\/\/www.correiobraziliense.com.br\/cbradar\/wp-content\/uploads\/2025\/11\/mosaico_1763151861452-1024x576.jpg 1024w, https:\/\/www.correiobraziliense.com.br\/cbradar\/wp-content\/uploads\/2025\/11\/mosaico_1763151861452-300x169.jpg 300w, https:\/\/www.correiobraziliense.com.br\/cbradar\/wp-content\/uploads\/2025\/11\/mosaico_1763151861452-768x432.jpg 768w, https:\/\/www.correiobraziliense.com.br\/cbradar\/wp-content\/uploads\/2025\/11\/mosaico_1763151861452-750x422.jpg 750w, https:\/\/www.correiobraziliense.com.br\/cbradar\/wp-content\/uploads\/2025\/11\/mosaico_1763151861452-1140x641.jpg 1140w, https:\/\/www.correiobraziliense.com.br\/cbradar\/wp-content\/uploads\/2025\/11\/mosaico_1763151861452.jpg 1280w\" sizes=\"(max-width: 1024px) 100vw, 1024px\" \/><figcaption class=\"wp-element-caption\">Pr\u00e1tica matinal que reduz o estresse di\u00e1rio e contribui para melhor qualidade de vida &#8211; Cr\u00e9ditos: depositphotos.com \/ AntonioGuillemF &#8211; Cr\u00e9ditos: depositphotos.com \/ Infolight\n<\/figcaption><\/figure>\n\n\n\n<p>Leia tamb\u00e9m: <a href=\"https:\/\/www.correiobraziliense.com.br\/cbradar\/consumir-esse-nutriente-com-frequencia-pode-ter-impacto-direto-no-seu-emagrecimento\" target=\"_blank\" rel=\"noreferrer noopener\">Consumir esse nutriente com frequ\u00eancia pode ter impacto direto no seu emagrecimento<\/a><\/p>\n\n\n\n<h2 class=\"wp-block-heading\">Quais s\u00e3o os passos para criar este ritual de 5 minutos?<\/h2>\n\n\n\n<p>A chave \u00e9 a consist\u00eancia, n\u00e3o a perfei\u00e7\u00e3o, e a regra de ouro \u00e9: <strong>respira\u00e7\u00e3o antes de telas<\/strong>. Coloque o celular longe da cama para evitar a tenta\u00e7\u00e3o.<\/p>\n\n\n\n<p>Para criar um ritual de &#8220;aterramento&#8221; (<em>grounding<\/em>) eficaz que defina um tom de calma, siga esta sequ\u00eancia simples ao acordar:<\/p>\n\n\n\n<ul class=\"wp-block-list\">\n<li><strong>N\u00e3o pegue o celular:<\/strong> Resista ao impulso.<\/li>\n\n\n\n<li><strong>Sente-se confortavelmente:<\/strong> (Pode ser na pr\u00f3pria cama) Mantenha a coluna ereta.<\/li>\n\n\n\n<li><strong>Feche os olhos:<\/strong> Coloque uma m\u00e3o na barriga.<\/li>\n\n\n\n<li><strong>Foque na respira\u00e7\u00e3o (5 min):<\/strong> Inspire pelo nariz (inflando a barriga) e expire lentamente pela boca. Apenas observe o ar, sem julgamentos.<\/li>\n<\/ul>\n","protected":false},"excerpt":{"rendered":"<p>O h\u00e1bito de reservar os primeiros 5 a 10 minutos do dia para a respira\u00e7\u00e3o consciente (mindfulness), antes de qualquer intera\u00e7\u00e3o com telas, \u00e9 a ferramenta mais poderosa para reduzir o estresse. Este ritual define um estado de calma fisiol\u00f3gica que protege a mente da reatividade e da sobrecarga ao longo do dia. Por que [&hellip;]<\/p>\n","protected":false},"author":11,"featured_media":137581,"comment_status":"open","ping_status":"open","sticky":false,"template":"","format":"standard","meta":{"_yoast_wpseo_focuskw":"habito matinal","_yoast_wpseo_title":"","_yoast_wpseo_metadesc":"H\u00e1bito matinal simples pode reduzir o estresse ao longo do dia e favorecer uma rotina mais leve fortalecendo sua qualidade de vida","jnews-multi-image_gallery":[],"jnews_single_post":{"format":"standard"},"jnews_primary_category":[],"jnews_social_meta":[],"jnews_override_counter":[],"footnotes":""},"categories":[119],"post_tag":[121,8676,1318],"class_list":["post-137567","post","type-post","status-publish","format-standard","has-post-thumbnail","hentry","category-bem-estar","tag-estresse","tag-habito-2","tag-saude-2"],"yoast_head":"<!-- This site is optimized with the Yoast SEO plugin v24.6 - https:\/\/yoast.com\/wordpress\/plugins\/seo\/ -->\n<title>O h\u00e1bito matinal que reduz o estresse ao longo do dia e melhora sua qualidade de vida - Correio Braziliense - Radar<\/title>\n<meta name=\"description\" content=\"H\u00e1bito matinal simples pode reduzir o estresse ao longo do dia e favorecer uma rotina mais leve fortalecendo sua qualidade de vida\" \/>\n<meta name=\"robots\" content=\"index, follow, max-snippet:-1, max-image-preview:large, max-video-preview:-1\" \/>\n<link rel=\"canonical\" href=\"https:\/\/www.correiobraziliense.com.br\/cbradar\/o-habito-matinal-que-reduz-o-estresse-ao-longo-do-dia-e-melhora-sua-qualidade-de-vida\/\" \/>\n<meta property=\"og:locale\" content=\"pt_BR\" \/>\n<meta property=\"og:type\" content=\"article\" \/>\n<meta property=\"og:title\" content=\"O h\u00e1bito matinal que reduz o estresse ao longo do dia e melhora sua qualidade de vida - Correio Braziliense - Radar\" \/>\n<meta property=\"og:description\" content=\"H\u00e1bito matinal simples pode reduzir o estresse ao longo do dia e favorecer uma rotina mais leve fortalecendo sua qualidade de vida\" \/>\n<meta property=\"og:url\" content=\"https:\/\/www.correiobraziliense.com.br\/cbradar\/o-habito-matinal-que-reduz-o-estresse-ao-longo-do-dia-e-melhora-sua-qualidade-de-vida\/\" \/>\n<meta property=\"og:site_name\" content=\"Correio Braziliense - Radar\" \/>\n<meta property=\"article:published_time\" content=\"2025-11-15T15:25:00+00:00\" \/>\n<meta property=\"og:image\" content=\"https:\/\/www.correiobraziliense.com.br\/cbradar\/wp-content\/uploads\/2025\/11\/mosaico_1763151983991.jpg\" \/>\n\t<meta property=\"og:image:width\" content=\"1280\" \/>\n\t<meta property=\"og:image:height\" content=\"720\" \/>\n\t<meta property=\"og:image:type\" content=\"image\/jpeg\" \/>\n<meta name=\"author\" content=\"Paulo Custodio\" \/>\n<meta name=\"twitter:card\" content=\"summary_large_image\" \/>\n<meta name=\"twitter:label1\" content=\"Escrito por\" \/>\n\t<meta name=\"twitter:data1\" content=\"Paulo Custodio\" \/>\n\t<meta name=\"twitter:label2\" content=\"Est. tempo de leitura\" \/>\n\t<meta name=\"twitter:data2\" content=\"4 minutos\" \/>\n<!-- \/ Yoast SEO plugin. -->","yoast_head_json":{"title":"O h\u00e1bito matinal que reduz o estresse ao longo do dia e melhora sua qualidade de vida - Correio Braziliense - Radar","description":"H\u00e1bito matinal simples pode reduzir o estresse ao longo do dia e favorecer uma rotina mais leve fortalecendo sua qualidade de vida","robots":{"index":"index","follow":"follow","max-snippet":"max-snippet:-1","max-image-preview":"max-image-preview:large","max-video-preview":"max-video-preview:-1"},"canonical":"https:\/\/www.correiobraziliense.com.br\/cbradar\/o-habito-matinal-que-reduz-o-estresse-ao-longo-do-dia-e-melhora-sua-qualidade-de-vida\/","og_locale":"pt_BR","og_type":"article","og_title":"O h\u00e1bito matinal que reduz o estresse ao longo do dia e melhora sua qualidade de vida - Correio Braziliense - Radar","og_description":"H\u00e1bito matinal simples pode reduzir o estresse ao longo do dia e favorecer uma rotina mais leve fortalecendo sua qualidade de vida","og_url":"https:\/\/www.correiobraziliense.com.br\/cbradar\/o-habito-matinal-que-reduz-o-estresse-ao-longo-do-dia-e-melhora-sua-qualidade-de-vida\/","og_site_name":"Correio Braziliense - Radar","article_published_time":"2025-11-15T15:25:00+00:00","og_image":[{"width":1280,"height":720,"url":"https:\/\/www.correiobraziliense.com.br\/cbradar\/wp-content\/uploads\/2025\/11\/mosaico_1763151983991.jpg","type":"image\/jpeg"}],"author":"Paulo Custodio","twitter_card":"summary_large_image","twitter_misc":{"Escrito por":"Paulo Custodio","Est. tempo de leitura":"4 minutos"},"schema":{"@context":"https:\/\/schema.org","@graph":[{"@type":"WebPage","@id":"https:\/\/www.correiobraziliense.com.br\/cbradar\/o-habito-matinal-que-reduz-o-estresse-ao-longo-do-dia-e-melhora-sua-qualidade-de-vida\/","url":"https:\/\/www.correiobraziliense.com.br\/cbradar\/o-habito-matinal-que-reduz-o-estresse-ao-longo-do-dia-e-melhora-sua-qualidade-de-vida\/","name":"O h\u00e1bito matinal que reduz o estresse ao longo do dia e melhora sua qualidade de vida - Correio Braziliense - Radar","isPartOf":{"@id":"https:\/\/www.correiobraziliense.com.br\/cbradar\/#website"},"primaryImageOfPage":{"@id":"https:\/\/www.correiobraziliense.com.br\/cbradar\/o-habito-matinal-que-reduz-o-estresse-ao-longo-do-dia-e-melhora-sua-qualidade-de-vida\/#primaryimage"},"image":{"@id":"https:\/\/www.correiobraziliense.com.br\/cbradar\/o-habito-matinal-que-reduz-o-estresse-ao-longo-do-dia-e-melhora-sua-qualidade-de-vida\/#primaryimage"},"thumbnailUrl":"https:\/\/www.correiobraziliense.com.br\/cbradar\/wp-content\/uploads\/2025\/11\/mosaico_1763151983991.jpg","datePublished":"2025-11-15T15:25:00+00:00","author":{"@id":"https:\/\/www.correiobraziliense.com.br\/cbradar\/#\/schema\/person\/4cec7857301a9a1a2ef249893cd908d3"},"description":"H\u00e1bito matinal simples pode reduzir o estresse ao longo do dia e favorecer uma rotina mais leve fortalecendo sua qualidade de vida","breadcrumb":{"@id":"https:\/\/www.correiobraziliense.com.br\/cbradar\/o-habito-matinal-que-reduz-o-estresse-ao-longo-do-dia-e-melhora-sua-qualidade-de-vida\/#breadcrumb"},"inLanguage":"pt-BR","potentialAction":[{"@type":"ReadAction","target":["https:\/\/www.correiobraziliense.com.br\/cbradar\/o-habito-matinal-que-reduz-o-estresse-ao-longo-do-dia-e-melhora-sua-qualidade-de-vida\/"]}]},{"@type":"ImageObject","inLanguage":"pt-BR","@id":"https:\/\/www.correiobraziliense.com.br\/cbradar\/o-habito-matinal-que-reduz-o-estresse-ao-longo-do-dia-e-melhora-sua-qualidade-de-vida\/#primaryimage","url":"https:\/\/www.correiobraziliense.com.br\/cbradar\/wp-content\/uploads\/2025\/11\/mosaico_1763151983991.jpg","contentUrl":"https:\/\/www.correiobraziliense.com.br\/cbradar\/wp-content\/uploads\/2025\/11\/mosaico_1763151983991.jpg","width":1280,"height":720,"caption":"Pr\u00e1tica matinal que reduz o estresse di\u00e1rio e contribui para melhor qualidade de vida - Cr\u00e9ditos: depositphotos.com \/ PheelingsMedia - Cr\u00e9ditos: depositphotos.com \/ HayDmitriy"},{"@type":"BreadcrumbList","@id":"https:\/\/www.correiobraziliense.com.br\/cbradar\/o-habito-matinal-que-reduz-o-estresse-ao-longo-do-dia-e-melhora-sua-qualidade-de-vida\/#breadcrumb","itemListElement":[{"@type":"ListItem","position":1,"name":"In\u00edcio","item":"https:\/\/www.correiobraziliense.com.br\/cbradar\/"},{"@type":"ListItem","position":2,"name":"O h\u00e1bito matinal que reduz o estresse ao longo do dia e melhora sua qualidade de vida"}]},{"@type":"WebSite","@id":"https:\/\/www.correiobraziliense.com.br\/cbradar\/#website","url":"https:\/\/www.correiobraziliense.com.br\/cbradar\/","name":"Correio Braziliense - Radar","description":"Acompanhe as \u00faltimas not\u00edcias e fique bem informado sobre tudo o que acontece no Brasil e no mundo.","potentialAction":[{"@type":"SearchAction","target":{"@type":"EntryPoint","urlTemplate":"https:\/\/www.correiobraziliense.com.br\/cbradar\/?s={search_term_string}"},"query-input":{"@type":"PropertyValueSpecification","valueRequired":true,"valueName":"search_term_string"}}],"inLanguage":"pt-BR"},{"@type":"Person","@id":"https:\/\/www.correiobraziliense.com.br\/cbradar\/#\/schema\/person\/4cec7857301a9a1a2ef249893cd908d3","name":"Paulo Custodio","image":{"@type":"ImageObject","inLanguage":"pt-BR","@id":"https:\/\/www.correiobraziliense.com.br\/cbradar\/#\/schema\/person\/image\/","url":"https:\/\/secure.gravatar.com\/avatar\/bcd67168d1534e8fcf4f45c726a87cea?s=96&d=mm&r=g","contentUrl":"https:\/\/secure.gravatar.com\/avatar\/bcd67168d1534e8fcf4f45c726a87cea?s=96&d=mm&r=g","caption":"Paulo Custodio"},"sameAs":["https:\/\/www.correiobraziliense.com.br\/cbradar"],"url":"https:\/\/www.correiobraziliense.com.br\/cbradar\/author\/paulomyth\/"}]}},"_links":{"self":[{"href":"https:\/\/www.correiobraziliense.com.br\/cbradar\/wp-json\/wp\/v2\/posts\/137567","targetHints":{"allow":["GET"]}}],"collection":[{"href":"https:\/\/www.correiobraziliense.com.br\/cbradar\/wp-json\/wp\/v2\/posts"}],"about":[{"href":"https:\/\/www.correiobraziliense.com.br\/cbradar\/wp-json\/wp\/v2\/types\/post"}],"author":[{"embeddable":true,"href":"https:\/\/www.correiobraziliense.com.br\/cbradar\/wp-json\/wp\/v2\/users\/11"}],"replies":[{"embeddable":true,"href":"https:\/\/www.correiobraziliense.com.br\/cbradar\/wp-json\/wp\/v2\/comments?post=137567"}],"version-history":[{"count":1,"href":"https:\/\/www.correiobraziliense.com.br\/cbradar\/wp-json\/wp\/v2\/posts\/137567\/revisions"}],"predecessor-version":[{"id":137583,"href":"https:\/\/www.correiobraziliense.com.br\/cbradar\/wp-json\/wp\/v2\/posts\/137567\/revisions\/137583"}],"wp:featuredmedia":[{"embeddable":true,"href":"https:\/\/www.correiobraziliense.com.br\/cbradar\/wp-json\/wp\/v2\/media\/137581"}],"wp:attachment":[{"href":"https:\/\/www.correiobraziliense.com.br\/cbradar\/wp-json\/wp\/v2\/media?parent=137567"}],"wp:term":[{"taxonomy":"category","embeddable":true,"href":"https:\/\/www.correiobraziliense.com.br\/cbradar\/wp-json\/wp\/v2\/categories?post=137567"},{"taxonomy":"post_tag","embeddable":true,"href":"https:\/\/www.correiobraziliense.com.br\/cbradar\/wp-json\/wp\/v2\/post_tag?post=137567"}],"curies":[{"name":"wp","href":"https:\/\/api.w.org\/{rel}","templated":true}]}}