{"id":137620,"date":"2025-11-15T17:15:00","date_gmt":"2025-11-15T20:15:00","guid":{"rendered":"https:\/\/www.correiobraziliense.com.br\/cbradar\/?p=137620"},"modified":"2025-11-14T18:15:30","modified_gmt":"2025-11-14T21:15:30","slug":"por-que-comer-sementes-de-abobora-todos-os-dias-vai-transformar-sua-saude","status":"publish","type":"post","link":"https:\/\/www.correiobraziliense.com.br\/cbradar\/por-que-comer-sementes-de-abobora-todos-os-dias-vai-transformar-sua-saude\/","title":{"rendered":"Por que comer sementes de ab\u00f3bora todos os dias vai transformar sua sa\u00fade"},"content":{"rendered":"\n<p>A ab\u00f3bora tem sido um elemento essencial na culin\u00e1ria de muitos lares ao redor do mundo, mas um aspecto frequentemente negligenciado desse vegetal \u00e9 o potencial nutricional das suas sementes. Apesar de n\u00e3o serem comumente vistas como um alimento principal no dia a dia, as <strong>Sementes de Ab\u00f3bora<\/strong> oferecem uma variedade de benef\u00edcios para a sa\u00fade e podem ser facilmente incorporadas \u00e0s refei\u00e7\u00f5es. Essas sementes s\u00e3o uma excelente fonte de energia, prote\u00ednas vegetais, gorduras saud\u00e1veis e antioxidantes, tornando-as ideais para quem busca uma dieta balanceada e saud\u00e1vel.<\/p>\n\n\n\n<p>As Sementes de Ab\u00f3bora s\u00e3o valorizadas por seu perfil nutricional rico. S\u00e3o abundantes em gorduras mono e poli-insaturadas, fibras, antioxidantes e vitaminas essenciais como A, C e E. Al\u00e9m disso, fornecem minerais importantes, incluindo magn\u00e9sio, ferro, zinco e pot\u00e1ssio. Este conjunto de nutrientes pode contribuir para a preven\u00e7\u00e3o de doen\u00e7as cardiovasculares, melhorar a digest\u00e3o e ainda refor\u00e7ar o sistema imunol\u00f3gico, conforme apontam especialistas nutricionais.<\/p>\n\n\n\n<h2 class=\"wp-block-heading\">Como as Sementes de Ab\u00f3bora beneficiam a sa\u00fade do cora\u00e7\u00e3o?<\/h2>\n\n\n\n<p>Um dos principais benef\u00edcios das Sementes de Ab\u00f3bora est\u00e1 ligado \u00e0 <a href=\"https:\/\/www.correiobraziliense.com.br\/cbradar\/como-usar-cravo-da-india-contra-formigas-em-casa\/\" target=\"_blank\" rel=\"noreferrer noopener\">sa\u00fade <\/a>cardiovascular. Gra\u00e7as ao seu conte\u00fado de \u00e1cidos graxos \u00f4mega-3 e \u00f4mega-6, elas desempenham um papel crucial na redu\u00e7\u00e3o do colesterol LDL, conhecido como &#8220;colesterol ruim&#8221;, e no aumento dos n\u00edveis de colesterol HDL, o &#8220;colesterol bom&#8221;. Estudos tamb\u00e9m sugerem que esses \u00e1cidos graxos podem ajudar a diminuir a press\u00e3o arterial e o risco de doen\u00e7as do cora\u00e7\u00e3o, fazendo das Sementes de Ab\u00f3bora uma escolha inteligente para a sa\u00fade cardiovascular.<\/p>\n\n\n\n<h2 class=\"wp-block-heading\">Qual \u00e9 a rela\u00e7\u00e3o entre Sementes de Ab\u00f3bora e o controle de apetite?<\/h2>\n\n\n<div class=\"wp-block-image\">\n<figure class=\"aligncenter size-large\"><img decoding=\"async\" width=\"1024\" height=\"576\" src=\"https:\/\/www.correiobraziliense.com.br\/cbradar\/wp-content\/uploads\/2025\/08\/Semente-de-Abobora_1755195804912-1024x576.jpg\" alt=\"\" class=\"wp-image-86777\" srcset=\"https:\/\/www.correiobraziliense.com.br\/cbradar\/wp-content\/uploads\/2025\/08\/Semente-de-Abobora_1755195804912-1024x576.jpg 1024w, https:\/\/www.correiobraziliense.com.br\/cbradar\/wp-content\/uploads\/2025\/08\/Semente-de-Abobora_1755195804912-300x169.jpg 300w, https:\/\/www.correiobraziliense.com.br\/cbradar\/wp-content\/uploads\/2025\/08\/Semente-de-Abobora_1755195804912-768x432.jpg 768w, https:\/\/www.correiobraziliense.com.br\/cbradar\/wp-content\/uploads\/2025\/08\/Semente-de-Abobora_1755195804912-750x422.jpg 750w, https:\/\/www.correiobraziliense.com.br\/cbradar\/wp-content\/uploads\/2025\/08\/Semente-de-Abobora_1755195804912-1140x641.jpg 1140w, https:\/\/www.correiobraziliense.com.br\/cbradar\/wp-content\/uploads\/2025\/08\/Semente-de-Abobora_1755195804912.jpg 1280w\" sizes=\"(max-width: 1024px) 100vw, 1024px\" \/><figcaption class=\"wp-element-caption\">Semente de Ab\u00f3bora &#8211; Cr\u00e9ditos: depositphotos.com \/ VadimVasenin<\/figcaption><\/figure><\/div>\n\n\n<p>Outro benef\u00edcio significativo das sementes de ab\u00f3bora \u00e9 sua capacidade de controlar o apetite. Embora sejam cal\u00f3ricas, a combina\u00e7\u00e3o de prote\u00ednas, gorduras saud\u00e1veis e fibras contribui para uma libera\u00e7\u00e3o gradual de energia. Isso n\u00e3o apenas ajuda a manter os n\u00edveis de glicose est\u00e1veis, prevenindo picos de fome, mas tamb\u00e9m prolonga a sensa\u00e7\u00e3o de saciedade. Por essa raz\u00e3o, as Sementes de Ab\u00f3bora s\u00e3o aliadas \u00fateis para quem deseja evitar lanches ultraprocessados e manter uma alimenta\u00e7\u00e3o equilibrada.<\/p>\n\n\n\n<h2 class=\"wp-block-heading\">Por que Sementes de Ab\u00f3bora s\u00e3o recomendadas para atletas?<\/h2>\n\n\n\n<p>Para atletas e pessoas que buscam aumentar a massa muscular, as Sementes de Ab\u00f3bora podem ser um valioso complemento diet\u00e9tico. O alto teor de prote\u00ednas vegetais que possuem contribui para a constru\u00e7\u00e3o e repara\u00e7\u00e3o muscular. Isso as torna uma excelente op\u00e7\u00e3o especialmente para vegetarianos e veganos, que podem precisar de fontes alternativas de prote\u00edna para atender \u00e0s suas necessidades di\u00e1rias.<\/p>\n\n\n\n<h2 class=\"wp-block-heading\">Existem precau\u00e7\u00f5es ao consumir Sementes de Ab\u00f3bora?<\/h2>\n\n\n\n<p>Apesar dos seus benef\u00edcios, \u00e9 importante consumir as Sementes de Ab\u00f3bora com modera\u00e7\u00e3o, especialmente para aqueles que seguem dietas com baixa ingest\u00e3o de fibras ou t\u00eam dist\u00farbios digestivos. O excesso pode causar desconforto intestinal. Recomenda-se optar por vers\u00f5es naturais ou sem sal para garantir a qualidade nutricional, evitando industrializados com altos n\u00edveis de s\u00f3dio ou aromatizantes artificiais. Especialistas aconselham consumir uma a duas colheres por dia para aproveitar seus benef\u00edcios sem exagero.<\/p>\n\n\n\n<p>As Sementes de Ab\u00f3bora emergem como um superalimento vers\u00e1til e nutricionalmente robusto, cujas vantagens variam desde a sa\u00fade do cora\u00e7\u00e3o at\u00e9 o suporte \u00e0 dieta de atletas. Incorpor\u00e1-las na alimenta\u00e7\u00e3o cotidiana, de forma sensata, pode conduzir a uma vida mais saud\u00e1vel e equilibrada.<\/p>\n\n\n<a href=\"https:\/\/www.instagram.com\/dra.annaluisabf\/\" target=\"_blank\" rel=\"noopener\" style=\"text-decoration: none; color: inherit;\">\n    <span style=\"display: inline-block; border: 1px solid #ccc; border-radius: 10px; padding: 15px; max-width: 550px; font-family: sans-serif; box-shadow: 0 2px 5px rgba(0,0,0,0.1); width: 100%;\">\n\n      <!-- T\u00edtulo -->\n      <span style=\"display: block; margin: 0 0 15px 0; font-weight: bold; color: #2c3e50; text-align: center;\">\n        Entre em contato:\n      <\/span>\n\n      <!-- Linha do perfil -->\n      <span style=\"display: flex; align-items: center; gap: 15px;\">\n        <img decoding=\"async\"\n          src=\"https:\/\/www.correiobraziliense.com.br\/cbradar\/wp-content\/uploads\/2025\/08\/dra_anna_luisa.jpeg\"\n          alt=\"Foto da Dra. Anna Lu\u00edsa\"\n          style=\"border-radius: 50%; width: 80px; height: 80px; object-fit: cover;\"\n        \/>\n        <span style=\"display: flex; flex-direction: column;\">\n          <span style=\"font-size: 18px; font-weight: 700; color: #2c3e50;\">Dra. Anna Lu\u00edsa Barbosa Fernandes<\/span>\n          <span style=\"color: #555;\">CRM-GO 33.271<\/span>\n        <\/span>\n      <\/span>\n\n      <!-- Redes -->\n      <span style=\"display: flex; align-items: center; gap: 10px; margin-top: 12px;\">\n        <img decoding=\"async\" src=\"https:\/\/cdn-icons-png.flaticon.com\/24\/1384\/1384063.png\" alt=\"Instagram\" width=\"24\" height=\"24\" \/>\n        <span style=\"text-decoration: underline; color: #2c3e50;\">@dra.annaluisabf<\/span>\n      <\/span>\n\n    <\/span>\n  <\/a>","protected":false},"excerpt":{"rendered":"<p>A ab\u00f3bora tem sido um elemento essencial na culin\u00e1ria de muitos lares ao redor do mundo, mas um aspecto frequentemente negligenciado desse vegetal \u00e9 o potencial nutricional das suas sementes. Apesar de n\u00e3o serem comumente vistas como um alimento principal no dia a dia, as Sementes de Ab\u00f3bora oferecem uma variedade de benef\u00edcios para a [&hellip;]<\/p>\n","protected":false},"author":14,"featured_media":86776,"comment_status":"open","ping_status":"open","sticky":false,"template":"","format":"standard","meta":{"_yoast_wpseo_focuskw":"Sementes de Ab\u00f3bora","_yoast_wpseo_title":"","_yoast_wpseo_metadesc":"Rica em fibras e antioxidantes, a semente de ab\u00f3bora melhora o colesterol, controla o apetite e refor\u00e7a a imunidade.","jnews-multi-image_gallery":[],"jnews_single_post":{"format":"standard"},"jnews_primary_category":[],"jnews_social_meta":[],"jnews_override_counter":[],"footnotes":""},"categories":[4404],"post_tag":[10582,120,1318],"class_list":["post-137620","post","type-post","status-publish","format-standard","has-post-thumbnail","hentry","category-saude","tag-abobora-2","tag-bem-estar","tag-saude-2"],"yoast_head":"<!-- This site is optimized with the Yoast SEO plugin v24.6 - https:\/\/yoast.com\/wordpress\/plugins\/seo\/ -->\n<title>Por que comer sementes de ab\u00f3bora todos os dias vai transformar sua sa\u00fade - Correio Braziliense - Radar<\/title>\n<meta name=\"description\" content=\"Rica em fibras e antioxidantes, a semente de ab\u00f3bora melhora o colesterol, controla o apetite e refor\u00e7a a imunidade.\" \/>\n<meta name=\"robots\" content=\"index, follow, max-snippet:-1, max-image-preview:large, max-video-preview:-1\" \/>\n<link rel=\"canonical\" href=\"https:\/\/www.correiobraziliense.com.br\/cbradar\/por-que-comer-sementes-de-abobora-todos-os-dias-vai-transformar-sua-saude\/\" \/>\n<meta property=\"og:locale\" content=\"pt_BR\" \/>\n<meta property=\"og:type\" content=\"article\" \/>\n<meta property=\"og:title\" content=\"Por que comer sementes de ab\u00f3bora todos os dias vai transformar sua sa\u00fade - Correio Braziliense - Radar\" \/>\n<meta property=\"og:description\" content=\"Rica em fibras e antioxidantes, a semente de ab\u00f3bora melhora o colesterol, controla o apetite e refor\u00e7a a imunidade.\" \/>\n<meta property=\"og:url\" content=\"https:\/\/www.correiobraziliense.com.br\/cbradar\/por-que-comer-sementes-de-abobora-todos-os-dias-vai-transformar-sua-saude\/\" \/>\n<meta property=\"og:site_name\" content=\"Correio Braziliense - Radar\" \/>\n<meta property=\"article:published_time\" content=\"2025-11-15T20:15:00+00:00\" \/>\n<meta property=\"og:image\" content=\"https:\/\/www.correiobraziliense.com.br\/cbradar\/wp-content\/uploads\/2025\/08\/Semente-de-Abobora_1755195761332.jpg\" \/>\n\t<meta property=\"og:image:width\" content=\"1280\" \/>\n\t<meta property=\"og:image:height\" content=\"720\" \/>\n\t<meta property=\"og:image:type\" content=\"image\/jpeg\" \/>\n<meta name=\"author\" content=\"guilherme_saude\" \/>\n<meta name=\"twitter:card\" content=\"summary_large_image\" \/>\n<meta name=\"twitter:label1\" content=\"Escrito por\" \/>\n\t<meta name=\"twitter:data1\" content=\"guilherme_saude\" \/>\n\t<meta name=\"twitter:label2\" content=\"Est. tempo de leitura\" \/>\n\t<meta name=\"twitter:data2\" content=\"4 minutos\" \/>\n<!-- \/ Yoast SEO plugin. -->","yoast_head_json":{"title":"Por que comer sementes de ab\u00f3bora todos os dias vai transformar sua sa\u00fade - Correio Braziliense - Radar","description":"Rica em fibras e antioxidantes, a semente de ab\u00f3bora melhora o colesterol, controla o apetite e refor\u00e7a a imunidade.","robots":{"index":"index","follow":"follow","max-snippet":"max-snippet:-1","max-image-preview":"max-image-preview:large","max-video-preview":"max-video-preview:-1"},"canonical":"https:\/\/www.correiobraziliense.com.br\/cbradar\/por-que-comer-sementes-de-abobora-todos-os-dias-vai-transformar-sua-saude\/","og_locale":"pt_BR","og_type":"article","og_title":"Por que comer sementes de ab\u00f3bora todos os dias vai transformar sua sa\u00fade - Correio Braziliense - Radar","og_description":"Rica em fibras e antioxidantes, a semente de ab\u00f3bora melhora o colesterol, controla o apetite e refor\u00e7a a imunidade.","og_url":"https:\/\/www.correiobraziliense.com.br\/cbradar\/por-que-comer-sementes-de-abobora-todos-os-dias-vai-transformar-sua-saude\/","og_site_name":"Correio Braziliense - Radar","article_published_time":"2025-11-15T20:15:00+00:00","og_image":[{"width":1280,"height":720,"url":"https:\/\/www.correiobraziliense.com.br\/cbradar\/wp-content\/uploads\/2025\/08\/Semente-de-Abobora_1755195761332.jpg","type":"image\/jpeg"}],"author":"guilherme_saude","twitter_card":"summary_large_image","twitter_misc":{"Escrito por":"guilherme_saude","Est. tempo de leitura":"4 minutos"},"schema":{"@context":"https:\/\/schema.org","@graph":[{"@type":"WebPage","@id":"https:\/\/www.correiobraziliense.com.br\/cbradar\/por-que-comer-sementes-de-abobora-todos-os-dias-vai-transformar-sua-saude\/","url":"https:\/\/www.correiobraziliense.com.br\/cbradar\/por-que-comer-sementes-de-abobora-todos-os-dias-vai-transformar-sua-saude\/","name":"Por que comer sementes de ab\u00f3bora todos os dias vai transformar sua sa\u00fade - Correio Braziliense - Radar","isPartOf":{"@id":"https:\/\/www.correiobraziliense.com.br\/cbradar\/#website"},"primaryImageOfPage":{"@id":"https:\/\/www.correiobraziliense.com.br\/cbradar\/por-que-comer-sementes-de-abobora-todos-os-dias-vai-transformar-sua-saude\/#primaryimage"},"image":{"@id":"https:\/\/www.correiobraziliense.com.br\/cbradar\/por-que-comer-sementes-de-abobora-todos-os-dias-vai-transformar-sua-saude\/#primaryimage"},"thumbnailUrl":"https:\/\/www.correiobraziliense.com.br\/cbradar\/wp-content\/uploads\/2025\/08\/Semente-de-Abobora_1755195761332.jpg","datePublished":"2025-11-15T20:15:00+00:00","author":{"@id":"https:\/\/www.correiobraziliense.com.br\/cbradar\/#\/schema\/person\/5aa4bf3c8fa699c267933611de12978b"},"description":"Rica em fibras e antioxidantes, a semente de ab\u00f3bora melhora o colesterol, controla o apetite e refor\u00e7a a imunidade.","breadcrumb":{"@id":"https:\/\/www.correiobraziliense.com.br\/cbradar\/por-que-comer-sementes-de-abobora-todos-os-dias-vai-transformar-sua-saude\/#breadcrumb"},"inLanguage":"pt-BR","potentialAction":[{"@type":"ReadAction","target":["https:\/\/www.correiobraziliense.com.br\/cbradar\/por-que-comer-sementes-de-abobora-todos-os-dias-vai-transformar-sua-saude\/"]}]},{"@type":"ImageObject","inLanguage":"pt-BR","@id":"https:\/\/www.correiobraziliense.com.br\/cbradar\/por-que-comer-sementes-de-abobora-todos-os-dias-vai-transformar-sua-saude\/#primaryimage","url":"https:\/\/www.correiobraziliense.com.br\/cbradar\/wp-content\/uploads\/2025\/08\/Semente-de-Abobora_1755195761332.jpg","contentUrl":"https:\/\/www.correiobraziliense.com.br\/cbradar\/wp-content\/uploads\/2025\/08\/Semente-de-Abobora_1755195761332.jpg","width":1280,"height":720,"caption":"Semente de Ab\u00f3bora - Cr\u00e9ditos: depositphotos.com \/ VadimVasenin"},{"@type":"BreadcrumbList","@id":"https:\/\/www.correiobraziliense.com.br\/cbradar\/por-que-comer-sementes-de-abobora-todos-os-dias-vai-transformar-sua-saude\/#breadcrumb","itemListElement":[{"@type":"ListItem","position":1,"name":"In\u00edcio","item":"https:\/\/www.correiobraziliense.com.br\/cbradar\/"},{"@type":"ListItem","position":2,"name":"Por que comer sementes de ab\u00f3bora todos os dias vai transformar sua sa\u00fade"}]},{"@type":"WebSite","@id":"https:\/\/www.correiobraziliense.com.br\/cbradar\/#website","url":"https:\/\/www.correiobraziliense.com.br\/cbradar\/","name":"Correio Braziliense - Radar","description":"Acompanhe as \u00faltimas not\u00edcias e fique bem informado sobre tudo o que acontece no Brasil e no mundo.","potentialAction":[{"@type":"SearchAction","target":{"@type":"EntryPoint","urlTemplate":"https:\/\/www.correiobraziliense.com.br\/cbradar\/?s={search_term_string}"},"query-input":{"@type":"PropertyValueSpecification","valueRequired":true,"valueName":"search_term_string"}}],"inLanguage":"pt-BR"},{"@type":"Person","@id":"https:\/\/www.correiobraziliense.com.br\/cbradar\/#\/schema\/person\/5aa4bf3c8fa699c267933611de12978b","name":"guilherme_saude","image":{"@type":"ImageObject","inLanguage":"pt-BR","@id":"https:\/\/www.correiobraziliense.com.br\/cbradar\/#\/schema\/person\/image\/","url":"https:\/\/secure.gravatar.com\/avatar\/df9adfb835d344bc0af109d41756253f?s=96&d=mm&r=g","contentUrl":"https:\/\/secure.gravatar.com\/avatar\/df9adfb835d344bc0af109d41756253f?s=96&d=mm&r=g","caption":"guilherme_saude"},"url":"https:\/\/www.correiobraziliense.com.br\/cbradar\/author\/guilherme_saude\/"}]}},"_links":{"self":[{"href":"https:\/\/www.correiobraziliense.com.br\/cbradar\/wp-json\/wp\/v2\/posts\/137620","targetHints":{"allow":["GET"]}}],"collection":[{"href":"https:\/\/www.correiobraziliense.com.br\/cbradar\/wp-json\/wp\/v2\/posts"}],"about":[{"href":"https:\/\/www.correiobraziliense.com.br\/cbradar\/wp-json\/wp\/v2\/types\/post"}],"author":[{"embeddable":true,"href":"https:\/\/www.correiobraziliense.com.br\/cbradar\/wp-json\/wp\/v2\/users\/14"}],"replies":[{"embeddable":true,"href":"https:\/\/www.correiobraziliense.com.br\/cbradar\/wp-json\/wp\/v2\/comments?post=137620"}],"version-history":[{"count":1,"href":"https:\/\/www.correiobraziliense.com.br\/cbradar\/wp-json\/wp\/v2\/posts\/137620\/revisions"}],"predecessor-version":[{"id":137621,"href":"https:\/\/www.correiobraziliense.com.br\/cbradar\/wp-json\/wp\/v2\/posts\/137620\/revisions\/137621"}],"wp:featuredmedia":[{"embeddable":true,"href":"https:\/\/www.correiobraziliense.com.br\/cbradar\/wp-json\/wp\/v2\/media\/86776"}],"wp:attachment":[{"href":"https:\/\/www.correiobraziliense.com.br\/cbradar\/wp-json\/wp\/v2\/media?parent=137620"}],"wp:term":[{"taxonomy":"category","embeddable":true,"href":"https:\/\/www.correiobraziliense.com.br\/cbradar\/wp-json\/wp\/v2\/categories?post=137620"},{"taxonomy":"post_tag","embeddable":true,"href":"https:\/\/www.correiobraziliense.com.br\/cbradar\/wp-json\/wp\/v2\/post_tag?post=137620"}],"curies":[{"name":"wp","href":"https:\/\/api.w.org\/{rel}","templated":true}]}}