{"id":13765,"date":"2025-03-20T06:10:40","date_gmt":"2025-03-20T09:10:40","guid":{"rendered":"https:\/\/www.correiobraziliense.com.br\/cbradar\/?p=13765"},"modified":"2025-03-19T02:06:18","modified_gmt":"2025-03-19T05:06:18","slug":"entenda-a-ciencia-por-tras-das-plantas-que-brilham","status":"publish","type":"post","link":"https:\/\/www.correiobraziliense.com.br\/cbradar\/entenda-a-ciencia-por-tras-das-plantas-que-brilham\/","title":{"rendered":"Entenda a ci\u00eancia por tr\u00e1s das plantas que brilham"},"content":{"rendered":"\n<p>As plantas <strong>bioluminescentes<\/strong> est\u00e3o emergindo como uma inova\u00e7\u00e3o fascinante no campo da biotecnologia, prometendo transformar a maneira como iluminamos nossos ambientes. Ao integrar genes de organismos bioluminescentes em plantas, cientistas est\u00e3o desenvolvendo vegeta\u00e7\u00f5es que brilham no escuro, oferecendo uma alternativa ecol\u00f3gica \u00e0<strong> ilumina\u00e7\u00e3o tradicional<\/strong>. Este avan\u00e7o n\u00e3o s\u00f3 representa um marco na bioengenharia gen\u00e9tica, mas tamb\u00e9m abre portas para aplica\u00e7\u00f5es pr\u00e1ticas em design urbano e sustentabilidade.<\/p>\n\n\n\n<p>A bioluminesc\u00eancia em vegetais \u00e9 um conceito que une biologia e tecnologia de maneira inovadora. Atrav\u00e9s da inser\u00e7\u00e3o de genes espec\u00edficos, <a href=\"https:\/\/www.correiobraziliense.com.br\/cbradar\/aprenda-como-combinar-plantas-para-uma-horta-de-sucesso\/\" target=\"_blank\" rel=\"noreferrer noopener\">plantas <\/a>podem emitir luz de forma natural, sem a necessidade de eletricidade. Este fen\u00f4meno, que ocorre naturalmente em algumas esp\u00e9cies marinhas e insetos, agora est\u00e1 sendo explorado em plantas terrestres, oferecendo uma nova perspectiva para a ilumina\u00e7\u00e3o sustent\u00e1vel.<\/p>\n\n\n\n<h2 class=\"wp-block-heading\">Como funciona a bioluminesc\u00eancia em plantas?<\/h2>\n\n\n\n<p>A bioluminesc\u00eancia \u00e9 um processo biol\u00f3gico onde organismos vivos produzem luz atrav\u00e9s de rea\u00e7\u00f5es qu\u00edmicas. Em plantas, isso \u00e9 alcan\u00e7ado pela introdu\u00e7\u00e3o de genes que codificam prote\u00ednas respons\u00e1veis pela emiss\u00e3o de luz. Essas prote\u00ednas, conhecidas como <strong>luciferases<\/strong>, interagem com mol\u00e9culas chamadas luciferinas, resultando na produ\u00e7\u00e3o de luz vis\u00edvel. A biotecnologia vegetal tem permitido que essas rea\u00e7\u00f5es sejam replicadas em plantas, criando uma nova categoria de vegeta\u00e7\u00e3o luminosa.<\/p>\n\n\n\n<h2 class=\"wp-block-heading\">Quais s\u00e3o as aplica\u00e7\u00f5es da biotecnologia na ilumina\u00e7\u00e3o sustent\u00e1vel?<\/h2>\n\n\n\n<p>As aplica\u00e7\u00f5es das plantas bioluminescentes s\u00e3o vastas e promissoras. Em ambientes urbanos, elas podem substituir postes de luz, oferecendo uma solu\u00e7\u00e3o ecol\u00f3gica e econ\u00f4mica para a ilumina\u00e7\u00e3o p\u00fablica. Al\u00e9m disso, essas plantas podem ser utilizadas em projetos de paisagismo, criando ambientes noturnos \u00fanicos e sustent\u00e1veis. A <strong>bioilumina\u00e7\u00e3o<\/strong> tamb\u00e9m pode ser aplicada em <strong>interiores<\/strong>, proporcionando uma ilumina\u00e7\u00e3o suave e natural em resid\u00eancias e escrit\u00f3rios.<\/p>\n\n\n<div class=\"wp-block-image\">\n<figure class=\"aligncenter size-large\"><img decoding=\"async\" width=\"1024\" height=\"576\" src=\"https:\/\/www.correiobraziliense.com.br\/cbradar\/wp-content\/uploads\/2025\/03\/plantas-iluminacao_1742360268522-1024x576.jpg\" alt=\"Entenda a ci\u00eancia por tr\u00e1s das plantas que brilham\" class=\"wp-image-13775\" srcset=\"https:\/\/www.correiobraziliense.com.br\/cbradar\/wp-content\/uploads\/2025\/03\/plantas-iluminacao_1742360268522-1024x576.jpg 1024w, https:\/\/www.correiobraziliense.com.br\/cbradar\/wp-content\/uploads\/2025\/03\/plantas-iluminacao_1742360268522-300x169.jpg 300w, https:\/\/www.correiobraziliense.com.br\/cbradar\/wp-content\/uploads\/2025\/03\/plantas-iluminacao_1742360268522-768x432.jpg 768w, https:\/\/www.correiobraziliense.com.br\/cbradar\/wp-content\/uploads\/2025\/03\/plantas-iluminacao_1742360268522-750x422.jpg 750w, https:\/\/www.correiobraziliense.com.br\/cbradar\/wp-content\/uploads\/2025\/03\/plantas-iluminacao_1742360268522-1140x641.jpg 1140w, https:\/\/www.correiobraziliense.com.br\/cbradar\/wp-content\/uploads\/2025\/03\/plantas-iluminacao_1742360268522.jpg 1280w\" sizes=\"(max-width: 1024px) 100vw, 1024px\" \/><figcaption class=\"wp-element-caption\">Jardim &#8211; Cr\u00e9ditos: depositphotos.com \/ sandrisvev@inbox.lv<\/figcaption><\/figure><\/div>\n\n\n<h2 class=\"wp-block-heading\">Desafios e limita\u00e7\u00f5es da bioluminesc\u00eancia vegetal<\/h2>\n\n\n\n<p>Apesar das promessas, a implementa\u00e7\u00e3o de plantas bioluminescentes enfrenta desafios significativos. A efici\u00eancia da luz emitida ainda \u00e9 uma preocupa\u00e7\u00e3o, pois as plantas precisam produzir luz suficiente para serem vi\u00e1veis como <strong>fonte de ilumina\u00e7\u00e3o<\/strong>. Al\u00e9m disso, h\u00e1 quest\u00f5es regulat\u00f3rias e \u00e9ticas relacionadas \u00e0 modifica\u00e7\u00e3o gen\u00e9tica de plantas que precisam ser abordadas. O impacto ambiental dessas plantas tamb\u00e9m deve ser cuidadosamente considerado para garantir que n\u00e3o causem desequil\u00edbrios nos ecossistemas locais.<\/p>\n\n\n\n<h2 class=\"wp-block-heading\">O futuro da bioilumina\u00e7\u00e3o nas cidades<\/h2>\n\n\n\n<p>O futuro das plantas bioluminescentes \u00e9 promissor, com potencial para revolucionar a ilumina\u00e7\u00e3o urbana. \u00c0 medida que a tecnologia avan\u00e7a, espera-se que essas plantas se tornem mais <strong>eficientes<\/strong> e <strong>acess\u00edveis<\/strong>. A biotecnologia pode transformar nossas cidades, criando espa\u00e7os mais verdes e sustent\u00e1veis. Com o cont\u00ednuo desenvolvimento da engenharia gen\u00e9tica, as plantas bioluminescentes podem se tornar uma parte integral da infraestrutura urbana, contribuindo para um futuro mais ecol\u00f3gico e inovador.<\/p>\n","protected":false},"excerpt":{"rendered":"<p>As plantas bioluminescentes est\u00e3o emergindo como uma inova\u00e7\u00e3o fascinante no campo da biotecnologia, prometendo transformar a maneira como iluminamos nossos ambientes. Ao integrar genes de organismos bioluminescentes em plantas, cientistas est\u00e3o desenvolvendo vegeta\u00e7\u00f5es que brilham no escuro, oferecendo uma alternativa ecol\u00f3gica \u00e0 ilumina\u00e7\u00e3o tradicional. Este avan\u00e7o n\u00e3o s\u00f3 representa um marco na bioengenharia gen\u00e9tica, mas [&hellip;]<\/p>\n","protected":false},"author":9,"featured_media":13774,"comment_status":"open","ping_status":"open","sticky":false,"template":"","format":"standard","meta":{"_yoast_wpseo_focuskw":"ilumina\u00e7\u00e3o","_yoast_wpseo_title":"%%title%% %%page%%","_yoast_wpseo_metadesc":"Saiba como as plantas bioluminescentes podem substituir a ilumina\u00e7\u00e3o tradicional e criar ambientes mais sustent\u00e1veis.","jnews-multi-image_gallery":[],"jnews_single_post":{"format":"standard"},"jnews_primary_category":[],"jnews_social_meta":[],"jnews_override_counter":[],"footnotes":""},"categories":[136],"post_tag":[2136,1827,2137,254],"class_list":["post-13765","post","type-post","status-publish","format-standard","has-post-thumbnail","hentry","category-jardinagem","tag-bioluminescencia","tag-biotecnologia","tag-iluminacao-verde","tag-sustentabilidade"],"yoast_head":"<!-- This site is optimized with the Yoast SEO plugin v24.6 - https:\/\/yoast.com\/wordpress\/plugins\/seo\/ -->\n<title>Entenda a ci\u00eancia por tr\u00e1s das plantas que brilham<\/title>\n<meta name=\"description\" content=\"Saiba como as plantas bioluminescentes podem substituir a ilumina\u00e7\u00e3o tradicional e criar ambientes mais sustent\u00e1veis.\" \/>\n<meta name=\"robots\" content=\"index, follow, max-snippet:-1, max-image-preview:large, max-video-preview:-1\" \/>\n<link rel=\"canonical\" href=\"https:\/\/www.correiobraziliense.com.br\/cbradar\/entenda-a-ciencia-por-tras-das-plantas-que-brilham\/\" \/>\n<meta property=\"og:locale\" content=\"pt_BR\" \/>\n<meta property=\"og:type\" content=\"article\" \/>\n<meta property=\"og:title\" content=\"Entenda a ci\u00eancia por tr\u00e1s das plantas que brilham\" \/>\n<meta property=\"og:description\" content=\"Saiba como as plantas bioluminescentes podem substituir a ilumina\u00e7\u00e3o tradicional e criar ambientes mais sustent\u00e1veis.\" \/>\n<meta property=\"og:url\" content=\"https:\/\/www.correiobraziliense.com.br\/cbradar\/entenda-a-ciencia-por-tras-das-plantas-que-brilham\/\" \/>\n<meta property=\"og:site_name\" content=\"Correio Braziliense - Radar\" \/>\n<meta property=\"article:published_time\" content=\"2025-03-20T09:10:40+00:00\" \/>\n<meta property=\"og:image\" content=\"https:\/\/www.correiobraziliense.com.br\/cbradar\/wp-content\/uploads\/2025\/03\/plantas-iluminacao_1742360239405.jpg\" \/>\n\t<meta property=\"og:image:width\" content=\"1280\" \/>\n\t<meta property=\"og:image:height\" content=\"720\" \/>\n\t<meta property=\"og:image:type\" content=\"image\/jpeg\" \/>\n<meta name=\"author\" content=\"Daniely Cardoso\" \/>\n<meta name=\"twitter:card\" content=\"summary_large_image\" \/>\n<meta name=\"twitter:label1\" content=\"Escrito por\" \/>\n\t<meta name=\"twitter:data1\" content=\"Daniely Cardoso\" \/>\n\t<meta name=\"twitter:label2\" content=\"Est. tempo de leitura\" \/>\n\t<meta name=\"twitter:data2\" content=\"3 minutos\" \/>\n<!-- \/ Yoast SEO plugin. -->","yoast_head_json":{"title":"Entenda a ci\u00eancia por tr\u00e1s das plantas que brilham","description":"Saiba como as plantas bioluminescentes podem substituir a ilumina\u00e7\u00e3o tradicional e criar ambientes mais sustent\u00e1veis.","robots":{"index":"index","follow":"follow","max-snippet":"max-snippet:-1","max-image-preview":"max-image-preview:large","max-video-preview":"max-video-preview:-1"},"canonical":"https:\/\/www.correiobraziliense.com.br\/cbradar\/entenda-a-ciencia-por-tras-das-plantas-que-brilham\/","og_locale":"pt_BR","og_type":"article","og_title":"Entenda a ci\u00eancia por tr\u00e1s das plantas que brilham","og_description":"Saiba como as plantas bioluminescentes podem substituir a ilumina\u00e7\u00e3o tradicional e criar ambientes mais sustent\u00e1veis.","og_url":"https:\/\/www.correiobraziliense.com.br\/cbradar\/entenda-a-ciencia-por-tras-das-plantas-que-brilham\/","og_site_name":"Correio Braziliense - Radar","article_published_time":"2025-03-20T09:10:40+00:00","og_image":[{"width":1280,"height":720,"url":"https:\/\/www.correiobraziliense.com.br\/cbradar\/wp-content\/uploads\/2025\/03\/plantas-iluminacao_1742360239405.jpg","type":"image\/jpeg"}],"author":"Daniely Cardoso","twitter_card":"summary_large_image","twitter_misc":{"Escrito por":"Daniely Cardoso","Est. tempo de leitura":"3 minutos"},"schema":{"@context":"https:\/\/schema.org","@graph":[{"@type":"WebPage","@id":"https:\/\/www.correiobraziliense.com.br\/cbradar\/entenda-a-ciencia-por-tras-das-plantas-que-brilham\/","url":"https:\/\/www.correiobraziliense.com.br\/cbradar\/entenda-a-ciencia-por-tras-das-plantas-que-brilham\/","name":"Entenda a ci\u00eancia por tr\u00e1s das plantas que brilham","isPartOf":{"@id":"https:\/\/www.correiobraziliense.com.br\/cbradar\/#website"},"primaryImageOfPage":{"@id":"https:\/\/www.correiobraziliense.com.br\/cbradar\/entenda-a-ciencia-por-tras-das-plantas-que-brilham\/#primaryimage"},"image":{"@id":"https:\/\/www.correiobraziliense.com.br\/cbradar\/entenda-a-ciencia-por-tras-das-plantas-que-brilham\/#primaryimage"},"thumbnailUrl":"https:\/\/www.correiobraziliense.com.br\/cbradar\/wp-content\/uploads\/2025\/03\/plantas-iluminacao_1742360239405.jpg","datePublished":"2025-03-20T09:10:40+00:00","author":{"@id":"https:\/\/www.correiobraziliense.com.br\/cbradar\/#\/schema\/person\/7356666e12ec0ee53f348ee5db227032"},"description":"Saiba como as plantas bioluminescentes podem substituir a ilumina\u00e7\u00e3o tradicional e criar ambientes mais sustent\u00e1veis.","breadcrumb":{"@id":"https:\/\/www.correiobraziliense.com.br\/cbradar\/entenda-a-ciencia-por-tras-das-plantas-que-brilham\/#breadcrumb"},"inLanguage":"pt-BR","potentialAction":[{"@type":"ReadAction","target":["https:\/\/www.correiobraziliense.com.br\/cbradar\/entenda-a-ciencia-por-tras-das-plantas-que-brilham\/"]}]},{"@type":"ImageObject","inLanguage":"pt-BR","@id":"https:\/\/www.correiobraziliense.com.br\/cbradar\/entenda-a-ciencia-por-tras-das-plantas-que-brilham\/#primaryimage","url":"https:\/\/www.correiobraziliense.com.br\/cbradar\/wp-content\/uploads\/2025\/03\/plantas-iluminacao_1742360239405.jpg","contentUrl":"https:\/\/www.correiobraziliense.com.br\/cbradar\/wp-content\/uploads\/2025\/03\/plantas-iluminacao_1742360239405.jpg","width":1280,"height":720,"caption":"Plantas - Cr\u00e9ditos: depositphotos.com \/ IgorVetushko"},{"@type":"BreadcrumbList","@id":"https:\/\/www.correiobraziliense.com.br\/cbradar\/entenda-a-ciencia-por-tras-das-plantas-que-brilham\/#breadcrumb","itemListElement":[{"@type":"ListItem","position":1,"name":"In\u00edcio","item":"https:\/\/www.correiobraziliense.com.br\/cbradar\/"},{"@type":"ListItem","position":2,"name":"Entenda a ci\u00eancia por tr\u00e1s das plantas que brilham"}]},{"@type":"WebSite","@id":"https:\/\/www.correiobraziliense.com.br\/cbradar\/#website","url":"https:\/\/www.correiobraziliense.com.br\/cbradar\/","name":"Correio Braziliense - Radar","description":"Acompanhe as \u00faltimas not\u00edcias e fique bem informado sobre tudo o que acontece no Brasil e no mundo.","potentialAction":[{"@type":"SearchAction","target":{"@type":"EntryPoint","urlTemplate":"https:\/\/www.correiobraziliense.com.br\/cbradar\/?s={search_term_string}"},"query-input":{"@type":"PropertyValueSpecification","valueRequired":true,"valueName":"search_term_string"}}],"inLanguage":"pt-BR"},{"@type":"Person","@id":"https:\/\/www.correiobraziliense.com.br\/cbradar\/#\/schema\/person\/7356666e12ec0ee53f348ee5db227032","name":"Daniely Cardoso","image":{"@type":"ImageObject","inLanguage":"pt-BR","@id":"https:\/\/www.correiobraziliense.com.br\/cbradar\/#\/schema\/person\/image\/","url":"https:\/\/secure.gravatar.com\/avatar\/4b80ddbd124d1f071b626d52d62e5dff?s=96&d=mm&r=g","contentUrl":"https:\/\/secure.gravatar.com\/avatar\/4b80ddbd124d1f071b626d52d62e5dff?s=96&d=mm&r=g","caption":"Daniely Cardoso"},"description":"Redatora nos portais CB Radar e EM Foco, formada pela Universidade Federal de Goi\u00e1s, em Goi\u00e2nia. Apaixonada por comunica\u00e7\u00e3o, arte, decora\u00e7\u00e3o e tend\u00eancias, atuo na produ\u00e7\u00e3o de conte\u00fados envolventes sobre curiosidades, moda, beleza e paisagismo, sempre com um olhar atento \u00e0s novidades do momento.","sameAs":["https:\/\/www.correiobraziliense.com.br\/cbradar"],"url":"https:\/\/www.correiobraziliense.com.br\/cbradar\/author\/danielymyth\/"}]}},"_links":{"self":[{"href":"https:\/\/www.correiobraziliense.com.br\/cbradar\/wp-json\/wp\/v2\/posts\/13765","targetHints":{"allow":["GET"]}}],"collection":[{"href":"https:\/\/www.correiobraziliense.com.br\/cbradar\/wp-json\/wp\/v2\/posts"}],"about":[{"href":"https:\/\/www.correiobraziliense.com.br\/cbradar\/wp-json\/wp\/v2\/types\/post"}],"author":[{"embeddable":true,"href":"https:\/\/www.correiobraziliense.com.br\/cbradar\/wp-json\/wp\/v2\/users\/9"}],"replies":[{"embeddable":true,"href":"https:\/\/www.correiobraziliense.com.br\/cbradar\/wp-json\/wp\/v2\/comments?post=13765"}],"version-history":[{"count":4,"href":"https:\/\/www.correiobraziliense.com.br\/cbradar\/wp-json\/wp\/v2\/posts\/13765\/revisions"}],"predecessor-version":[{"id":13778,"href":"https:\/\/www.correiobraziliense.com.br\/cbradar\/wp-json\/wp\/v2\/posts\/13765\/revisions\/13778"}],"wp:featuredmedia":[{"embeddable":true,"href":"https:\/\/www.correiobraziliense.com.br\/cbradar\/wp-json\/wp\/v2\/media\/13774"}],"wp:attachment":[{"href":"https:\/\/www.correiobraziliense.com.br\/cbradar\/wp-json\/wp\/v2\/media?parent=13765"}],"wp:term":[{"taxonomy":"category","embeddable":true,"href":"https:\/\/www.correiobraziliense.com.br\/cbradar\/wp-json\/wp\/v2\/categories?post=13765"},{"taxonomy":"post_tag","embeddable":true,"href":"https:\/\/www.correiobraziliense.com.br\/cbradar\/wp-json\/wp\/v2\/post_tag?post=13765"}],"curies":[{"name":"wp","href":"https:\/\/api.w.org\/{rel}","templated":true}]}}