{"id":137721,"date":"2025-11-15T15:45:00","date_gmt":"2025-11-15T18:45:00","guid":{"rendered":"https:\/\/www.correiobraziliense.com.br\/cbradar\/?p=137721"},"modified":"2025-11-14T23:02:37","modified_gmt":"2025-11-15T02:02:37","slug":"os-beneficios-ocultos-da-abobora-para-o-corpo-humano-e-como-voce-pode-incluir-na-dieta","status":"publish","type":"post","link":"https:\/\/www.correiobraziliense.com.br\/cbradar\/os-beneficios-ocultos-da-abobora-para-o-corpo-humano-e-como-voce-pode-incluir-na-dieta\/","title":{"rendered":"Os benef\u00edcios ocultos da ab\u00f3bora para o corpo humano e como voc\u00ea pode incluir na dieta"},"content":{"rendered":"\n<p>A ab\u00f3bora \u00e9 um ingrediente muito apreciado tanto em receitas doces quanto salgadas, sendo facilmente encontrada em diversos preparos da culin\u00e1ria mundial. Embora seja tecnicamente um fruto, \u00e9 costumeiramente tratada como legume por conta de sua enorme <strong>versatilidade gastron\u00f4mica<\/strong> e pela capacidade de enriquecer diferentes pratos durante todo o ano.<\/p>\n\n\n\n<h2 class=\"wp-block-heading\">Quais s\u00e3o os principais benef\u00edcios nutricionais da ab\u00f3bora para a sa\u00fade?<\/h2>\n\n\n\n<p>Especialistas destacam que a ab\u00f3bora possui um <strong>perfil nutricional impressionante<\/strong>, trazendo vantagens importantes para a sa\u00fade digestiva e geral. Ela \u00e9 composta por 94% de \u00e1gua, baixa em calorias e rica em <strong>vitaminas, minerais essenciais e fibras<\/strong>, tornando-se aliada da preven\u00e7\u00e3o de doen\u00e7as e da prote\u00e7\u00e3o celular.<\/p>\n\n\n\n<p>Com um consumo regular, \u00e9 poss\u00edvel obter nutrientes como <strong>vitamina A, antioxidantes e fibras<\/strong> que s\u00e3o fundamentais para o organismo. Fatores como auxiliar o sistema imunol\u00f3gico e contribuir para a sa\u00fade dos olhos tamb\u00e9m fazem parte dos seus benef\u00edcios.<\/p>\n\n\n\n<p>O Dr. Alexandre Mato, no perfil @dr.alexandreamato no TikTok real\u00e7a os benef\u00edcios da ab\u00f3bora:<\/p>\n\n\n\n<blockquote class=\"tiktok-embed\" cite=\"https:\/\/www.tiktok.com\/@dr.alexandreamato\/video\/7458328845486198021\" data-video-id=\"7458328845486198021\" style=\"max-width: 605px;min-width: 325px;\" > <section> <a target=\"_blank\" title=\"@dr.alexandreamato\" href=\"https:\/\/www.tiktok.com\/@dr.alexandreamato?refer=embed\">@dr.alexandreamato<\/a> \ud83c\udf83\u2728 Descubra os Benef\u00edcios Surpreendentes da Ab\u00f3bora para sua Sa\u00fade! \ud83c\udf1f Quer saber como esse alimento incr\u00edvel pode transformar sua vida? N\u00e3o perca essa chance de conhecer tudo sobre o poder da ab\u00f3bora! Assista ao v\u00eddeo completo &#34;O Poder do \u00d3xido N\u00edtrico: 12 Alimentos Que Melhoram Sua Circula\u00e7\u00e3o e Energia&#34; com o Dr. Alexandre Amato. T\u00e1 tudo l\u00e1 no nosso canal no YouTube e tamb\u00e9m aqui: https:&#47;&#47;bio.amato.io&#47;on <a title=\"sa\u00fade\" target=\"_blank\" href=\"https:\/\/www.tiktok.com\/tag\/sa%C3%BAde?refer=embed\">#Sa\u00fade<\/a> <a title=\"nutri\u00e7\u00e3o\" target=\"_blank\" href=\"https:\/\/www.tiktok.com\/tag\/nutri%C3%A7%C3%A3o?refer=embed\">#Nutri\u00e7\u00e3o<\/a> <a title=\"ab\u00f3bora\" target=\"_blank\" href=\"https:\/\/www.tiktok.com\/tag\/ab%C3%B3bora?refer=embed\">#Ab\u00f3bora<\/a> <a title=\"vidasaud\u00e1vel\" target=\"_blank\" href=\"https:\/\/www.tiktok.com\/tag\/vidasaud%C3%A1vel?refer=embed\">#VidaSaud\u00e1vel<\/a> <a title=\"energia\" target=\"_blank\" href=\"https:\/\/www.tiktok.com\/tag\/energia?refer=embed\">#Energia<\/a> <a title=\"circula\u00e7\u00e3o\" target=\"_blank\" href=\"https:\/\/www.tiktok.com\/tag\/circula%C3%A7%C3%A3o?refer=embed\">#Circula\u00e7\u00e3o<\/a> <a title=\"dralexandreamato\" target=\"_blank\" href=\"https:\/\/www.tiktok.com\/tag\/dralexandreamato?refer=embed\">#DrAlexandreAmato<\/a> <a title=\"alimenta\u00e7\u00e3osaud\u00e1vel\" target=\"_blank\" href=\"https:\/\/www.tiktok.com\/tag\/alimenta%C3%A7%C3%A3osaud%C3%A1vel?refer=embed\">#Alimenta\u00e7\u00e3oSaud\u00e1vel<\/a> <a target=\"_blank\" title=\"\u266c som original - dr.alexandreamato\" href=\"https:\/\/www.tiktok.com\/music\/som-original-7458328870789778182?refer=embed\">\u266c som original &#8211; dr.alexandreamato<\/a> <\/section> <\/blockquote> <script async src=\"https:\/\/www.tiktok.com\/embed.js\"><\/script>\n\n\n\n<h2 class=\"wp-block-heading\">Como \u00e9 a an\u00e1lise nutricional da ab\u00f3bora cozida<\/h2>\n\n\n\n<p>Cerca de 245 gramas de ab\u00f3bora cozida re\u00fanem aproximadamente 49 calorias, 0,2 gramas de gordura, 2 gramas de prote\u00edna e 12 gramas de carboidratos, dos quais 3 s\u00e3o fibras. Al\u00e9m disso, destaca-se por fornecer 78% da <strong>ingest\u00e3o di\u00e1ria recomendada de vitamina A<\/strong>, fundamental para a vis\u00e3o e imunidade.<\/p>\n\n\n\n<figure class=\"wp-block-table\"><table class=\"has-fixed-layout\"><thead><tr><th>Componente<\/th><th>Quantidade em 245g<\/th><th>% Valor Di\u00e1rio*<\/th><\/tr><\/thead><tbody><tr><td>Calorias<\/td><td>49 kcal<\/td><td>2%<\/td><\/tr><tr><td>Prote\u00ednas<\/td><td>2 g<\/td><td>4%<\/td><\/tr><tr><td>Gorduras totais<\/td><td>0,2 g<\/td><td>&lt;1%<\/td><\/tr><tr><td>Carboidratos<\/td><td>12 g<\/td><td>4%<\/td><\/tr><tr><td>Fibras<\/td><td>3 g<\/td><td>12%<\/td><\/tr><tr><td>Vitamina A<\/td><td>7.696 mcg<\/td><td>78%<\/td><\/tr><tr><td>Vitamina C<\/td><td>12 mg<\/td><td>20%<\/td><\/tr><tr><td>Pot\u00e1ssio<\/td><td>564 mg<\/td><td>12%<\/td><\/tr><tr><td>Magn\u00e9sio<\/td><td>22 mg<\/td><td>5%<\/td><\/tr><\/tbody><\/table><\/figure>\n\n\n\n<p>*Valores di\u00e1rios com base em uma dieta de 2.000 kcal.<\/p>\n\n\n\n<p>Ao incorporar ab\u00f3bora regularmente nas refei\u00e7\u00f5es, \u00e9 poss\u00edvel diversificar o card\u00e1pio e maximizar os ganhos nutricionais com baixos \u00edndices cal\u00f3ricos, facilitando assim o consumo em diferentes dietas.<\/p>\n\n\n\n<h2 class=\"wp-block-heading\">Como aproveitar ao m\u00e1ximo os nutrientes das sementes de ab\u00f3bora<\/h2>\n\n\n\n<p>Para aumentar os benef\u00edcios de seu consumo, recomenda-se incluir tamb\u00e9m as sementes de ab\u00f3bora na alimenta\u00e7\u00e3o. Pesquisas indicam que essas sementes concentram importantes compostos bioativos, fibras e prote\u00ednas, tornando-se um complemento saud\u00e1vel.<\/p>\n\n\n\n<p>Confira algumas formas simples de introduzir as sementes de ab\u00f3bora no dia a dia:<\/p>\n\n\n\n<ul class=\"wp-block-list\">\n<li>Adicionar em saladas para mais croc\u00e2ncia e nutrientes<\/li>\n\n\n\n<li>Incorporar em p\u00e3es, bolos e cereais<\/li>\n\n\n\n<li>Utilizar em iogurtes ou vitaminas matinais<\/li>\n\n\n\n<li>Preparar como snack assado para lanches<\/li>\n<\/ul>\n\n\n\n<h2 class=\"wp-block-heading\">Por que as sementes de ab\u00f3bora s\u00e3o consideradas um superalimento<\/h2>\n\n\n\n<p>As sementes de ab\u00f3bora v\u00e3o al\u00e9m do aporte de <strong>prote\u00ednas e gorduras saud\u00e1veis<\/strong>. S\u00e3o ricas em minerais vitais como <strong>magn\u00e9sio, f\u00f3sforo e zinco<\/strong>, importantes para o equil\u00edbrio metab\u00f3lico e imunol\u00f3gico.<\/p>\n\n\n\n<p>Com h\u00e1bito regular, elas colaboram para o bom funcionamento do organismo, sendo um dos superalimentos mais acess\u00edveis e f\u00e1ceis de inserir em qualquer dieta.<\/p>\n\n\n\n<figure class=\"wp-block-image size-large\"><img decoding=\"async\" width=\"1024\" height=\"576\" src=\"https:\/\/www.correiobraziliense.com.br\/cbradar\/wp-content\/uploads\/2025\/11\/mosaico_1763172130999-1024x576.jpg\" alt=\"Os benef\u00edcios ocultos da ab\u00f3bora para o corpo humano e como voc\u00ea pode incluir na dieta\" class=\"wp-image-137724\" srcset=\"https:\/\/www.correiobraziliense.com.br\/cbradar\/wp-content\/uploads\/2025\/11\/mosaico_1763172130999-1024x576.jpg 1024w, https:\/\/www.correiobraziliense.com.br\/cbradar\/wp-content\/uploads\/2025\/11\/mosaico_1763172130999-300x169.jpg 300w, https:\/\/www.correiobraziliense.com.br\/cbradar\/wp-content\/uploads\/2025\/11\/mosaico_1763172130999-768x432.jpg 768w, https:\/\/www.correiobraziliense.com.br\/cbradar\/wp-content\/uploads\/2025\/11\/mosaico_1763172130999-750x422.jpg 750w, https:\/\/www.correiobraziliense.com.br\/cbradar\/wp-content\/uploads\/2025\/11\/mosaico_1763172130999-1140x641.jpg 1140w, https:\/\/www.correiobraziliense.com.br\/cbradar\/wp-content\/uploads\/2025\/11\/mosaico_1763172130999.jpg 1280w\" sizes=\"(max-width: 1024px) 100vw, 1024px\" \/><figcaption class=\"wp-element-caption\">Rica em fibras e nutrientes, a ab\u00f3bora \u00e9 aproveitada na polpa, casca, sementes e flores. Cr\u00e9ditos: depositphotos.com \/ AntonMatyukha e Cr\u00e9ditos: depositphotos.com \/ VadimVasenin<\/figcaption><\/figure>\n\n\n\n<h2 class=\"wp-block-heading\">Descubra a versatilidade da ab\u00f3bora na culin\u00e1ria do dia a dia<\/h2>\n\n\n\n<p>A ab\u00f3bora destaca-se por sua imensa <strong>versatilidade na cozinha<\/strong>, podendo ser utilizada em sopas, assados, pur\u00eas, risotos e at\u00e9 em sobremesas como tortas e bolos. Seu sabor suave facilita combina\u00e7\u00f5es inovadoras com especiarias ou outros ingredientes.<\/p>\n\n\n\n<p>Mais do que uma tend\u00eancia sazonal, a ab\u00f3bora se consagra como um alimento indispens\u00e1vel para uma <strong>dieta equilibrada<\/strong>, promovendo tanto sa\u00fade quanto sabor atrav\u00e9s de suas diversas possibilidades culin\u00e1rias.<\/p>\n","protected":false},"excerpt":{"rendered":"<p>Descubra como a ab\u00f3bora, rica em nutrientes e antioxidantes, \u00e9 a estrela das receitas de outono, oferecendo benef\u00edcios incr\u00edveis para a sa\u00fade intestinal.<\/p>\n","protected":false},"author":3,"featured_media":137723,"comment_status":"open","ping_status":"open","sticky":false,"template":"","format":"standard","meta":{"_yoast_wpseo_focuskw":"benef\u00edcios ab\u00f3bora","_yoast_wpseo_title":"%%title%%","_yoast_wpseo_metadesc":"Descubra como a ab\u00f3bora, rica em nutrientes e antioxidantes, \u00e9 a estrela das receitas de outono, oferecendo benef\u00edcios incr\u00edveis para a sa\u00fade intestinal.","jnews-multi-image_gallery":[],"jnews_single_post":{"format":"standard"},"jnews_primary_category":[],"jnews_social_meta":[],"jnews_override_counter":[],"footnotes":""},"categories":[112],"post_tag":[281,1423,3559,144,565],"class_list":["post-137721","post","type-post","status-publish","format-standard","has-post-thumbnail","hentry","category-curiosidades","tag-alimentacao","tag-alimentos","tag-corpo-humano","tag-curiosidades","tag-saude"],"yoast_head":"<!-- This site is optimized with the Yoast SEO plugin v24.6 - https:\/\/yoast.com\/wordpress\/plugins\/seo\/ -->\n<title>Os benef\u00edcios ocultos da ab\u00f3bora para o corpo humano e como voc\u00ea pode incluir na dieta<\/title>\n<meta name=\"description\" content=\"Descubra como a ab\u00f3bora, rica em nutrientes e antioxidantes, \u00e9 a estrela das receitas de outono, oferecendo benef\u00edcios incr\u00edveis para a sa\u00fade intestinal.\" \/>\n<meta name=\"robots\" content=\"index, follow, max-snippet:-1, max-image-preview:large, max-video-preview:-1\" \/>\n<link rel=\"canonical\" href=\"https:\/\/www.correiobraziliense.com.br\/cbradar\/os-beneficios-ocultos-da-abobora-para-o-corpo-humano-e-como-voce-pode-incluir-na-dieta\/\" \/>\n<meta property=\"og:locale\" content=\"pt_BR\" \/>\n<meta property=\"og:type\" content=\"article\" \/>\n<meta property=\"og:title\" content=\"Os benef\u00edcios ocultos da ab\u00f3bora para o corpo humano e como voc\u00ea pode incluir na dieta\" \/>\n<meta property=\"og:description\" content=\"Descubra como a ab\u00f3bora, rica em nutrientes e antioxidantes, \u00e9 a estrela das receitas de outono, oferecendo benef\u00edcios incr\u00edveis para a sa\u00fade intestinal.\" \/>\n<meta property=\"og:url\" content=\"https:\/\/www.correiobraziliense.com.br\/cbradar\/os-beneficios-ocultos-da-abobora-para-o-corpo-humano-e-como-voce-pode-incluir-na-dieta\/\" \/>\n<meta property=\"og:site_name\" content=\"Correio Braziliense - Radar\" \/>\n<meta property=\"article:published_time\" content=\"2025-11-15T18:45:00+00:00\" \/>\n<meta property=\"og:image\" content=\"https:\/\/www.correiobraziliense.com.br\/cbradar\/wp-content\/uploads\/2025\/11\/mosaico_1763171988728.jpg\" \/>\n\t<meta property=\"og:image:width\" content=\"1280\" \/>\n\t<meta property=\"og:image:height\" content=\"720\" \/>\n\t<meta property=\"og:image:type\" content=\"image\/jpeg\" \/>\n<meta name=\"author\" content=\"Larissa Carvalho\" \/>\n<meta name=\"twitter:card\" content=\"summary_large_image\" \/>\n<meta name=\"twitter:label1\" content=\"Escrito por\" \/>\n\t<meta name=\"twitter:data1\" content=\"Larissa Carvalho\" \/>\n\t<meta name=\"twitter:label2\" content=\"Est. tempo de leitura\" \/>\n\t<meta name=\"twitter:data2\" content=\"4 minutos\" \/>\n<!-- \/ Yoast SEO plugin. -->","yoast_head_json":{"title":"Os benef\u00edcios ocultos da ab\u00f3bora para o corpo humano e como voc\u00ea pode incluir na dieta","description":"Descubra como a ab\u00f3bora, rica em nutrientes e antioxidantes, \u00e9 a estrela das receitas de outono, oferecendo benef\u00edcios incr\u00edveis para a sa\u00fade intestinal.","robots":{"index":"index","follow":"follow","max-snippet":"max-snippet:-1","max-image-preview":"max-image-preview:large","max-video-preview":"max-video-preview:-1"},"canonical":"https:\/\/www.correiobraziliense.com.br\/cbradar\/os-beneficios-ocultos-da-abobora-para-o-corpo-humano-e-como-voce-pode-incluir-na-dieta\/","og_locale":"pt_BR","og_type":"article","og_title":"Os benef\u00edcios ocultos da ab\u00f3bora para o corpo humano e como voc\u00ea pode incluir na dieta","og_description":"Descubra como a ab\u00f3bora, rica em nutrientes e antioxidantes, \u00e9 a estrela das receitas de outono, oferecendo benef\u00edcios incr\u00edveis para a sa\u00fade intestinal.","og_url":"https:\/\/www.correiobraziliense.com.br\/cbradar\/os-beneficios-ocultos-da-abobora-para-o-corpo-humano-e-como-voce-pode-incluir-na-dieta\/","og_site_name":"Correio Braziliense - Radar","article_published_time":"2025-11-15T18:45:00+00:00","og_image":[{"width":1280,"height":720,"url":"https:\/\/www.correiobraziliense.com.br\/cbradar\/wp-content\/uploads\/2025\/11\/mosaico_1763171988728.jpg","type":"image\/jpeg"}],"author":"Larissa Carvalho","twitter_card":"summary_large_image","twitter_misc":{"Escrito por":"Larissa Carvalho","Est. tempo de leitura":"4 minutos"},"schema":{"@context":"https:\/\/schema.org","@graph":[{"@type":"WebPage","@id":"https:\/\/www.correiobraziliense.com.br\/cbradar\/os-beneficios-ocultos-da-abobora-para-o-corpo-humano-e-como-voce-pode-incluir-na-dieta\/","url":"https:\/\/www.correiobraziliense.com.br\/cbradar\/os-beneficios-ocultos-da-abobora-para-o-corpo-humano-e-como-voce-pode-incluir-na-dieta\/","name":"Os benef\u00edcios ocultos da ab\u00f3bora para o corpo humano e como voc\u00ea pode incluir na dieta","isPartOf":{"@id":"https:\/\/www.correiobraziliense.com.br\/cbradar\/#website"},"primaryImageOfPage":{"@id":"https:\/\/www.correiobraziliense.com.br\/cbradar\/os-beneficios-ocultos-da-abobora-para-o-corpo-humano-e-como-voce-pode-incluir-na-dieta\/#primaryimage"},"image":{"@id":"https:\/\/www.correiobraziliense.com.br\/cbradar\/os-beneficios-ocultos-da-abobora-para-o-corpo-humano-e-como-voce-pode-incluir-na-dieta\/#primaryimage"},"thumbnailUrl":"https:\/\/www.correiobraziliense.com.br\/cbradar\/wp-content\/uploads\/2025\/11\/mosaico_1763171988728.jpg","datePublished":"2025-11-15T18:45:00+00:00","author":{"@id":"https:\/\/www.correiobraziliense.com.br\/cbradar\/#\/schema\/person\/58422787644df994b53a19d3e56c1513"},"description":"Descubra como a ab\u00f3bora, rica em nutrientes e antioxidantes, \u00e9 a estrela das receitas de outono, oferecendo benef\u00edcios incr\u00edveis para a sa\u00fade intestinal.","breadcrumb":{"@id":"https:\/\/www.correiobraziliense.com.br\/cbradar\/os-beneficios-ocultos-da-abobora-para-o-corpo-humano-e-como-voce-pode-incluir-na-dieta\/#breadcrumb"},"inLanguage":"pt-BR","potentialAction":[{"@type":"ReadAction","target":["https:\/\/www.correiobraziliense.com.br\/cbradar\/os-beneficios-ocultos-da-abobora-para-o-corpo-humano-e-como-voce-pode-incluir-na-dieta\/"]}]},{"@type":"ImageObject","inLanguage":"pt-BR","@id":"https:\/\/www.correiobraziliense.com.br\/cbradar\/os-beneficios-ocultos-da-abobora-para-o-corpo-humano-e-como-voce-pode-incluir-na-dieta\/#primaryimage","url":"https:\/\/www.correiobraziliense.com.br\/cbradar\/wp-content\/uploads\/2025\/11\/mosaico_1763171988728.jpg","contentUrl":"https:\/\/www.correiobraziliense.com.br\/cbradar\/wp-content\/uploads\/2025\/11\/mosaico_1763171988728.jpg","width":1280,"height":720,"caption":"Descubra como a ab\u00f3bora pode enriquecer seus pratos com sabor e textura \u00fanicos o ano todo. Cr\u00e9ditos: depositphotos.com \/ Sandralise e Cr\u00e9ditos: depositphotos.com \/ blueringmedia"},{"@type":"BreadcrumbList","@id":"https:\/\/www.correiobraziliense.com.br\/cbradar\/os-beneficios-ocultos-da-abobora-para-o-corpo-humano-e-como-voce-pode-incluir-na-dieta\/#breadcrumb","itemListElement":[{"@type":"ListItem","position":1,"name":"In\u00edcio","item":"https:\/\/www.correiobraziliense.com.br\/cbradar\/"},{"@type":"ListItem","position":2,"name":"Os benef\u00edcios ocultos da ab\u00f3bora para o corpo humano e como voc\u00ea pode incluir na dieta"}]},{"@type":"WebSite","@id":"https:\/\/www.correiobraziliense.com.br\/cbradar\/#website","url":"https:\/\/www.correiobraziliense.com.br\/cbradar\/","name":"Correio Braziliense - Radar","description":"Acompanhe as \u00faltimas not\u00edcias e fique bem informado sobre tudo o que acontece no Brasil e no mundo.","potentialAction":[{"@type":"SearchAction","target":{"@type":"EntryPoint","urlTemplate":"https:\/\/www.correiobraziliense.com.br\/cbradar\/?s={search_term_string}"},"query-input":{"@type":"PropertyValueSpecification","valueRequired":true,"valueName":"search_term_string"}}],"inLanguage":"pt-BR"},{"@type":"Person","@id":"https:\/\/www.correiobraziliense.com.br\/cbradar\/#\/schema\/person\/58422787644df994b53a19d3e56c1513","name":"Larissa Carvalho","image":{"@type":"ImageObject","inLanguage":"pt-BR","@id":"https:\/\/www.correiobraziliense.com.br\/cbradar\/#\/schema\/person\/image\/","url":"https:\/\/secure.gravatar.com\/avatar\/fe4f91a0de32b52a838d0d612abdc1aa?s=96&d=mm&r=g","contentUrl":"https:\/\/secure.gravatar.com\/avatar\/fe4f91a0de32b52a838d0d612abdc1aa?s=96&d=mm&r=g","caption":"Larissa Carvalho"},"url":"https:\/\/www.correiobraziliense.com.br\/cbradar\/author\/larissamyth\/"}]}},"_links":{"self":[{"href":"https:\/\/www.correiobraziliense.com.br\/cbradar\/wp-json\/wp\/v2\/posts\/137721","targetHints":{"allow":["GET"]}}],"collection":[{"href":"https:\/\/www.correiobraziliense.com.br\/cbradar\/wp-json\/wp\/v2\/posts"}],"about":[{"href":"https:\/\/www.correiobraziliense.com.br\/cbradar\/wp-json\/wp\/v2\/types\/post"}],"author":[{"embeddable":true,"href":"https:\/\/www.correiobraziliense.com.br\/cbradar\/wp-json\/wp\/v2\/users\/3"}],"replies":[{"embeddable":true,"href":"https:\/\/www.correiobraziliense.com.br\/cbradar\/wp-json\/wp\/v2\/comments?post=137721"}],"version-history":[{"count":2,"href":"https:\/\/www.correiobraziliense.com.br\/cbradar\/wp-json\/wp\/v2\/posts\/137721\/revisions"}],"predecessor-version":[{"id":137725,"href":"https:\/\/www.correiobraziliense.com.br\/cbradar\/wp-json\/wp\/v2\/posts\/137721\/revisions\/137725"}],"wp:featuredmedia":[{"embeddable":true,"href":"https:\/\/www.correiobraziliense.com.br\/cbradar\/wp-json\/wp\/v2\/media\/137723"}],"wp:attachment":[{"href":"https:\/\/www.correiobraziliense.com.br\/cbradar\/wp-json\/wp\/v2\/media?parent=137721"}],"wp:term":[{"taxonomy":"category","embeddable":true,"href":"https:\/\/www.correiobraziliense.com.br\/cbradar\/wp-json\/wp\/v2\/categories?post=137721"},{"taxonomy":"post_tag","embeddable":true,"href":"https:\/\/www.correiobraziliense.com.br\/cbradar\/wp-json\/wp\/v2\/post_tag?post=137721"}],"curies":[{"name":"wp","href":"https:\/\/api.w.org\/{rel}","templated":true}]}}