{"id":137821,"date":"2025-11-16T06:05:00","date_gmt":"2025-11-16T09:05:00","guid":{"rendered":"https:\/\/www.correiobraziliense.com.br\/cbradar\/?p=137821"},"modified":"2025-11-15T10:43:12","modified_gmt":"2025-11-15T13:43:12","slug":"hitler-tinha-sindrome-genetica-o-que-a-ciencia-descobriu","status":"publish","type":"post","link":"https:\/\/www.correiobraziliense.com.br\/cbradar\/hitler-tinha-sindrome-genetica-o-que-a-ciencia-descobriu\/","title":{"rendered":"Hitler tinha s\u00edndrome gen\u00e9tica? O que a ci\u00eancia descobriu"},"content":{"rendered":"\n<p>A an\u00e1lise do <strong>DNA de Figuras Hist\u00f3ricas<\/strong> controversas, como Adolf Hitler, traz \u00e0 tona um campo delicado de pesquisa que mistura ci\u00eancia gen\u00e9tica e \u00e9tica. Novas tecnologias t\u00eam permitido a cientistas desvendarem aspectos desconhecidos de figuras do passado, gerando debates sobre as implica\u00e7\u00f5es e o impacto de tais descobertas. Recentemente, estudos sobre o DNA de Hitler revelaram dados surpreendentes e reacenderam debates \u00e9ticos sobre a explora\u00e7\u00e3o de informa\u00e7\u00f5es gen\u00e9ticas de figuras hist\u00f3ricas sem seu consentimento.<\/p>\n\n\n\n<p>O exame do material gen\u00e9tico de Hitler, retirado de um peda\u00e7o de tecido manchado de sangue encontrado no bunker onde ele morreu, foi conduzido por uma equipe internacional de especialistas. Esta pesquisa revelou que Hitler n\u00e3o possu\u00eda ascend\u00eancia judaica, desmentindo rumores antigos. Al\u00e9m disso, os cientistas descobriram evid\u00eancias de uma condi\u00e7\u00e3o gen\u00e9tica rara conhecida como s\u00edndrome de Kallmann, que pode afetar o desenvolvimento sexual e a libido, algo que gera novas discuss\u00f5es sobre sua r\u00edgida dedica\u00e7\u00e3o \u00e0 pol\u00edtica em detrimento de uma vida pessoal.<\/p>\n\n\n\n<h2 class=\"wp-block-heading\">Por que estudar o DNA de Figuras Hist\u00f3ricas?<\/h2>\n\n\n\n<p>A an\u00e1lise gen\u00e9tica de personalidades hist\u00f3ricas suscita quest\u00f5es sobre o que podemos aprender sobre suas vidas e caracter\u00edsticas. A motiva\u00e7\u00e3o por tr\u00e1s dessa pesquisa n\u00e3o reside apenas na simples curiosidade, mas na busca por entender como a gen\u00e9tica pode ter influenciado suas a\u00e7\u00f5es e decis\u00f5es. No caso de Hitler, saber se ele tinha predisposi\u00e7\u00f5es gen\u00e9ticas para transtornos neurol\u00f3gicos pode fornecer uma nova perspectiva sobre seu comportamento. Contudo, os especialistas advertem que predisposi\u00e7\u00f5es gen\u00e9ticas n\u00e3o s\u00e3o diagn\u00f3sticos, e qualquer conclus\u00e3o sobre o comportamento de Hitler deve ser feita com cautela.<\/p>\n\n\n\n<h2 class=\"wp-block-heading\">Quais s\u00e3o as implica\u00e7\u00f5es \u00e9ticas dessas descobertas?<\/h2>\n\n\n<div class=\"wp-block-image\">\n<figure class=\"aligncenter size-large\"><img decoding=\"async\" width=\"1024\" height=\"576\" src=\"https:\/\/www.correiobraziliense.com.br\/cbradar\/wp-content\/uploads\/2025\/11\/dna_1763214095735-1024x576.jpg\" alt=\"\" class=\"wp-image-137823\" srcset=\"https:\/\/www.correiobraziliense.com.br\/cbradar\/wp-content\/uploads\/2025\/11\/dna_1763214095735-1024x576.jpg 1024w, https:\/\/www.correiobraziliense.com.br\/cbradar\/wp-content\/uploads\/2025\/11\/dna_1763214095735-300x169.jpg 300w, https:\/\/www.correiobraziliense.com.br\/cbradar\/wp-content\/uploads\/2025\/11\/dna_1763214095735-768x432.jpg 768w, https:\/\/www.correiobraziliense.com.br\/cbradar\/wp-content\/uploads\/2025\/11\/dna_1763214095735-750x422.jpg 750w, https:\/\/www.correiobraziliense.com.br\/cbradar\/wp-content\/uploads\/2025\/11\/dna_1763214095735-1140x641.jpg 1140w, https:\/\/www.correiobraziliense.com.br\/cbradar\/wp-content\/uploads\/2025\/11\/dna_1763214095735.jpg 1280w\" sizes=\"(max-width: 1024px) 100vw, 1024px\" \/><figcaption class=\"wp-element-caption\">DNA de Figuras Hist\u00f3ricas &#8211; Cr\u00e9ditos: depositphotos.com \/ deosum<\/figcaption><\/figure><\/div>\n\n\n<p>As implica\u00e7\u00f5es \u00e9ticas associadas ao estudo do DNA de Figuras Hist\u00f3ricas s\u00e3o profundas. A falta de consentimento dessas figuras para tal an\u00e1lise levanta quest\u00f5es sobre privacidade e respeito p\u00f3stumo. No caso de Adolf Hitler, a complexidade aumenta, pois ele foi respons\u00e1vel por atrocidades massivas durante a Segunda Guerra Mundial. Embora alguns argumentem que as a\u00e7\u00f5es de Hitler justificam a disseca\u00e7\u00e3o de sua gen\u00e9tica para melhor entender suas motiva\u00e7\u00f5es, outros alertam que a gen\u00e9tica n\u00e3o deve ser usada para justificar ou simplificar comportamentos t\u00e3o monstruosos.<strong>\u00a0A estigmatiza\u00e7\u00e3o de condi\u00e7\u00f5es neurol\u00f3gicas\u00a0<\/strong>tamb\u00e9m \u00e9 um risco importante a ser gerenciado cuidadosamente nessa <a href=\"https:\/\/www.correiobraziliense.com.br\/cbradar\/o-lifting-mais-seguro-e-eficaz-que-ninguem-esperava\/\" target=\"_blank\" rel=\"noreferrer noopener\">discuss\u00e3o<\/a>.<\/p>\n\n\n\n<h2 class=\"wp-block-heading\">A an\u00e1lise gen\u00e9tica pode explicar comportamentos extremos?<\/h2>\n\n\n\n<ul class=\"wp-block-list\">\n<li><strong>Predisposi\u00e7\u00e3o gen\u00e9tica:<\/strong>\u00a0A presen\u00e7a de genes associados a transtornos psiqui\u00e1tricos em Hitler n\u00e3o implica que ele os manifestou em sua condi\u00e7\u00e3o total.<\/li>\n\n\n\n<li><em>Fatores ambientais:<\/em>\u00a0\u00c9 imperativo considerar o ambiente e as experi\u00eancias de vida ao avaliar o comportamento ditatorial de Hitler.<\/li>\n\n\n\n<li>Contextualiza\u00e7\u00e3o hist\u00f3rica: A hist\u00f3ria \u00e9 repleta de l\u00edderes que apresentaram comportamentos extremos sem qualquer evid\u00eancia gen\u00e9tica para tais caracter\u00edsticas.<\/li>\n<\/ul>\n\n\n\n<p>Embora o estudo do DNA de Hitler mostre predisposi\u00e7\u00f5es para certas condi\u00e7\u00f5es neurol\u00f3gicas, \u00e9 vital lembrar que o comportamento humano \u00e9 influenciado por um conjunto de fatores gen\u00e9ticos, sociais e ambientais. Assim, a ci\u00eancia gen\u00e9tica deve ser usada como uma ferramenta que complementa, mas n\u00e3o define, a compreens\u00e3o completa de figuras hist\u00f3ricas complexas como Adolf Hitler.<\/p>\n\n\n<a href=\"https:\/\/www.instagram.com\/dra.annaluisabf\/\" target=\"_blank\" rel=\"noopener\" style=\"text-decoration: none; color: inherit;\">\n    <span style=\"display: inline-block; border: 1px solid #ccc; border-radius: 10px; padding: 15px; max-width: 550px; font-family: sans-serif; box-shadow: 0 2px 5px rgba(0,0,0,0.1); width: 100%;\">\n\n      <!-- T\u00edtulo -->\n      <span style=\"display: block; margin: 0 0 15px 0; font-weight: bold; color: #2c3e50; text-align: center;\">\n        Entre em contato:\n      <\/span>\n\n      <!-- Linha do perfil -->\n      <span style=\"display: flex; align-items: center; gap: 15px;\">\n        <img decoding=\"async\"\n          src=\"https:\/\/www.correiobraziliense.com.br\/cbradar\/wp-content\/uploads\/2025\/08\/dra_anna_luisa.jpeg\"\n          alt=\"Foto da Dra. Anna Lu\u00edsa\"\n          style=\"border-radius: 50%; width: 80px; height: 80px; object-fit: cover;\"\n        \/>\n        <span style=\"display: flex; flex-direction: column;\">\n          <span style=\"font-size: 18px; font-weight: 700; color: #2c3e50;\">Dra. Anna Lu\u00edsa Barbosa Fernandes<\/span>\n          <span style=\"color: #555;\">CRM-GO 33.271<\/span>\n        <\/span>\n      <\/span>\n\n      <!-- Redes -->\n      <span style=\"display: flex; align-items: center; gap: 10px; margin-top: 12px;\">\n        <img decoding=\"async\" src=\"https:\/\/cdn-icons-png.flaticon.com\/24\/1384\/1384063.png\" alt=\"Instagram\" width=\"24\" height=\"24\" \/>\n        <span style=\"text-decoration: underline; color: #2c3e50;\">@dra.annaluisabf<\/span>\n      <\/span>\n\n    <\/span>\n  <\/a>","protected":false},"excerpt":{"rendered":"<p>A an\u00e1lise do DNA de Figuras Hist\u00f3ricas controversas, como Adolf Hitler, traz \u00e0 tona um campo delicado de pesquisa que mistura ci\u00eancia gen\u00e9tica e \u00e9tica. Novas tecnologias t\u00eam permitido a cientistas desvendarem aspectos desconhecidos de figuras do passado, gerando debates sobre as implica\u00e7\u00f5es e o impacto de tais descobertas. Recentemente, estudos sobre o DNA de [&hellip;]<\/p>\n","protected":false},"author":14,"featured_media":137822,"comment_status":"open","ping_status":"open","sticky":false,"template":"","format":"standard","meta":{"_yoast_wpseo_focuskw":"DNA de Figuras Hist\u00f3ricas","_yoast_wpseo_title":"","_yoast_wpseo_metadesc":"Estudo gen\u00e9tico revela dados in\u00e9ditos sobre Hitler, incluindo poss\u00edvel s\u00edndrome rara. Entenda as implica\u00e7\u00f5es \u00e9ticas e cient\u00edficas.","jnews-multi-image_gallery":[],"jnews_single_post":{"format":"standard"},"jnews_primary_category":[],"jnews_social_meta":[],"jnews_override_counter":[],"footnotes":""},"categories":[4404],"post_tag":[1423,120,11667],"class_list":["post-137821","post","type-post","status-publish","format-standard","has-post-thumbnail","hentry","category-saude","tag-alimentos","tag-bem-estar","tag-dna-de-figuras-historicas"],"yoast_head":"<!-- This site is optimized with the Yoast SEO plugin v24.6 - https:\/\/yoast.com\/wordpress\/plugins\/seo\/ -->\n<title>Hitler tinha s\u00edndrome gen\u00e9tica? O que a ci\u00eancia descobriu - Correio Braziliense - Radar<\/title>\n<meta name=\"description\" content=\"Estudo gen\u00e9tico revela dados in\u00e9ditos sobre Hitler, incluindo poss\u00edvel s\u00edndrome rara. Entenda as implica\u00e7\u00f5es \u00e9ticas e cient\u00edficas.\" \/>\n<meta name=\"robots\" content=\"index, follow, max-snippet:-1, max-image-preview:large, max-video-preview:-1\" \/>\n<link rel=\"canonical\" href=\"https:\/\/www.correiobraziliense.com.br\/cbradar\/hitler-tinha-sindrome-genetica-o-que-a-ciencia-descobriu\/\" \/>\n<meta property=\"og:locale\" content=\"pt_BR\" \/>\n<meta property=\"og:type\" content=\"article\" \/>\n<meta property=\"og:title\" content=\"Hitler tinha s\u00edndrome gen\u00e9tica? O que a ci\u00eancia descobriu - Correio Braziliense - Radar\" \/>\n<meta property=\"og:description\" content=\"Estudo gen\u00e9tico revela dados in\u00e9ditos sobre Hitler, incluindo poss\u00edvel s\u00edndrome rara. Entenda as implica\u00e7\u00f5es \u00e9ticas e cient\u00edficas.\" \/>\n<meta property=\"og:url\" content=\"https:\/\/www.correiobraziliense.com.br\/cbradar\/hitler-tinha-sindrome-genetica-o-que-a-ciencia-descobriu\/\" \/>\n<meta property=\"og:site_name\" content=\"Correio Braziliense - Radar\" \/>\n<meta property=\"article:published_time\" content=\"2025-11-16T09:05:00+00:00\" \/>\n<meta property=\"og:image\" content=\"https:\/\/www.correiobraziliense.com.br\/cbradar\/wp-content\/uploads\/2025\/11\/dna_1763214045582.jpg\" \/>\n\t<meta property=\"og:image:width\" content=\"1280\" \/>\n\t<meta property=\"og:image:height\" content=\"720\" \/>\n\t<meta property=\"og:image:type\" content=\"image\/jpeg\" \/>\n<meta name=\"author\" content=\"guilherme_saude\" \/>\n<meta name=\"twitter:card\" content=\"summary_large_image\" \/>\n<meta name=\"twitter:label1\" content=\"Escrito por\" \/>\n\t<meta name=\"twitter:data1\" content=\"guilherme_saude\" \/>\n\t<meta name=\"twitter:label2\" content=\"Est. tempo de leitura\" \/>\n\t<meta name=\"twitter:data2\" content=\"4 minutos\" \/>\n<!-- \/ Yoast SEO plugin. -->","yoast_head_json":{"title":"Hitler tinha s\u00edndrome gen\u00e9tica? O que a ci\u00eancia descobriu - Correio Braziliense - Radar","description":"Estudo gen\u00e9tico revela dados in\u00e9ditos sobre Hitler, incluindo poss\u00edvel s\u00edndrome rara. Entenda as implica\u00e7\u00f5es \u00e9ticas e cient\u00edficas.","robots":{"index":"index","follow":"follow","max-snippet":"max-snippet:-1","max-image-preview":"max-image-preview:large","max-video-preview":"max-video-preview:-1"},"canonical":"https:\/\/www.correiobraziliense.com.br\/cbradar\/hitler-tinha-sindrome-genetica-o-que-a-ciencia-descobriu\/","og_locale":"pt_BR","og_type":"article","og_title":"Hitler tinha s\u00edndrome gen\u00e9tica? O que a ci\u00eancia descobriu - Correio Braziliense - Radar","og_description":"Estudo gen\u00e9tico revela dados in\u00e9ditos sobre Hitler, incluindo poss\u00edvel s\u00edndrome rara. Entenda as implica\u00e7\u00f5es \u00e9ticas e cient\u00edficas.","og_url":"https:\/\/www.correiobraziliense.com.br\/cbradar\/hitler-tinha-sindrome-genetica-o-que-a-ciencia-descobriu\/","og_site_name":"Correio Braziliense - Radar","article_published_time":"2025-11-16T09:05:00+00:00","og_image":[{"width":1280,"height":720,"url":"https:\/\/www.correiobraziliense.com.br\/cbradar\/wp-content\/uploads\/2025\/11\/dna_1763214045582.jpg","type":"image\/jpeg"}],"author":"guilherme_saude","twitter_card":"summary_large_image","twitter_misc":{"Escrito por":"guilherme_saude","Est. tempo de leitura":"4 minutos"},"schema":{"@context":"https:\/\/schema.org","@graph":[{"@type":"WebPage","@id":"https:\/\/www.correiobraziliense.com.br\/cbradar\/hitler-tinha-sindrome-genetica-o-que-a-ciencia-descobriu\/","url":"https:\/\/www.correiobraziliense.com.br\/cbradar\/hitler-tinha-sindrome-genetica-o-que-a-ciencia-descobriu\/","name":"Hitler tinha s\u00edndrome gen\u00e9tica? O que a ci\u00eancia descobriu - Correio Braziliense - Radar","isPartOf":{"@id":"https:\/\/www.correiobraziliense.com.br\/cbradar\/#website"},"primaryImageOfPage":{"@id":"https:\/\/www.correiobraziliense.com.br\/cbradar\/hitler-tinha-sindrome-genetica-o-que-a-ciencia-descobriu\/#primaryimage"},"image":{"@id":"https:\/\/www.correiobraziliense.com.br\/cbradar\/hitler-tinha-sindrome-genetica-o-que-a-ciencia-descobriu\/#primaryimage"},"thumbnailUrl":"https:\/\/www.correiobraziliense.com.br\/cbradar\/wp-content\/uploads\/2025\/11\/dna_1763214045582.jpg","datePublished":"2025-11-16T09:05:00+00:00","author":{"@id":"https:\/\/www.correiobraziliense.com.br\/cbradar\/#\/schema\/person\/5aa4bf3c8fa699c267933611de12978b"},"description":"Estudo gen\u00e9tico revela dados in\u00e9ditos sobre Hitler, incluindo poss\u00edvel s\u00edndrome rara. Entenda as implica\u00e7\u00f5es \u00e9ticas e cient\u00edficas.","breadcrumb":{"@id":"https:\/\/www.correiobraziliense.com.br\/cbradar\/hitler-tinha-sindrome-genetica-o-que-a-ciencia-descobriu\/#breadcrumb"},"inLanguage":"pt-BR","potentialAction":[{"@type":"ReadAction","target":["https:\/\/www.correiobraziliense.com.br\/cbradar\/hitler-tinha-sindrome-genetica-o-que-a-ciencia-descobriu\/"]}]},{"@type":"ImageObject","inLanguage":"pt-BR","@id":"https:\/\/www.correiobraziliense.com.br\/cbradar\/hitler-tinha-sindrome-genetica-o-que-a-ciencia-descobriu\/#primaryimage","url":"https:\/\/www.correiobraziliense.com.br\/cbradar\/wp-content\/uploads\/2025\/11\/dna_1763214045582.jpg","contentUrl":"https:\/\/www.correiobraziliense.com.br\/cbradar\/wp-content\/uploads\/2025\/11\/dna_1763214045582.jpg","width":1280,"height":720,"caption":"Hitler - Cr\u00e9ditos: depositphotos.com \/ RomanNerud"},{"@type":"BreadcrumbList","@id":"https:\/\/www.correiobraziliense.com.br\/cbradar\/hitler-tinha-sindrome-genetica-o-que-a-ciencia-descobriu\/#breadcrumb","itemListElement":[{"@type":"ListItem","position":1,"name":"In\u00edcio","item":"https:\/\/www.correiobraziliense.com.br\/cbradar\/"},{"@type":"ListItem","position":2,"name":"Hitler tinha s\u00edndrome gen\u00e9tica? O que a ci\u00eancia descobriu"}]},{"@type":"WebSite","@id":"https:\/\/www.correiobraziliense.com.br\/cbradar\/#website","url":"https:\/\/www.correiobraziliense.com.br\/cbradar\/","name":"Correio Braziliense - Radar","description":"Acompanhe as \u00faltimas not\u00edcias e fique bem informado sobre tudo o que acontece no Brasil e no mundo.","potentialAction":[{"@type":"SearchAction","target":{"@type":"EntryPoint","urlTemplate":"https:\/\/www.correiobraziliense.com.br\/cbradar\/?s={search_term_string}"},"query-input":{"@type":"PropertyValueSpecification","valueRequired":true,"valueName":"search_term_string"}}],"inLanguage":"pt-BR"},{"@type":"Person","@id":"https:\/\/www.correiobraziliense.com.br\/cbradar\/#\/schema\/person\/5aa4bf3c8fa699c267933611de12978b","name":"guilherme_saude","image":{"@type":"ImageObject","inLanguage":"pt-BR","@id":"https:\/\/www.correiobraziliense.com.br\/cbradar\/#\/schema\/person\/image\/","url":"https:\/\/secure.gravatar.com\/avatar\/df9adfb835d344bc0af109d41756253f?s=96&d=mm&r=g","contentUrl":"https:\/\/secure.gravatar.com\/avatar\/df9adfb835d344bc0af109d41756253f?s=96&d=mm&r=g","caption":"guilherme_saude"},"url":"https:\/\/www.correiobraziliense.com.br\/cbradar\/author\/guilherme_saude\/"}]}},"_links":{"self":[{"href":"https:\/\/www.correiobraziliense.com.br\/cbradar\/wp-json\/wp\/v2\/posts\/137821","targetHints":{"allow":["GET"]}}],"collection":[{"href":"https:\/\/www.correiobraziliense.com.br\/cbradar\/wp-json\/wp\/v2\/posts"}],"about":[{"href":"https:\/\/www.correiobraziliense.com.br\/cbradar\/wp-json\/wp\/v2\/types\/post"}],"author":[{"embeddable":true,"href":"https:\/\/www.correiobraziliense.com.br\/cbradar\/wp-json\/wp\/v2\/users\/14"}],"replies":[{"embeddable":true,"href":"https:\/\/www.correiobraziliense.com.br\/cbradar\/wp-json\/wp\/v2\/comments?post=137821"}],"version-history":[{"count":1,"href":"https:\/\/www.correiobraziliense.com.br\/cbradar\/wp-json\/wp\/v2\/posts\/137821\/revisions"}],"predecessor-version":[{"id":137825,"href":"https:\/\/www.correiobraziliense.com.br\/cbradar\/wp-json\/wp\/v2\/posts\/137821\/revisions\/137825"}],"wp:featuredmedia":[{"embeddable":true,"href":"https:\/\/www.correiobraziliense.com.br\/cbradar\/wp-json\/wp\/v2\/media\/137822"}],"wp:attachment":[{"href":"https:\/\/www.correiobraziliense.com.br\/cbradar\/wp-json\/wp\/v2\/media?parent=137821"}],"wp:term":[{"taxonomy":"category","embeddable":true,"href":"https:\/\/www.correiobraziliense.com.br\/cbradar\/wp-json\/wp\/v2\/categories?post=137821"},{"taxonomy":"post_tag","embeddable":true,"href":"https:\/\/www.correiobraziliense.com.br\/cbradar\/wp-json\/wp\/v2\/post_tag?post=137821"}],"curies":[{"name":"wp","href":"https:\/\/api.w.org\/{rel}","templated":true}]}}