{"id":137835,"date":"2025-11-16T09:35:00","date_gmt":"2025-11-16T12:35:00","guid":{"rendered":"https:\/\/www.correiobraziliense.com.br\/cbradar\/?p=137835"},"modified":"2025-11-15T10:55:15","modified_gmt":"2025-11-15T13:55:15","slug":"o-que-comer-antes-e-durante-o-enem","status":"publish","type":"post","link":"https:\/\/www.correiobraziliense.com.br\/cbradar\/o-que-comer-antes-e-durante-o-enem\/","title":{"rendered":"O que comer antes e durante o Enem?"},"content":{"rendered":"\n<p>Durante a realiza\u00e7\u00e3o do<strong> Exame Nacional do Ensino M\u00e9dio (Enem)<\/strong>, a alimenta\u00e7\u00e3o desempenha um papel crucial no desempenho dos candidatos. Manter uma dieta adequada \u00e9 essencial para garantir energia, concentra\u00e7\u00e3o e disposi\u00e7\u00e3o, aspectos fundamentais ao encarar as longas horas de prova. O momento do exame \u00e9 cr\u00edtico e, por isso, a escolha do que consumir antes e durante \u00e9 decisiva para assegurar a melhor performance poss\u00edvel.<\/p>\n\n\n\n<p>Preparar o corpo e a mente come\u00e7a nos dias que antecedem o exame, j\u00e1 que a alimenta\u00e7\u00e3o influencia diretamente na capacidade de foco e clareza mental dos estudantes. Optar por refei\u00e7\u00f5es certas pode significar a diferen\u00e7a entre um dia produtivo e um dia arruinado por desconfortos alimentares ou falta de energia. Essa prepara\u00e7\u00e3o envolve escolhas alimentares conscientes que devem come\u00e7ar bem antes da data do teste.<\/p>\n\n\n\n<h2 class=\"wp-block-heading\">Por que a v\u00e9spera do Enem \u00e9 importante?<\/h2>\n\n\n\n<p>No dia anterior ao exame, \u00e9 vital investir em refei\u00e7\u00f5es leves e equilibradas, favorecendo uma digest\u00e3o tranquila e um sono reparador. Prote\u00ednas magras, como frango, ovos ou peixes, combinados com carboidratos de f\u00e1cil digest\u00e3o, s\u00e3o altamente recomendados. \u00c9 prudente evitar frituras, pratos gordurosos, doces em excesso e itens novos que possamc ausar desconforto estomacal, garantindo um estado de relaxamento.<\/p>\n\n\n\n<p>Al\u00e9m disso, bebidas estimulantes, como energ\u00e9ticos, devem ser dispensadas nesse per\u00edodo para n\u00e3o interferir no descanso noturno, essencial \u00e0 renova\u00e7\u00e3o das capacidades cognitivas para o grande dia.<\/p>\n\n\n\n<h2 class=\"wp-block-heading\">Quais alimentos favorecem o sono antes da prova?<\/h2>\n\n\n\n<p>Enquanto a v\u00e9spera do Enem \u00e9 um per\u00edodo de prepara\u00e7\u00e3o, a noite que a antecede pode ser maximizadapara descanso atrav\u00e9s de alimentos que induzem ao sono. Alimentos ricos em triptofano, como leite e aves, facilitam a produ\u00e7\u00e3o de horm\u00f4nios do sono, colaborando para uma noite tranquila. Kiwi e nozes, por suas propriedades, tamb\u00e9m est\u00e3o associados \u00e0 promo\u00e7\u00e3o de qualidade de <a href=\"https:\/\/www.correiobraziliense.com.br\/cbradar\/o-lifting-mais-seguro-e-eficaz-que-ninguem-esperava\/\" target=\"_blank\" rel=\"noreferrer noopener\">sono<\/a>.<\/p>\n\n\n<div class=\"wp-block-image\">\n<figure class=\"aligncenter size-large\"><img decoding=\"async\" width=\"1024\" height=\"576\" src=\"https:\/\/www.correiobraziliense.com.br\/cbradar\/wp-content\/uploads\/2025\/06\/kiwi_1750940750190-1024x576.jpg\" alt=\"\" class=\"wp-image-59982\" srcset=\"https:\/\/www.correiobraziliense.com.br\/cbradar\/wp-content\/uploads\/2025\/06\/kiwi_1750940750190-1024x576.jpg 1024w, https:\/\/www.correiobraziliense.com.br\/cbradar\/wp-content\/uploads\/2025\/06\/kiwi_1750940750190-300x169.jpg 300w, https:\/\/www.correiobraziliense.com.br\/cbradar\/wp-content\/uploads\/2025\/06\/kiwi_1750940750190-768x432.jpg 768w, https:\/\/www.correiobraziliense.com.br\/cbradar\/wp-content\/uploads\/2025\/06\/kiwi_1750940750190-750x422.jpg 750w, https:\/\/www.correiobraziliense.com.br\/cbradar\/wp-content\/uploads\/2025\/06\/kiwi_1750940750190-1140x641.jpg 1140w, https:\/\/www.correiobraziliense.com.br\/cbradar\/wp-content\/uploads\/2025\/06\/kiwi_1750940750190.jpg 1280w\" sizes=\"(max-width: 1024px) 100vw, 1024px\" \/><figcaption class=\"wp-element-caption\">Kiwi &#8211; Cr\u00e9ditos: depositphotos.com \/ Aeril<\/figcaption><\/figure><\/div>\n\n\n<p>Assim, montar um jantar que inclua essas op\u00e7\u00f5es pode ser particularmente ben\u00e9fico. Ao evitar cafe\u00edna e manter uma refei\u00e7\u00e3o balanceada, promove-se um repouso adequado, essencial para a clareza mental necess\u00e1ria no dia da prova.<\/p>\n\n\n\n<h2 class=\"wp-block-heading\">Como deve ser a alimenta\u00e7\u00e3o no dia do exame?<\/h2>\n\n\n\n<p>Na manh\u00e3 do Enem, um caf\u00e9 da manh\u00e3 bem planejado \u00e9 essencial. Optar por refei\u00e7\u00f5es que proporcionem saciedade sem pesar, como p\u00e3es integrais com recheios leves \u2014 queijo, por exemplo \u2014, frutas e prote\u00ednas, \u00e9 uma estrat\u00e9gia eficaz. Esse equil\u00edbrio nutricional mant\u00e9m a glicose cerebral est\u00e1vel, necess\u00e1ria para enfrentar horas de concentra\u00e7\u00e3o intensa.<\/p>\n\n\n\n<p>Durante a realiza\u00e7\u00e3o do exame, levar alimentos pr\u00e1ticos como frutas, barras de cereal e sandu\u00edches simples ajuda a manter os n\u00edveis de energia ao longo do tempo. Beber \u00e1gua mant\u00e9m a hidrata\u00e7\u00e3o em n\u00edveis adequados, o que tamb\u00e9m \u00e9 fundamental para o funcionamento cognitivo ideal.<\/p>\n\n\n\n<h2 class=\"wp-block-heading\">O que evitar durante a prova?<\/h2>\n\n\n\n<p>Alimentos pesados, como frituras e doces muito a\u00e7ucarados, representam um risco significativo ao desempenho, podendo causar indisposi\u00e7\u00e3o ou grande oscila\u00e7\u00e3o nos n\u00edveis de energia. Evitar tais itens \u00e9 crucial para garantir que o foco permane\u00e7a integralmente nas quest\u00f5es do exame.<\/p>\n\n\n\n<p>Estar atento \u00e0s necessidades alimentares nos dias que cercam o Enem \u00e9 uma etapa t\u00e3o importante quanto o pr\u00f3prio estudo, garantindo que o candidato utilize seu potencial ao m\u00e1ximo durante esta fase decisiva de sua trajet\u00f3ria educacional.<\/p>\n\n\n<a href=\"https:\/\/www.instagram.com\/dra.annaluisabf\/\" target=\"_blank\" rel=\"noopener\" style=\"text-decoration: none; color: inherit;\">\n    <span style=\"display: inline-block; border: 1px solid #ccc; border-radius: 10px; padding: 15px; max-width: 550px; font-family: sans-serif; box-shadow: 0 2px 5px rgba(0,0,0,0.1); width: 100%;\">\n\n      <!-- T\u00edtulo -->\n      <span style=\"display: block; margin: 0 0 15px 0; font-weight: bold; color: #2c3e50; text-align: center;\">\n        Entre em contato:\n      <\/span>\n\n      <!-- Linha do perfil -->\n      <span style=\"display: flex; align-items: center; gap: 15px;\">\n        <img decoding=\"async\"\n          src=\"https:\/\/www.correiobraziliense.com.br\/cbradar\/wp-content\/uploads\/2025\/08\/dra_anna_luisa.jpeg\"\n          alt=\"Foto da Dra. Anna Lu\u00edsa\"\n          style=\"border-radius: 50%; width: 80px; height: 80px; object-fit: cover;\"\n        \/>\n        <span style=\"display: flex; flex-direction: column;\">\n          <span style=\"font-size: 18px; font-weight: 700; color: #2c3e50;\">Dra. Anna Lu\u00edsa Barbosa Fernandes<\/span>\n          <span style=\"color: #555;\">CRM-GO 33.271<\/span>\n        <\/span>\n      <\/span>\n\n      <!-- Redes -->\n      <span style=\"display: flex; align-items: center; gap: 10px; margin-top: 12px;\">\n        <img decoding=\"async\" src=\"https:\/\/cdn-icons-png.flaticon.com\/24\/1384\/1384063.png\" alt=\"Instagram\" width=\"24\" height=\"24\" \/>\n        <span style=\"text-decoration: underline; color: #2c3e50;\">@dra.annaluisabf<\/span>\n      <\/span>\n\n    <\/span>\n  <\/a>","protected":false},"excerpt":{"rendered":"<p>Durante a realiza\u00e7\u00e3o do Exame Nacional do Ensino M\u00e9dio (Enem), a alimenta\u00e7\u00e3o desempenha um papel crucial no desempenho dos candidatos. Manter uma dieta adequada \u00e9 essencial para garantir energia, concentra\u00e7\u00e3o e disposi\u00e7\u00e3o, aspectos fundamentais ao encarar as longas horas de prova. O momento do exame \u00e9 cr\u00edtico e, por isso, a escolha do que consumir [&hellip;]<\/p>\n","protected":false},"author":14,"featured_media":137836,"comment_status":"open","ping_status":"open","sticky":false,"template":"","format":"standard","meta":{"_yoast_wpseo_focuskw":"Enem","_yoast_wpseo_title":"","_yoast_wpseo_metadesc":"Veja como a alimenta\u00e7\u00e3o pode melhorar sua performance no Enem. Dicas do que comer na v\u00e9spera, no caf\u00e9 da manh\u00e3 e durante a prova.","jnews-multi-image_gallery":[],"jnews_single_post":{"format":"standard"},"jnews_primary_category":[],"jnews_social_meta":[],"jnews_override_counter":[],"footnotes":""},"categories":[4404],"post_tag":[281,1423,120,1318],"class_list":["post-137835","post","type-post","status-publish","format-standard","has-post-thumbnail","hentry","category-saude","tag-alimentacao","tag-alimentos","tag-bem-estar","tag-saude-2"],"yoast_head":"<!-- This site is optimized with the Yoast SEO plugin v24.6 - https:\/\/yoast.com\/wordpress\/plugins\/seo\/ -->\n<title>O que comer antes e durante o Enem? - Correio Braziliense - Radar<\/title>\n<meta name=\"description\" content=\"Veja como a alimenta\u00e7\u00e3o pode melhorar sua performance no Enem. Dicas do que comer na v\u00e9spera, no caf\u00e9 da manh\u00e3 e durante a prova.\" \/>\n<meta name=\"robots\" content=\"index, follow, max-snippet:-1, max-image-preview:large, max-video-preview:-1\" \/>\n<link rel=\"canonical\" href=\"https:\/\/www.correiobraziliense.com.br\/cbradar\/o-que-comer-antes-e-durante-o-enem\/\" \/>\n<meta property=\"og:locale\" content=\"pt_BR\" \/>\n<meta property=\"og:type\" content=\"article\" \/>\n<meta property=\"og:title\" content=\"O que comer antes e durante o Enem? - Correio Braziliense - Radar\" \/>\n<meta property=\"og:description\" content=\"Veja como a alimenta\u00e7\u00e3o pode melhorar sua performance no Enem. Dicas do que comer na v\u00e9spera, no caf\u00e9 da manh\u00e3 e durante a prova.\" \/>\n<meta property=\"og:url\" content=\"https:\/\/www.correiobraziliense.com.br\/cbradar\/o-que-comer-antes-e-durante-o-enem\/\" \/>\n<meta property=\"og:site_name\" content=\"Correio Braziliense - Radar\" \/>\n<meta property=\"article:published_time\" content=\"2025-11-16T12:35:00+00:00\" \/>\n<meta property=\"og:image\" content=\"https:\/\/www.correiobraziliense.com.br\/cbradar\/wp-content\/uploads\/2025\/11\/Enem_1763214847391.jpg\" \/>\n\t<meta property=\"og:image:width\" content=\"1280\" \/>\n\t<meta property=\"og:image:height\" content=\"720\" \/>\n\t<meta property=\"og:image:type\" content=\"image\/jpeg\" \/>\n<meta name=\"author\" content=\"guilherme_saude\" \/>\n<meta name=\"twitter:card\" content=\"summary_large_image\" \/>\n<meta name=\"twitter:label1\" content=\"Escrito por\" \/>\n\t<meta name=\"twitter:data1\" content=\"guilherme_saude\" \/>\n\t<meta name=\"twitter:label2\" content=\"Est. tempo de leitura\" \/>\n\t<meta name=\"twitter:data2\" content=\"4 minutos\" \/>\n<!-- \/ Yoast SEO plugin. -->","yoast_head_json":{"title":"O que comer antes e durante o Enem? - Correio Braziliense - Radar","description":"Veja como a alimenta\u00e7\u00e3o pode melhorar sua performance no Enem. Dicas do que comer na v\u00e9spera, no caf\u00e9 da manh\u00e3 e durante a prova.","robots":{"index":"index","follow":"follow","max-snippet":"max-snippet:-1","max-image-preview":"max-image-preview:large","max-video-preview":"max-video-preview:-1"},"canonical":"https:\/\/www.correiobraziliense.com.br\/cbradar\/o-que-comer-antes-e-durante-o-enem\/","og_locale":"pt_BR","og_type":"article","og_title":"O que comer antes e durante o Enem? - Correio Braziliense - Radar","og_description":"Veja como a alimenta\u00e7\u00e3o pode melhorar sua performance no Enem. Dicas do que comer na v\u00e9spera, no caf\u00e9 da manh\u00e3 e durante a prova.","og_url":"https:\/\/www.correiobraziliense.com.br\/cbradar\/o-que-comer-antes-e-durante-o-enem\/","og_site_name":"Correio Braziliense - Radar","article_published_time":"2025-11-16T12:35:00+00:00","og_image":[{"width":1280,"height":720,"url":"https:\/\/www.correiobraziliense.com.br\/cbradar\/wp-content\/uploads\/2025\/11\/Enem_1763214847391.jpg","type":"image\/jpeg"}],"author":"guilherme_saude","twitter_card":"summary_large_image","twitter_misc":{"Escrito por":"guilherme_saude","Est. tempo de leitura":"4 minutos"},"schema":{"@context":"https:\/\/schema.org","@graph":[{"@type":"WebPage","@id":"https:\/\/www.correiobraziliense.com.br\/cbradar\/o-que-comer-antes-e-durante-o-enem\/","url":"https:\/\/www.correiobraziliense.com.br\/cbradar\/o-que-comer-antes-e-durante-o-enem\/","name":"O que comer antes e durante o Enem? - Correio Braziliense - Radar","isPartOf":{"@id":"https:\/\/www.correiobraziliense.com.br\/cbradar\/#website"},"primaryImageOfPage":{"@id":"https:\/\/www.correiobraziliense.com.br\/cbradar\/o-que-comer-antes-e-durante-o-enem\/#primaryimage"},"image":{"@id":"https:\/\/www.correiobraziliense.com.br\/cbradar\/o-que-comer-antes-e-durante-o-enem\/#primaryimage"},"thumbnailUrl":"https:\/\/www.correiobraziliense.com.br\/cbradar\/wp-content\/uploads\/2025\/11\/Enem_1763214847391.jpg","datePublished":"2025-11-16T12:35:00+00:00","author":{"@id":"https:\/\/www.correiobraziliense.com.br\/cbradar\/#\/schema\/person\/5aa4bf3c8fa699c267933611de12978b"},"description":"Veja como a alimenta\u00e7\u00e3o pode melhorar sua performance no Enem. Dicas do que comer na v\u00e9spera, no caf\u00e9 da manh\u00e3 e durante a prova.","breadcrumb":{"@id":"https:\/\/www.correiobraziliense.com.br\/cbradar\/o-que-comer-antes-e-durante-o-enem\/#breadcrumb"},"inLanguage":"pt-BR","potentialAction":[{"@type":"ReadAction","target":["https:\/\/www.correiobraziliense.com.br\/cbradar\/o-que-comer-antes-e-durante-o-enem\/"]}]},{"@type":"ImageObject","inLanguage":"pt-BR","@id":"https:\/\/www.correiobraziliense.com.br\/cbradar\/o-que-comer-antes-e-durante-o-enem\/#primaryimage","url":"https:\/\/www.correiobraziliense.com.br\/cbradar\/wp-content\/uploads\/2025\/11\/Enem_1763214847391.jpg","contentUrl":"https:\/\/www.correiobraziliense.com.br\/cbradar\/wp-content\/uploads\/2025\/11\/Enem_1763214847391.jpg","width":1280,"height":720,"caption":"Enem - Cr\u00e9ditos: depositphotos.com \/ gustavofrazao"},{"@type":"BreadcrumbList","@id":"https:\/\/www.correiobraziliense.com.br\/cbradar\/o-que-comer-antes-e-durante-o-enem\/#breadcrumb","itemListElement":[{"@type":"ListItem","position":1,"name":"In\u00edcio","item":"https:\/\/www.correiobraziliense.com.br\/cbradar\/"},{"@type":"ListItem","position":2,"name":"O que comer antes e durante o Enem?"}]},{"@type":"WebSite","@id":"https:\/\/www.correiobraziliense.com.br\/cbradar\/#website","url":"https:\/\/www.correiobraziliense.com.br\/cbradar\/","name":"Correio Braziliense - Radar","description":"Acompanhe as \u00faltimas not\u00edcias e fique bem informado sobre tudo o que acontece no Brasil e no mundo.","potentialAction":[{"@type":"SearchAction","target":{"@type":"EntryPoint","urlTemplate":"https:\/\/www.correiobraziliense.com.br\/cbradar\/?s={search_term_string}"},"query-input":{"@type":"PropertyValueSpecification","valueRequired":true,"valueName":"search_term_string"}}],"inLanguage":"pt-BR"},{"@type":"Person","@id":"https:\/\/www.correiobraziliense.com.br\/cbradar\/#\/schema\/person\/5aa4bf3c8fa699c267933611de12978b","name":"guilherme_saude","image":{"@type":"ImageObject","inLanguage":"pt-BR","@id":"https:\/\/www.correiobraziliense.com.br\/cbradar\/#\/schema\/person\/image\/","url":"https:\/\/secure.gravatar.com\/avatar\/df9adfb835d344bc0af109d41756253f?s=96&d=mm&r=g","contentUrl":"https:\/\/secure.gravatar.com\/avatar\/df9adfb835d344bc0af109d41756253f?s=96&d=mm&r=g","caption":"guilherme_saude"},"url":"https:\/\/www.correiobraziliense.com.br\/cbradar\/author\/guilherme_saude\/"}]}},"_links":{"self":[{"href":"https:\/\/www.correiobraziliense.com.br\/cbradar\/wp-json\/wp\/v2\/posts\/137835","targetHints":{"allow":["GET"]}}],"collection":[{"href":"https:\/\/www.correiobraziliense.com.br\/cbradar\/wp-json\/wp\/v2\/posts"}],"about":[{"href":"https:\/\/www.correiobraziliense.com.br\/cbradar\/wp-json\/wp\/v2\/types\/post"}],"author":[{"embeddable":true,"href":"https:\/\/www.correiobraziliense.com.br\/cbradar\/wp-json\/wp\/v2\/users\/14"}],"replies":[{"embeddable":true,"href":"https:\/\/www.correiobraziliense.com.br\/cbradar\/wp-json\/wp\/v2\/comments?post=137835"}],"version-history":[{"count":1,"href":"https:\/\/www.correiobraziliense.com.br\/cbradar\/wp-json\/wp\/v2\/posts\/137835\/revisions"}],"predecessor-version":[{"id":137837,"href":"https:\/\/www.correiobraziliense.com.br\/cbradar\/wp-json\/wp\/v2\/posts\/137835\/revisions\/137837"}],"wp:featuredmedia":[{"embeddable":true,"href":"https:\/\/www.correiobraziliense.com.br\/cbradar\/wp-json\/wp\/v2\/media\/137836"}],"wp:attachment":[{"href":"https:\/\/www.correiobraziliense.com.br\/cbradar\/wp-json\/wp\/v2\/media?parent=137835"}],"wp:term":[{"taxonomy":"category","embeddable":true,"href":"https:\/\/www.correiobraziliense.com.br\/cbradar\/wp-json\/wp\/v2\/categories?post=137835"},{"taxonomy":"post_tag","embeddable":true,"href":"https:\/\/www.correiobraziliense.com.br\/cbradar\/wp-json\/wp\/v2\/post_tag?post=137835"}],"curies":[{"name":"wp","href":"https:\/\/api.w.org\/{rel}","templated":true}]}}