{"id":13788,"date":"2025-03-20T11:23:00","date_gmt":"2025-03-20T14:23:00","guid":{"rendered":"https:\/\/www.correiobraziliense.com.br\/cbradar\/?p=13788"},"modified":"2025-03-19T10:53:50","modified_gmt":"2025-03-19T13:53:50","slug":"a-poluicao-pode-afetar-seu-cabelo-e-pele-e-voce-nem-sabia-veja-como-isso-pode-te-afetar","status":"publish","type":"post","link":"https:\/\/www.correiobraziliense.com.br\/cbradar\/a-poluicao-pode-afetar-seu-cabelo-e-pele-e-voce-nem-sabia-veja-como-isso-pode-te-afetar\/","title":{"rendered":"A polui\u00e7\u00e3o pode afetar seu cabelo e pele e voc\u00ea nem sabia! Veja como isso pode te afetar"},"content":{"rendered":"\n<p>A vida nas grandes cidades traz consigo in\u00fameros benef\u00edcios, mas tamb\u00e9m exp\u00f5e nossa pele e cabelos a uma variedade de poluentes que podem comprometer sua <a href=\"https:\/\/www.correiobraziliense.com.br\/cbradar\/os-segredos-da-importancia-do-sono-que-voce-nao-conhecia\/\" target=\"_blank\" rel=\"noreferrer noopener\">sa\u00fade <\/a>e beleza. A <strong><a href=\"https:\/\/pt.wikipedia.org\/wiki\/Polui\u00e7\u00e3o\" target=\"_blank\" rel=\"noreferrer noopener\">polui\u00e7\u00e3o <\/a>urbana<\/strong>, composta por uma complexa mistura de part\u00edculas, gases e metais pesados, pode causar danos significativos a longo prazo. Entender como esses poluentes agem e adotar medidas de prote\u00e7\u00e3o \u00e9 fundamental para manter a vitalidade da pele e dos cabelos.<\/p>\n\n\n\n<h2 class=\"wp-block-heading\">Entendendo a polui\u00e7\u00e3o urbana e seus componentes<\/h2>\n\n\n\n<p>A <strong>polui\u00e7\u00e3o urbana<\/strong> \u00e9 um problema complexo que envolve diversos componentes liberados por fontes como ve\u00edculos automotores, ind\u00fastrias e atividades de constru\u00e7\u00e3o. Entre os principais poluentes, destacam-se as <strong>part\u00edculas finas (PM2.5 e PM10)<\/strong>, o <strong>di\u00f3xido de nitrog\u00eanio (NO2)<\/strong>, o <strong>oz\u00f4nio troposf\u00e9rico (O3)<\/strong>, o <strong>di\u00f3xido de enxofre (SO2)<\/strong> e diversos <strong>metais pesados<\/strong>. Esses poluentes podem se depositar na superf\u00edcie da pele e dos cabelos, al\u00e9m de penetrar nas camadas mais profundas.<\/p>\n\n\n<div class=\"wp-block-image\">\n<figure class=\"aligncenter size-large\"><img decoding=\"async\" width=\"1024\" height=\"576\" src=\"https:\/\/www.correiobraziliense.com.br\/cbradar\/wp-content\/uploads\/2025\/03\/poluicao_1742389627234-1024x576.jpg\" alt=\"A polui\u00e7\u00e3o pode afetar seu cabelo e pele e voc\u00ea nem sabia! Veja como isso pode te afetar\" class=\"wp-image-13839\" srcset=\"https:\/\/www.correiobraziliense.com.br\/cbradar\/wp-content\/uploads\/2025\/03\/poluicao_1742389627234-1024x576.jpg 1024w, https:\/\/www.correiobraziliense.com.br\/cbradar\/wp-content\/uploads\/2025\/03\/poluicao_1742389627234-300x169.jpg 300w, https:\/\/www.correiobraziliense.com.br\/cbradar\/wp-content\/uploads\/2025\/03\/poluicao_1742389627234-768x432.jpg 768w, https:\/\/www.correiobraziliense.com.br\/cbradar\/wp-content\/uploads\/2025\/03\/poluicao_1742389627234-750x422.jpg 750w, https:\/\/www.correiobraziliense.com.br\/cbradar\/wp-content\/uploads\/2025\/03\/poluicao_1742389627234-1140x642.jpg 1140w, https:\/\/www.correiobraziliense.com.br\/cbradar\/wp-content\/uploads\/2025\/03\/poluicao_1742389627234.jpg 1279w\" sizes=\"(max-width: 1024px) 100vw, 1024px\" \/><figcaption class=\"wp-element-caption\">Polui\u00e7\u00e3o &#8211; Cr\u00e9ditos: depositphotos.com \/ LehaKoK<\/figcaption><\/figure><\/div>\n\n\n<h2 class=\"wp-block-heading\">Os efeitos da polui\u00e7\u00e3o urbana na sa\u00fade da pele<\/h2>\n\n\n\n<p>A exposi\u00e7\u00e3o constante \u00e0 polui\u00e7\u00e3o urbana pode desencadear uma s\u00e9rie de problemas na pele:<\/p>\n\n\n\n<ul class=\"wp-block-list\">\n<li><strong>Danos \u00e0 barreira cut\u00e2nea:<\/strong> Os poluentes podem comprometer a integridade da barreira protetora da pele, tornando-a mais vulner\u00e1vel \u00e0 perda de umidade e \u00e0 penetra\u00e7\u00e3o de subst\u00e2ncias irritantes.<\/li>\n\n\n\n<li><strong>Estresse oxidativo:<\/strong> As part\u00edculas poluentes geram radicais livres, mol\u00e9culas inst\u00e1veis que causam danos \u00e0s c\u00e9lulas da pele, levando ao estresse oxidativo.<\/li>\n\n\n\n<li><strong>Envelhecimento precoce:<\/strong> O estresse oxidativo acelera o processo de envelhecimento da pele, resultando em rugas, linhas finas, perda de elasticidade e hiperpigmenta\u00e7\u00e3o (manchas escuras).<\/li>\n\n\n\n<li><strong>Acne e inflama\u00e7\u00e3o:<\/strong> A polui\u00e7\u00e3o pode obstruir os poros, aumentar a produ\u00e7\u00e3o de sebo e estimular a inflama\u00e7\u00e3o, contribuindo para o surgimento de acne e outras condi\u00e7\u00f5es inflamat\u00f3rias como a dermatite e o eczema.<\/li>\n\n\n\n<li><strong>Sensibilidade e irrita\u00e7\u00e3o:<\/strong> A exposi\u00e7\u00e3o a poluentes pode tornar a pele mais sens\u00edvel e reativa, causando vermelhid\u00e3o, coceira e irrita\u00e7\u00e3o.<\/li>\n<\/ul>\n\n\n\n<h2 class=\"wp-block-heading\">Como a polui\u00e7\u00e3o urbana prejudica a sa\u00fade dos cabelos<\/h2>\n\n\n\n<p>Os cabelos tamb\u00e9m sofrem com os efeitos da polui\u00e7\u00e3o urbana:<\/p>\n\n\n\n<ul class=\"wp-block-list\">\n<li><strong>Danos \u00e0 cut\u00edcula capilar:<\/strong> Os poluentes podem se depositar na superf\u00edcie do cabelo e danificar a cut\u00edcula, a camada externa protetora, tornando os fios \u00e1speros, opacos e quebradi\u00e7os.<\/li>\n\n\n\n<li><strong>Ressecamento e falta de brilho:<\/strong> A polui\u00e7\u00e3o pode remover a umidade natural dos cabelos, deixando-os secos, sem vida e com menos brilho.<\/li>\n\n\n\n<li><strong>Queda de cabelo:<\/strong> A exposi\u00e7\u00e3o prolongada \u00e0 polui\u00e7\u00e3o pode contribuir para o enfraquecimento dos fol\u00edculos capilares e, consequentemente, para a queda de cabelo.<\/li>\n\n\n\n<li><strong>Irrita\u00e7\u00e3o do couro cabeludo:<\/strong> Os poluentes podem irritar o couro cabeludo, causando coceira, descama\u00e7\u00e3o e at\u00e9 mesmo dermatite seborreica.<\/li>\n<\/ul>\n\n\n\n<h2 class=\"wp-block-heading\">Mecanismos de a\u00e7\u00e3o dos poluentes na pele e nos cabelos<\/h2>\n\n\n\n<p>Os poluentes urbanos exercem seus efeitos nocivos atrav\u00e9s de diversos mecanismos. A gera\u00e7\u00e3o de <strong>radicais livres<\/strong> \u00e9 um dos principais, causando danos ao <strong>DNA<\/strong> celular, \u00e0s prote\u00ednas (como o col\u00e1geno e a elastina) e aos lip\u00eddios da pele e dos cabelos. Al\u00e9m disso, os poluentes podem alterar o <strong>microbioma cut\u00e2neo<\/strong>, o equil\u00edbrio de microrganismos que vivem na superf\u00edcie da pele, comprometendo sua fun\u00e7\u00e3o protetora. A inflama\u00e7\u00e3o cr\u00f4nica tamb\u00e9m \u00e9 um mecanismo importante, contribuindo para o envelhecimento precoce e diversas condi\u00e7\u00f5es de pele.<\/p>\n\n\n\n<h2 class=\"wp-block-heading\">Dicas pr\u00e1ticas para proteger a pele da polui\u00e7\u00e3o urbana<\/h2>\n\n\n\n<p>Adotar uma rotina de skincare adequada \u00e9 essencial para proteger a pele dos danos da polui\u00e7\u00e3o:<\/p>\n\n\n\n<ul class=\"wp-block-list\">\n<li><strong>Limpeza eficaz:<\/strong> Lave o rosto duas vezes ao dia com um limpador suave para remover os poluentes acumulados.<\/li>\n\n\n\n<li><strong>Antioxidantes:<\/strong> Utilize s\u00e9runs ou cremes antioxidantes, como os que cont\u00eam vitamina C e vitamina E, para neutralizar os radicais livres.<\/li>\n\n\n\n<li><strong>Hidrata\u00e7\u00e3o:<\/strong> Mantenha a pele bem hidratada para fortalecer a barreira cut\u00e2nea e proteg\u00ea-la contra a penetra\u00e7\u00e3o de poluentes.<\/li>\n\n\n\n<li><strong>Prote\u00e7\u00e3o solar:<\/strong> Use protetor solar diariamente, mesmo em dias nublados, pois a radia\u00e7\u00e3o <strong>UV<\/strong> potencializa os efeitos nocivos da polui\u00e7\u00e3o. Opte por f\u00f3rmulas com antioxidantes.<\/li>\n\n\n\n<li><strong>Esfolia\u00e7\u00e3o suave:<\/strong> Realize uma esfolia\u00e7\u00e3o suave uma ou duas vezes por semana para remover as c\u00e9lulas mortas e os poluentes da superf\u00edcie da pele.<\/li>\n<\/ul>\n\n\n\n<h2 class=\"wp-block-heading\">Estrat\u00e9gias de prote\u00e7\u00e3o capilar contra a polui\u00e7\u00e3o urbana<\/h2>\n\n\n\n<p>Cuidar dos cabelos tamb\u00e9m \u00e9 fundamental para minimizar os danos causados pela polui\u00e7\u00e3o:<\/p>\n\n\n\n<ul class=\"wp-block-list\">\n<li><strong>Shampoo suave:<\/strong> Use um shampoo suave que limpe os cabelos sem ressecar o couro cabeludo.<\/li>\n\n\n\n<li><strong>Condicionador:<\/strong> Aplique condicionador ap\u00f3s o shampoo para selar a cut\u00edcula capilar e proteger os fios.<\/li>\n\n\n\n<li><strong>M\u00e1scaras capilares:<\/strong> Utilize m\u00e1scaras capilares nutritivas regularmente para fortalecer os cabelos e repor a umidade perdida.<\/li>\n\n\n\n<li><strong>Penteados protetores:<\/strong> Prenda os cabelos em coques ou tran\u00e7as para reduzir a exposi\u00e7\u00e3o aos poluentes.<\/li>\n\n\n\n<li><strong>Evite calor excessivo:<\/strong> O uso frequente de secador e chapinha pode tornar os cabelos mais vulner\u00e1veis aos danos da polui\u00e7\u00e3o.<\/li>\n<\/ul>\n\n\n\n<h2 class=\"wp-block-heading\">A import\u00e2ncia da alimenta\u00e7\u00e3o e hidrata\u00e7\u00e3o na prote\u00e7\u00e3o contra a polui\u00e7\u00e3o<\/h2>\n\n\n\n<p>Uma dieta rica em antioxidantes, como frutas e vegetais coloridos, pode ajudar o corpo a combater os efeitos do estresse oxidativo causado pela polui\u00e7\u00e3o. A ingest\u00e3o adequada de \u00e1gua tamb\u00e9m \u00e9 crucial para manter a pele hidratada e auxiliar na elimina\u00e7\u00e3o de toxinas.<\/p>\n\n\n\n<h2 class=\"wp-block-heading\">Outras medidas de prote\u00e7\u00e3o contra a polui\u00e7\u00e3o urbana<\/h2>\n\n\n\n<p>Al\u00e9m dos cuidados com a pele e os cabelos, outras medidas podem ajudar a minimizar a exposi\u00e7\u00e3o \u00e0 polui\u00e7\u00e3o:<\/p>\n\n\n\n<ul class=\"wp-block-list\">\n<li><strong>Evite hor\u00e1rios de pico de polui\u00e7\u00e3o:<\/strong> Se poss\u00edvel, evite atividades ao ar livre em hor\u00e1rios de maior concentra\u00e7\u00e3o de poluentes.<\/li>\n\n\n\n<li><strong>Use purificadores de ar:<\/strong> Em ambientes internos, utilize purificadores de ar com filtros <strong>HEPA<\/strong> para remover part\u00edculas poluentes.<\/li>\n\n\n\n<li><strong>Tome banho ap\u00f3s atividades ao ar livre:<\/strong> Lave o corpo e o cabelo para remover os poluentes que possam ter se depositado.<\/li>\n<\/ul>\n","protected":false},"excerpt":{"rendered":"<p>A vida nas grandes cidades traz consigo in\u00fameros benef\u00edcios, mas tamb\u00e9m exp\u00f5e nossa pele e cabelos a uma variedade de poluentes que podem comprometer sua sa\u00fade e beleza. A polui\u00e7\u00e3o urbana, composta por uma complexa mistura de part\u00edculas, gases e metais pesados, pode causar danos significativos a longo prazo. Entender como esses poluentes agem e [&hellip;]<\/p>\n","protected":false},"author":11,"featured_media":13837,"comment_status":"open","ping_status":"open","sticky":false,"template":"","format":"standard","meta":{"_yoast_wpseo_focuskw":"polui\u00e7\u00e3o","_yoast_wpseo_title":"","_yoast_wpseo_metadesc":"A polui\u00e7\u00e3o pode estar danificando seu cabelo e pele sem que voc\u00ea perceba! Descubra como isso te afeta e o que fazer para se proteger!","jnews-multi-image_gallery":[],"jnews_single_post":{"format":"standard"},"jnews_primary_category":[],"jnews_social_meta":[],"jnews_override_counter":[],"footnotes":""},"categories":[119],"post_tag":[1320,2144,565],"class_list":["post-13788","post","type-post","status-publish","format-standard","has-post-thumbnail","hentry","category-bem-estar","tag-bem-estar-2","tag-poluicao","tag-saude"],"yoast_head":"<!-- This site is optimized with the Yoast SEO plugin v24.6 - https:\/\/yoast.com\/wordpress\/plugins\/seo\/ -->\n<title>A polui\u00e7\u00e3o pode afetar seu cabelo e pele e voc\u00ea nem sabia! Veja como isso pode te afetar - Correio Braziliense - Radar<\/title>\n<meta name=\"description\" content=\"A polui\u00e7\u00e3o pode estar danificando seu cabelo e pele sem que voc\u00ea perceba! Descubra como isso te afeta e o que fazer para se proteger!\" \/>\n<meta name=\"robots\" content=\"index, follow, max-snippet:-1, max-image-preview:large, max-video-preview:-1\" \/>\n<link rel=\"canonical\" href=\"https:\/\/www.correiobraziliense.com.br\/cbradar\/a-poluicao-pode-afetar-seu-cabelo-e-pele-e-voce-nem-sabia-veja-como-isso-pode-te-afetar\/\" \/>\n<meta property=\"og:locale\" content=\"pt_BR\" \/>\n<meta property=\"og:type\" content=\"article\" \/>\n<meta property=\"og:title\" content=\"A polui\u00e7\u00e3o pode afetar seu cabelo e pele e voc\u00ea nem sabia! Veja como isso pode te afetar - Correio Braziliense - Radar\" \/>\n<meta property=\"og:description\" content=\"A polui\u00e7\u00e3o pode estar danificando seu cabelo e pele sem que voc\u00ea perceba! Descubra como isso te afeta e o que fazer para se proteger!\" \/>\n<meta property=\"og:url\" content=\"https:\/\/www.correiobraziliense.com.br\/cbradar\/a-poluicao-pode-afetar-seu-cabelo-e-pele-e-voce-nem-sabia-veja-como-isso-pode-te-afetar\/\" \/>\n<meta property=\"og:site_name\" content=\"Correio Braziliense - Radar\" \/>\n<meta property=\"article:published_time\" content=\"2025-03-20T14:23:00+00:00\" \/>\n<meta property=\"og:image\" content=\"https:\/\/www.correiobraziliense.com.br\/cbradar\/wp-content\/uploads\/2025\/03\/poluicao_1742389555531.jpg\" \/>\n\t<meta property=\"og:image:width\" content=\"1280\" \/>\n\t<meta property=\"og:image:height\" content=\"720\" \/>\n\t<meta property=\"og:image:type\" content=\"image\/jpeg\" \/>\n<meta name=\"author\" content=\"Paulo Custodio\" \/>\n<meta name=\"twitter:card\" content=\"summary_large_image\" \/>\n<meta name=\"twitter:label1\" content=\"Escrito por\" \/>\n\t<meta name=\"twitter:data1\" content=\"Paulo Custodio\" \/>\n\t<meta name=\"twitter:label2\" content=\"Est. tempo de leitura\" \/>\n\t<meta name=\"twitter:data2\" content=\"6 minutos\" \/>\n<!-- \/ Yoast SEO plugin. -->","yoast_head_json":{"title":"A polui\u00e7\u00e3o pode afetar seu cabelo e pele e voc\u00ea nem sabia! Veja como isso pode te afetar - Correio Braziliense - Radar","description":"A polui\u00e7\u00e3o pode estar danificando seu cabelo e pele sem que voc\u00ea perceba! Descubra como isso te afeta e o que fazer para se proteger!","robots":{"index":"index","follow":"follow","max-snippet":"max-snippet:-1","max-image-preview":"max-image-preview:large","max-video-preview":"max-video-preview:-1"},"canonical":"https:\/\/www.correiobraziliense.com.br\/cbradar\/a-poluicao-pode-afetar-seu-cabelo-e-pele-e-voce-nem-sabia-veja-como-isso-pode-te-afetar\/","og_locale":"pt_BR","og_type":"article","og_title":"A polui\u00e7\u00e3o pode afetar seu cabelo e pele e voc\u00ea nem sabia! Veja como isso pode te afetar - Correio Braziliense - Radar","og_description":"A polui\u00e7\u00e3o pode estar danificando seu cabelo e pele sem que voc\u00ea perceba! Descubra como isso te afeta e o que fazer para se proteger!","og_url":"https:\/\/www.correiobraziliense.com.br\/cbradar\/a-poluicao-pode-afetar-seu-cabelo-e-pele-e-voce-nem-sabia-veja-como-isso-pode-te-afetar\/","og_site_name":"Correio Braziliense - Radar","article_published_time":"2025-03-20T14:23:00+00:00","og_image":[{"width":1280,"height":720,"url":"https:\/\/www.correiobraziliense.com.br\/cbradar\/wp-content\/uploads\/2025\/03\/poluicao_1742389555531.jpg","type":"image\/jpeg"}],"author":"Paulo Custodio","twitter_card":"summary_large_image","twitter_misc":{"Escrito por":"Paulo Custodio","Est. tempo de leitura":"6 minutos"},"schema":{"@context":"https:\/\/schema.org","@graph":[{"@type":"WebPage","@id":"https:\/\/www.correiobraziliense.com.br\/cbradar\/a-poluicao-pode-afetar-seu-cabelo-e-pele-e-voce-nem-sabia-veja-como-isso-pode-te-afetar\/","url":"https:\/\/www.correiobraziliense.com.br\/cbradar\/a-poluicao-pode-afetar-seu-cabelo-e-pele-e-voce-nem-sabia-veja-como-isso-pode-te-afetar\/","name":"A polui\u00e7\u00e3o pode afetar seu cabelo e pele e voc\u00ea nem sabia! Veja como isso pode te afetar - Correio Braziliense - Radar","isPartOf":{"@id":"https:\/\/www.correiobraziliense.com.br\/cbradar\/#website"},"primaryImageOfPage":{"@id":"https:\/\/www.correiobraziliense.com.br\/cbradar\/a-poluicao-pode-afetar-seu-cabelo-e-pele-e-voce-nem-sabia-veja-como-isso-pode-te-afetar\/#primaryimage"},"image":{"@id":"https:\/\/www.correiobraziliense.com.br\/cbradar\/a-poluicao-pode-afetar-seu-cabelo-e-pele-e-voce-nem-sabia-veja-como-isso-pode-te-afetar\/#primaryimage"},"thumbnailUrl":"https:\/\/www.correiobraziliense.com.br\/cbradar\/wp-content\/uploads\/2025\/03\/poluicao_1742389555531.jpg","datePublished":"2025-03-20T14:23:00+00:00","author":{"@id":"https:\/\/www.correiobraziliense.com.br\/cbradar\/#\/schema\/person\/4cec7857301a9a1a2ef249893cd908d3"},"description":"A polui\u00e7\u00e3o pode estar danificando seu cabelo e pele sem que voc\u00ea perceba! Descubra como isso te afeta e o que fazer para se proteger!","breadcrumb":{"@id":"https:\/\/www.correiobraziliense.com.br\/cbradar\/a-poluicao-pode-afetar-seu-cabelo-e-pele-e-voce-nem-sabia-veja-como-isso-pode-te-afetar\/#breadcrumb"},"inLanguage":"pt-BR","potentialAction":[{"@type":"ReadAction","target":["https:\/\/www.correiobraziliense.com.br\/cbradar\/a-poluicao-pode-afetar-seu-cabelo-e-pele-e-voce-nem-sabia-veja-como-isso-pode-te-afetar\/"]}]},{"@type":"ImageObject","inLanguage":"pt-BR","@id":"https:\/\/www.correiobraziliense.com.br\/cbradar\/a-poluicao-pode-afetar-seu-cabelo-e-pele-e-voce-nem-sabia-veja-como-isso-pode-te-afetar\/#primaryimage","url":"https:\/\/www.correiobraziliense.com.br\/cbradar\/wp-content\/uploads\/2025\/03\/poluicao_1742389555531.jpg","contentUrl":"https:\/\/www.correiobraziliense.com.br\/cbradar\/wp-content\/uploads\/2025\/03\/poluicao_1742389555531.jpg","width":1280,"height":720,"caption":"Polui\u00e7\u00e3o - Cr\u00e9ditos: depositphotos.com \/ kamilpetran"},{"@type":"BreadcrumbList","@id":"https:\/\/www.correiobraziliense.com.br\/cbradar\/a-poluicao-pode-afetar-seu-cabelo-e-pele-e-voce-nem-sabia-veja-como-isso-pode-te-afetar\/#breadcrumb","itemListElement":[{"@type":"ListItem","position":1,"name":"In\u00edcio","item":"https:\/\/www.correiobraziliense.com.br\/cbradar\/"},{"@type":"ListItem","position":2,"name":"A polui\u00e7\u00e3o pode afetar seu cabelo e pele e voc\u00ea nem sabia! Veja como isso pode te afetar"}]},{"@type":"WebSite","@id":"https:\/\/www.correiobraziliense.com.br\/cbradar\/#website","url":"https:\/\/www.correiobraziliense.com.br\/cbradar\/","name":"Correio Braziliense - Radar","description":"Acompanhe as \u00faltimas not\u00edcias e fique bem informado sobre tudo o que acontece no Brasil e no mundo.","potentialAction":[{"@type":"SearchAction","target":{"@type":"EntryPoint","urlTemplate":"https:\/\/www.correiobraziliense.com.br\/cbradar\/?s={search_term_string}"},"query-input":{"@type":"PropertyValueSpecification","valueRequired":true,"valueName":"search_term_string"}}],"inLanguage":"pt-BR"},{"@type":"Person","@id":"https:\/\/www.correiobraziliense.com.br\/cbradar\/#\/schema\/person\/4cec7857301a9a1a2ef249893cd908d3","name":"Paulo Custodio","image":{"@type":"ImageObject","inLanguage":"pt-BR","@id":"https:\/\/www.correiobraziliense.com.br\/cbradar\/#\/schema\/person\/image\/","url":"https:\/\/secure.gravatar.com\/avatar\/bcd67168d1534e8fcf4f45c726a87cea?s=96&d=mm&r=g","contentUrl":"https:\/\/secure.gravatar.com\/avatar\/bcd67168d1534e8fcf4f45c726a87cea?s=96&d=mm&r=g","caption":"Paulo Custodio"},"sameAs":["https:\/\/www.correiobraziliense.com.br\/cbradar"],"url":"https:\/\/www.correiobraziliense.com.br\/cbradar\/author\/paulomyth\/"}]}},"_links":{"self":[{"href":"https:\/\/www.correiobraziliense.com.br\/cbradar\/wp-json\/wp\/v2\/posts\/13788","targetHints":{"allow":["GET"]}}],"collection":[{"href":"https:\/\/www.correiobraziliense.com.br\/cbradar\/wp-json\/wp\/v2\/posts"}],"about":[{"href":"https:\/\/www.correiobraziliense.com.br\/cbradar\/wp-json\/wp\/v2\/types\/post"}],"author":[{"embeddable":true,"href":"https:\/\/www.correiobraziliense.com.br\/cbradar\/wp-json\/wp\/v2\/users\/11"}],"replies":[{"embeddable":true,"href":"https:\/\/www.correiobraziliense.com.br\/cbradar\/wp-json\/wp\/v2\/comments?post=13788"}],"version-history":[{"count":2,"href":"https:\/\/www.correiobraziliense.com.br\/cbradar\/wp-json\/wp\/v2\/posts\/13788\/revisions"}],"predecessor-version":[{"id":13840,"href":"https:\/\/www.correiobraziliense.com.br\/cbradar\/wp-json\/wp\/v2\/posts\/13788\/revisions\/13840"}],"wp:featuredmedia":[{"embeddable":true,"href":"https:\/\/www.correiobraziliense.com.br\/cbradar\/wp-json\/wp\/v2\/media\/13837"}],"wp:attachment":[{"href":"https:\/\/www.correiobraziliense.com.br\/cbradar\/wp-json\/wp\/v2\/media?parent=13788"}],"wp:term":[{"taxonomy":"category","embeddable":true,"href":"https:\/\/www.correiobraziliense.com.br\/cbradar\/wp-json\/wp\/v2\/categories?post=13788"},{"taxonomy":"post_tag","embeddable":true,"href":"https:\/\/www.correiobraziliense.com.br\/cbradar\/wp-json\/wp\/v2\/post_tag?post=13788"}],"curies":[{"name":"wp","href":"https:\/\/api.w.org\/{rel}","templated":true}]}}