{"id":137940,"date":"2025-11-16T20:55:00","date_gmt":"2025-11-16T23:55:00","guid":{"rendered":"https:\/\/www.correiobraziliense.com.br\/cbradar\/?p=137940"},"modified":"2025-11-15T15:03:37","modified_gmt":"2025-11-15T18:03:37","slug":"3-melhores-alimentos-para-incluir-na-dieta-para-o-emagrecimento","status":"publish","type":"post","link":"https:\/\/www.correiobraziliense.com.br\/cbradar\/3-melhores-alimentos-para-incluir-na-dieta-para-o-emagrecimento\/","title":{"rendered":"3 melhores alimentos para incluir na dieta para o emagrecimento"},"content":{"rendered":"\n<p>O emagrecimento depende de um d\u00e9ficit cal\u00f3rico sustent\u00e1vel. Os alimentos &#8220;aliados&#8221; n\u00e3o s\u00e3o m\u00e1gicos, mas sim ferramentas que facilitam esse d\u00e9ficit, pois promovem alta saciedade (sensa\u00e7\u00e3o de plenitude) e possuem baixa densidade energ\u00e9tica, ajudando a controlar a fome com menos calorias.<\/p>\n\n\n\n<h2 class=\"wp-block-heading\">Alimentos que ajudam a controlar a fome e facilitam o emagrecimento<\/h2>\n\n\n\n<p>O emagrecimento sustent\u00e1vel depende do d\u00e9ficit cal\u00f3rico, e certos alimentos ajudam a manter a saciedade com menos calorias. Veja a seguir os principais aliados:<\/p>\n\n\n\n<ul class=\"wp-block-list\">\n<li><strong>Ovos:<\/strong> Prote\u00edna de alta qualidade que reduz a fome, estabiliza a energia e evita picos de insulina.<\/li>\n\n\n\n<li><strong>Aveia:<\/strong> Rica em fibra sol\u00favel (beta-glucana) que retarda o esvaziamento g\u00e1strico e prolonga a sensa\u00e7\u00e3o de plenitude.<\/li>\n\n\n\n<li><strong>Vegetais folhosos:<\/strong> Alto volume e baix\u00edssima densidade cal\u00f3rica, ativando a saciedade mec\u00e2nica e permitindo comer mais sem exagerar nas calorias.<\/li>\n<\/ul>\n\n\n\n<p>Leia tamb\u00e9m: <a href=\"https:\/\/www.correiobraziliense.com.br\/cbradar\/sinais-que-seu-corpo-apresenta-que-esta-faltando-calcio-na-sua-dieta\" target=\"_blank\" rel=\"noreferrer noopener\">Sinais que seu corpo apresenta que est\u00e1 faltando c\u00e1lcio na sua dieta<\/a><\/p>\n\n\n\n<h2 class=\"wp-block-heading\">Os ovos s\u00e3o a melhor fonte de prote\u00edna para a saciedade?<\/h2>\n\n\n\n<p>Sim, a prote\u00edna \u00e9 o macronutriente com maior poder de saciedade. Come\u00e7ar o dia com ovos (ricos em prote\u00edna de alta qualidade) ajuda a reduzir a ingest\u00e3o cal\u00f3rica nas refei\u00e7\u00f5es seguintes, pois diminui a grelina (horm\u00f4nio da fome).<\/p>\n\n\n\n<p>Eles fornecem energia est\u00e1vel sem causar os picos de insulina (associados ao armazenamento de gordura) que os carboidratos refinados do caf\u00e9 da manh\u00e3 (p\u00e3es) costumam causar, mantendo o apetite controlado por mais tempo.<\/p>\n\n\n\n<p>No v\u00eddeo a seguir, o <strong>Nutricionista Matheus D&#8217;Avila<\/strong> explica os benef\u00edcios dos ovos:<\/p>\n\n\n\n<blockquote class=\"tiktok-embed\" cite=\"https:\/\/www.tiktok.com\/@matheusdavilanutri\/video\/7510256218938559800\" data-video-id=\"7510256218938559800\" style=\"max-width: 605px;min-width: 325px;\" > <section> <a target=\"_blank\" title=\"@matheusdavilanutri\" href=\"https:\/\/www.tiktok.com\/@matheusdavilanutri?refer=embed\">@matheusdavilanutri<\/a> O que acontece se comer Ovos todos os dias <a title=\"dieta\" target=\"_blank\" href=\"https:\/\/www.tiktok.com\/tag\/dieta?refer=embed\">#dieta<\/a> <a title=\"emagrecimento\" target=\"_blank\" href=\"https:\/\/www.tiktok.com\/tag\/emagrecimento?refer=embed\">#emagrecimento<\/a> <a title=\"hipertrofia\" target=\"_blank\" href=\"https:\/\/www.tiktok.com\/tag\/hipertrofia?refer=embed\">#hipertrofia<\/a> <a title=\"saude\" target=\"_blank\" href=\"https:\/\/www.tiktok.com\/tag\/saude?refer=embed\">#saude<\/a> <a target=\"_blank\" title=\"\u266c som original - Matheus D\u2019Avila | Nutri\" href=\"https:\/\/www.tiktok.com\/music\/som-original-7510256206247676728?refer=embed\">\u266c som original &#8211; Matheus D\u2019Avila | Nutri<\/a> <\/section> <\/blockquote> <script async src=\"https:\/\/www.tiktok.com\/embed.js\"><\/script>\n\n\n\n<h2 class=\"wp-block-heading\">Como a aveia (fibra sol\u00favel) controla o apetite?<\/h2>\n\n\n\n<p>A aveia \u00e9 rica em <strong>beta-glucana<\/strong>, um tipo de fibra sol\u00favel que forma um gel viscoso no est\u00f4mago. Esse gel retarda o esvaziamento g\u00e1strico, prolongando a sensa\u00e7\u00e3o de plenitude por horas.<\/p>\n\n\n\n<p>Esse processo &#8220;achata&#8221; a curva de glicose no sangue, <a href=\"https:\/\/www.hsph.harvard.edu\/nutritionsource\/food-features\/oats\/\" target=\"_blank\" rel=\"noreferrer noopener\">evitando os &#8220;crashes&#8221; de energia (<strong>Harvard Health<\/strong>)<\/a> que geram desejos por doces e carboidratos, facilitando a manuten\u00e7\u00e3o da dieta.<\/p>\n\n\n\n<p>Leia tamb\u00e9m: <a href=\"https:\/\/www.correiobraziliense.com.br\/cbradar\/consumir-esse-nutriente-com-frequencia-pode-ter-impacto-direto-no-seu-emagrecimento\" target=\"_blank\" rel=\"noreferrer noopener\">Consumir esse nutriente com frequ\u00eancia pode ter impacto direto no seu emagrecimento<\/a><\/p>\n\n\n\n<h2 class=\"wp-block-heading\">Por que os vegetais folhosos (volume) s\u00e3o essenciais?<\/h2>\n\n\n\n<p>Vegetais como espinafre, r\u00facula e alface possuem alt\u00edssima densidade nutricional e baix\u00edssima densidade cal\u00f3rica (muito volume, poucas calorias). Eles &#8220;enchem&#8221; o est\u00f4mago, ativando os receptores de saciedade mec\u00e2nica.<\/p>\n\n\n\n<p>Essa estrat\u00e9gia de &#8220;volume&#8221; \u00e9 a melhor forma de se sentir satisfeito comendo menos calorias. A <a href=\"https:\/\/www.who.int\/news-room\/fact-sheets\/detail\/healthy-diet\" target=\"_blank\" rel=\"noreferrer noopener\"><strong>Organiza\u00e7\u00e3o Mundial da Sa\u00fade (OMS)<\/strong><\/a> recomenda o consumo di\u00e1rio de vegetais. Para otimizar a perda de peso, foque em us\u00e1-los como base:<\/p>\n\n\n\n<ul class=\"wp-block-list\">\n<li>Comece o almo\u00e7o\/jantar com uma <strong>salada grande<\/strong> (para &#8220;forrar&#8221; o est\u00f4mago).<\/li>\n\n\n\n<li>Adicione <strong>espinafre<\/strong> em vitaminas (smoothies) ou ovos mexidos.<\/li>\n\n\n\n<li>Use <strong>folhas grandes<\/strong> (alface romana, couve) como &#8220;wraps&#8221; no lugar do p\u00e3o.<\/li>\n\n\n\n<li>Refogue um grande volume de <strong>couve<\/strong> ou acelga (eles diminuem), que adiciona fibra e volume \u00e0 prote\u00edna.<\/li>\n<\/ul>\n\n\n\n<figure class=\"wp-block-image aligncenter size-large\"><img decoding=\"async\" width=\"1024\" height=\"576\" src=\"https:\/\/www.correiobraziliense.com.br\/cbradar\/wp-content\/uploads\/2025\/11\/salada_1763228956761-1024x576.jpg\" alt=\"\" class=\"wp-image-137946\" srcset=\"https:\/\/www.correiobraziliense.com.br\/cbradar\/wp-content\/uploads\/2025\/11\/salada_1763228956761-1024x576.jpg 1024w, https:\/\/www.correiobraziliense.com.br\/cbradar\/wp-content\/uploads\/2025\/11\/salada_1763228956761-300x169.jpg 300w, https:\/\/www.correiobraziliense.com.br\/cbradar\/wp-content\/uploads\/2025\/11\/salada_1763228956761-768x432.jpg 768w, https:\/\/www.correiobraziliense.com.br\/cbradar\/wp-content\/uploads\/2025\/11\/salada_1763228956761-750x422.jpg 750w, https:\/\/www.correiobraziliense.com.br\/cbradar\/wp-content\/uploads\/2025\/11\/salada_1763228956761-1140x641.jpg 1140w, https:\/\/www.correiobraziliense.com.br\/cbradar\/wp-content\/uploads\/2025\/11\/salada_1763228956761.jpg 1280w\" sizes=\"(max-width: 1024px) 100vw, 1024px\" \/><figcaption class=\"wp-element-caption\">Tr\u00eas alimentos que podem ser incorporados \u00e0 dieta para favorecer o processo de emagrecimento &#8211; Cr\u00e9ditos: depositphotos.com \/ ArturVerkhovetskiy\n<\/figcaption><\/figure>\n\n\n\n<h2 class=\"wp-block-heading\">Os 3 pilares da saciedade (e como eles &#8220;desligam&#8221; a fome)<\/h2>\n\n\n\n<p>Os alimentos &#8220;aliados&#8221; n\u00e3o s\u00e3o m\u00e1gicos; eles apenas usam mecanismos diferentes para sinalizar ao c\u00e9rebro que voc\u00ea est\u00e1 satisfeito. A melhor estrat\u00e9gia de emagrecimento \u00e9 combinar, ao longo do dia, os tr\u00eas tipos de saciedade que ajudam a controlar a fome:<\/p>\n\n\n\n<ol start=\"1\" class=\"wp-block-list\">\n<li><strong>A Saciedade Hormonal (Prote\u00edna):<\/strong> \u00c9 o trabalho dos <strong>ovos<\/strong>. A prote\u00edna de alta qualidade reduz ativamente o <strong>horm\u00f4nio da fome (grelina)<\/strong> e estabiliza a insulina, controlando o apetite por horas.<\/li>\n\n\n\n<li><strong>A Saciedade Viscosa (Fibra Sol\u00favel):<\/strong> \u00c9 o trabalho da <strong>aveia<\/strong>. A fibra beta-glucana se transforma em um <strong>gel<\/strong> que retarda o esvaziamento do est\u00f4mago. A sensa\u00e7\u00e3o de &#8220;est\u00f4mago cheio&#8221; dura muito mais.<\/li>\n\n\n\n<li><strong>A Saciedade Mec\u00e2nica (Volume):<\/strong> \u00c9 o trabalho dos <strong>vegetais folhosos<\/strong> (espinafre, alface). Eles t\u00eam baixa caloria, mas ocupam <strong>espa\u00e7o f\u00edsico<\/strong>, &#8220;enchendo&#8221; o est\u00f4mago e sinalizando ao c\u00e9rebro (por press\u00e3o) que a refei\u00e7\u00e3o terminou.<\/li>\n<\/ol>\n","protected":false},"excerpt":{"rendered":"<p>O emagrecimento depende de um d\u00e9ficit cal\u00f3rico sustent\u00e1vel. Os alimentos &#8220;aliados&#8221; n\u00e3o s\u00e3o m\u00e1gicos, mas sim ferramentas que facilitam esse d\u00e9ficit, pois promovem alta saciedade (sensa\u00e7\u00e3o de plenitude) e possuem baixa densidade energ\u00e9tica, ajudando a controlar a fome com menos calorias. Alimentos que ajudam a controlar a fome e facilitam o emagrecimento O emagrecimento sustent\u00e1vel [&hellip;]<\/p>\n","protected":false},"author":11,"featured_media":137950,"comment_status":"open","ping_status":"open","sticky":false,"template":"","format":"standard","meta":{"_yoast_wpseo_focuskw":"alimentos emagrecimento","_yoast_wpseo_title":"","_yoast_wpseo_metadesc":"Tr\u00eas alimentos estrat\u00e9gicos podem potencializar a dieta para emagrecimento promovendo saciedade e suporte natural ao metabolismo di\u00e1rio","jnews-multi-image_gallery":[],"jnews_single_post":{"format":"standard"},"jnews_primary_category":[],"jnews_social_meta":[],"jnews_override_counter":[],"footnotes":""},"categories":[119],"tags":[1423,367,1318],"class_list":["post-137940","post","type-post","status-publish","format-standard","has-post-thumbnail","hentry","category-bem-estar","tag-alimentos","tag-emagrecimento","tag-saude-2"],"yoast_head":"<!-- This site is optimized with the Yoast SEO plugin v24.6 - https:\/\/yoast.com\/wordpress\/plugins\/seo\/ -->\n<title>3 melhores alimentos para incluir na dieta para o emagrecimento - Correio Braziliense - Radar<\/title>\n<meta name=\"description\" content=\"Tr\u00eas alimentos estrat\u00e9gicos podem potencializar a dieta para emagrecimento promovendo saciedade e suporte natural ao metabolismo di\u00e1rio\" \/>\n<meta name=\"robots\" content=\"index, follow, max-snippet:-1, max-image-preview:large, max-video-preview:-1\" \/>\n<link rel=\"canonical\" href=\"https:\/\/www.correiobraziliense.com.br\/cbradar\/3-melhores-alimentos-para-incluir-na-dieta-para-o-emagrecimento\/\" \/>\n<meta property=\"og:locale\" content=\"pt_BR\" \/>\n<meta property=\"og:type\" content=\"article\" \/>\n<meta property=\"og:title\" content=\"3 melhores alimentos para incluir na dieta para o emagrecimento - Correio Braziliense - Radar\" \/>\n<meta property=\"og:description\" content=\"Tr\u00eas alimentos estrat\u00e9gicos podem potencializar a dieta para emagrecimento promovendo saciedade e suporte natural ao metabolismo di\u00e1rio\" \/>\n<meta property=\"og:url\" content=\"https:\/\/www.correiobraziliense.com.br\/cbradar\/3-melhores-alimentos-para-incluir-na-dieta-para-o-emagrecimento\/\" \/>\n<meta property=\"og:site_name\" content=\"Correio Braziliense - Radar\" \/>\n<meta property=\"article:published_time\" content=\"2025-11-16T23:55:00+00:00\" \/>\n<meta property=\"og:image\" content=\"https:\/\/www.correiobraziliense.com.br\/cbradar\/wp-content\/uploads\/2025\/11\/mosaico_1763229053370.jpg\" \/>\n\t<meta property=\"og:image:width\" content=\"1280\" \/>\n\t<meta property=\"og:image:height\" content=\"720\" \/>\n\t<meta property=\"og:image:type\" content=\"image\/jpeg\" \/>\n<meta name=\"author\" content=\"Paulo Custodio\" \/>\n<meta name=\"twitter:card\" content=\"summary_large_image\" \/>\n<meta name=\"twitter:label1\" content=\"Escrito por\" \/>\n\t<meta name=\"twitter:data1\" content=\"Paulo Custodio\" \/>\n\t<meta name=\"twitter:label2\" content=\"Est. tempo de leitura\" \/>\n\t<meta name=\"twitter:data2\" content=\"4 minutos\" \/>\n<!-- \/ Yoast SEO plugin. -->","yoast_head_json":{"title":"3 melhores alimentos para incluir na dieta para o emagrecimento - Correio Braziliense - Radar","description":"Tr\u00eas alimentos estrat\u00e9gicos podem potencializar a dieta para emagrecimento promovendo saciedade e suporte natural ao metabolismo di\u00e1rio","robots":{"index":"index","follow":"follow","max-snippet":"max-snippet:-1","max-image-preview":"max-image-preview:large","max-video-preview":"max-video-preview:-1"},"canonical":"https:\/\/www.correiobraziliense.com.br\/cbradar\/3-melhores-alimentos-para-incluir-na-dieta-para-o-emagrecimento\/","og_locale":"pt_BR","og_type":"article","og_title":"3 melhores alimentos para incluir na dieta para o emagrecimento - Correio Braziliense - Radar","og_description":"Tr\u00eas alimentos estrat\u00e9gicos podem potencializar a dieta para emagrecimento promovendo saciedade e suporte natural ao metabolismo di\u00e1rio","og_url":"https:\/\/www.correiobraziliense.com.br\/cbradar\/3-melhores-alimentos-para-incluir-na-dieta-para-o-emagrecimento\/","og_site_name":"Correio Braziliense - Radar","article_published_time":"2025-11-16T23:55:00+00:00","og_image":[{"width":1280,"height":720,"url":"https:\/\/www.correiobraziliense.com.br\/cbradar\/wp-content\/uploads\/2025\/11\/mosaico_1763229053370.jpg","type":"image\/jpeg"}],"author":"Paulo Custodio","twitter_card":"summary_large_image","twitter_misc":{"Escrito por":"Paulo Custodio","Est. tempo de leitura":"4 minutos"},"schema":{"@context":"https:\/\/schema.org","@graph":[{"@type":"WebPage","@id":"https:\/\/www.correiobraziliense.com.br\/cbradar\/3-melhores-alimentos-para-incluir-na-dieta-para-o-emagrecimento\/","url":"https:\/\/www.correiobraziliense.com.br\/cbradar\/3-melhores-alimentos-para-incluir-na-dieta-para-o-emagrecimento\/","name":"3 melhores alimentos para incluir na dieta para o emagrecimento - Correio Braziliense - Radar","isPartOf":{"@id":"https:\/\/www.correiobraziliense.com.br\/cbradar\/#website"},"primaryImageOfPage":{"@id":"https:\/\/www.correiobraziliense.com.br\/cbradar\/3-melhores-alimentos-para-incluir-na-dieta-para-o-emagrecimento\/#primaryimage"},"image":{"@id":"https:\/\/www.correiobraziliense.com.br\/cbradar\/3-melhores-alimentos-para-incluir-na-dieta-para-o-emagrecimento\/#primaryimage"},"thumbnailUrl":"https:\/\/www.correiobraziliense.com.br\/cbradar\/wp-content\/uploads\/2025\/11\/mosaico_1763229053370.jpg","datePublished":"2025-11-16T23:55:00+00:00","author":{"@id":"https:\/\/www.correiobraziliense.com.br\/cbradar\/#\/schema\/person\/4cec7857301a9a1a2ef249893cd908d3"},"description":"Tr\u00eas alimentos estrat\u00e9gicos podem potencializar a dieta para emagrecimento promovendo saciedade e suporte natural ao metabolismo di\u00e1rio","breadcrumb":{"@id":"https:\/\/www.correiobraziliense.com.br\/cbradar\/3-melhores-alimentos-para-incluir-na-dieta-para-o-emagrecimento\/#breadcrumb"},"inLanguage":"pt-BR","potentialAction":[{"@type":"ReadAction","target":["https:\/\/www.correiobraziliense.com.br\/cbradar\/3-melhores-alimentos-para-incluir-na-dieta-para-o-emagrecimento\/"]}]},{"@type":"ImageObject","inLanguage":"pt-BR","@id":"https:\/\/www.correiobraziliense.com.br\/cbradar\/3-melhores-alimentos-para-incluir-na-dieta-para-o-emagrecimento\/#primaryimage","url":"https:\/\/www.correiobraziliense.com.br\/cbradar\/wp-content\/uploads\/2025\/11\/mosaico_1763229053370.jpg","contentUrl":"https:\/\/www.correiobraziliense.com.br\/cbradar\/wp-content\/uploads\/2025\/11\/mosaico_1763229053370.jpg","width":1280,"height":720,"caption":"Tr\u00eas alimentos que podem ser incorporados \u00e0 dieta para favorecer o processo de emagrecimento - Cr\u00e9ditos: depositphotos.com \/ BiancoBlue - Cr\u00e9ditos: depositphotos.com \/ VadimVasenin"},{"@type":"BreadcrumbList","@id":"https:\/\/www.correiobraziliense.com.br\/cbradar\/3-melhores-alimentos-para-incluir-na-dieta-para-o-emagrecimento\/#breadcrumb","itemListElement":[{"@type":"ListItem","position":1,"name":"In\u00edcio","item":"https:\/\/www.correiobraziliense.com.br\/cbradar\/"},{"@type":"ListItem","position":2,"name":"3 melhores alimentos para incluir na dieta para o emagrecimento"}]},{"@type":"WebSite","@id":"https:\/\/www.correiobraziliense.com.br\/cbradar\/#website","url":"https:\/\/www.correiobraziliense.com.br\/cbradar\/","name":"Correio Braziliense - Radar","description":"Acompanhe as \u00faltimas not\u00edcias e fique bem informado sobre tudo o que acontece no Brasil e no mundo.","potentialAction":[{"@type":"SearchAction","target":{"@type":"EntryPoint","urlTemplate":"https:\/\/www.correiobraziliense.com.br\/cbradar\/?s={search_term_string}"},"query-input":{"@type":"PropertyValueSpecification","valueRequired":true,"valueName":"search_term_string"}}],"inLanguage":"pt-BR"},{"@type":"Person","@id":"https:\/\/www.correiobraziliense.com.br\/cbradar\/#\/schema\/person\/4cec7857301a9a1a2ef249893cd908d3","name":"Paulo Custodio","image":{"@type":"ImageObject","inLanguage":"pt-BR","@id":"https:\/\/www.correiobraziliense.com.br\/cbradar\/#\/schema\/person\/image\/","url":"https:\/\/secure.gravatar.com\/avatar\/bcd67168d1534e8fcf4f45c726a87cea?s=96&d=mm&r=g","contentUrl":"https:\/\/secure.gravatar.com\/avatar\/bcd67168d1534e8fcf4f45c726a87cea?s=96&d=mm&r=g","caption":"Paulo Custodio"},"sameAs":["https:\/\/www.correiobraziliense.com.br\/cbradar"],"url":"https:\/\/www.correiobraziliense.com.br\/cbradar\/author\/paulomyth\/"}]}},"_links":{"self":[{"href":"https:\/\/www.correiobraziliense.com.br\/cbradar\/wp-json\/wp\/v2\/posts\/137940","targetHints":{"allow":["GET"]}}],"collection":[{"href":"https:\/\/www.correiobraziliense.com.br\/cbradar\/wp-json\/wp\/v2\/posts"}],"about":[{"href":"https:\/\/www.correiobraziliense.com.br\/cbradar\/wp-json\/wp\/v2\/types\/post"}],"author":[{"embeddable":true,"href":"https:\/\/www.correiobraziliense.com.br\/cbradar\/wp-json\/wp\/v2\/users\/11"}],"replies":[{"embeddable":true,"href":"https:\/\/www.correiobraziliense.com.br\/cbradar\/wp-json\/wp\/v2\/comments?post=137940"}],"version-history":[{"count":1,"href":"https:\/\/www.correiobraziliense.com.br\/cbradar\/wp-json\/wp\/v2\/posts\/137940\/revisions"}],"predecessor-version":[{"id":137951,"href":"https:\/\/www.correiobraziliense.com.br\/cbradar\/wp-json\/wp\/v2\/posts\/137940\/revisions\/137951"}],"wp:featuredmedia":[{"embeddable":true,"href":"https:\/\/www.correiobraziliense.com.br\/cbradar\/wp-json\/wp\/v2\/media\/137950"}],"wp:attachment":[{"href":"https:\/\/www.correiobraziliense.com.br\/cbradar\/wp-json\/wp\/v2\/media?parent=137940"}],"wp:term":[{"taxonomy":"category","embeddable":true,"href":"https:\/\/www.correiobraziliense.com.br\/cbradar\/wp-json\/wp\/v2\/categories?post=137940"},{"taxonomy":"post_tag","embeddable":true,"href":"https:\/\/www.correiobraziliense.com.br\/cbradar\/wp-json\/wp\/v2\/tags?post=137940"}],"curies":[{"name":"wp","href":"https:\/\/api.w.org\/{rel}","templated":true}]}}