{"id":137952,"date":"2025-11-16T22:55:00","date_gmt":"2025-11-17T01:55:00","guid":{"rendered":"https:\/\/www.correiobraziliense.com.br\/cbradar\/?p=137952"},"modified":"2025-11-15T15:02:45","modified_gmt":"2025-11-15T18:02:45","slug":"o-que-vai-mudar-na-sua-vida-se-voce-andar-pelo-menos-7-mil-passos-por-30-dias","status":"publish","type":"post","link":"https:\/\/www.correiobraziliense.com.br\/cbradar\/o-que-vai-mudar-na-sua-vida-se-voce-andar-pelo-menos-7-mil-passos-por-30-dias\/","title":{"rendered":"O que vai mudar na sua vida se voc\u00ea andar pelo menos 7 mil passos por 30 dias?"},"content":{"rendered":"\n<p>Adotar o h\u00e1bito de caminhar 7.000 passos por dia, e mant\u00ea-lo por 30 dias, \u00e9 o suficiente para iniciar uma transforma\u00e7\u00e3o f\u00edsica e mental. Este alvo, que se revelou um &#8220;ponto ideal&#8221; para a sa\u00fade, \u00e9 a primeira etapa para sair do sedentarismo, regular o metabolismo e melhorar significativamente seu humor e disposi\u00e7\u00e3o.<\/p>\n\n\n\n<h2 class=\"wp-block-heading\">Por que 7 mil passos s\u00e3o um alvo t\u00e3o eficaz?<\/h2>\n\n\n\n<p>Estudos recentes, como um <a href=\"https:\/\/www.thelancet.com\/journals\/lanpub\/home\" target=\"_blank\" rel=\"noreferrer noopener\">publicado no <em><strong>The Lancet Public Health<\/strong><\/em><\/a>, mostram que 7.000 passos di\u00e1rios (em vez dos intimidantes 10.000) j\u00e1 est\u00e3o associados a uma dr\u00e1stica redu\u00e7\u00e3o no risco de mortalidade e doen\u00e7as cr\u00f4nicas, como dem\u00eancia e problemas card\u00edacos.<\/p>\n\n\n\n<p>Em 30 dias, voc\u00ea n\u00e3o apenas colhe os benef\u00edcios fisiol\u00f3gicos, mas, o mais importante, estabelece a <strong>consist\u00eancia<\/strong>. Voc\u00ea treina seu c\u00e9rebro para criar um novo h\u00e1bito de movimento, que \u00e9 a base para a sa\u00fade a longo prazo.<\/p>\n\n\n<div class=\"wp-block-image\">\n<figure class=\"aligncenter size-large\"><img decoding=\"async\" width=\"1024\" height=\"576\" src=\"https:\/\/www.correiobraziliense.com.br\/cbradar\/wp-content\/uploads\/2025\/09\/caminhar-_1758283558108-1024x576.jpg\" alt=\"Estudo explica como andar dessa forma pode evitar dores na coluna\" class=\"wp-image-106177\" srcset=\"https:\/\/www.correiobraziliense.com.br\/cbradar\/wp-content\/uploads\/2025\/09\/caminhar-_1758283558108-1024x576.jpg 1024w, https:\/\/www.correiobraziliense.com.br\/cbradar\/wp-content\/uploads\/2025\/09\/caminhar-_1758283558108-300x169.jpg 300w, https:\/\/www.correiobraziliense.com.br\/cbradar\/wp-content\/uploads\/2025\/09\/caminhar-_1758283558108-768x432.jpg 768w, https:\/\/www.correiobraziliense.com.br\/cbradar\/wp-content\/uploads\/2025\/09\/caminhar-_1758283558108-750x422.jpg 750w, https:\/\/www.correiobraziliense.com.br\/cbradar\/wp-content\/uploads\/2025\/09\/caminhar-_1758283558108-1140x641.jpg 1140w, https:\/\/www.correiobraziliense.com.br\/cbradar\/wp-content\/uploads\/2025\/09\/caminhar-_1758283558108.jpg 1280w\" sizes=\"(max-width: 1024px) 100vw, 1024px\" \/><figcaption class=\"wp-element-caption\">Benef\u00edcios de caminhar sete mil passos di\u00e1rios por trinta dias sobre a sa\u00fade e bem-estar &#8211; Cr\u00e9ditos: depositphotos.com \/ VitalikRadko<\/figcaption><\/figure><\/div>\n\n\n<h2 class=\"wp-block-heading\">Qual o impacto imediato na energia e no metabolismo?<\/h2>\n\n\n\n<p>A mudan\u00e7a mais r\u00e1pida ocorre no metabolismo da glicose. A caminhada (especialmente ap\u00f3s as refei\u00e7\u00f5es) ajuda a &#8220;limpar&#8221; o excesso de a\u00e7\u00facar do sangue, melhorando a <strong>sensibilidade \u00e0 insulina<\/strong>.<\/p>\n\n\n\n<p>Ap\u00f3s 30 dias de consist\u00eancia, o corpo se torna mais eficiente em gerenciar a energia. Isso resulta em menos &#8220;picos&#8221; e &#8220;quedas&#8221; de glicose, o que se traduz em n\u00edveis de energia muito mais est\u00e1veis e menos &#8220;n\u00e9voa mental&#8221; ao longo do dia.<\/p>\n\n\n\n<p>Leia tamb\u00e9m: <a href=\"https:\/\/www.correiobraziliense.com.br\/cbradar\/consumir-esse-nutriente-com-frequencia-pode-ter-impacto-direto-no-seu-emagrecimento\" target=\"_blank\" rel=\"noreferrer noopener\">Consumir esse nutriente com frequ\u00eancia pode ter impacto direto no seu emagrecimento<\/a><\/p>\n\n\n\n<h2 class=\"wp-block-heading\">O que acontece com o humor e o estresse em 30 dias?<\/h2>\n\n\n\n<p>A caminhada \u00e9 uma &#8220;medita\u00e7\u00e3o em movimento&#8221;. Ela libera <strong>endorfinas<\/strong> (neurotransmissores do bem-estar) e ajuda a metabolizar o <strong>cortisol<\/strong> (horm\u00f4nio do estresse), aliviando a tens\u00e3o mental e muscular.<\/p>\n\n\n\n<p>Ao final de 30 dias, essa pr\u00e1tica di\u00e1ria ajuda a &#8220;resetar&#8221; a linha de base do seu sistema nervoso. Voc\u00ea provavelmente se sentir\u00e1 menos reativo, com menos &#8220;pavio curto&#8221; e uma sensa\u00e7\u00e3o geral de calma e clareza mental.<\/p>\n\n\n\n<figure class=\"wp-block-image aligncenter size-large\"><img decoding=\"async\" width=\"1024\" height=\"576\" src=\"https:\/\/www.correiobraziliense.com.br\/cbradar\/wp-content\/uploads\/2025\/11\/mosaico_1763229562929-1024x576.jpg\" alt=\"O que vai mudar na sua vida se voc\u00ea andar pelo menos 7 mil passos por 30 dias?\" class=\"wp-image-137955\" srcset=\"https:\/\/www.correiobraziliense.com.br\/cbradar\/wp-content\/uploads\/2025\/11\/mosaico_1763229562929-1024x576.jpg 1024w, https:\/\/www.correiobraziliense.com.br\/cbradar\/wp-content\/uploads\/2025\/11\/mosaico_1763229562929-300x169.jpg 300w, https:\/\/www.correiobraziliense.com.br\/cbradar\/wp-content\/uploads\/2025\/11\/mosaico_1763229562929-768x432.jpg 768w, https:\/\/www.correiobraziliense.com.br\/cbradar\/wp-content\/uploads\/2025\/11\/mosaico_1763229562929-750x422.jpg 750w, https:\/\/www.correiobraziliense.com.br\/cbradar\/wp-content\/uploads\/2025\/11\/mosaico_1763229562929-1140x641.jpg 1140w, https:\/\/www.correiobraziliense.com.br\/cbradar\/wp-content\/uploads\/2025\/11\/mosaico_1763229562929.jpg 1280w\" sizes=\"(max-width: 1024px) 100vw, 1024px\" \/><figcaption class=\"wp-element-caption\">Benef\u00edcios de caminhar sete mil passos di\u00e1rios por trinta dias sobre a sa\u00fade e bem-estar &#8211; Cr\u00e9ditos: depositphotos.com \/ AndrewLozovyi &#8211; Cr\u00e9ditos: depositphotos.com \/ kjekol\n<\/figcaption><\/figure>\n\n\n\n<h2 class=\"wp-block-heading\">A consist\u00eancia de 30 dias pode melhorar a sa\u00fade do cora\u00e7\u00e3o?<\/h2>\n\n\n\n<p>Sim. A caminhada \u00e9 um exerc\u00edcio cardiovascular que fortalece o m\u00fasculo card\u00edaco. A<strong> <a href=\"https:\/\/www.heart.org\/en\/healthy-living\/fitness\/walking\" target=\"_blank\" rel=\"noreferrer noopener\">American Heart Association (AHA)<\/a><\/strong> endossa a caminhada como fundamental para a sa\u00fade cardiovascular.<\/p>\n\n\n\n<p>Em apenas 30 dias, o movimento regular ativa a &#8220;bomba muscular da panturrilha&#8221;, melhorando a circula\u00e7\u00e3o (retorno venoso). Isso ajuda a reduzir o incha\u00e7o nas pernas e pode levar a redu\u00e7\u00f5es mensur\u00e1veis na <strong>press\u00e3o arterial<\/strong> em repouso.<\/p>\n\n\n\n<p>Leia tamb\u00e9m: <a href=\"https:\/\/www.correiobraziliense.com.br\/cbradar\/sinais-que-seu-corpo-apresenta-que-esta-faltando-calcio-na-sua-dieta\" target=\"_blank\" rel=\"noreferrer noopener\">Sinais que seu corpo apresenta que est\u00e1 faltando c\u00e1lcio na sua dieta<\/a><\/p>\n\n\n\n<h2 class=\"wp-block-heading\">Quais mudan\u00e7as esperar ap\u00f3s 30 dias desse novo h\u00e1bito?<\/h2>\n\n\n\n<p>O impacto mais profundo de 30 dias de consist\u00eancia \u00e9 a <strong>autoefic\u00e1cia<\/strong> (autodisciplina). Voc\u00ea prova a si mesmo que \u00e9 capaz de manter um h\u00e1bito saud\u00e1vel, o que gera motiva\u00e7\u00e3o.<\/p>\n\n\n\n<p>Fisicamente, a mudan\u00e7a de &#8220;sedent\u00e1rio&#8221; para &#8220;ativo&#8221; traz benef\u00edcios r\u00e1pidos. Para garantir que esses benef\u00edcios se solidifiquem, o foco deve ser na consist\u00eancia (a frequ\u00eancia), e n\u00e3o apenas na velocidade. As principais mudan\u00e7as observadas incluem:<\/p>\n\n\n\n<ul class=\"wp-block-list\">\n<li>Melhora na <strong>disposi\u00e7\u00e3o<\/strong> geral (energia est\u00e1vel).<\/li>\n\n\n\n<li>Redu\u00e7\u00e3o da <strong>rigidez<\/strong> muscular e articular (especialmente na lombar).<\/li>\n\n\n\n<li>Melhora na <strong>qualidade do sono<\/strong> (devido ao gasto de energia e regula\u00e7\u00e3o do cortisol).<\/li>\n\n\n\n<li>Melhora da <strong>sa\u00fade intestinal<\/strong> (movimento estimula o peristaltismo).<\/li>\n<\/ul>\n","protected":false},"excerpt":{"rendered":"<p>Adotar o h\u00e1bito de caminhar 7.000 passos por dia, e mant\u00ea-lo por 30 dias, \u00e9 o suficiente para iniciar uma transforma\u00e7\u00e3o f\u00edsica e mental. Este alvo, que se revelou um &#8220;ponto ideal&#8221; para a sa\u00fade, \u00e9 a primeira etapa para sair do sedentarismo, regular o metabolismo e melhorar significativamente seu humor e disposi\u00e7\u00e3o. Por que [&hellip;]<\/p>\n","protected":false},"author":11,"featured_media":137956,"comment_status":"open","ping_status":"open","sticky":false,"template":"","format":"standard","meta":{"_yoast_wpseo_focuskw":"andar 7 mil passos","_yoast_wpseo_title":"","_yoast_wpseo_metadesc":"Andar sete mil passos por dia durante trinta dias pode gerar mudan\u00e7as significativas no corpo e na disposi\u00e7\u00e3o melhorando o bem estar geral","jnews-multi-image_gallery":[],"jnews_single_post":{"format":"standard"},"jnews_primary_category":[],"jnews_social_meta":[],"jnews_override_counter":[],"footnotes":""},"categories":[119],"tags":[11675,784,1318],"class_list":["post-137952","post","type-post","status-publish","format-standard","has-post-thumbnail","hentry","category-bem-estar","tag-7-mil-passos","tag-rotina","tag-saude-2"],"yoast_head":"<!-- This site is optimized with the Yoast SEO plugin v24.6 - https:\/\/yoast.com\/wordpress\/plugins\/seo\/ -->\n<title>O que vai mudar na sua vida se voc\u00ea andar pelo menos 7 mil passos por 30 dias? - Correio Braziliense - Radar<\/title>\n<meta name=\"description\" content=\"Andar sete mil passos por dia durante trinta dias pode gerar mudan\u00e7as significativas no corpo e na disposi\u00e7\u00e3o melhorando o bem estar geral\" \/>\n<meta name=\"robots\" content=\"index, follow, max-snippet:-1, max-image-preview:large, max-video-preview:-1\" \/>\n<link rel=\"canonical\" href=\"https:\/\/www.correiobraziliense.com.br\/cbradar\/o-que-vai-mudar-na-sua-vida-se-voce-andar-pelo-menos-7-mil-passos-por-30-dias\/\" \/>\n<meta property=\"og:locale\" content=\"pt_BR\" \/>\n<meta property=\"og:type\" content=\"article\" \/>\n<meta property=\"og:title\" content=\"O que vai mudar na sua vida se voc\u00ea andar pelo menos 7 mil passos por 30 dias? - Correio Braziliense - Radar\" \/>\n<meta property=\"og:description\" content=\"Andar sete mil passos por dia durante trinta dias pode gerar mudan\u00e7as significativas no corpo e na disposi\u00e7\u00e3o melhorando o bem estar geral\" \/>\n<meta property=\"og:url\" content=\"https:\/\/www.correiobraziliense.com.br\/cbradar\/o-que-vai-mudar-na-sua-vida-se-voce-andar-pelo-menos-7-mil-passos-por-30-dias\/\" \/>\n<meta property=\"og:site_name\" content=\"Correio Braziliense - Radar\" \/>\n<meta property=\"article:published_time\" content=\"2025-11-17T01:55:00+00:00\" \/>\n<meta property=\"og:image\" content=\"https:\/\/www.correiobraziliense.com.br\/cbradar\/wp-content\/uploads\/2025\/11\/mosaico_1763229711566.jpg\" \/>\n\t<meta property=\"og:image:width\" content=\"1280\" \/>\n\t<meta property=\"og:image:height\" content=\"720\" \/>\n\t<meta property=\"og:image:type\" content=\"image\/jpeg\" \/>\n<meta name=\"author\" content=\"Paulo Custodio\" \/>\n<meta name=\"twitter:card\" content=\"summary_large_image\" \/>\n<meta name=\"twitter:label1\" content=\"Escrito por\" \/>\n\t<meta name=\"twitter:data1\" content=\"Paulo Custodio\" \/>\n\t<meta name=\"twitter:label2\" content=\"Est. tempo de leitura\" \/>\n\t<meta name=\"twitter:data2\" content=\"4 minutos\" \/>\n<!-- \/ Yoast SEO plugin. -->","yoast_head_json":{"title":"O que vai mudar na sua vida se voc\u00ea andar pelo menos 7 mil passos por 30 dias? - Correio Braziliense - Radar","description":"Andar sete mil passos por dia durante trinta dias pode gerar mudan\u00e7as significativas no corpo e na disposi\u00e7\u00e3o melhorando o bem estar geral","robots":{"index":"index","follow":"follow","max-snippet":"max-snippet:-1","max-image-preview":"max-image-preview:large","max-video-preview":"max-video-preview:-1"},"canonical":"https:\/\/www.correiobraziliense.com.br\/cbradar\/o-que-vai-mudar-na-sua-vida-se-voce-andar-pelo-menos-7-mil-passos-por-30-dias\/","og_locale":"pt_BR","og_type":"article","og_title":"O que vai mudar na sua vida se voc\u00ea andar pelo menos 7 mil passos por 30 dias? - Correio Braziliense - Radar","og_description":"Andar sete mil passos por dia durante trinta dias pode gerar mudan\u00e7as significativas no corpo e na disposi\u00e7\u00e3o melhorando o bem estar geral","og_url":"https:\/\/www.correiobraziliense.com.br\/cbradar\/o-que-vai-mudar-na-sua-vida-se-voce-andar-pelo-menos-7-mil-passos-por-30-dias\/","og_site_name":"Correio Braziliense - Radar","article_published_time":"2025-11-17T01:55:00+00:00","og_image":[{"width":1280,"height":720,"url":"https:\/\/www.correiobraziliense.com.br\/cbradar\/wp-content\/uploads\/2025\/11\/mosaico_1763229711566.jpg","type":"image\/jpeg"}],"author":"Paulo Custodio","twitter_card":"summary_large_image","twitter_misc":{"Escrito por":"Paulo Custodio","Est. tempo de leitura":"4 minutos"},"schema":{"@context":"https:\/\/schema.org","@graph":[{"@type":"WebPage","@id":"https:\/\/www.correiobraziliense.com.br\/cbradar\/o-que-vai-mudar-na-sua-vida-se-voce-andar-pelo-menos-7-mil-passos-por-30-dias\/","url":"https:\/\/www.correiobraziliense.com.br\/cbradar\/o-que-vai-mudar-na-sua-vida-se-voce-andar-pelo-menos-7-mil-passos-por-30-dias\/","name":"O que vai mudar na sua vida se voc\u00ea andar pelo menos 7 mil passos por 30 dias? - Correio Braziliense - Radar","isPartOf":{"@id":"https:\/\/www.correiobraziliense.com.br\/cbradar\/#website"},"primaryImageOfPage":{"@id":"https:\/\/www.correiobraziliense.com.br\/cbradar\/o-que-vai-mudar-na-sua-vida-se-voce-andar-pelo-menos-7-mil-passos-por-30-dias\/#primaryimage"},"image":{"@id":"https:\/\/www.correiobraziliense.com.br\/cbradar\/o-que-vai-mudar-na-sua-vida-se-voce-andar-pelo-menos-7-mil-passos-por-30-dias\/#primaryimage"},"thumbnailUrl":"https:\/\/www.correiobraziliense.com.br\/cbradar\/wp-content\/uploads\/2025\/11\/mosaico_1763229711566.jpg","datePublished":"2025-11-17T01:55:00+00:00","author":{"@id":"https:\/\/www.correiobraziliense.com.br\/cbradar\/#\/schema\/person\/4cec7857301a9a1a2ef249893cd908d3"},"description":"Andar sete mil passos por dia durante trinta dias pode gerar mudan\u00e7as significativas no corpo e na disposi\u00e7\u00e3o melhorando o bem estar geral","breadcrumb":{"@id":"https:\/\/www.correiobraziliense.com.br\/cbradar\/o-que-vai-mudar-na-sua-vida-se-voce-andar-pelo-menos-7-mil-passos-por-30-dias\/#breadcrumb"},"inLanguage":"pt-BR","potentialAction":[{"@type":"ReadAction","target":["https:\/\/www.correiobraziliense.com.br\/cbradar\/o-que-vai-mudar-na-sua-vida-se-voce-andar-pelo-menos-7-mil-passos-por-30-dias\/"]}]},{"@type":"ImageObject","inLanguage":"pt-BR","@id":"https:\/\/www.correiobraziliense.com.br\/cbradar\/o-que-vai-mudar-na-sua-vida-se-voce-andar-pelo-menos-7-mil-passos-por-30-dias\/#primaryimage","url":"https:\/\/www.correiobraziliense.com.br\/cbradar\/wp-content\/uploads\/2025\/11\/mosaico_1763229711566.jpg","contentUrl":"https:\/\/www.correiobraziliense.com.br\/cbradar\/wp-content\/uploads\/2025\/11\/mosaico_1763229711566.jpg","width":1280,"height":720,"caption":"Benef\u00edcios de caminhar sete mil passos di\u00e1rios por trinta dias sobre a sa\u00fade e bem-estar - Cr\u00e9ditos: depositphotos.com \/ Infolight - Cr\u00e9ditos: depositphotos.com \/ blasbike"},{"@type":"BreadcrumbList","@id":"https:\/\/www.correiobraziliense.com.br\/cbradar\/o-que-vai-mudar-na-sua-vida-se-voce-andar-pelo-menos-7-mil-passos-por-30-dias\/#breadcrumb","itemListElement":[{"@type":"ListItem","position":1,"name":"In\u00edcio","item":"https:\/\/www.correiobraziliense.com.br\/cbradar\/"},{"@type":"ListItem","position":2,"name":"O que vai mudar na sua vida se voc\u00ea andar pelo menos 7 mil passos por 30 dias?"}]},{"@type":"WebSite","@id":"https:\/\/www.correiobraziliense.com.br\/cbradar\/#website","url":"https:\/\/www.correiobraziliense.com.br\/cbradar\/","name":"Correio Braziliense - Radar","description":"Acompanhe as \u00faltimas not\u00edcias e fique bem informado sobre tudo o que acontece no Brasil e no mundo.","potentialAction":[{"@type":"SearchAction","target":{"@type":"EntryPoint","urlTemplate":"https:\/\/www.correiobraziliense.com.br\/cbradar\/?s={search_term_string}"},"query-input":{"@type":"PropertyValueSpecification","valueRequired":true,"valueName":"search_term_string"}}],"inLanguage":"pt-BR"},{"@type":"Person","@id":"https:\/\/www.correiobraziliense.com.br\/cbradar\/#\/schema\/person\/4cec7857301a9a1a2ef249893cd908d3","name":"Paulo Custodio","image":{"@type":"ImageObject","inLanguage":"pt-BR","@id":"https:\/\/www.correiobraziliense.com.br\/cbradar\/#\/schema\/person\/image\/","url":"https:\/\/secure.gravatar.com\/avatar\/bcd67168d1534e8fcf4f45c726a87cea?s=96&d=mm&r=g","contentUrl":"https:\/\/secure.gravatar.com\/avatar\/bcd67168d1534e8fcf4f45c726a87cea?s=96&d=mm&r=g","caption":"Paulo Custodio"},"sameAs":["https:\/\/www.correiobraziliense.com.br\/cbradar"],"url":"https:\/\/www.correiobraziliense.com.br\/cbradar\/author\/paulomyth\/"}]}},"_links":{"self":[{"href":"https:\/\/www.correiobraziliense.com.br\/cbradar\/wp-json\/wp\/v2\/posts\/137952","targetHints":{"allow":["GET"]}}],"collection":[{"href":"https:\/\/www.correiobraziliense.com.br\/cbradar\/wp-json\/wp\/v2\/posts"}],"about":[{"href":"https:\/\/www.correiobraziliense.com.br\/cbradar\/wp-json\/wp\/v2\/types\/post"}],"author":[{"embeddable":true,"href":"https:\/\/www.correiobraziliense.com.br\/cbradar\/wp-json\/wp\/v2\/users\/11"}],"replies":[{"embeddable":true,"href":"https:\/\/www.correiobraziliense.com.br\/cbradar\/wp-json\/wp\/v2\/comments?post=137952"}],"version-history":[{"count":1,"href":"https:\/\/www.correiobraziliense.com.br\/cbradar\/wp-json\/wp\/v2\/posts\/137952\/revisions"}],"predecessor-version":[{"id":137957,"href":"https:\/\/www.correiobraziliense.com.br\/cbradar\/wp-json\/wp\/v2\/posts\/137952\/revisions\/137957"}],"wp:featuredmedia":[{"embeddable":true,"href":"https:\/\/www.correiobraziliense.com.br\/cbradar\/wp-json\/wp\/v2\/media\/137956"}],"wp:attachment":[{"href":"https:\/\/www.correiobraziliense.com.br\/cbradar\/wp-json\/wp\/v2\/media?parent=137952"}],"wp:term":[{"taxonomy":"category","embeddable":true,"href":"https:\/\/www.correiobraziliense.com.br\/cbradar\/wp-json\/wp\/v2\/categories?post=137952"},{"taxonomy":"post_tag","embeddable":true,"href":"https:\/\/www.correiobraziliense.com.br\/cbradar\/wp-json\/wp\/v2\/tags?post=137952"}],"curies":[{"name":"wp","href":"https:\/\/api.w.org\/{rel}","templated":true}]}}