{"id":138083,"date":"2025-11-16T18:15:00","date_gmt":"2025-11-16T21:15:00","guid":{"rendered":"https:\/\/www.correiobraziliense.com.br\/cbradar\/?p=138083"},"modified":"2025-11-15T21:25:37","modified_gmt":"2025-11-16T00:25:37","slug":"o-que-significa-a-frase-experientia-praestantior-arte-que-pede-para-voce-colocar-as-coisas-em-pratica","status":"publish","type":"post","link":"https:\/\/www.correiobraziliense.com.br\/cbradar\/o-que-significa-a-frase-experientia-praestantior-arte-que-pede-para-voce-colocar-as-coisas-em-pratica\/","title":{"rendered":"O que significa a frase &#8220;Experientia praestantior arte&#8221;, que pede para voc\u00ea colocar as coisas em pr\u00e1tica"},"content":{"rendered":"\n<p>A express\u00e3o <strong>&#8220;Experientia praestantior arte&#8221;<\/strong> ressalta o valor da <strong>experi\u00eancia pr\u00e1tica<\/strong> em rela\u00e7\u00e3o \u00e0 teoria, enfatizando como a viv\u00eancia direta pode enriquecer e at\u00e9 suplantar o mero conhecimento acad\u00eamico, especialmente em disciplinas aplicadas e no cotidiano profissional.<\/p>\n\n\n\n<h2 class=\"wp-block-heading\">A experi\u00eancia realmente supera a teoria em certas situa\u00e7\u00f5es<\/h2>\n\n\n\n<p>Em campos como <strong>medicina<\/strong> ou <strong>engenharia<\/strong>, a teoria oferece base s\u00f3lida, mas \u00e9 na aplica\u00e7\u00e3o di\u00e1ria que surgem compet\u00eancias essenciais. Por exemplo, m\u00e9dicos aprendem a lidar com casos at\u00edpicos e imprevistos somente diante de pacientes reais.<\/p>\n\n\n\n<p>No \u00e2mbito profissional, desafios di\u00e1rios ajudam a consolidar habilidades pr\u00e1ticas. A partir dessas viv\u00eancias, surgem li\u00e7\u00f5es que dificilmente podem ser replicadas apenas em livros.<\/p>\n\n\n\n<figure class=\"wp-block-image size-large\"><img decoding=\"async\" width=\"1024\" height=\"576\" src=\"https:\/\/www.correiobraziliense.com.br\/cbradar\/wp-content\/uploads\/2025\/11\/mosaico_1763252683673-1024x576.jpg\" alt=\"O que significa a frase &quot;Experientia praestantior arte&quot;, que pede para voc\u00ea colocar as coisas em pr\u00e1tica\" class=\"wp-image-138113\" srcset=\"https:\/\/www.correiobraziliense.com.br\/cbradar\/wp-content\/uploads\/2025\/11\/mosaico_1763252683673-1024x576.jpg 1024w, https:\/\/www.correiobraziliense.com.br\/cbradar\/wp-content\/uploads\/2025\/11\/mosaico_1763252683673-300x169.jpg 300w, https:\/\/www.correiobraziliense.com.br\/cbradar\/wp-content\/uploads\/2025\/11\/mosaico_1763252683673-768x432.jpg 768w, https:\/\/www.correiobraziliense.com.br\/cbradar\/wp-content\/uploads\/2025\/11\/mosaico_1763252683673-750x422.jpg 750w, https:\/\/www.correiobraziliense.com.br\/cbradar\/wp-content\/uploads\/2025\/11\/mosaico_1763252683673-1140x641.jpg 1140w, https:\/\/www.correiobraziliense.com.br\/cbradar\/wp-content\/uploads\/2025\/11\/mosaico_1763252683673.jpg 1280w\" sizes=\"(max-width: 1024px) 100vw, 1024px\" \/><figcaption class=\"wp-element-caption\">\u201cExperientia praestantior arte\u201d\ufeff, express\u00e3o cl\u00e1ssica, chama aten\u00e7\u00e3o para o valor da pr\u00e1tica real. Cr\u00e9ditos: depositphotos.com \/ AndrewLozovyi e Cr\u00e9ditos: depositphotos.com \/ AlexNazaruk<\/figcaption><\/figure>\n\n\n\n<h2 class=\"wp-block-heading\">Colocar em pr\u00e1tica o conhecimento \u00e9 vital para o aprendizado consistente<\/h2>\n\n\n\n<p>A <strong>aplica\u00e7\u00e3o pr\u00e1tica<\/strong> dos conceitos te\u00f3ricos permite um aprendizado mais duradouro, al\u00e9m de facilitar a identifica\u00e7\u00e3o de poss\u00edveis falhas e melhorias. Somente com a pr\u00e1tica \u00e9 poss\u00edvel ajustar abordagens e refinar processos.<\/p>\n\n\n\n<p>Para ilustrar os benef\u00edcios de colocar o conhecimento em pr\u00e1tica, veja estas vantagens:<\/p>\n\n\n\n<ul class=\"wp-block-list\">\n<li><strong>Consolida\u00e7\u00e3o mais r\u00e1pida<\/strong> dos conceitos estudados<\/li>\n\n\n\n<li>Permite <strong>identifica\u00e7\u00e3o de erros<\/strong> e busca de solu\u00e7\u00f5es alternativas<\/li>\n\n\n\n<li>Estimula a <strong>criatividade<\/strong> por meio de desafios reais<\/li>\n\n\n\n<li>Facilita o <strong>desenvolvimento de habilidades<\/strong> inovadoras<\/li>\n<\/ul>\n\n\n\n<h2 class=\"wp-block-heading\">Como \u00e9 poss\u00edvel unir experi\u00eancia e teoria para obter o melhor resultado?<\/h2>\n\n\n\n<p>Combinar teoria e pr\u00e1tica \u00e9 fundamental para o desenvolvimento eficiente em qualquer carreira. Estrat\u00e9gias como <strong>aprendizagem baseada em projetos<\/strong> e <strong>est\u00e1gios supervisionados<\/strong> s\u00e3o eficazes para vivenciar essa integra\u00e7\u00e3o de conhecimentos.<\/p>\n\n\n\n<p>Participar ativamente de simula\u00e7\u00f5es e pr\u00e1ticas em ambientes seguros e controlados permite ao aprendiz se preparar melhor para situa\u00e7\u00f5es reais do mercado de trabalho.<\/p>\n\n\n\n<p>O jornalista Mario Sergio Cortella, em seu canal no YouTube, traz uma explana\u00e7\u00e3o da import\u00e2ncia da arte e da teoria dos ensinos:<\/p>\n\n\n\n<iframe loading=\"lazy\" width=\"560\" height=\"315\" src=\"https:\/\/www.youtube.com\/embed\/XA7gpheQ1I4?si=Xh0IJulxdJT-EoBA\" title=\"YouTube video player\" frameborder=\"0\" allow=\"accelerometer; autoplay; clipboard-write; encrypted-media; gyroscope; picture-in-picture; web-share\" referrerpolicy=\"strict-origin-when-cross-origin\" allowfullscreen><\/iframe>\n\n\n\n<h2 class=\"wp-block-heading\">Qual a import\u00e2ncia da experi\u00eancia no desenvolvimento profissional cont\u00ednuo?<\/h2>\n\n\n\n<p>O <strong>aprendizado cont\u00ednuo<\/strong> exige a constante presen\u00e7a da experi\u00eancia pr\u00e1tica, que complementa e atualiza o conhecimento adquirido em sala de aula. Esse processo fortalece a autoconfian\u00e7a e a capacidade de adapta\u00e7\u00e3o a novos desafios.<\/p>\n\n\n\n<p>Conforme a experi\u00eancia se acumula, os profissionais tornam-se mais preparados para decis\u00f5es complexas, o que aumenta a relev\u00e2ncia desse conceito no mundo atual.<\/p>\n\n\n\n<p>Em resumo, <strong>&#8220;Experientia praestantior arte&#8221;<\/strong> mostra que a pr\u00e1tica \u00e9 indispens\u00e1vel para a evolu\u00e7\u00e3o pessoal e profissional. Integrar teoria e experi\u00eancia \u00e9 o caminho para quem deseja alcan\u00e7ar a <strong>maestria<\/strong> em qualquer \u00e1rea do conhecimento.<\/p>\n","protected":false},"excerpt":{"rendered":"<p>&#8220;Experientia praestantior arte&#8221;: Descubra o poder da pr\u00e1tica sobre a teoria neste artigo fascinante! Mergulhe em exemplos reais e insights valiosos.<\/p>\n","protected":false},"author":3,"featured_media":138111,"comment_status":"open","ping_status":"open","sticky":false,"template":"","format":"standard","meta":{"_yoast_wpseo_focuskw":"Experientia praestantior arte","_yoast_wpseo_title":"%%title%%","_yoast_wpseo_metadesc":"\"Experientia praestantior arte\": Descubra o poder da pr\u00e1tica sobre a teoria neste artigo fascinante! Mergulhe em exemplos reais e insights valiosos.","jnews-multi-image_gallery":[],"jnews_single_post":{"format":"standard"},"jnews_primary_category":[],"jnews_social_meta":[],"jnews_override_counter":[],"footnotes":""},"categories":[112],"post_tag":[144,8712,5310,11054,5174],"class_list":["post-138083","post","type-post","status-publish","format-standard","has-post-thumbnail","hentry","category-curiosidades","tag-curiosidades","tag-expressoes","tag-frases","tag-latim","tag-significados"],"yoast_head":"<!-- This site is optimized with the Yoast SEO plugin v24.6 - https:\/\/yoast.com\/wordpress\/plugins\/seo\/ -->\n<title>O que significa a frase &quot;Experientia praestantior arte&quot;, que pede para voc\u00ea colocar as coisas em pr\u00e1tica<\/title>\n<meta name=\"description\" content=\"&quot;Experientia praestantior arte&quot;: Descubra o poder da pr\u00e1tica sobre a teoria neste artigo fascinante! Mergulhe em exemplos reais e insights valiosos.\" \/>\n<meta name=\"robots\" content=\"index, follow, max-snippet:-1, max-image-preview:large, max-video-preview:-1\" \/>\n<link rel=\"canonical\" href=\"https:\/\/www.correiobraziliense.com.br\/cbradar\/o-que-significa-a-frase-experientia-praestantior-arte-que-pede-para-voce-colocar-as-coisas-em-pratica\/\" \/>\n<meta property=\"og:locale\" content=\"pt_BR\" \/>\n<meta property=\"og:type\" content=\"article\" \/>\n<meta property=\"og:title\" content=\"O que significa a frase &quot;Experientia praestantior arte&quot;, que pede para voc\u00ea colocar as coisas em pr\u00e1tica\" \/>\n<meta property=\"og:description\" content=\"&quot;Experientia praestantior arte&quot;: Descubra o poder da pr\u00e1tica sobre a teoria neste artigo fascinante! Mergulhe em exemplos reais e insights valiosos.\" \/>\n<meta property=\"og:url\" content=\"https:\/\/www.correiobraziliense.com.br\/cbradar\/o-que-significa-a-frase-experientia-praestantior-arte-que-pede-para-voce-colocar-as-coisas-em-pratica\/\" \/>\n<meta property=\"og:site_name\" content=\"Correio Braziliense - Radar\" \/>\n<meta property=\"article:published_time\" content=\"2025-11-16T21:15:00+00:00\" \/>\n<meta property=\"og:image\" content=\"https:\/\/www.correiobraziliense.com.br\/cbradar\/wp-content\/uploads\/2025\/11\/Experientia-Praestantior-Arte-Google-Discover.png\" \/>\n\t<meta property=\"og:image:width\" content=\"1280\" \/>\n\t<meta property=\"og:image:height\" content=\"720\" \/>\n\t<meta property=\"og:image:type\" content=\"image\/png\" \/>\n<meta name=\"author\" content=\"Larissa Carvalho\" \/>\n<meta name=\"twitter:card\" content=\"summary_large_image\" \/>\n<meta name=\"twitter:label1\" content=\"Escrito por\" \/>\n\t<meta name=\"twitter:data1\" content=\"Larissa Carvalho\" \/>\n\t<meta name=\"twitter:label2\" content=\"Est. tempo de leitura\" \/>\n\t<meta name=\"twitter:data2\" content=\"3 minutos\" \/>\n<!-- \/ Yoast SEO plugin. -->","yoast_head_json":{"title":"O que significa a frase \"Experientia praestantior arte\", que pede para voc\u00ea colocar as coisas em pr\u00e1tica","description":"\"Experientia praestantior arte\": Descubra o poder da pr\u00e1tica sobre a teoria neste artigo fascinante! Mergulhe em exemplos reais e insights valiosos.","robots":{"index":"index","follow":"follow","max-snippet":"max-snippet:-1","max-image-preview":"max-image-preview:large","max-video-preview":"max-video-preview:-1"},"canonical":"https:\/\/www.correiobraziliense.com.br\/cbradar\/o-que-significa-a-frase-experientia-praestantior-arte-que-pede-para-voce-colocar-as-coisas-em-pratica\/","og_locale":"pt_BR","og_type":"article","og_title":"O que significa a frase \"Experientia praestantior arte\", que pede para voc\u00ea colocar as coisas em pr\u00e1tica","og_description":"\"Experientia praestantior arte\": Descubra o poder da pr\u00e1tica sobre a teoria neste artigo fascinante! Mergulhe em exemplos reais e insights valiosos.","og_url":"https:\/\/www.correiobraziliense.com.br\/cbradar\/o-que-significa-a-frase-experientia-praestantior-arte-que-pede-para-voce-colocar-as-coisas-em-pratica\/","og_site_name":"Correio Braziliense - Radar","article_published_time":"2025-11-16T21:15:00+00:00","og_image":[{"width":1280,"height":720,"url":"https:\/\/www.correiobraziliense.com.br\/cbradar\/wp-content\/uploads\/2025\/11\/Experientia-Praestantior-Arte-Google-Discover.png","type":"image\/png"}],"author":"Larissa Carvalho","twitter_card":"summary_large_image","twitter_misc":{"Escrito por":"Larissa Carvalho","Est. tempo de leitura":"3 minutos"},"schema":{"@context":"https:\/\/schema.org","@graph":[{"@type":"WebPage","@id":"https:\/\/www.correiobraziliense.com.br\/cbradar\/o-que-significa-a-frase-experientia-praestantior-arte-que-pede-para-voce-colocar-as-coisas-em-pratica\/","url":"https:\/\/www.correiobraziliense.com.br\/cbradar\/o-que-significa-a-frase-experientia-praestantior-arte-que-pede-para-voce-colocar-as-coisas-em-pratica\/","name":"O que significa a frase \"Experientia praestantior arte\", que pede para voc\u00ea colocar as coisas em pr\u00e1tica","isPartOf":{"@id":"https:\/\/www.correiobraziliense.com.br\/cbradar\/#website"},"primaryImageOfPage":{"@id":"https:\/\/www.correiobraziliense.com.br\/cbradar\/o-que-significa-a-frase-experientia-praestantior-arte-que-pede-para-voce-colocar-as-coisas-em-pratica\/#primaryimage"},"image":{"@id":"https:\/\/www.correiobraziliense.com.br\/cbradar\/o-que-significa-a-frase-experientia-praestantior-arte-que-pede-para-voce-colocar-as-coisas-em-pratica\/#primaryimage"},"thumbnailUrl":"https:\/\/www.correiobraziliense.com.br\/cbradar\/wp-content\/uploads\/2025\/11\/Experientia-Praestantior-Arte-Google-Discover.png","datePublished":"2025-11-16T21:15:00+00:00","author":{"@id":"https:\/\/www.correiobraziliense.com.br\/cbradar\/#\/schema\/person\/58422787644df994b53a19d3e56c1513"},"description":"\"Experientia praestantior arte\": Descubra o poder da pr\u00e1tica sobre a teoria neste artigo fascinante! Mergulhe em exemplos reais e insights valiosos.","breadcrumb":{"@id":"https:\/\/www.correiobraziliense.com.br\/cbradar\/o-que-significa-a-frase-experientia-praestantior-arte-que-pede-para-voce-colocar-as-coisas-em-pratica\/#breadcrumb"},"inLanguage":"pt-BR","potentialAction":[{"@type":"ReadAction","target":["https:\/\/www.correiobraziliense.com.br\/cbradar\/o-que-significa-a-frase-experientia-praestantior-arte-que-pede-para-voce-colocar-as-coisas-em-pratica\/"]}]},{"@type":"ImageObject","inLanguage":"pt-BR","@id":"https:\/\/www.correiobraziliense.com.br\/cbradar\/o-que-significa-a-frase-experientia-praestantior-arte-que-pede-para-voce-colocar-as-coisas-em-pratica\/#primaryimage","url":"https:\/\/www.correiobraziliense.com.br\/cbradar\/wp-content\/uploads\/2025\/11\/Experientia-Praestantior-Arte-Google-Discover.png","contentUrl":"https:\/\/www.correiobraziliense.com.br\/cbradar\/wp-content\/uploads\/2025\/11\/Experientia-Praestantior-Arte-Google-Discover.png","width":1280,"height":720,"caption":"Use \u201cExperientia praestantior arte\u201d\ufeff para lembrar que aplicar \u00e9 fundamental para evoluir."},{"@type":"BreadcrumbList","@id":"https:\/\/www.correiobraziliense.com.br\/cbradar\/o-que-significa-a-frase-experientia-praestantior-arte-que-pede-para-voce-colocar-as-coisas-em-pratica\/#breadcrumb","itemListElement":[{"@type":"ListItem","position":1,"name":"In\u00edcio","item":"https:\/\/www.correiobraziliense.com.br\/cbradar\/"},{"@type":"ListItem","position":2,"name":"O que significa a frase &#8220;Experientia praestantior arte&#8221;, que pede para voc\u00ea colocar as coisas em pr\u00e1tica"}]},{"@type":"WebSite","@id":"https:\/\/www.correiobraziliense.com.br\/cbradar\/#website","url":"https:\/\/www.correiobraziliense.com.br\/cbradar\/","name":"Correio Braziliense - Radar","description":"Acompanhe as \u00faltimas not\u00edcias e fique bem informado sobre tudo o que acontece no Brasil e no mundo.","potentialAction":[{"@type":"SearchAction","target":{"@type":"EntryPoint","urlTemplate":"https:\/\/www.correiobraziliense.com.br\/cbradar\/?s={search_term_string}"},"query-input":{"@type":"PropertyValueSpecification","valueRequired":true,"valueName":"search_term_string"}}],"inLanguage":"pt-BR"},{"@type":"Person","@id":"https:\/\/www.correiobraziliense.com.br\/cbradar\/#\/schema\/person\/58422787644df994b53a19d3e56c1513","name":"Larissa Carvalho","image":{"@type":"ImageObject","inLanguage":"pt-BR","@id":"https:\/\/www.correiobraziliense.com.br\/cbradar\/#\/schema\/person\/image\/","url":"https:\/\/secure.gravatar.com\/avatar\/fe4f91a0de32b52a838d0d612abdc1aa?s=96&d=mm&r=g","contentUrl":"https:\/\/secure.gravatar.com\/avatar\/fe4f91a0de32b52a838d0d612abdc1aa?s=96&d=mm&r=g","caption":"Larissa Carvalho"},"url":"https:\/\/www.correiobraziliense.com.br\/cbradar\/author\/larissamyth\/"}]}},"_links":{"self":[{"href":"https:\/\/www.correiobraziliense.com.br\/cbradar\/wp-json\/wp\/v2\/posts\/138083","targetHints":{"allow":["GET"]}}],"collection":[{"href":"https:\/\/www.correiobraziliense.com.br\/cbradar\/wp-json\/wp\/v2\/posts"}],"about":[{"href":"https:\/\/www.correiobraziliense.com.br\/cbradar\/wp-json\/wp\/v2\/types\/post"}],"author":[{"embeddable":true,"href":"https:\/\/www.correiobraziliense.com.br\/cbradar\/wp-json\/wp\/v2\/users\/3"}],"replies":[{"embeddable":true,"href":"https:\/\/www.correiobraziliense.com.br\/cbradar\/wp-json\/wp\/v2\/comments?post=138083"}],"version-history":[{"count":3,"href":"https:\/\/www.correiobraziliense.com.br\/cbradar\/wp-json\/wp\/v2\/posts\/138083\/revisions"}],"predecessor-version":[{"id":138115,"href":"https:\/\/www.correiobraziliense.com.br\/cbradar\/wp-json\/wp\/v2\/posts\/138083\/revisions\/138115"}],"wp:featuredmedia":[{"embeddable":true,"href":"https:\/\/www.correiobraziliense.com.br\/cbradar\/wp-json\/wp\/v2\/media\/138111"}],"wp:attachment":[{"href":"https:\/\/www.correiobraziliense.com.br\/cbradar\/wp-json\/wp\/v2\/media?parent=138083"}],"wp:term":[{"taxonomy":"category","embeddable":true,"href":"https:\/\/www.correiobraziliense.com.br\/cbradar\/wp-json\/wp\/v2\/categories?post=138083"},{"taxonomy":"post_tag","embeddable":true,"href":"https:\/\/www.correiobraziliense.com.br\/cbradar\/wp-json\/wp\/v2\/post_tag?post=138083"}],"curies":[{"name":"wp","href":"https:\/\/api.w.org\/{rel}","templated":true}]}}