{"id":138184,"date":"2025-11-16T14:05:00","date_gmt":"2025-11-16T17:05:00","guid":{"rendered":"https:\/\/www.correiobraziliense.com.br\/cbradar\/?p=138184"},"modified":"2025-11-16T00:50:59","modified_gmt":"2025-11-16T03:50:59","slug":"essa-cidade-mineira-conta-com-educacao-superior-de-qualidade-e-e-referencia-no-agronegocio","status":"publish","type":"post","link":"https:\/\/www.correiobraziliense.com.br\/cbradar\/essa-cidade-mineira-conta-com-educacao-superior-de-qualidade-e-e-referencia-no-agronegocio\/","title":{"rendered":"Essa cidade mineira conta com educa\u00e7\u00e3o superior de qualidade e \u00e9 refer\u00eancia no agroneg\u00f3cio"},"content":{"rendered":"\n<p><strong>Uberaba<\/strong> \u00e9 uma cidade hist\u00f3rica e pujante localizada no <strong>Tri\u00e2ngulo Mineiro<\/strong>, a cerca de 480 km de <strong>Belo Horizonte<\/strong> e 440 km de <strong>S\u00e3o Paulo<\/strong>. Conhecida como a \u201cCapital do Zebu\u201d e reconhecida por sua forte tradi\u00e7\u00e3o agropecu\u00e1ria e educa\u00e7\u00e3o superior de qualidade, <strong>Uberaba<\/strong> destaca-se pela economia diversificada e infraestrutura completa. Descubra por que morar em <strong>Uberaba<\/strong> \u00e9 uma escolha estrat\u00e9gica para quem busca oportunidades, qualidade de vida e desenvolvimento no cora\u00e7\u00e3o do Brasil.<\/p>\n\n\n\n<h2 class=\"wp-block-heading\">Por que morar em Uberaba?<\/h2>\n\n\n\n<p><strong>Uberaba<\/strong> apresenta excelente qualidade de vida com <strong>IDH de 0,772 <\/strong><a href=\"https:\/\/www.ibge.gov.br\/cidades-e-estados\/mg\/uberaba.html\" target=\"_blank\" rel=\"noreferrer noopener\"><strong>segundo o<\/strong> <strong>IBGE<\/strong><\/a>, posicionando-se entre as melhores cidades de <strong>Minas Gerais<\/strong>. A economia local \u00e9 robusta e diversificada, com destaque para o agroneg\u00f3cio, ind\u00fastrias qu\u00edmicas e fertilizantes, al\u00e9m de um setor de servi\u00e7os crescente que atrai profissionais de diversas \u00e1reas.<\/p>\n\n\n\n<p>Com popula\u00e7\u00e3o de aproximadamente <strong>340.000 habitantes<\/strong> conforme o <strong>IBGE<\/strong>, <strong>Uberaba<\/strong> oferece infraestrutura completa em sa\u00fade, sendo refer\u00eancia regional com hospitais especializados e cl\u00ednicas de alta complexidade. A cidade abriga importantes institui\u00e7\u00f5es de ensino superior como a <strong>UFTM<\/strong> (Universidade Federal do Tri\u00e2ngulo Mineiro) e a <strong>UNIUBE<\/strong>, que garantem educa\u00e7\u00e3o de qualidade e formam profissionais qualificados nas \u00e1reas de medicina, engenharia e agropecu\u00e1ria.<\/p>\n\n\n<div class=\"wp-block-image\">\n<figure class=\"aligncenter size-large\"><img decoding=\"async\" width=\"1024\" height=\"576\" src=\"https:\/\/www.correiobraziliense.com.br\/cbradar\/wp-content\/uploads\/2025\/07\/Edicoes-2025-07-29T061544.467-1024x576.png\" alt=\"A cidade mineira do interior com qualidade de vida perfeita para viver bem\" class=\"wp-image-77296\" srcset=\"https:\/\/www.correiobraziliense.com.br\/cbradar\/wp-content\/uploads\/2025\/07\/Edicoes-2025-07-29T061544.467-1024x576.png 1024w, https:\/\/www.correiobraziliense.com.br\/cbradar\/wp-content\/uploads\/2025\/07\/Edicoes-2025-07-29T061544.467-300x169.png 300w, https:\/\/www.correiobraziliense.com.br\/cbradar\/wp-content\/uploads\/2025\/07\/Edicoes-2025-07-29T061544.467-768x432.png 768w, https:\/\/www.correiobraziliense.com.br\/cbradar\/wp-content\/uploads\/2025\/07\/Edicoes-2025-07-29T061544.467-750x422.png 750w, https:\/\/www.correiobraziliense.com.br\/cbradar\/wp-content\/uploads\/2025\/07\/Edicoes-2025-07-29T061544.467-1140x641.png 1140w, https:\/\/www.correiobraziliense.com.br\/cbradar\/wp-content\/uploads\/2025\/07\/Edicoes-2025-07-29T061544.467.png 1280w\" sizes=\"(max-width: 1024px) 100vw, 1024px\" \/><figcaption class=\"wp-element-caption\">Viva a tradi\u00e7\u00e3o e inova\u00e7\u00e3o em Uberaba, onde hist\u00f3ria e modernidade se encontram com hospitalidade \u00fanica. \/\/ Cr\u00e9ditos: YouTube @zonasulevolution1532<\/figcaption><\/figure><\/div>\n\n\n<h2 class=\"wp-block-heading\">Quais s\u00e3o os melhores bairros para morar em Uberaba?<\/h2>\n\n\n\n<p>Veja abaixo os bairros mais procurados e suas caracter\u00edsticas:<\/p>\n\n\n\n<ul class=\"wp-block-list\">\n<li><strong>Merc\u00eas<\/strong>: Bairro nobre e tradicional, com casas amplas, ruas arborizadas e excelente infraestrutura comercial. Ideal para fam\u00edlias que buscam tranquilidade, seguran\u00e7a e proximidade de escolas particulares renomadas.<\/li>\n\n\n\n<li><strong>S\u00e3o Benedito<\/strong>: Regi\u00e3o central consolidada, pr\u00f3xima ao com\u00e9rcio, hospitais e principais avenidas da cidade. Oferece praticidade no dia a dia com acesso r\u00e1pido a servi\u00e7os essenciais e lazer.<\/li>\n\n\n\n<li><strong>Abadia<\/strong>: Bairro residencial planejado com boa infraestrutura, parques e \u00e1reas verdes para lazer familiar. Combina qualidade de vida com valores acess\u00edveis de moradia e com\u00e9rcio local desenvolvido.<\/li>\n\n\n\n<li><strong>Parque das Am\u00e9ricas<\/strong>: \u00c1rea em expans\u00e3o com condom\u00ednios modernos, seguran\u00e7a refor\u00e7ada e espa\u00e7os planejados. Atrai jovens profissionais e fam\u00edlias que buscam im\u00f3veis novos em regi\u00e3o valorizada.<\/li>\n\n\n\n<li><strong>Centro<\/strong>: Regi\u00e3o hist\u00f3rica preservada, com casar\u00f5es antigos, arquitetura colonial e ampla oferta de servi\u00e7os. Perfeito para quem valoriza a cultura local e proximidade de tudo no cora\u00e7\u00e3o da cidade.<\/li>\n<\/ul>\n\n\n\n<p>Confira abaixo o v\u00eddeo do canal <strong>@CidadesdoInteriordobrasil<\/strong>, no YouTube, trazendo dados e v\u00e1rias caracter\u00edsticas da cidade de <strong>Uberaba<\/strong>.<\/p>\n\n\n\n<figure class=\"wp-block-embed is-type-video is-provider-youtube wp-block-embed-youtube wp-embed-aspect-16-9 wp-has-aspect-ratio\"><div class=\"wp-block-embed__wrapper\">\n<div class=\"jeg_video_container jeg_video_content\"><iframe loading=\"lazy\" title=\"UBERABA MG - Uma das melhores cidades de Minas Gerais para viver !\" width=\"500\" height=\"281\" src=\"https:\/\/www.youtube.com\/embed\/pV1Fy_pzXhc?feature=oembed\" frameborder=\"0\" allow=\"accelerometer; autoplay; clipboard-write; encrypted-media; gyroscope; picture-in-picture; web-share\" referrerpolicy=\"strict-origin-when-cross-origin\" allowfullscreen><\/iframe><\/div>\n<\/div><\/figure>\n\n\n\n<h2 class=\"wp-block-heading\">Por que Uberaba \u00e9 refer\u00eancia em agroneg\u00f3cio e pecu\u00e1ria?<\/h2>\n\n\n\n<p><strong>Uberaba<\/strong> consolidou-se como a &#8220;Capital do Zebu&#8221; e principal centro de melhoramento gen\u00e9tico bovino da Am\u00e9rica Latina. A cidade abriga a <strong>ABCZ<\/strong> (Associa\u00e7\u00e3o Brasileira de Criadores de Zebu) e realiza anualmente a <strong>ExpoZebu<\/strong>, a maior feira de gado zebu\u00edno do mundo, que movimenta milh\u00f5es em neg\u00f3cios e atrai criadores, pesquisadores e compradores de diversos pa\u00edses.<\/p>\n\n\n\n<p>O agroneg\u00f3cio representa a base econ\u00f4mica de <strong>Uberaba<\/strong>, com forte produ\u00e7\u00e3o de gr\u00e3os, cana-de-a\u00e7\u00facar e pecu\u00e1ria de corte. Segundo o <strong>IBGE<\/strong>, a cidade possui um dos maiores rebanhos bovinos de <strong>Minas Gerais<\/strong> e concentra ind\u00fastrias de fertilizantes que atendem todo o pa\u00eds. A localiza\u00e7\u00e3o estrat\u00e9gica no <strong>Tri\u00e2ngulo Mineiro<\/strong>, com acesso facilitado \u00e0s principais rodovias federais, consolida <strong>Uberaba<\/strong> como centro log\u00edstico para o escoamento da produ\u00e7\u00e3o agr\u00edcola do Brasil Central.<\/p>\n\n\n\n<h2 class=\"wp-block-heading\">Chico Xavier e o legado espiritual de Uberaba<\/h2>\n\n\n\n<p><strong>Uberaba<\/strong> \u00e9 internacionalmente conhecida por ter sido a cidade onde viveu <strong>Chico Xavier<\/strong>, um dos mais importantes m\u00e9diuns brasileiros. De 1959 at\u00e9 seu falecimento em 2002, <strong>Chico Xavier<\/strong> residiu na cidade, realizando atendimentos espirituais que atra\u00edam milhares de pessoas de todo o Brasil e do exterior, consolidando <strong>Uberaba<\/strong> como importante centro espiritista.<\/p>\n\n\n\n<p>O legado de <strong>Chico Xavier<\/strong> permanece vivo atrav\u00e9s do <strong>Centro Esp\u00edrita Comunh\u00e3o Esp\u00edrita Crist\u00e3<\/strong>, que mant\u00e9m suas atividades e recebe visitantes durante todo o ano. A <strong>Casa de Chico Xavier<\/strong>, transformada em museu, preserva objetos pessoais e documentos hist\u00f3ricos do m\u00e9dium, oferecendo aos visitantes a oportunidade de conhecer mais sobre sua vida e obra que marcou profundamente a hist\u00f3ria e a identidade cultural de <strong>Uberaba<\/strong>.<\/p>\n\n\n<div class=\"wp-block-image\">\n<figure class=\"aligncenter size-large\"><img decoding=\"async\" width=\"1024\" height=\"576\" src=\"https:\/\/www.correiobraziliense.com.br\/cbradar\/wp-content\/uploads\/2025\/06\/Uberaba_1749632540693-1024x576.jpg\" alt=\"Conhe\u00e7a a cidade mineira que \u00e9 refer\u00eancia em agroneg\u00f3cio e cultura\" class=\"wp-image-51649\" srcset=\"https:\/\/www.correiobraziliense.com.br\/cbradar\/wp-content\/uploads\/2025\/06\/Uberaba_1749632540693-1024x576.jpg 1024w, https:\/\/www.correiobraziliense.com.br\/cbradar\/wp-content\/uploads\/2025\/06\/Uberaba_1749632540693-300x169.jpg 300w, https:\/\/www.correiobraziliense.com.br\/cbradar\/wp-content\/uploads\/2025\/06\/Uberaba_1749632540693-768x432.jpg 768w, https:\/\/www.correiobraziliense.com.br\/cbradar\/wp-content\/uploads\/2025\/06\/Uberaba_1749632540693-750x422.jpg 750w, https:\/\/www.correiobraziliense.com.br\/cbradar\/wp-content\/uploads\/2025\/06\/Uberaba_1749632540693-1140x641.jpg 1140w, https:\/\/www.correiobraziliense.com.br\/cbradar\/wp-content\/uploads\/2025\/06\/Uberaba_1749632540693.jpg 1280w\" sizes=\"(max-width: 1024px) 100vw, 1024px\" \/><figcaption class=\"wp-element-caption\">Explore Uberaba, MG, terra do gigante Zebu e rica em cultura, hist\u00f3ria e natureza vibrante. \/\/ Cr\u00e9ditos: depositphotos.com \/ GersonFortes<\/figcaption><\/figure><\/div>\n\n\n<h2 class=\"wp-block-heading\">Como \u00e9 a vida cultural em Uberaba?<\/h2>\n\n\n\n<p>A vida cultural em <strong>Uberaba<\/strong> \u00e9 rica e diversificada, refletindo a heran\u00e7a hist\u00f3rica e as tradi\u00e7\u00f5es mineiras. O <strong>Teatro Vera Cruz<\/strong> apresenta espet\u00e1culos de teatro, m\u00fasica e dan\u00e7a, enquanto o <strong>Museu de Arte Sacra<\/strong> e o <strong>Arquivo P\u00fablico<\/strong> preservam importantes acervos hist\u00f3ricos da regi\u00e3o do <strong>Tri\u00e2ngulo Mineiro<\/strong>.<\/p>\n\n\n\n<p>A gastronomia local valoriza a cozinha mineira tradicional, com restaurantes que servem pratos t\u00edpicos como feij\u00e3o tropeiro, frango ao molho pardo e doces caseiros. Eventos como a <strong>Festa de S\u00e3o Sebasti\u00e3o<\/strong>, a <strong>ExpoZebu<\/strong> e a <strong>Festa do Folclore<\/strong> movimentam a agenda cultural, celebrando as tradi\u00e7\u00f5es agropecu\u00e1rias e folcl\u00f3ricas que fazem parte da identidade uberabense e atraem visitantes de toda a regi\u00e3o.<\/p>\n\n\n\n<h2 class=\"wp-block-heading\">Melhor \u00e9poca para visitar Uberaba<\/h2>\n\n\n\n<p><strong>Uberaba<\/strong> possui clima tropical de altitude com temperatura m\u00e9dia anual de <strong>23\u202f\u00b0C<\/strong> <a href=\"https:\/\/www.climatempo.com.br\/previsao-do-tempo\/cidade\/202\/uberaba-mg\" target=\"_blank\" rel=\"noreferrer noopener\"><strong>segundo o<\/strong> <strong>Climatempo<\/strong><\/a>, oferecendo condi\u00e7\u00f5es agrad\u00e1veis durante todo o ano. Os meses entre abril e setembro s\u00e3o ideais para turismo, com clima mais seco e temperaturas amenas, perfeitos para eventos ao ar livre e visitas aos atrativos hist\u00f3ricos.<\/p>\n\n\n\n<p>Veja abaixo o resumo das esta\u00e7\u00f5es e atividades recomendadas:<\/p>\n\n\n\n<figure class=\"wp-block-table\"><table class=\"has-fixed-layout\"><thead><tr><th>Per\u00edodo<\/th><th>Temperatura m\u00e9dia<\/th><th>Clima<\/th><th>Atividades recomendadas<\/th><\/tr><\/thead><tbody><tr><td><strong>Dezembro a Fevereiro<\/strong><\/td><td>24\u00b0C a 30\u00b0C<\/td><td>Quente e \u00famido com chuvas frequentes<\/td><td>Visitas a museus, gastronomia mineira, turismo religioso<\/td><\/tr><tr><td><strong>Mar\u00e7o a Maio<\/strong><\/td><td>21\u00b0C a 27\u00b0C<\/td><td>Agrad\u00e1vel com chuvas ocasionais<\/td><td>ExpoZebu (maio), passeios pelos centros hist\u00f3ricos<\/td><\/tr><tr><td><strong>Junho a Agosto<\/strong><\/td><td>17\u00b0C a 25\u00b0C<\/td><td>Seco e fresco<\/td><td>Turismo religioso, eventos culturais, festas tradicionais<\/td><\/tr><tr><td><strong>Setembro a Novembro<\/strong><\/td><td>21\u00b0C a 29\u00b0C<\/td><td>Clima ameno e transi\u00e7\u00e3o para per\u00edodo chuvoso<\/td><td>Festa do Folclore, visita \u00e0 Casa de Chico Xavier<\/td><\/tr><\/tbody><\/table><\/figure>\n\n\n<div class=\"wp-block-image\">\n<figure class=\"aligncenter size-large\"><img decoding=\"async\" width=\"1024\" height=\"576\" src=\"https:\/\/www.correiobraziliense.com.br\/cbradar\/wp-content\/uploads\/2025\/07\/Edicoes-2025-07-29T061644.978-1024x576.png\" alt=\"A cidade mineira do interior com qualidade de vida perfeita para viver bem\" class=\"wp-image-77298\" srcset=\"https:\/\/www.correiobraziliense.com.br\/cbradar\/wp-content\/uploads\/2025\/07\/Edicoes-2025-07-29T061644.978-1024x576.png 1024w, https:\/\/www.correiobraziliense.com.br\/cbradar\/wp-content\/uploads\/2025\/07\/Edicoes-2025-07-29T061644.978-300x169.png 300w, https:\/\/www.correiobraziliense.com.br\/cbradar\/wp-content\/uploads\/2025\/07\/Edicoes-2025-07-29T061644.978-768x432.png 768w, https:\/\/www.correiobraziliense.com.br\/cbradar\/wp-content\/uploads\/2025\/07\/Edicoes-2025-07-29T061644.978-750x422.png 750w, https:\/\/www.correiobraziliense.com.br\/cbradar\/wp-content\/uploads\/2025\/07\/Edicoes-2025-07-29T061644.978-1140x641.png 1140w, https:\/\/www.correiobraziliense.com.br\/cbradar\/wp-content\/uploads\/2025\/07\/Edicoes-2025-07-29T061644.978.png 1280w\" sizes=\"(max-width: 1024px) 100vw, 1024px\" \/><figcaption class=\"wp-element-caption\">Uberaba \u00e9 refer\u00eancia em eventos agropecu\u00e1rios, turismo cultural e crescimento econ\u00f4mico sustent\u00e1vel. \/\/ Cr\u00e9ditos: YouTube @zonasulevolution1532<\/figcaption><\/figure><\/div>\n\n\n<p><strong>Leia tamb\u00e9m: <a href=\"https:\/\/www.correiobraziliense.com.br\/cbradar\/a-cidade-de-minas-que-cresce-sem-parar-e-atrai-cada-vez-mais-moradores\/\" target=\"_blank\" rel=\"noreferrer noopener\">A cidade de Minas que cresce sem parar e atrai cada vez mais moradores.<\/a><\/strong><\/p>\n\n\n\n<h2 class=\"wp-block-heading\">Vivencie Uberaba<\/h2>\n\n\n\n<p><strong>Uberaba<\/strong> \u00e9 uma cidade que combina tradi\u00e7\u00e3o agropecu\u00e1ria, desenvolvimento econ\u00f4mico e riqueza cultural \u00fanica. Com infraestrutura moderna, educa\u00e7\u00e3o superior de qualidade, patrim\u00f4nio hist\u00f3rico preservado e importante legado espiritual, a cidade oferece ambiente completo para residir, investir ou conhecer as riquezas do <strong>Tri\u00e2ngulo Mineiro<\/strong>.<\/p>\n\n\n\n<p>Seja para estabelecer resid\u00eancia, explorar oportunidades no agroneg\u00f3cio ou conhecer o legado de <strong>Chico Xavier<\/strong>, <strong>Uberaba<\/strong> surpreende pela hospitalidade mineira e pelas oportunidades que oferece. Planeje sua visita ou mudan\u00e7a e descubra os encantos da \u201cCapital do Zebu\u201d.<\/p>\n\n\n\n<ul class=\"wp-block-list\">\n<li><strong>Agroneg\u00f3cio pujante<\/strong> com a maior feira de zebu do mundo e polo de fertilizantes<\/li>\n\n\n\n<li><strong>Educa\u00e7\u00e3o de qualidade<\/strong> com universidades federais e particulares reconhecidas nacionalmente<\/li>\n\n\n\n<li><strong>Patrim\u00f4nio cultural<\/strong> com legado de Chico Xavier e tradi\u00e7\u00f5es mineiras preservadas<\/li>\n<\/ul>\n","protected":false},"excerpt":{"rendered":"<p>Uberaba \u00e9 uma cidade hist\u00f3rica e pujante localizada no Tri\u00e2ngulo Mineiro, a cerca de 480 km de Belo Horizonte e 440 km de S\u00e3o Paulo. Conhecida como a \u201cCapital do Zebu\u201d e reconhecida por sua forte tradi\u00e7\u00e3o agropecu\u00e1ria e educa\u00e7\u00e3o superior de qualidade, Uberaba destaca-se pela economia diversificada e infraestrutura completa. Descubra por que morar [&hellip;]<\/p>\n","protected":false},"author":8,"featured_media":51651,"comment_status":"open","ping_status":"open","sticky":false,"template":"","format":"standard","meta":{"jnews-multi-image_gallery":[],"jnews_single_post":{"format":"standard"},"jnews_primary_category":[],"jnews_social_meta":[],"jnews_override_counter":[],"footnotes":""},"categories":[108,111],"post_tag":[388,247],"class_list":["post-138184","post","type-post","status-publish","format-standard","has-post-thumbnail","hentry","category-cidades","category-turismo","tag-minas-gerais","tag-qualidade-de-vida"],"yoast_head":"<!-- This site is optimized with the Yoast SEO plugin v24.6 - https:\/\/yoast.com\/wordpress\/plugins\/seo\/ -->\n<title>Essa cidade mineira conta com educa\u00e7\u00e3o superior de qualidade e \u00e9 refer\u00eancia no agroneg\u00f3cio - Correio Braziliense - Radar<\/title>\n<meta name=\"description\" content=\"Esta cidade mineira se destaca pela educa\u00e7\u00e3o superior de qualidade e por ser refer\u00eancia no agroneg\u00f3cio. Descubra o que a torna t\u00e3o admirada.\" \/>\n<meta name=\"robots\" content=\"index, follow, max-snippet:-1, max-image-preview:large, max-video-preview:-1\" \/>\n<link rel=\"canonical\" href=\"https:\/\/www.correiobraziliense.com.br\/cbradar\/essa-cidade-mineira-conta-com-educacao-superior-de-qualidade-e-e-referencia-no-agronegocio\/\" \/>\n<meta property=\"og:locale\" content=\"pt_BR\" \/>\n<meta property=\"og:type\" content=\"article\" \/>\n<meta property=\"og:title\" content=\"Essa cidade mineira conta com educa\u00e7\u00e3o superior de qualidade e \u00e9 refer\u00eancia no agroneg\u00f3cio - Correio Braziliense - Radar\" \/>\n<meta property=\"og:description\" content=\"Esta cidade mineira se destaca pela educa\u00e7\u00e3o superior de qualidade e por ser refer\u00eancia no agroneg\u00f3cio. Descubra o que a torna t\u00e3o admirada.\" \/>\n<meta property=\"og:url\" content=\"https:\/\/www.correiobraziliense.com.br\/cbradar\/essa-cidade-mineira-conta-com-educacao-superior-de-qualidade-e-e-referencia-no-agronegocio\/\" \/>\n<meta property=\"og:site_name\" content=\"Correio Braziliense - Radar\" \/>\n<meta property=\"article:published_time\" content=\"2025-11-16T17:05:00+00:00\" \/>\n<meta property=\"og:image\" content=\"https:\/\/www.correiobraziliense.com.br\/cbradar\/wp-content\/uploads\/2025\/06\/Uberaba_1749632617335.jpg\" \/>\n\t<meta property=\"og:image:width\" content=\"1280\" \/>\n\t<meta property=\"og:image:height\" content=\"720\" \/>\n\t<meta property=\"og:image:type\" content=\"image\/jpeg\" \/>\n<meta name=\"author\" content=\"Maura Pereira\" \/>\n<meta name=\"twitter:card\" content=\"summary_large_image\" \/>\n<meta name=\"twitter:label1\" content=\"Escrito por\" \/>\n\t<meta name=\"twitter:data1\" content=\"Maura Pereira\" \/>\n\t<meta name=\"twitter:label2\" content=\"Est. tempo de leitura\" \/>\n\t<meta name=\"twitter:data2\" content=\"7 minutos\" \/>\n<!-- \/ Yoast SEO plugin. -->","yoast_head_json":{"title":"Essa cidade mineira conta com educa\u00e7\u00e3o superior de qualidade e \u00e9 refer\u00eancia no agroneg\u00f3cio - Correio Braziliense - Radar","description":"Esta cidade mineira se destaca pela educa\u00e7\u00e3o superior de qualidade e por ser refer\u00eancia no agroneg\u00f3cio. Descubra o que a torna t\u00e3o admirada.","robots":{"index":"index","follow":"follow","max-snippet":"max-snippet:-1","max-image-preview":"max-image-preview:large","max-video-preview":"max-video-preview:-1"},"canonical":"https:\/\/www.correiobraziliense.com.br\/cbradar\/essa-cidade-mineira-conta-com-educacao-superior-de-qualidade-e-e-referencia-no-agronegocio\/","og_locale":"pt_BR","og_type":"article","og_title":"Essa cidade mineira conta com educa\u00e7\u00e3o superior de qualidade e \u00e9 refer\u00eancia no agroneg\u00f3cio - Correio Braziliense - Radar","og_description":"Esta cidade mineira se destaca pela educa\u00e7\u00e3o superior de qualidade e por ser refer\u00eancia no agroneg\u00f3cio. Descubra o que a torna t\u00e3o admirada.","og_url":"https:\/\/www.correiobraziliense.com.br\/cbradar\/essa-cidade-mineira-conta-com-educacao-superior-de-qualidade-e-e-referencia-no-agronegocio\/","og_site_name":"Correio Braziliense - Radar","article_published_time":"2025-11-16T17:05:00+00:00","og_image":[{"width":1280,"height":720,"url":"https:\/\/www.correiobraziliense.com.br\/cbradar\/wp-content\/uploads\/2025\/06\/Uberaba_1749632617335.jpg","type":"image\/jpeg"}],"author":"Maura Pereira","twitter_card":"summary_large_image","twitter_misc":{"Escrito por":"Maura Pereira","Est. tempo de leitura":"7 minutos"},"schema":{"@context":"https:\/\/schema.org","@graph":[{"@type":"WebPage","@id":"https:\/\/www.correiobraziliense.com.br\/cbradar\/essa-cidade-mineira-conta-com-educacao-superior-de-qualidade-e-e-referencia-no-agronegocio\/","url":"https:\/\/www.correiobraziliense.com.br\/cbradar\/essa-cidade-mineira-conta-com-educacao-superior-de-qualidade-e-e-referencia-no-agronegocio\/","name":"Essa cidade mineira conta com educa\u00e7\u00e3o superior de qualidade e \u00e9 refer\u00eancia no agroneg\u00f3cio - Correio Braziliense - Radar","isPartOf":{"@id":"https:\/\/www.correiobraziliense.com.br\/cbradar\/#website"},"primaryImageOfPage":{"@id":"https:\/\/www.correiobraziliense.com.br\/cbradar\/essa-cidade-mineira-conta-com-educacao-superior-de-qualidade-e-e-referencia-no-agronegocio\/#primaryimage"},"image":{"@id":"https:\/\/www.correiobraziliense.com.br\/cbradar\/essa-cidade-mineira-conta-com-educacao-superior-de-qualidade-e-e-referencia-no-agronegocio\/#primaryimage"},"thumbnailUrl":"https:\/\/www.correiobraziliense.com.br\/cbradar\/wp-content\/uploads\/2025\/06\/Uberaba_1749632617335.jpg","datePublished":"2025-11-16T17:05:00+00:00","author":{"@id":"https:\/\/www.correiobraziliense.com.br\/cbradar\/#\/schema\/person\/4053c651a9bfc785afc6f4cbc9032fd3"},"description":"Esta cidade mineira se destaca pela educa\u00e7\u00e3o superior de qualidade e por ser refer\u00eancia no agroneg\u00f3cio. Descubra o que a torna t\u00e3o admirada.","breadcrumb":{"@id":"https:\/\/www.correiobraziliense.com.br\/cbradar\/essa-cidade-mineira-conta-com-educacao-superior-de-qualidade-e-e-referencia-no-agronegocio\/#breadcrumb"},"inLanguage":"pt-BR","potentialAction":[{"@type":"ReadAction","target":["https:\/\/www.correiobraziliense.com.br\/cbradar\/essa-cidade-mineira-conta-com-educacao-superior-de-qualidade-e-e-referencia-no-agronegocio\/"]}]},{"@type":"ImageObject","inLanguage":"pt-BR","@id":"https:\/\/www.correiobraziliense.com.br\/cbradar\/essa-cidade-mineira-conta-com-educacao-superior-de-qualidade-e-e-referencia-no-agronegocio\/#primaryimage","url":"https:\/\/www.correiobraziliense.com.br\/cbradar\/wp-content\/uploads\/2025\/06\/Uberaba_1749632617335.jpg","contentUrl":"https:\/\/www.correiobraziliense.com.br\/cbradar\/wp-content\/uploads\/2025\/06\/Uberaba_1749632617335.jpg","width":1280,"height":720,"caption":"Uberaba \u00e9 refer\u00eancia em eventos agropecu\u00e1rios, turismo cultural e crescimento econ\u00f4mico sustent\u00e1vel. \/\/ Cr\u00e9ditos: depositphotos.com \/ paulobaqueta"},{"@type":"BreadcrumbList","@id":"https:\/\/www.correiobraziliense.com.br\/cbradar\/essa-cidade-mineira-conta-com-educacao-superior-de-qualidade-e-e-referencia-no-agronegocio\/#breadcrumb","itemListElement":[{"@type":"ListItem","position":1,"name":"In\u00edcio","item":"https:\/\/www.correiobraziliense.com.br\/cbradar\/"},{"@type":"ListItem","position":2,"name":"Essa cidade mineira conta com educa\u00e7\u00e3o superior de qualidade e \u00e9 refer\u00eancia no agroneg\u00f3cio"}]},{"@type":"WebSite","@id":"https:\/\/www.correiobraziliense.com.br\/cbradar\/#website","url":"https:\/\/www.correiobraziliense.com.br\/cbradar\/","name":"Correio Braziliense - Radar","description":"Acompanhe as \u00faltimas not\u00edcias e fique bem informado sobre tudo o que acontece no Brasil e no mundo.","potentialAction":[{"@type":"SearchAction","target":{"@type":"EntryPoint","urlTemplate":"https:\/\/www.correiobraziliense.com.br\/cbradar\/?s={search_term_string}"},"query-input":{"@type":"PropertyValueSpecification","valueRequired":true,"valueName":"search_term_string"}}],"inLanguage":"pt-BR"},{"@type":"Person","@id":"https:\/\/www.correiobraziliense.com.br\/cbradar\/#\/schema\/person\/4053c651a9bfc785afc6f4cbc9032fd3","name":"Maura Pereira","image":{"@type":"ImageObject","inLanguage":"pt-BR","@id":"https:\/\/www.correiobraziliense.com.br\/cbradar\/#\/schema\/person\/image\/","url":"https:\/\/secure.gravatar.com\/avatar\/3effd6bdadfa447f15089c7f7144eaa6?s=96&d=mm&r=g","contentUrl":"https:\/\/secure.gravatar.com\/avatar\/3effd6bdadfa447f15089c7f7144eaa6?s=96&d=mm&r=g","caption":"Maura Pereira"},"sameAs":["https:\/\/www.correiobraziliense.com.br\/"],"url":"https:\/\/www.correiobraziliense.com.br\/cbradar\/author\/mauramyth\/"}]}},"_links":{"self":[{"href":"https:\/\/www.correiobraziliense.com.br\/cbradar\/wp-json\/wp\/v2\/posts\/138184","targetHints":{"allow":["GET"]}}],"collection":[{"href":"https:\/\/www.correiobraziliense.com.br\/cbradar\/wp-json\/wp\/v2\/posts"}],"about":[{"href":"https:\/\/www.correiobraziliense.com.br\/cbradar\/wp-json\/wp\/v2\/types\/post"}],"author":[{"embeddable":true,"href":"https:\/\/www.correiobraziliense.com.br\/cbradar\/wp-json\/wp\/v2\/users\/8"}],"replies":[{"embeddable":true,"href":"https:\/\/www.correiobraziliense.com.br\/cbradar\/wp-json\/wp\/v2\/comments?post=138184"}],"version-history":[{"count":16,"href":"https:\/\/www.correiobraziliense.com.br\/cbradar\/wp-json\/wp\/v2\/posts\/138184\/revisions"}],"predecessor-version":[{"id":138304,"href":"https:\/\/www.correiobraziliense.com.br\/cbradar\/wp-json\/wp\/v2\/posts\/138184\/revisions\/138304"}],"wp:featuredmedia":[{"embeddable":true,"href":"https:\/\/www.correiobraziliense.com.br\/cbradar\/wp-json\/wp\/v2\/media\/51651"}],"wp:attachment":[{"href":"https:\/\/www.correiobraziliense.com.br\/cbradar\/wp-json\/wp\/v2\/media?parent=138184"}],"wp:term":[{"taxonomy":"category","embeddable":true,"href":"https:\/\/www.correiobraziliense.com.br\/cbradar\/wp-json\/wp\/v2\/categories?post=138184"},{"taxonomy":"post_tag","embeddable":true,"href":"https:\/\/www.correiobraziliense.com.br\/cbradar\/wp-json\/wp\/v2\/post_tag?post=138184"}],"curies":[{"name":"wp","href":"https:\/\/api.w.org\/{rel}","templated":true}]}}