{"id":138185,"date":"2025-11-16T19:15:00","date_gmt":"2025-11-16T22:15:00","guid":{"rendered":"https:\/\/www.correiobraziliense.com.br\/cbradar\/?p=138185"},"modified":"2025-11-16T00:57:43","modified_gmt":"2025-11-16T03:57:43","slug":"a-cidade-catarinense-com-forte-cultura-gaucha-e-qualidade-de-vida-elevada","status":"publish","type":"post","link":"https:\/\/www.correiobraziliense.com.br\/cbradar\/a-cidade-catarinense-com-forte-cultura-gaucha-e-qualidade-de-vida-elevada\/","title":{"rendered":"A cidade catarinense com forte cultura ga\u00facha e qualidade de vida elevada"},"content":{"rendered":"\n<p><strong>Lages<\/strong> \u00e9 uma cidade hist\u00f3rica e encantadora localizada na <strong>Serra Catarinense<\/strong>, a cerca de 220 km de <strong>Florian\u00f3polis<\/strong> e pr\u00f3xima a <strong>S\u00e3o Joaquim<\/strong> e <strong>Bom Jardim da Serra<\/strong>. Conhecida como a \u201cPrincesa da Serra\u201d e reconhecida por ser a capital nacional do turismo rural e pela tradi\u00e7\u00e3o pecuarista, <strong>Lages<\/strong> destaca-se pelas belezas naturais, clima de serra e forte cultura ga\u00facha. Venha descobrir por que morar em <strong>Lages<\/strong> \u00e9 uma escolha diferenciada para quem busca qualidade de vida, contato com a natureza e oportunidades no agroneg\u00f3cio.<\/p>\n\n\n\n<h2 class=\"wp-block-heading\">Por que morar em Lages?<\/h2>\n\n\n\n<p><strong>Lages<\/strong> apresenta boa qualidade de vida com <strong>IDH de 0,770<\/strong> <strong><a href=\"https:\/\/www.ibge.gov.br\/cidades-e-estados\/sc\/lages.html\" target=\"_blank\" rel=\"noreferrer noopener\">segundo o IBGE<\/a><\/strong>, consolidando-se como importante centro regional da <strong>Serra Catarinense<\/strong>. A economia local \u00e9 diversificada, com destaque para a pecu\u00e1ria de corte, ind\u00fastria madeireira, papel e celulose, al\u00e9m do crescente setor de turismo rural que atrai visitantes durante todo o ano.<\/p>\n\n\n\n<p>Com popula\u00e7\u00e3o de aproximadamente <strong>158.000 habitantes<\/strong> conforme o <strong>IBGE<\/strong>, <strong>Lages<\/strong> oferece infraestrutura completa em sa\u00fade, com hospitais regionais e cl\u00ednicas especializadas que atendem toda a regi\u00e3o serrana. A cidade possui institui\u00e7\u00f5es de ensino superior reconhecidas como a <strong>UNIPLAC<\/strong> e o <strong>IFSC Campus Lages<\/strong>, garantindo educa\u00e7\u00e3o de qualidade nas \u00e1reas de agronomia, veterin\u00e1ria e tecnologia, al\u00e9m de excelente rede de ensino b\u00e1sico.<\/p>\n\n\n<div class=\"wp-block-image\">\n<figure class=\"aligncenter size-large\"><img decoding=\"async\" width=\"1024\" height=\"576\" src=\"https:\/\/www.correiobraziliense.com.br\/cbradar\/wp-content\/uploads\/2025\/11\/Santos-Dumont-24-1-1024x576.png\" alt=\"Essa cidade da serra catarinense oferece clima frio e tranquilidade para viver bem\" class=\"wp-image-132922\" srcset=\"https:\/\/www.correiobraziliense.com.br\/cbradar\/wp-content\/uploads\/2025\/11\/Santos-Dumont-24-1-1024x576.png 1024w, https:\/\/www.correiobraziliense.com.br\/cbradar\/wp-content\/uploads\/2025\/11\/Santos-Dumont-24-1-300x169.png 300w, https:\/\/www.correiobraziliense.com.br\/cbradar\/wp-content\/uploads\/2025\/11\/Santos-Dumont-24-1-768x432.png 768w, https:\/\/www.correiobraziliense.com.br\/cbradar\/wp-content\/uploads\/2025\/11\/Santos-Dumont-24-1-750x422.png 750w, https:\/\/www.correiobraziliense.com.br\/cbradar\/wp-content\/uploads\/2025\/11\/Santos-Dumont-24-1-1140x641.png 1140w, https:\/\/www.correiobraziliense.com.br\/cbradar\/wp-content\/uploads\/2025\/11\/Santos-Dumont-24-1.png 1280w\" sizes=\"(max-width: 1024px) 100vw, 1024px\" \/><figcaption class=\"wp-element-caption\">O turismo rural em Lages permite vivenciar costumes locais, como cavalgadas e comidas t\u00edpicas. \/\/ Cr\u00e9ditos: YouTube @cav07<\/figcaption><\/figure><\/div>\n\n\n<h2 class=\"wp-block-heading\">Quais s\u00e3o os melhores bairros para morar em Lages?<\/h2>\n\n\n\n<p>Veja abaixo os bairros mais procurados e suas caracter\u00edsticas:<\/p>\n\n\n\n<ul class=\"wp-block-list\">\n<li><strong>Centro<\/strong>: Regi\u00e3o hist\u00f3rica preservada, com casar\u00f5es antigos, com\u00e9rcio diversificado e acesso facilitado a servi\u00e7os essenciais. Ideal para quem valoriza praticidade e proximidade de tudo no cora\u00e7\u00e3o da cidade.<\/li>\n\n\n\n<li><strong>Conta Dinheiro<\/strong>: Bairro nobre e arborizado, com casas de alto padr\u00e3o, ruas tranquilas e boa infraestrutura comercial. Perfeito para fam\u00edlias que buscam seguran\u00e7a e qualidade de vida em \u00e1rea valorizada.<\/li>\n\n\n\n<li><strong>S\u00e3o Crist\u00f3v\u00e3o<\/strong>: Regi\u00e3o residencial consolidada, pr\u00f3xima a escolas, supermercados e \u00e1reas de lazer. Combina tranquilidade com praticidade no dia a dia e valores acess\u00edveis de moradia.<\/li>\n\n\n\n<li><strong>Promorar<\/strong>: Bairro planejado com boa infraestrutura, parques e \u00e1reas verdes para lazer familiar. Atrai fam\u00edlias jovens que buscam espa\u00e7os amplos e comunidade acolhedora.<\/li>\n\n\n\n<li><strong>Brusque<\/strong>: \u00c1rea em crescimento com condom\u00ednios modernos e proximidade da zona rural. Oferece contato com a natureza sem perder o acesso \u00e0 infraestrutura urbana completa.<\/li>\n<\/ul>\n\n\n\n<h2 class=\"wp-block-heading\">Por que Lages \u00e9 a capital nacional do turismo rural?<\/h2>\n\n\n\n<p><strong>Lages<\/strong> consolidou-se como pioneira e principal destino de turismo rural do Brasil, oferecendo experi\u00eancias aut\u00eanticas de vida no campo atrav\u00e9s de suas fazendas hist\u00f3ricas. As propriedades rurais da regi\u00e3o abrem suas portas para visitantes conhecerem a rotina da pecu\u00e1ria, participarem de atividades como ordenha, cavalgadas e rodeios, al\u00e9m de degustarem a gastronomia campeira tradicional.<\/p>\n\n\n\n<p>A cidade desenvolveu um modelo de turismo sustent\u00e1vel que valoriza a cultura local e gera renda para produtores rurais. Segundo dados da <strong>Secretaria de Turismo de Lages<\/strong>, as fazendas recebem milhares de turistas anualmente, especialmente nos meses de inverno quando o clima frio e as paisagens serranas atraem visitantes de todo o Brasil. A tradi\u00e7\u00e3o ga\u00facha, presente nos costumes, na culin\u00e1ria e nas festividades, fortalece a identidade \u00fanica de <strong>Lages<\/strong> como destino tur\u00edstico diferenciado.<\/p>\n\n\n<div class=\"wp-block-image\">\n<figure class=\"aligncenter size-large\"><img decoding=\"async\" width=\"1024\" height=\"576\" src=\"https:\/\/www.correiobraziliense.com.br\/cbradar\/wp-content\/uploads\/2025\/11\/Santos-Dumont-21-1-1024x576.png\" alt=\"\" class=\"wp-image-132918\" srcset=\"https:\/\/www.correiobraziliense.com.br\/cbradar\/wp-content\/uploads\/2025\/11\/Santos-Dumont-21-1-1024x576.png 1024w, https:\/\/www.correiobraziliense.com.br\/cbradar\/wp-content\/uploads\/2025\/11\/Santos-Dumont-21-1-300x169.png 300w, https:\/\/www.correiobraziliense.com.br\/cbradar\/wp-content\/uploads\/2025\/11\/Santos-Dumont-21-1-768x432.png 768w, https:\/\/www.correiobraziliense.com.br\/cbradar\/wp-content\/uploads\/2025\/11\/Santos-Dumont-21-1-750x422.png 750w, https:\/\/www.correiobraziliense.com.br\/cbradar\/wp-content\/uploads\/2025\/11\/Santos-Dumont-21-1-1140x641.png 1140w, https:\/\/www.correiobraziliense.com.br\/cbradar\/wp-content\/uploads\/2025\/11\/Santos-Dumont-21-1.png 1280w\" sizes=\"(max-width: 1024px) 100vw, 1024px\" \/><figcaption class=\"wp-element-caption\">Lages \u00e9 a maior cidade da Serra Catarinense, em Santa Catarina, famosa pelo turismo rural. \/\/ Cr\u00e9ditos: Wikip\u00e9dia<\/figcaption><\/figure><\/div>\n\n\n<h2 class=\"wp-block-heading\">A neve que encanta a Serra Catarinense<\/h2>\n\n\n\n<p>Embora <strong>Lages<\/strong> esteja localizada em altitude menor que as cidades mais altas da regi\u00e3o, a cidade serve como porta de entrada para os cen\u00e1rios de inverno rigoroso da <strong>Serra Catarinense<\/strong>. Em anos de frentes frias intensas, <strong>Lages<\/strong> pode registrar geadas fortes e temperaturas pr\u00f3ximas a zero, criando paisagens encantadoras com a vegeta\u00e7\u00e3o coberta de gelo.<\/p>\n\n\n\n<p>A proximidade com <strong>S\u00e3o Joaquim<\/strong> e os campos de altitude faz de <strong>Lages<\/strong> base estrat\u00e9gica para quem busca vivenciar o inverno rigoroso do sul do Brasil. Durante os meses mais frios, entre junho e agosto, a regi\u00e3o atrai turistas que buscam a experi\u00eancia \u00fanica de sentir temperaturas negativas, apreciar a natureza com geada e, em anos excepcionais, presenciar a rara neve que transforma a paisagem serrana em cen\u00e1rio de conto de fadas.<\/p>\n\n\n\n<h2 class=\"wp-block-heading\">Como \u00e9 a vida cultural em Lages?<\/h2>\n\n\n\n<p>A vida cultural em <strong>Lages<\/strong> \u00e9 marcada pela forte tradi\u00e7\u00e3o ga\u00facha e pela valoriza\u00e7\u00e3o das ra\u00edzes serranas. O <strong>Centro de Cultura e Eventos Dide Brand\u00e3o<\/strong> abriga apresenta\u00e7\u00f5es de teatro, m\u00fasica regionalista e festivais folcl\u00f3ricos, enquanto o <strong>Museu Thiago de Castro<\/strong> preserva importantes acervos hist\u00f3ricos sobre a coloniza\u00e7\u00e3o e desenvolvimento da regi\u00e3o.<\/p>\n\n\n\n<p>A gastronomia lageana valoriza os sabores do campo, com destaque para o churrasco tradicional, pinhas no inverno, quirera e pratos t\u00edpicos da culin\u00e1ria serrana. Eventos como a <strong>Festa Nacional do Pinh\u00e3o<\/strong>, o <strong>Rodeio Crioulo Nacional<\/strong> e a <strong>Cavalgada da Integra\u00e7\u00e3o<\/strong> movimentam a cidade, celebrando as tradi\u00e7\u00f5es campeiras e atraindo visitantes que buscam vivenciar a aut\u00eantica cultura ga\u00facha catarinense.<\/p>\n\n\n<div class=\"wp-block-image\">\n<figure class=\"aligncenter size-large\"><img decoding=\"async\" width=\"1024\" height=\"576\" src=\"https:\/\/www.correiobraziliense.com.br\/cbradar\/wp-content\/uploads\/2025\/11\/Santos-Dumont-22-1-1024x576.png\" alt=\"Essa cidade da serra catarinense oferece clima frio e tranquilidade para viver bem\" class=\"wp-image-132917\" srcset=\"https:\/\/www.correiobraziliense.com.br\/cbradar\/wp-content\/uploads\/2025\/11\/Santos-Dumont-22-1-1024x576.png 1024w, https:\/\/www.correiobraziliense.com.br\/cbradar\/wp-content\/uploads\/2025\/11\/Santos-Dumont-22-1-300x169.png 300w, https:\/\/www.correiobraziliense.com.br\/cbradar\/wp-content\/uploads\/2025\/11\/Santos-Dumont-22-1-768x432.png 768w, https:\/\/www.correiobraziliense.com.br\/cbradar\/wp-content\/uploads\/2025\/11\/Santos-Dumont-22-1-750x422.png 750w, https:\/\/www.correiobraziliense.com.br\/cbradar\/wp-content\/uploads\/2025\/11\/Santos-Dumont-22-1-1140x641.png 1140w, https:\/\/www.correiobraziliense.com.br\/cbradar\/wp-content\/uploads\/2025\/11\/Santos-Dumont-22-1.png 1280w\" sizes=\"(max-width: 1024px) 100vw, 1024px\" \/><figcaption class=\"wp-element-caption\">Em Lages, a natureza, as fazendas hist\u00f3ricas e o frio serrano criam um cen\u00e1rio acolhedor e r\u00fastico. \/\/ Cr\u00e9ditos: Wikip\u00e9dia<\/figcaption><\/figure><\/div>\n\n\n<h2 class=\"wp-block-heading\">Melhor \u00e9poca para visitar Lages<\/h2>\n\n\n\n<p><strong>Lages<\/strong> possui clima subtropical de altitude com temperatura m\u00e9dia anual de <strong>16\u202f\u00b0C<\/strong> <a href=\"https:\/\/www.climatempo.com.br\/previsao-do-tempo\/cidade\/382\/lages-sc\" target=\"_blank\" rel=\"noreferrer noopener\"><strong>segundo o<\/strong> <strong>Climatempo<\/strong><\/a>, sendo uma das cidades mais frias de <strong>Santa Catarina<\/strong>. Os meses de inverno, entre junho e agosto, s\u00e3o os mais procurados para turismo, com temperaturas que podem chegar a valores negativos e paisagens t\u00edpicas de clima frio.<\/p>\n\n\n\n<p>Veja abaixo o resumo das esta\u00e7\u00f5es e atividades recomendadas:<\/p>\n\n\n\n<figure class=\"wp-block-table\"><table class=\"has-fixed-layout\"><thead><tr><th>Per\u00edodo<\/th><th>Temperatura m\u00e9dia<\/th><th>Clima<\/th><th>Atividades recomendadas<\/th><\/tr><\/thead><tbody><tr><td><strong>Dezembro a Fevereiro<\/strong><\/td><td>18\u00b0C a 26\u00b0C<\/td><td>Quente e \u00famido com chuvas ocasionais<\/td><td>Turismo rural, cavalgadas, ecoturismo<\/td><\/tr><tr><td><strong>Mar\u00e7o a Maio<\/strong><\/td><td>12\u00b0C a 21\u00b0C<\/td><td>Ameno com noites frias<\/td><td>Festa do Pinh\u00e3o, gastronomia serrana, fazendas hist\u00f3ricas<\/td><\/tr><tr><td><strong>Junho a Agosto<\/strong><\/td><td>6\u00b0C a 16\u00b0C<\/td><td>Frio intenso com geadas frequentes<\/td><td>Experi\u00eancia de inverno rigoroso, rodeios, turismo de inverno<\/td><\/tr><tr><td><strong>Setembro a Novembro<\/strong><\/td><td>12\u00b0C a 22\u00b0C<\/td><td>Clima agrad\u00e1vel e primavera<\/td><td>Cavalgada da Integra\u00e7\u00e3o, passeios pela natureza<\/td><\/tr><\/tbody><\/table><\/figure>\n\n\n\n<p><strong>Leia tamb\u00e9m: <a href=\"https:\/\/www.correiobraziliense.com.br\/cbradar\/a-cidade-de-minas-que-cresce-sem-parar-e-atrai-cada-vez-mais-moradores\/\" target=\"_blank\" rel=\"noreferrer noopener\">A cidade de Minas que cresce sem parar e atrai cada vez mais moradores.<\/a><\/strong><\/p>\n\n\n\n<h2 class=\"wp-block-heading\">Vivencie Lages<\/h2>\n\n\n\n<p><strong>Lages<\/strong> \u00e9 uma cidade que combina tradi\u00e7\u00e3o campeira, natureza exuberante e desenvolvimento econ\u00f4mico sustent\u00e1vel. Com clima \u00fanico no sul do Brasil, turismo rural pioneiro, cultura ga\u00facha preservada e qualidade de vida elevada, a cidade oferece ambiente diferenciado para residir, investir ou conhecer as belezas da <strong>Serra Catarinense<\/strong>.<\/p>\n\n\n\n<p>Seja para estabelecer resid\u00eancia, explorar oportunidades no agroneg\u00f3cio ou vivenciar a aut\u00eantica experi\u00eancia do campo brasileiro, <strong>Lages<\/strong> surpreende pela hospitalidade serrana e pelos cen\u00e1rios naturais incompar\u00e1veis. Planeje sua visita ou mudan\u00e7a e descubra os encantos da &#8220;Princesa da Serra&#8221;:<\/p>\n\n\n\n<ul class=\"wp-block-list\">\n<li><strong>Turismo rural aut\u00eantico<\/strong> com fazendas hist\u00f3ricas e experi\u00eancias de vida no campo<\/li>\n\n\n\n<li><strong>Clima de serra<\/strong> com inverno rigoroso, geadas frequentes e paisagens encantadoras<\/li>\n\n\n\n<li><strong>Tradi\u00e7\u00e3o ga\u00facha<\/strong> preservada em eventos culturais, gastronomia e festividades regionais<\/li>\n<\/ul>\n","protected":false},"excerpt":{"rendered":"<p>Lages \u00e9 uma cidade hist\u00f3rica e encantadora localizada na Serra Catarinense, a cerca de 220 km de Florian\u00f3polis e pr\u00f3xima a S\u00e3o Joaquim e Bom Jardim da Serra. Conhecida como a \u201cPrincesa da Serra\u201d e reconhecida por ser a capital nacional do turismo rural e pela tradi\u00e7\u00e3o pecuarista, Lages destaca-se pelas belezas naturais, clima de [&hellip;]<\/p>\n","protected":false},"author":8,"featured_media":132923,"comment_status":"open","ping_status":"open","sticky":false,"template":"","format":"standard","meta":{"jnews-multi-image_gallery":[],"jnews_single_post":{"format":"standard"},"jnews_primary_category":[],"jnews_social_meta":[],"jnews_override_counter":[],"footnotes":""},"categories":[108,111],"post_tag":[11451,247,851],"class_list":["post-138185","post","type-post","status-publish","format-standard","has-post-thumbnail","hentry","category-cidades","category-turismo","tag-lages","tag-qualidade-de-vida","tag-santa-catarina"],"yoast_head":"<!-- This site is optimized with the Yoast SEO plugin v24.6 - https:\/\/yoast.com\/wordpress\/plugins\/seo\/ -->\n<title>A cidade catarinense com forte cultura ga\u00facha e qualidade de vida elevada - Correio Braziliense - Radar<\/title>\n<meta name=\"description\" content=\"Esta cidade catarinense surpreende pela forte cultura ga\u00facha e pela excelente qualidade de vida. Veja como ela atra\u00ed tantos admiradores.\" \/>\n<meta name=\"robots\" content=\"index, follow, max-snippet:-1, max-image-preview:large, max-video-preview:-1\" \/>\n<link rel=\"canonical\" href=\"https:\/\/www.correiobraziliense.com.br\/cbradar\/a-cidade-catarinense-com-forte-cultura-gaucha-e-qualidade-de-vida-elevada\/\" \/>\n<meta property=\"og:locale\" content=\"pt_BR\" \/>\n<meta property=\"og:type\" content=\"article\" \/>\n<meta property=\"og:title\" content=\"A cidade catarinense com forte cultura ga\u00facha e qualidade de vida elevada - Correio Braziliense - Radar\" \/>\n<meta property=\"og:description\" content=\"Esta cidade catarinense surpreende pela forte cultura ga\u00facha e pela excelente qualidade de vida. Veja como ela atra\u00ed tantos admiradores.\" \/>\n<meta property=\"og:url\" content=\"https:\/\/www.correiobraziliense.com.br\/cbradar\/a-cidade-catarinense-com-forte-cultura-gaucha-e-qualidade-de-vida-elevada\/\" \/>\n<meta property=\"og:site_name\" content=\"Correio Braziliense - Radar\" \/>\n<meta property=\"article:published_time\" content=\"2025-11-16T22:15:00+00:00\" \/>\n<meta property=\"og:image\" content=\"https:\/\/www.correiobraziliense.com.br\/cbradar\/wp-content\/uploads\/2025\/11\/Santos-Dumont-23-1.png\" \/>\n\t<meta property=\"og:image:width\" content=\"1280\" \/>\n\t<meta property=\"og:image:height\" content=\"720\" \/>\n\t<meta property=\"og:image:type\" content=\"image\/png\" \/>\n<meta name=\"author\" content=\"Maura Pereira\" \/>\n<meta name=\"twitter:card\" content=\"summary_large_image\" \/>\n<meta name=\"twitter:label1\" content=\"Escrito por\" \/>\n\t<meta name=\"twitter:data1\" content=\"Maura Pereira\" \/>\n\t<meta name=\"twitter:label2\" content=\"Est. tempo de leitura\" \/>\n\t<meta name=\"twitter:data2\" content=\"7 minutos\" \/>\n<!-- \/ Yoast SEO plugin. -->","yoast_head_json":{"title":"A cidade catarinense com forte cultura ga\u00facha e qualidade de vida elevada - Correio Braziliense - Radar","description":"Esta cidade catarinense surpreende pela forte cultura ga\u00facha e pela excelente qualidade de vida. Veja como ela atra\u00ed tantos admiradores.","robots":{"index":"index","follow":"follow","max-snippet":"max-snippet:-1","max-image-preview":"max-image-preview:large","max-video-preview":"max-video-preview:-1"},"canonical":"https:\/\/www.correiobraziliense.com.br\/cbradar\/a-cidade-catarinense-com-forte-cultura-gaucha-e-qualidade-de-vida-elevada\/","og_locale":"pt_BR","og_type":"article","og_title":"A cidade catarinense com forte cultura ga\u00facha e qualidade de vida elevada - Correio Braziliense - Radar","og_description":"Esta cidade catarinense surpreende pela forte cultura ga\u00facha e pela excelente qualidade de vida. Veja como ela atra\u00ed tantos admiradores.","og_url":"https:\/\/www.correiobraziliense.com.br\/cbradar\/a-cidade-catarinense-com-forte-cultura-gaucha-e-qualidade-de-vida-elevada\/","og_site_name":"Correio Braziliense - Radar","article_published_time":"2025-11-16T22:15:00+00:00","og_image":[{"width":1280,"height":720,"url":"https:\/\/www.correiobraziliense.com.br\/cbradar\/wp-content\/uploads\/2025\/11\/Santos-Dumont-23-1.png","type":"image\/png"}],"author":"Maura Pereira","twitter_card":"summary_large_image","twitter_misc":{"Escrito por":"Maura Pereira","Est. tempo de leitura":"7 minutos"},"schema":{"@context":"https:\/\/schema.org","@graph":[{"@type":"WebPage","@id":"https:\/\/www.correiobraziliense.com.br\/cbradar\/a-cidade-catarinense-com-forte-cultura-gaucha-e-qualidade-de-vida-elevada\/","url":"https:\/\/www.correiobraziliense.com.br\/cbradar\/a-cidade-catarinense-com-forte-cultura-gaucha-e-qualidade-de-vida-elevada\/","name":"A cidade catarinense com forte cultura ga\u00facha e qualidade de vida elevada - Correio Braziliense - Radar","isPartOf":{"@id":"https:\/\/www.correiobraziliense.com.br\/cbradar\/#website"},"primaryImageOfPage":{"@id":"https:\/\/www.correiobraziliense.com.br\/cbradar\/a-cidade-catarinense-com-forte-cultura-gaucha-e-qualidade-de-vida-elevada\/#primaryimage"},"image":{"@id":"https:\/\/www.correiobraziliense.com.br\/cbradar\/a-cidade-catarinense-com-forte-cultura-gaucha-e-qualidade-de-vida-elevada\/#primaryimage"},"thumbnailUrl":"https:\/\/www.correiobraziliense.com.br\/cbradar\/wp-content\/uploads\/2025\/11\/Santos-Dumont-23-1.png","datePublished":"2025-11-16T22:15:00+00:00","author":{"@id":"https:\/\/www.correiobraziliense.com.br\/cbradar\/#\/schema\/person\/4053c651a9bfc785afc6f4cbc9032fd3"},"description":"Esta cidade catarinense surpreende pela forte cultura ga\u00facha e pela excelente qualidade de vida. Veja como ela atra\u00ed tantos admiradores.","breadcrumb":{"@id":"https:\/\/www.correiobraziliense.com.br\/cbradar\/a-cidade-catarinense-com-forte-cultura-gaucha-e-qualidade-de-vida-elevada\/#breadcrumb"},"inLanguage":"pt-BR","potentialAction":[{"@type":"ReadAction","target":["https:\/\/www.correiobraziliense.com.br\/cbradar\/a-cidade-catarinense-com-forte-cultura-gaucha-e-qualidade-de-vida-elevada\/"]}]},{"@type":"ImageObject","inLanguage":"pt-BR","@id":"https:\/\/www.correiobraziliense.com.br\/cbradar\/a-cidade-catarinense-com-forte-cultura-gaucha-e-qualidade-de-vida-elevada\/#primaryimage","url":"https:\/\/www.correiobraziliense.com.br\/cbradar\/wp-content\/uploads\/2025\/11\/Santos-Dumont-23-1.png","contentUrl":"https:\/\/www.correiobraziliense.com.br\/cbradar\/wp-content\/uploads\/2025\/11\/Santos-Dumont-23-1.png","width":1280,"height":720,"caption":"Lages destaca-se pela Festa Nacional do Pinh\u00e3o, atraindo turistas para eventos gastron\u00f4micos. \/\/ Cr\u00e9ditos: YouTube @cav07"},{"@type":"BreadcrumbList","@id":"https:\/\/www.correiobraziliense.com.br\/cbradar\/a-cidade-catarinense-com-forte-cultura-gaucha-e-qualidade-de-vida-elevada\/#breadcrumb","itemListElement":[{"@type":"ListItem","position":1,"name":"In\u00edcio","item":"https:\/\/www.correiobraziliense.com.br\/cbradar\/"},{"@type":"ListItem","position":2,"name":"A cidade catarinense com forte cultura ga\u00facha e qualidade de vida elevada"}]},{"@type":"WebSite","@id":"https:\/\/www.correiobraziliense.com.br\/cbradar\/#website","url":"https:\/\/www.correiobraziliense.com.br\/cbradar\/","name":"Correio Braziliense - Radar","description":"Acompanhe as \u00faltimas not\u00edcias e fique bem informado sobre tudo o que acontece no Brasil e no mundo.","potentialAction":[{"@type":"SearchAction","target":{"@type":"EntryPoint","urlTemplate":"https:\/\/www.correiobraziliense.com.br\/cbradar\/?s={search_term_string}"},"query-input":{"@type":"PropertyValueSpecification","valueRequired":true,"valueName":"search_term_string"}}],"inLanguage":"pt-BR"},{"@type":"Person","@id":"https:\/\/www.correiobraziliense.com.br\/cbradar\/#\/schema\/person\/4053c651a9bfc785afc6f4cbc9032fd3","name":"Maura Pereira","image":{"@type":"ImageObject","inLanguage":"pt-BR","@id":"https:\/\/www.correiobraziliense.com.br\/cbradar\/#\/schema\/person\/image\/","url":"https:\/\/secure.gravatar.com\/avatar\/3effd6bdadfa447f15089c7f7144eaa6?s=96&d=mm&r=g","contentUrl":"https:\/\/secure.gravatar.com\/avatar\/3effd6bdadfa447f15089c7f7144eaa6?s=96&d=mm&r=g","caption":"Maura Pereira"},"sameAs":["https:\/\/www.correiobraziliense.com.br\/"],"url":"https:\/\/www.correiobraziliense.com.br\/cbradar\/author\/mauramyth\/"}]}},"_links":{"self":[{"href":"https:\/\/www.correiobraziliense.com.br\/cbradar\/wp-json\/wp\/v2\/posts\/138185","targetHints":{"allow":["GET"]}}],"collection":[{"href":"https:\/\/www.correiobraziliense.com.br\/cbradar\/wp-json\/wp\/v2\/posts"}],"about":[{"href":"https:\/\/www.correiobraziliense.com.br\/cbradar\/wp-json\/wp\/v2\/types\/post"}],"author":[{"embeddable":true,"href":"https:\/\/www.correiobraziliense.com.br\/cbradar\/wp-json\/wp\/v2\/users\/8"}],"replies":[{"embeddable":true,"href":"https:\/\/www.correiobraziliense.com.br\/cbradar\/wp-json\/wp\/v2\/comments?post=138185"}],"version-history":[{"count":11,"href":"https:\/\/www.correiobraziliense.com.br\/cbradar\/wp-json\/wp\/v2\/posts\/138185\/revisions"}],"predecessor-version":[{"id":138312,"href":"https:\/\/www.correiobraziliense.com.br\/cbradar\/wp-json\/wp\/v2\/posts\/138185\/revisions\/138312"}],"wp:featuredmedia":[{"embeddable":true,"href":"https:\/\/www.correiobraziliense.com.br\/cbradar\/wp-json\/wp\/v2\/media\/132923"}],"wp:attachment":[{"href":"https:\/\/www.correiobraziliense.com.br\/cbradar\/wp-json\/wp\/v2\/media?parent=138185"}],"wp:term":[{"taxonomy":"category","embeddable":true,"href":"https:\/\/www.correiobraziliense.com.br\/cbradar\/wp-json\/wp\/v2\/categories?post=138185"},{"taxonomy":"post_tag","embeddable":true,"href":"https:\/\/www.correiobraziliense.com.br\/cbradar\/wp-json\/wp\/v2\/post_tag?post=138185"}],"curies":[{"name":"wp","href":"https:\/\/api.w.org\/{rel}","templated":true}]}}