{"id":13835,"date":"2025-03-20T12:50:00","date_gmt":"2025-03-20T15:50:00","guid":{"rendered":"https:\/\/www.correiobraziliense.com.br\/cbradar\/?p=13835"},"modified":"2025-03-19T21:37:43","modified_gmt":"2025-03-20T00:37:43","slug":"afinal-quais-os-beneficios-do-botox-capilar","status":"publish","type":"post","link":"https:\/\/www.correiobraziliense.com.br\/cbradar\/afinal-quais-os-beneficios-do-botox-capilar\/","title":{"rendered":"Afinal, quais os benef\u00edcios do botox capilar?"},"content":{"rendered":"\n<p>O Botox Capilar \u00e9 um tratamento capilar que visa melhorar a sa\u00fade e a apar\u00eancia dos cabelos. Diferente do Botox facial, que utiliza toxina botul\u00ednica, o Botox Capilar \u00e9 composto por uma combina\u00e7\u00e3o de vitaminas, amino\u00e1cidos e queratina. Este tratamento \u00e9 projetado para restaurar e regenerar os fios danificados, proporcionando hidrata\u00e7\u00e3o profunda, redu\u00e7\u00e3o do frizz, e aumento da maciez e brilho dos cabelos.<\/p>\n\n\n\n<p>O nome &#8220;Botox Capilar&#8221; \u00e9 uma analogia ao efeito de rejuvenescimento e embelezamento que o tratamento oferece aos fios, semelhante ao que o Botox est\u00e9tico faz para a pele. \u00c9 uma solu\u00e7\u00e3o popular para quem busca cabelos mais saud\u00e1veis e com apar\u00eancia rejuvenescida, mas deve ser realizado sob a orienta\u00e7\u00e3o de um profissional para evitar danos.<\/p>\n\n\n\n<h2 class=\"wp-block-heading\">Quem pode se beneficiar do Botox Capilar?<\/h2>\n\n\n\n<p>O Botox Capilar \u00e9 indicado para todos os tipos de cabelo, sejam eles lisos, ondulados, cacheados ou crespos. No entanto, \u00e9 importante que o couro cabeludo esteja saud\u00e1vel, sem les\u00f5es, feridas ou alergias, antes de realizar o tratamento. Al\u00e9m disso, \u00e9 essencial que o procedimento seja feito por um profissional qualificado, especialmente em cabelos que j\u00e1 passaram por processos qu\u00edmicos agressivos, para evitar danos adicionais.<\/p>\n\n\n\n<figure class=\"wp-block-image size-large\"><img decoding=\"async\" width=\"1024\" height=\"576\" src=\"https:\/\/www.correiobraziliense.com.br\/cbradar\/wp-content\/uploads\/2025\/03\/cabelos-_1742390036100-1024x576.jpg\" alt=\"Botox Capilar: A Solu\u00e7\u00e3o Para Cabelos Danificados e Sem Vida\" class=\"wp-image-13843\" srcset=\"https:\/\/www.correiobraziliense.com.br\/cbradar\/wp-content\/uploads\/2025\/03\/cabelos-_1742390036100-1024x576.jpg 1024w, https:\/\/www.correiobraziliense.com.br\/cbradar\/wp-content\/uploads\/2025\/03\/cabelos-_1742390036100-300x169.jpg 300w, https:\/\/www.correiobraziliense.com.br\/cbradar\/wp-content\/uploads\/2025\/03\/cabelos-_1742390036100-768x432.jpg 768w, https:\/\/www.correiobraziliense.com.br\/cbradar\/wp-content\/uploads\/2025\/03\/cabelos-_1742390036100-750x422.jpg 750w, https:\/\/www.correiobraziliense.com.br\/cbradar\/wp-content\/uploads\/2025\/03\/cabelos-_1742390036100-1140x642.jpg 1140w, https:\/\/www.correiobraziliense.com.br\/cbradar\/wp-content\/uploads\/2025\/03\/cabelos-_1742390036100.jpg 1279w\" sizes=\"(max-width: 1024px) 100vw, 1024px\" \/><figcaption class=\"wp-element-caption\">cabelos.Cr\u00e9ditos: depositphotos.com \/ Subbotina<\/figcaption><\/figure>\n\n\n\n<h2 class=\"wp-block-heading\">Como \u00e9 realizado o tratamento de Botox Capilar?<\/h2>\n\n\n\n<p>O processo de aplica\u00e7\u00e3o do Botox Capilar come\u00e7a com a lavagem dos cabelos usando um xampu espec\u00edfico para remover impurezas. Em seguida, o produto \u00e9 aplicado mecha por mecha, com uma massagem suave para garantir que os ativos penetrem adequadamente nos fios. Ap\u00f3s a aplica\u00e7\u00e3o, o cabelo repousa por alguns minutos antes de ser finalizado com uma escova ou selagem com chapinha, o que ajuda a potencializar os resultados.<\/p>\n\n\n\n<h2 class=\"wp-block-heading\">\u00c9 poss\u00edvel fazer Botox Capilar em casa?<\/h2>\n\n\n\n<p>Embora o ideal seja realizar o Botox Capilar com um profissional, \u00e9 poss\u00edvel faz\u00ea-lo em casa com cautela. Para isso, \u00e9 importante seguir rigorosamente as instru\u00e7\u00f5es do produto. O procedimento caseiro come\u00e7a com a lavagem dos cabelos com um xampu antirres\u00edduos e a secagem parcial dos fios. O produto deve ser aplicado uniformemente, mecha por mecha, e deixado agir conforme o tempo indicado pelo fabricante. Ap\u00f3s o tempo de a\u00e7\u00e3o, os cabelos devem ser enxaguados e finalizados com uma escova modeladora.<\/p>\n\n\n\n<h2 class=\"wp-block-heading\">Quais cuidados s\u00e3o necess\u00e1rios ap\u00f3s o Botox Capilar?<\/h2>\n\n\n\n<p>Para manter os resultados do Botox Capilar, \u00e9 importante adotar alguns cuidados di\u00e1rios. Recomenda-se hidratar regularmente os fios, evitar lavar o cabelo com frequ\u00eancia excessiva e n\u00e3o usar produtos agressivos. Al\u00e9m disso, deve-se evitar a exposi\u00e7\u00e3o prolongada ao sol e ao contato com \u00e1gua do mar ou piscina, pois esses fatores podem comprometer a durabilidade do tratamento.<\/p>\n\n\n\n<h2 class=\"wp-block-heading\">Qual \u00e9 a dura\u00e7\u00e3o do efeito do Botox Capilar?<\/h2>\n\n\n\n<p>O efeito do Botox Capilar pode durar entre 2 e 3 meses, dependendo de fatores como a porosidade do cabelo, o tipo de fio e os cuidados p\u00f3s-procedimento. Com o tempo, os fios tendem a retornar ao seu estado natural, sendo necess\u00e1rio repetir o tratamento para manter os resultados desejados.<\/p>\n","protected":false},"excerpt":{"rendered":"<p>Descubra o Botox Capilar, um tratamento que restaura e regenera cabelos danificados. Saiba como \u00e9 feito e seus benef\u00edcios.<\/p>\n","protected":false},"author":3,"featured_media":13838,"comment_status":"open","ping_status":"open","sticky":false,"template":"","format":"standard","meta":{"_yoast_wpseo_focuskw":"botox capilar","_yoast_wpseo_title":"%%title%%","_yoast_wpseo_metadesc":"Descubra o Botox Capilar, um tratamento que restaura e regenera cabelos danificados. Saiba como \u00e9 feito e seus benef\u00edcios.","jnews-multi-image_gallery":[],"jnews_single_post":{"format":"standard"},"jnews_primary_category":[],"jnews_social_meta":[],"jnews_override_counter":[],"footnotes":""},"categories":[112],"tags":[2169],"class_list":["post-13835","post","type-post","status-publish","format-standard","has-post-thumbnail","hentry","category-curiosidades","tag-botox-capilar"],"yoast_head":"<!-- This site is optimized with the Yoast SEO plugin v24.6 - https:\/\/yoast.com\/wordpress\/plugins\/seo\/ -->\n<title>Afinal, quais os benef\u00edcios do botox capilar?<\/title>\n<meta name=\"description\" content=\"Descubra o Botox Capilar, um tratamento que restaura e regenera cabelos danificados. Saiba como \u00e9 feito e seus benef\u00edcios.\" \/>\n<meta name=\"robots\" content=\"index, follow, max-snippet:-1, max-image-preview:large, max-video-preview:-1\" \/>\n<link rel=\"canonical\" href=\"https:\/\/www.correiobraziliense.com.br\/cbradar\/afinal-quais-os-beneficios-do-botox-capilar\/\" \/>\n<meta property=\"og:locale\" content=\"pt_BR\" \/>\n<meta property=\"og:type\" content=\"article\" \/>\n<meta property=\"og:title\" content=\"Afinal, quais os benef\u00edcios do botox capilar?\" \/>\n<meta property=\"og:description\" content=\"Descubra o Botox Capilar, um tratamento que restaura e regenera cabelos danificados. Saiba como \u00e9 feito e seus benef\u00edcios.\" \/>\n<meta property=\"og:url\" content=\"https:\/\/www.correiobraziliense.com.br\/cbradar\/afinal-quais-os-beneficios-do-botox-capilar\/\" \/>\n<meta property=\"og:site_name\" content=\"Correio Braziliense - Radar\" \/>\n<meta property=\"article:published_time\" content=\"2025-03-20T15:50:00+00:00\" \/>\n<meta property=\"og:image\" content=\"https:\/\/www.correiobraziliense.com.br\/cbradar\/wp-content\/uploads\/2025\/03\/cabelos-_1742389822999.jpg\" \/>\n\t<meta property=\"og:image:width\" content=\"1280\" \/>\n\t<meta property=\"og:image:height\" content=\"720\" \/>\n\t<meta property=\"og:image:type\" content=\"image\/jpeg\" \/>\n<meta name=\"author\" content=\"Larissa Carvalho\" \/>\n<meta name=\"twitter:card\" content=\"summary_large_image\" \/>\n<meta name=\"twitter:label1\" content=\"Escrito por\" \/>\n\t<meta name=\"twitter:data1\" content=\"Larissa Carvalho\" \/>\n\t<meta name=\"twitter:label2\" content=\"Est. tempo de leitura\" \/>\n\t<meta name=\"twitter:data2\" content=\"4 minutos\" \/>\n<!-- \/ Yoast SEO plugin. -->","yoast_head_json":{"title":"Afinal, quais os benef\u00edcios do botox capilar?","description":"Descubra o Botox Capilar, um tratamento que restaura e regenera cabelos danificados. Saiba como \u00e9 feito e seus benef\u00edcios.","robots":{"index":"index","follow":"follow","max-snippet":"max-snippet:-1","max-image-preview":"max-image-preview:large","max-video-preview":"max-video-preview:-1"},"canonical":"https:\/\/www.correiobraziliense.com.br\/cbradar\/afinal-quais-os-beneficios-do-botox-capilar\/","og_locale":"pt_BR","og_type":"article","og_title":"Afinal, quais os benef\u00edcios do botox capilar?","og_description":"Descubra o Botox Capilar, um tratamento que restaura e regenera cabelos danificados. Saiba como \u00e9 feito e seus benef\u00edcios.","og_url":"https:\/\/www.correiobraziliense.com.br\/cbradar\/afinal-quais-os-beneficios-do-botox-capilar\/","og_site_name":"Correio Braziliense - Radar","article_published_time":"2025-03-20T15:50:00+00:00","og_image":[{"width":1280,"height":720,"url":"https:\/\/www.correiobraziliense.com.br\/cbradar\/wp-content\/uploads\/2025\/03\/cabelos-_1742389822999.jpg","type":"image\/jpeg"}],"author":"Larissa Carvalho","twitter_card":"summary_large_image","twitter_misc":{"Escrito por":"Larissa Carvalho","Est. tempo de leitura":"4 minutos"},"schema":{"@context":"https:\/\/schema.org","@graph":[{"@type":"WebPage","@id":"https:\/\/www.correiobraziliense.com.br\/cbradar\/afinal-quais-os-beneficios-do-botox-capilar\/","url":"https:\/\/www.correiobraziliense.com.br\/cbradar\/afinal-quais-os-beneficios-do-botox-capilar\/","name":"Afinal, quais os benef\u00edcios do botox capilar?","isPartOf":{"@id":"https:\/\/www.correiobraziliense.com.br\/cbradar\/#website"},"primaryImageOfPage":{"@id":"https:\/\/www.correiobraziliense.com.br\/cbradar\/afinal-quais-os-beneficios-do-botox-capilar\/#primaryimage"},"image":{"@id":"https:\/\/www.correiobraziliense.com.br\/cbradar\/afinal-quais-os-beneficios-do-botox-capilar\/#primaryimage"},"thumbnailUrl":"https:\/\/www.correiobraziliense.com.br\/cbradar\/wp-content\/uploads\/2025\/03\/cabelos-_1742389822999.jpg","datePublished":"2025-03-20T15:50:00+00:00","author":{"@id":"https:\/\/www.correiobraziliense.com.br\/cbradar\/#\/schema\/person\/58422787644df994b53a19d3e56c1513"},"description":"Descubra o Botox Capilar, um tratamento que restaura e regenera cabelos danificados. Saiba como \u00e9 feito e seus benef\u00edcios.","breadcrumb":{"@id":"https:\/\/www.correiobraziliense.com.br\/cbradar\/afinal-quais-os-beneficios-do-botox-capilar\/#breadcrumb"},"inLanguage":"pt-BR","potentialAction":[{"@type":"ReadAction","target":["https:\/\/www.correiobraziliense.com.br\/cbradar\/afinal-quais-os-beneficios-do-botox-capilar\/"]}]},{"@type":"ImageObject","inLanguage":"pt-BR","@id":"https:\/\/www.correiobraziliense.com.br\/cbradar\/afinal-quais-os-beneficios-do-botox-capilar\/#primaryimage","url":"https:\/\/www.correiobraziliense.com.br\/cbradar\/wp-content\/uploads\/2025\/03\/cabelos-_1742389822999.jpg","contentUrl":"https:\/\/www.correiobraziliense.com.br\/cbradar\/wp-content\/uploads\/2025\/03\/cabelos-_1742389822999.jpg","width":1280,"height":720,"caption":"cabelos.Cr\u00e9ditos: depositphotos.com \/ VaDrobotBO"},{"@type":"BreadcrumbList","@id":"https:\/\/www.correiobraziliense.com.br\/cbradar\/afinal-quais-os-beneficios-do-botox-capilar\/#breadcrumb","itemListElement":[{"@type":"ListItem","position":1,"name":"In\u00edcio","item":"https:\/\/www.correiobraziliense.com.br\/cbradar\/"},{"@type":"ListItem","position":2,"name":"Afinal, quais os benef\u00edcios do botox capilar?"}]},{"@type":"WebSite","@id":"https:\/\/www.correiobraziliense.com.br\/cbradar\/#website","url":"https:\/\/www.correiobraziliense.com.br\/cbradar\/","name":"Correio Braziliense - Radar","description":"Acompanhe as \u00faltimas not\u00edcias e fique bem informado sobre tudo o que acontece no Brasil e no mundo.","potentialAction":[{"@type":"SearchAction","target":{"@type":"EntryPoint","urlTemplate":"https:\/\/www.correiobraziliense.com.br\/cbradar\/?s={search_term_string}"},"query-input":{"@type":"PropertyValueSpecification","valueRequired":true,"valueName":"search_term_string"}}],"inLanguage":"pt-BR"},{"@type":"Person","@id":"https:\/\/www.correiobraziliense.com.br\/cbradar\/#\/schema\/person\/58422787644df994b53a19d3e56c1513","name":"Larissa Carvalho","image":{"@type":"ImageObject","inLanguage":"pt-BR","@id":"https:\/\/www.correiobraziliense.com.br\/cbradar\/#\/schema\/person\/image\/","url":"https:\/\/secure.gravatar.com\/avatar\/fe4f91a0de32b52a838d0d612abdc1aa?s=96&d=mm&r=g","contentUrl":"https:\/\/secure.gravatar.com\/avatar\/fe4f91a0de32b52a838d0d612abdc1aa?s=96&d=mm&r=g","caption":"Larissa Carvalho"},"url":"https:\/\/www.correiobraziliense.com.br\/cbradar\/author\/larissamyth\/"}]}},"_links":{"self":[{"href":"https:\/\/www.correiobraziliense.com.br\/cbradar\/wp-json\/wp\/v2\/posts\/13835","targetHints":{"allow":["GET"]}}],"collection":[{"href":"https:\/\/www.correiobraziliense.com.br\/cbradar\/wp-json\/wp\/v2\/posts"}],"about":[{"href":"https:\/\/www.correiobraziliense.com.br\/cbradar\/wp-json\/wp\/v2\/types\/post"}],"author":[{"embeddable":true,"href":"https:\/\/www.correiobraziliense.com.br\/cbradar\/wp-json\/wp\/v2\/users\/3"}],"replies":[{"embeddable":true,"href":"https:\/\/www.correiobraziliense.com.br\/cbradar\/wp-json\/wp\/v2\/comments?post=13835"}],"version-history":[{"count":2,"href":"https:\/\/www.correiobraziliense.com.br\/cbradar\/wp-json\/wp\/v2\/posts\/13835\/revisions"}],"predecessor-version":[{"id":14034,"href":"https:\/\/www.correiobraziliense.com.br\/cbradar\/wp-json\/wp\/v2\/posts\/13835\/revisions\/14034"}],"wp:featuredmedia":[{"embeddable":true,"href":"https:\/\/www.correiobraziliense.com.br\/cbradar\/wp-json\/wp\/v2\/media\/13838"}],"wp:attachment":[{"href":"https:\/\/www.correiobraziliense.com.br\/cbradar\/wp-json\/wp\/v2\/media?parent=13835"}],"wp:term":[{"taxonomy":"category","embeddable":true,"href":"https:\/\/www.correiobraziliense.com.br\/cbradar\/wp-json\/wp\/v2\/categories?post=13835"},{"taxonomy":"post_tag","embeddable":true,"href":"https:\/\/www.correiobraziliense.com.br\/cbradar\/wp-json\/wp\/v2\/tags?post=13835"}],"curies":[{"name":"wp","href":"https:\/\/api.w.org\/{rel}","templated":true}]}}