{"id":138541,"date":"2025-11-17T16:55:00","date_gmt":"2025-11-17T19:55:00","guid":{"rendered":"https:\/\/www.correiobraziliense.com.br\/cbradar\/?p=138541"},"modified":"2025-11-16T14:05:50","modified_gmt":"2025-11-16T17:05:50","slug":"a-verdade-perturbadora-sobre-como-o-cerebro-moderno-esta-apodrecendo-lentamente","status":"publish","type":"post","link":"https:\/\/www.correiobraziliense.com.br\/cbradar\/a-verdade-perturbadora-sobre-como-o-cerebro-moderno-esta-apodrecendo-lentamente\/","title":{"rendered":"A verdade perturbadora sobre como o c\u00e9rebro moderno est\u00e1 apodrecendo lentamente"},"content":{"rendered":"\n<p><strong>Voc\u00ea sente que est\u00e1 cada vez mais distra\u00eddo, com dificuldade de focar ou pensar com clareza?<\/strong> A culpa pode ser da chamada <strong>\u201ccultura do apodrecimento cerebral\u201d<\/strong> \u2014 ou <em>brain rot<\/em>, em ingl\u00eas \u2014 um fen\u00f4meno crescente na era digital que pode estar afetando sua mente mais do que voc\u00ea imagina.<\/p>\n\n\n\n<h2 class=\"wp-block-heading\">O que \u00e9 brain rot e por que est\u00e1 se popularizando?<\/h2>\n\n\n\n<p><strong>O termo <em>brain rot<\/em>, ou \u201capodrecimento cerebral\u201d, surgiu de forma ir\u00f4nica na internet<\/strong> para descrever o estado de quem consome conte\u00fados rasos e repetitivos por horas \u2014 especialmente v\u00eddeos curtos, memes em excesso e rolagens infinitas nas redes sociais. O termo ganhou for\u00e7a nas gera\u00e7\u00f5es mais jovens, que usam a express\u00e3o como um \u201cautoaviso\u201d divertido para um comportamento que, na pr\u00e1tica, pode ser preocupante.<\/p>\n\n\n\n<p><strong>Brain rot \u00e9 a sensa\u00e7\u00e3o de que o c\u00e9rebro est\u00e1 enfraquecendo por excesso de est\u00edmulos digitais irrelevantes<\/strong>, levando \u00e0 perda de foco, mem\u00f3ria fraca, dificuldades cognitivas e at\u00e9 mudan\u00e7as de humor. Apesar do tom c\u00f4mico nas redes, psic\u00f3logos e neurocientistas est\u00e3o cada vez mais atentos aos efeitos reais dessa cultura.<\/p>\n\n\n\n<ul class=\"wp-block-list\">\n<li>O termo \u00e9 comum no TikTok, Twitter\/X e f\u00f3runs como Reddit<\/li>\n\n\n\n<li>\u00c9 usado para descrever o v\u00edcio em conte\u00fado sem profundidade e o esgotamento mental digital<\/li>\n<\/ul>\n\n\n<div class=\"wp-block-image\">\n<figure class=\"aligncenter size-large\"><img decoding=\"async\" width=\"1024\" height=\"576\" src=\"https:\/\/www.correiobraziliense.com.br\/cbradar\/wp-content\/uploads\/2025\/11\/cerebro-preto_1763312230057-1024x576.jpg\" alt=\"A verdade perturbadora sobre como o c\u00e9rebro moderno est\u00e1 apodrecendo lentamente\" class=\"wp-image-138676\" srcset=\"https:\/\/www.correiobraziliense.com.br\/cbradar\/wp-content\/uploads\/2025\/11\/cerebro-preto_1763312230057-1024x576.jpg 1024w, https:\/\/www.correiobraziliense.com.br\/cbradar\/wp-content\/uploads\/2025\/11\/cerebro-preto_1763312230057-300x169.jpg 300w, https:\/\/www.correiobraziliense.com.br\/cbradar\/wp-content\/uploads\/2025\/11\/cerebro-preto_1763312230057-768x432.jpg 768w, https:\/\/www.correiobraziliense.com.br\/cbradar\/wp-content\/uploads\/2025\/11\/cerebro-preto_1763312230057-750x422.jpg 750w, https:\/\/www.correiobraziliense.com.br\/cbradar\/wp-content\/uploads\/2025\/11\/cerebro-preto_1763312230057-1140x641.jpg 1140w, https:\/\/www.correiobraziliense.com.br\/cbradar\/wp-content\/uploads\/2025\/11\/cerebro-preto_1763312230057.jpg 1280w\" sizes=\"(max-width: 1024px) 100vw, 1024px\" \/><figcaption class=\"wp-element-caption\">Sentindo seu c\u00e9rebro cansado? Pode ser o efeito do &#8220;brain rot&#8221;, causado pelo uso excessivo da internet. \/\/ Cr\u00e9ditos: depositphotos.com \/ AndrewLozovyi<\/figcaption><\/figure><\/div>\n\n\n<h2 class=\"wp-block-heading\">Quais s\u00e3o os sinais de que seu c\u00e9rebro pode estar \u201capodrecendo\u201d?<\/h2>\n\n\n\n<p>Embora n\u00e3o seja um diagn\u00f3stico m\u00e9dico formal, o brain rot tem sinais bastante claros que podem indicar <strong>sobrecarga cerebral causada por est\u00edmulo constante e sem pausa<\/strong>. O h\u00e1bito de alternar rapidamente entre diferentes v\u00eddeos, mensagens e notifica\u00e7\u00f5es pode prejudicar o funcionamento cognitivo ao longo do tempo.<\/p>\n\n\n\n<p><strong>Falta de aten\u00e7\u00e3o, procrastina\u00e7\u00e3o constante, irritabilidade e confus\u00e3o mental s\u00e3o alguns dos sintomas relatados<\/strong>. Muitas pessoas tamb\u00e9m sentem dificuldade em concluir tarefas simples ou em aproveitar momentos de sil\u00eancio.<\/p>\n\n\n\n<ul class=\"wp-block-list\">\n<li>Sensa\u00e7\u00e3o de \u201cmente nublada\u201d e dificuldade para pensar com clareza<\/li>\n\n\n\n<li>V\u00edcio em checar redes sociais mesmo sem necessidade<\/li>\n<\/ul>\n\n\n\n<p>Confira o v\u00eddeo abaixo do <strong>Doutor Drauzio Varella<\/strong>, no perfil do TikTok <strong>@portaldrauziovarella<\/strong>, explicando o que \u00e9 o termo &#8220;brain rot&#8221; e como o uso de telas pode estar apodrecendo seu c\u00e9rebro.<\/p>\n\n\n\n<figure class=\"wp-block-embed is-type-video is-provider-tiktok wp-block-embed-tiktok\"><div class=\"wp-block-embed__wrapper\">\n<blockquote class=\"tiktok-embed\" cite=\"https:\/\/www.tiktok.com\/@portaldrauziovarella\/video\/7481386612874611973\" data-video-id=\"7481386612874611973\" data-embed-from=\"oembed\" style=\"max-width:605px; min-width:325px;\"> <section> <a target=\"_blank\" title=\"@portaldrauziovarella\" href=\"https:\/\/www.tiktok.com\/@portaldrauziovarella?refer=embed\">@portaldrauziovarella<\/a> <p>O seu c\u00e9rebro pode estar &#8220;apodrecendo&#8221; nesse exato momento. \u26a0\ud83e\udde0 <a title=\"brainrot\" target=\"_blank\" href=\"https:\/\/www.tiktok.com\/tag\/brainrot?refer=embed\">#brainrot<\/a> <a title=\"apodrecimentocerebral\" target=\"_blank\" href=\"https:\/\/www.tiktok.com\/tag\/apodrecimentocerebral?refer=embed\">#apodrecimentocerebral<\/a> <a title=\"drauziovarella\" target=\"_blank\" href=\"https:\/\/www.tiktok.com\/tag\/drauziovarella?refer=embed\">#drauziovarella<\/a> <\/p> <a target=\"_blank\" title=\"\u266c som original - Portal Drauzio\" href=\"https:\/\/www.tiktok.com\/music\/som-original-7481386630256036613?refer=embed\">\u266c som original &#8211; Portal Drauzio<\/a> <\/section> <\/blockquote> <script async src=\"https:\/\/www.tiktok.com\/embed.js\"><\/script>\n<\/div><\/figure>\n\n\n\n<h2 class=\"wp-block-heading\">Como o consumo digital excessivo afeta o funcionamento do c\u00e9rebro?<\/h2>\n\n\n\n<p>O c\u00e9rebro humano evoluiu para focar em uma tarefa por vez e alternar entre foco e descanso. Por\u00e9m, com a avalanche de est\u00edmulos digitais, esse equil\u00edbrio \u00e9 rompido. O resultado? <strong>Estresse mental constante, dopamina em excesso e queda da capacidade de concentra\u00e7\u00e3o a longo prazo<\/strong>.<\/p>\n\n\n\n<p>Estudos indicam que o uso cont\u00ednuo de m\u00eddias r\u00e1pidas, como v\u00eddeos curtos e timelines infinitas, ativa o sistema de recompensa do c\u00e9rebro, levando \u00e0 libera\u00e7\u00e3o constante de dopamina. Com o tempo, o c\u00e9rebro come\u00e7a a \u201cpedir\u201d est\u00edmulos cada vez mais r\u00e1pidos, reduzindo a toler\u00e2ncia ao t\u00e9dio e ao pensamento profundo.<\/p>\n\n\n\n<p>Veja abaixo uma tabela com impactos cognitivos do consumo digital excessivo:<\/p>\n\n\n\n<figure class=\"wp-block-table\"><table class=\"has-fixed-layout\"><thead><tr><th>Est\u00edmulo digital constante<\/th><th>Impacto no c\u00e9rebro<\/th><\/tr><\/thead><tbody><tr><td>Rolagem infinita (scrolling)<\/td><td>Redu\u00e7\u00e3o da concentra\u00e7\u00e3o e aten\u00e7\u00e3o<\/td><\/tr><tr><td>Notifica\u00e7\u00f5es constantes<\/td><td>Aumento do estresse e fragmenta\u00e7\u00e3o do foco<\/td><\/tr><tr><td>Consumo de v\u00eddeos curtos<\/td><td>Dificuldade em processar conte\u00fados mais longos<\/td><\/tr><tr><td>Falta de pausas ou sil\u00eancio<\/td><td>Exaust\u00e3o mental e aumento da ansiedade<\/td><\/tr><tr><td>Multitarefas com telas<\/td><td>Queda na produtividade e mem\u00f3ria operacional<\/td><\/tr><\/tbody><\/table><\/figure>\n\n\n\n<h2 class=\"wp-block-heading\">Existe como reverter os efeitos do brain rot?<\/h2>\n\n\n\n<p><strong>Sim.<\/strong> Apesar do nome alarmante, os impactos do brain rot s\u00e3o revers\u00edveis com <strong>mudan\u00e7as simples nos h\u00e1bitos di\u00e1rios<\/strong>. O primeiro passo \u00e9 reconhecer o padr\u00e3o de uso excessivo e redirecionar a aten\u00e7\u00e3o para atividades que exigem presen\u00e7a e profundidade.<\/p>\n\n\n\n<p><strong>Limitar o tempo de tela, cultivar momentos offline e praticar aten\u00e7\u00e3o plena (mindfulness)<\/strong> s\u00e3o estrat\u00e9gias eficazes para desacelerar o c\u00e9rebro e recuperar o foco. Pr\u00e1ticas como leitura, exerc\u00edcios f\u00edsicos e hobbies anal\u00f3gicos tamb\u00e9m ajudam a \u201cdesintoxicar\u201d a mente.<\/p>\n\n\n\n<ul class=\"wp-block-list\">\n<li>Fa\u00e7a pausas regulares longe das telas (t\u00e9cnica Pomodoro \u00e9 uma op\u00e7\u00e3o eficaz)<\/li>\n\n\n\n<li>Priorize conte\u00fados que exijam racioc\u00ednio e reflex\u00e3o, como livros ou document\u00e1rios<\/li>\n<\/ul>\n\n\n<div class=\"wp-block-image\">\n<figure class=\"aligncenter size-large\"><img decoding=\"async\" width=\"1024\" height=\"576\" src=\"https:\/\/www.correiobraziliense.com.br\/cbradar\/wp-content\/uploads\/2025\/11\/cerebro-podre_1763311519569-1024x576.jpg\" alt=\"A verdade perturbadora sobre como o c\u00e9rebro moderno est\u00e1 apodrecendo lentamente\" class=\"wp-image-138670\" srcset=\"https:\/\/www.correiobraziliense.com.br\/cbradar\/wp-content\/uploads\/2025\/11\/cerebro-podre_1763311519569-1024x576.jpg 1024w, https:\/\/www.correiobraziliense.com.br\/cbradar\/wp-content\/uploads\/2025\/11\/cerebro-podre_1763311519569-300x169.jpg 300w, https:\/\/www.correiobraziliense.com.br\/cbradar\/wp-content\/uploads\/2025\/11\/cerebro-podre_1763311519569-768x432.jpg 768w, https:\/\/www.correiobraziliense.com.br\/cbradar\/wp-content\/uploads\/2025\/11\/cerebro-podre_1763311519569-750x422.jpg 750w, https:\/\/www.correiobraziliense.com.br\/cbradar\/wp-content\/uploads\/2025\/11\/cerebro-podre_1763311519569-1140x641.jpg 1140w, https:\/\/www.correiobraziliense.com.br\/cbradar\/wp-content\/uploads\/2025\/11\/cerebro-podre_1763311519569.jpg 1280w\" sizes=\"(max-width: 1024px) 100vw, 1024px\" \/><figcaption class=\"wp-element-caption\"> &#8220;Brain rot&#8221; \u00e9 a deteriora\u00e7\u00e3o mental causada pelo excesso de consumo de conte\u00fados superficiais. \/\/ Cr\u00e9ditos: depositphotos.com \/ dorinpuha<\/figcaption><\/figure><\/div>\n\n\n<p><strong>Leia tamb\u00e9m: <a href=\"https:\/\/www.correiobraziliense.com.br\/cbradar\/por-que-algumas-pessoas-rejeitam-demonstracoes-de-afeto-segundo-a-psicologia\/#google_vignette\" target=\"_blank\" rel=\"noreferrer noopener\">Por que algumas pessoas rejeitam demonstra\u00e7\u00f5es de afeto, segundo a psicologia<\/a><\/strong><\/p>\n\n\n\n<h2 class=\"wp-block-heading\">Como ter uma rela\u00e7\u00e3o mais saud\u00e1vel com o digital sem abrir m\u00e3o da tecnologia?<\/h2>\n\n\n\n<p>N\u00e3o \u00e9 necess\u00e1rio abandonar o celular ou as redes sociais para ter uma mente saud\u00e1vel. A chave est\u00e1 no <strong>uso consciente e equilibrado da tecnologia<\/strong>. Criar limites, ter momentos offline e ser seletivo com o conte\u00fado consumido s\u00e3o atitudes que protegem sua sa\u00fade mental sem excluir o digital da sua vida.<\/p>\n\n\n\n<p>Al\u00e9m disso, usar ferramentas que auxiliam no controle de tempo de tela, como modos \u201cfoco\u201d ou \u201cn\u00e3o perturbe\u201d, pode fazer uma grande diferen\u00e7a. O importante \u00e9 usar a tecnologia a seu favor \u2014 e n\u00e3o o contr\u00e1rio.<\/p>\n\n\n\n<ul class=\"wp-block-list\">\n<li>Programe hor\u00e1rios espec\u00edficos para checar redes sociais<\/li>\n\n\n\n<li>Troque parte do tempo online por atividades com intera\u00e7\u00e3o humana real<\/li>\n<\/ul>\n","protected":false},"excerpt":{"rendered":"<p>Voc\u00ea sente que est\u00e1 cada vez mais distra\u00eddo, com dificuldade de focar ou pensar com clareza? A culpa pode ser da chamada \u201ccultura do apodrecimento cerebral\u201d \u2014 ou brain rot, em ingl\u00eas \u2014 um fen\u00f4meno crescente na era digital que pode estar afetando sua mente mais do que voc\u00ea imagina. O que \u00e9 brain rot [&hellip;]<\/p>\n","protected":false},"author":8,"featured_media":138673,"comment_status":"open","ping_status":"open","sticky":false,"template":"","format":"standard","meta":{"_yoast_wpseo_focuskw":"c\u00e9rebro moderno","_yoast_wpseo_title":"","_yoast_wpseo_metadesc":"O c\u00e9rebro de uma gera\u00e7\u00e3o pode estar apodrecendo aos poucos por h\u00e1bitos modernos. Entenda o fen\u00f4meno e por que especialistas est\u00e3o alarmados.","jnews-multi-image_gallery":[],"jnews_single_post":{"format":"standard"},"jnews_primary_category":[],"jnews_social_meta":[],"jnews_override_counter":[],"footnotes":""},"categories":[119,4404],"post_tag":[11704,11703,698],"class_list":["post-138541","post","type-post","status-publish","format-standard","has-post-thumbnail","hentry","category-bem-estar","category-saude","tag-apodrecimento","tag-brain-rot","tag-cerebro"],"yoast_head":"<!-- This site is optimized with the Yoast SEO plugin v24.6 - https:\/\/yoast.com\/wordpress\/plugins\/seo\/ -->\n<title>A verdade perturbadora sobre como o c\u00e9rebro moderno est\u00e1 apodrecendo lentamente - Correio Braziliense - Radar<\/title>\n<meta name=\"description\" content=\"O c\u00e9rebro de uma gera\u00e7\u00e3o pode estar apodrecendo aos poucos por h\u00e1bitos modernos. Entenda o fen\u00f4meno e por que especialistas est\u00e3o alarmados.\" \/>\n<meta name=\"robots\" content=\"index, follow, max-snippet:-1, max-image-preview:large, max-video-preview:-1\" \/>\n<link rel=\"canonical\" href=\"https:\/\/www.correiobraziliense.com.br\/cbradar\/a-verdade-perturbadora-sobre-como-o-cerebro-moderno-esta-apodrecendo-lentamente\/\" \/>\n<meta property=\"og:locale\" content=\"pt_BR\" \/>\n<meta property=\"og:type\" content=\"article\" \/>\n<meta property=\"og:title\" content=\"A verdade perturbadora sobre como o c\u00e9rebro moderno est\u00e1 apodrecendo lentamente - Correio Braziliense - Radar\" \/>\n<meta property=\"og:description\" content=\"O c\u00e9rebro de uma gera\u00e7\u00e3o pode estar apodrecendo aos poucos por h\u00e1bitos modernos. Entenda o fen\u00f4meno e por que especialistas est\u00e3o alarmados.\" \/>\n<meta property=\"og:url\" content=\"https:\/\/www.correiobraziliense.com.br\/cbradar\/a-verdade-perturbadora-sobre-como-o-cerebro-moderno-esta-apodrecendo-lentamente\/\" \/>\n<meta property=\"og:site_name\" content=\"Correio Braziliense - Radar\" \/>\n<meta property=\"article:published_time\" content=\"2025-11-17T19:55:00+00:00\" \/>\n<meta property=\"og:image\" content=\"https:\/\/www.correiobraziliense.com.br\/cbradar\/wp-content\/uploads\/2025\/11\/Santos-Dumont-93.png\" \/>\n\t<meta property=\"og:image:width\" content=\"1280\" \/>\n\t<meta property=\"og:image:height\" content=\"720\" \/>\n\t<meta property=\"og:image:type\" content=\"image\/png\" \/>\n<meta name=\"author\" content=\"Maura Pereira\" \/>\n<meta name=\"twitter:card\" content=\"summary_large_image\" \/>\n<meta name=\"twitter:label1\" content=\"Escrito por\" \/>\n\t<meta name=\"twitter:data1\" content=\"Maura Pereira\" \/>\n\t<meta name=\"twitter:label2\" content=\"Est. tempo de leitura\" \/>\n\t<meta name=\"twitter:data2\" content=\"5 minutos\" \/>\n<!-- \/ Yoast SEO plugin. -->","yoast_head_json":{"title":"A verdade perturbadora sobre como o c\u00e9rebro moderno est\u00e1 apodrecendo lentamente - Correio Braziliense - Radar","description":"O c\u00e9rebro de uma gera\u00e7\u00e3o pode estar apodrecendo aos poucos por h\u00e1bitos modernos. Entenda o fen\u00f4meno e por que especialistas est\u00e3o alarmados.","robots":{"index":"index","follow":"follow","max-snippet":"max-snippet:-1","max-image-preview":"max-image-preview:large","max-video-preview":"max-video-preview:-1"},"canonical":"https:\/\/www.correiobraziliense.com.br\/cbradar\/a-verdade-perturbadora-sobre-como-o-cerebro-moderno-esta-apodrecendo-lentamente\/","og_locale":"pt_BR","og_type":"article","og_title":"A verdade perturbadora sobre como o c\u00e9rebro moderno est\u00e1 apodrecendo lentamente - Correio Braziliense - Radar","og_description":"O c\u00e9rebro de uma gera\u00e7\u00e3o pode estar apodrecendo aos poucos por h\u00e1bitos modernos. Entenda o fen\u00f4meno e por que especialistas est\u00e3o alarmados.","og_url":"https:\/\/www.correiobraziliense.com.br\/cbradar\/a-verdade-perturbadora-sobre-como-o-cerebro-moderno-esta-apodrecendo-lentamente\/","og_site_name":"Correio Braziliense - Radar","article_published_time":"2025-11-17T19:55:00+00:00","og_image":[{"width":1280,"height":720,"url":"https:\/\/www.correiobraziliense.com.br\/cbradar\/wp-content\/uploads\/2025\/11\/Santos-Dumont-93.png","type":"image\/png"}],"author":"Maura Pereira","twitter_card":"summary_large_image","twitter_misc":{"Escrito por":"Maura Pereira","Est. tempo de leitura":"5 minutos"},"schema":{"@context":"https:\/\/schema.org","@graph":[{"@type":"WebPage","@id":"https:\/\/www.correiobraziliense.com.br\/cbradar\/a-verdade-perturbadora-sobre-como-o-cerebro-moderno-esta-apodrecendo-lentamente\/","url":"https:\/\/www.correiobraziliense.com.br\/cbradar\/a-verdade-perturbadora-sobre-como-o-cerebro-moderno-esta-apodrecendo-lentamente\/","name":"A verdade perturbadora sobre como o c\u00e9rebro moderno est\u00e1 apodrecendo lentamente - Correio Braziliense - Radar","isPartOf":{"@id":"https:\/\/www.correiobraziliense.com.br\/cbradar\/#website"},"primaryImageOfPage":{"@id":"https:\/\/www.correiobraziliense.com.br\/cbradar\/a-verdade-perturbadora-sobre-como-o-cerebro-moderno-esta-apodrecendo-lentamente\/#primaryimage"},"image":{"@id":"https:\/\/www.correiobraziliense.com.br\/cbradar\/a-verdade-perturbadora-sobre-como-o-cerebro-moderno-esta-apodrecendo-lentamente\/#primaryimage"},"thumbnailUrl":"https:\/\/www.correiobraziliense.com.br\/cbradar\/wp-content\/uploads\/2025\/11\/Santos-Dumont-93.png","datePublished":"2025-11-17T19:55:00+00:00","author":{"@id":"https:\/\/www.correiobraziliense.com.br\/cbradar\/#\/schema\/person\/4053c651a9bfc785afc6f4cbc9032fd3"},"description":"O c\u00e9rebro de uma gera\u00e7\u00e3o pode estar apodrecendo aos poucos por h\u00e1bitos modernos. Entenda o fen\u00f4meno e por que especialistas est\u00e3o alarmados.","breadcrumb":{"@id":"https:\/\/www.correiobraziliense.com.br\/cbradar\/a-verdade-perturbadora-sobre-como-o-cerebro-moderno-esta-apodrecendo-lentamente\/#breadcrumb"},"inLanguage":"pt-BR","potentialAction":[{"@type":"ReadAction","target":["https:\/\/www.correiobraziliense.com.br\/cbradar\/a-verdade-perturbadora-sobre-como-o-cerebro-moderno-esta-apodrecendo-lentamente\/"]}]},{"@type":"ImageObject","inLanguage":"pt-BR","@id":"https:\/\/www.correiobraziliense.com.br\/cbradar\/a-verdade-perturbadora-sobre-como-o-cerebro-moderno-esta-apodrecendo-lentamente\/#primaryimage","url":"https:\/\/www.correiobraziliense.com.br\/cbradar\/wp-content\/uploads\/2025\/11\/Santos-Dumont-93.png","contentUrl":"https:\/\/www.correiobraziliense.com.br\/cbradar\/wp-content\/uploads\/2025\/11\/Santos-Dumont-93.png","width":1280,"height":720,"caption":"\"Brain rot\" \u00e9 a deteriora\u00e7\u00e3o mental causada pelo excesso de consumo de conte\u00fados superficiais."},{"@type":"BreadcrumbList","@id":"https:\/\/www.correiobraziliense.com.br\/cbradar\/a-verdade-perturbadora-sobre-como-o-cerebro-moderno-esta-apodrecendo-lentamente\/#breadcrumb","itemListElement":[{"@type":"ListItem","position":1,"name":"In\u00edcio","item":"https:\/\/www.correiobraziliense.com.br\/cbradar\/"},{"@type":"ListItem","position":2,"name":"A verdade perturbadora sobre como o c\u00e9rebro moderno est\u00e1 apodrecendo lentamente"}]},{"@type":"WebSite","@id":"https:\/\/www.correiobraziliense.com.br\/cbradar\/#website","url":"https:\/\/www.correiobraziliense.com.br\/cbradar\/","name":"Correio Braziliense - Radar","description":"Acompanhe as \u00faltimas not\u00edcias e fique bem informado sobre tudo o que acontece no Brasil e no mundo.","potentialAction":[{"@type":"SearchAction","target":{"@type":"EntryPoint","urlTemplate":"https:\/\/www.correiobraziliense.com.br\/cbradar\/?s={search_term_string}"},"query-input":{"@type":"PropertyValueSpecification","valueRequired":true,"valueName":"search_term_string"}}],"inLanguage":"pt-BR"},{"@type":"Person","@id":"https:\/\/www.correiobraziliense.com.br\/cbradar\/#\/schema\/person\/4053c651a9bfc785afc6f4cbc9032fd3","name":"Maura Pereira","image":{"@type":"ImageObject","inLanguage":"pt-BR","@id":"https:\/\/www.correiobraziliense.com.br\/cbradar\/#\/schema\/person\/image\/","url":"https:\/\/secure.gravatar.com\/avatar\/3effd6bdadfa447f15089c7f7144eaa6?s=96&d=mm&r=g","contentUrl":"https:\/\/secure.gravatar.com\/avatar\/3effd6bdadfa447f15089c7f7144eaa6?s=96&d=mm&r=g","caption":"Maura Pereira"},"sameAs":["https:\/\/www.correiobraziliense.com.br\/"],"url":"https:\/\/www.correiobraziliense.com.br\/cbradar\/author\/mauramyth\/"}]}},"_links":{"self":[{"href":"https:\/\/www.correiobraziliense.com.br\/cbradar\/wp-json\/wp\/v2\/posts\/138541","targetHints":{"allow":["GET"]}}],"collection":[{"href":"https:\/\/www.correiobraziliense.com.br\/cbradar\/wp-json\/wp\/v2\/posts"}],"about":[{"href":"https:\/\/www.correiobraziliense.com.br\/cbradar\/wp-json\/wp\/v2\/types\/post"}],"author":[{"embeddable":true,"href":"https:\/\/www.correiobraziliense.com.br\/cbradar\/wp-json\/wp\/v2\/users\/8"}],"replies":[{"embeddable":true,"href":"https:\/\/www.correiobraziliense.com.br\/cbradar\/wp-json\/wp\/v2\/comments?post=138541"}],"version-history":[{"count":14,"href":"https:\/\/www.correiobraziliense.com.br\/cbradar\/wp-json\/wp\/v2\/posts\/138541\/revisions"}],"predecessor-version":[{"id":138681,"href":"https:\/\/www.correiobraziliense.com.br\/cbradar\/wp-json\/wp\/v2\/posts\/138541\/revisions\/138681"}],"wp:featuredmedia":[{"embeddable":true,"href":"https:\/\/www.correiobraziliense.com.br\/cbradar\/wp-json\/wp\/v2\/media\/138673"}],"wp:attachment":[{"href":"https:\/\/www.correiobraziliense.com.br\/cbradar\/wp-json\/wp\/v2\/media?parent=138541"}],"wp:term":[{"taxonomy":"category","embeddable":true,"href":"https:\/\/www.correiobraziliense.com.br\/cbradar\/wp-json\/wp\/v2\/categories?post=138541"},{"taxonomy":"post_tag","embeddable":true,"href":"https:\/\/www.correiobraziliense.com.br\/cbradar\/wp-json\/wp\/v2\/post_tag?post=138541"}],"curies":[{"name":"wp","href":"https:\/\/api.w.org\/{rel}","templated":true}]}}