{"id":13863,"date":"2025-03-20T18:30:00","date_gmt":"2025-03-20T21:30:00","guid":{"rendered":"https:\/\/www.correiobraziliense.com.br\/cbradar\/?p=13863"},"modified":"2025-03-19T21:29:41","modified_gmt":"2025-03-20T00:29:41","slug":"conheca-a-cidade-que-nao-possui-semaforos","status":"publish","type":"post","link":"https:\/\/www.correiobraziliense.com.br\/cbradar\/conheca-a-cidade-que-nao-possui-semaforos\/","title":{"rendered":"Conhe\u00e7a a cidade que n\u00e3o possui sem\u00e1foros"},"content":{"rendered":"\n<p>No norte da <strong>Holanda<\/strong>, existe uma cidade que decidiu <strong>remover todos os sem\u00e1foros<\/strong> e desafiar a l\u00f3gica tradicional do tr\u00e2nsito. Esse lugar \u00e9 <strong>Drachten<\/strong>, um munic\u00edpio que provou que menos regras podem resultar em um tr\u00e1fego mais seguro e eficiente.<\/p>\n\n\n\n<h2 class=\"wp-block-heading\">Por que Drachten removeu os sem\u00e1foros?<\/h2>\n\n\n\n<p>A mudan\u00e7a aconteceu no in\u00edcio dos anos 2000, quando o engenheiro de tr\u00e1fego <strong>Hans Monderman<\/strong> prop\u00f4s um conceito inovador chamado <strong>&#8220;Espa\u00e7o Compartilhado&#8221;<\/strong> (Espa\u00e7o Compartilhado). A ideia era simples: <strong>reduzir a sinaliza\u00e7\u00e3o e permitir que motoristas, ciclistas e pedestres interajam de forma mais natural e cuidadosa<\/strong>.<\/p>\n\n\n\n<p>Com isso, os sem\u00e1foros foram removidos, assim como muitas placas de tr\u00e2nsito, criando um ambiente onde as pessoas precisam <strong>prestar mais aten\u00e7\u00e3o umas \u00e0s outras<\/strong>, em vez de apenas seguir regras fixas.<\/p>\n\n\n\n<figure class=\"wp-block-image size-large\"><img decoding=\"async\" width=\"1024\" height=\"576\" src=\"https:\/\/www.correiobraziliense.com.br\/cbradar\/wp-content\/uploads\/2025\/03\/Drachten_1742390691823-1024x576.jpg\" alt=\"Conhe\u00e7a a cidade que n\u00e3o possui sem\u00e1foros\" class=\"wp-image-13865\" srcset=\"https:\/\/www.correiobraziliense.com.br\/cbradar\/wp-content\/uploads\/2025\/03\/Drachten_1742390691823-1024x576.jpg 1024w, https:\/\/www.correiobraziliense.com.br\/cbradar\/wp-content\/uploads\/2025\/03\/Drachten_1742390691823-300x169.jpg 300w, https:\/\/www.correiobraziliense.com.br\/cbradar\/wp-content\/uploads\/2025\/03\/Drachten_1742390691823-768x432.jpg 768w, https:\/\/www.correiobraziliense.com.br\/cbradar\/wp-content\/uploads\/2025\/03\/Drachten_1742390691823-750x422.jpg 750w, https:\/\/www.correiobraziliense.com.br\/cbradar\/wp-content\/uploads\/2025\/03\/Drachten_1742390691823-1140x641.jpg 1140w, https:\/\/www.correiobraziliense.com.br\/cbradar\/wp-content\/uploads\/2025\/03\/Drachten_1742390691823.jpg 1280w\" sizes=\"(max-width: 1024px) 100vw, 1024px\" \/><figcaption class=\"wp-element-caption\">Drachten. Cr\u00e9ditos: depositphotos.com \/ CreativeNature<\/figcaption><\/figure>\n\n\n\n<h2 class=\"wp-block-heading\">O que aconteceu com o tr\u00e2nsito da cidade?<\/h2>\n\n\n\n<p>O resultado surpreendeu at\u00e9 os mais c\u00e9ticos. Ap\u00f3s a retirada dos sem\u00e1foros:<\/p>\n\n\n\n<ul class=\"wp-block-list\">\n<li><strong>Os acidentes diminu\u00edram<\/strong> significativamente, pois os motoristas passaram a dirigir com mais cautela.<\/li>\n\n\n\n<li><strong>O tr\u00e1fego ficou mais fluido<\/strong>, j\u00e1 que os ve\u00edculos n\u00e3o precisam parar desnecessariamente.<\/li>\n\n\n\n<li><strong>Os pedestres e ciclistas ganharam mais espa\u00e7o e seguran\u00e7a<\/strong>, pois a intera\u00e7\u00e3o direta entre todos os usu\u00e1rios da via aumentou o respeito m\u00fatuo.<\/li>\n<\/ul>\n\n\n\n<p>A experi\u00eancia de Drachten explorou outras cidades da Europa para testar conceitos semelhantes, mostrando que, em certos contextos, menos sinaliza\u00e7\u00e3o pode significar mais seguran\u00e7a.<\/p>\n\n\n\n<h2 class=\"wp-block-heading\">Curiosidades sobre Drachten<\/h2>\n\n\n\n<ul class=\"wp-block-list\">\n<li><strong>A cidade tem cerca de 45.000 habitantes e foi um dos primeiros lugares a testar o conceito de \u201cEspa\u00e7o Compartilhado\u201d.<\/strong><\/li>\n\n\n\n<li><strong>O local mais famoso da cidade sem sem\u00e1foros \u00e9 a Rotonda Laweiplein, que funciona perfeitamente sem sinais de tr\u00e2nsito.<\/strong><\/li>\n\n\n\n<li><strong>Os cruzamentos s\u00e3o espec\u00edficos para que os motoristas reduzam naturalmente a velocidade ao se aproximar.<\/strong><\/li>\n\n\n\n<li><strong>Hans Monderman, criador do conceito, acreditava que &#8220;quanto mais regras, menos aten\u00e7\u00e3o as pessoas prestam no tr\u00e2nsito&#8221;.<\/strong><\/li>\n\n\n\n<li><strong>Outras cidades, como Bohmte (Alemanha) e Makkinga (Holanda), tamb\u00e9m adotaram essa abordagem.<\/strong><\/li>\n<\/ul>\n\n\n\n<p>Drachten provou que, com um bom design urbano e um pouco de confian\u00e7a no comportamento humano, \u00e9 poss\u00edvel ter ruas mais seguras <strong>sem depender de sem\u00e1foros<\/strong>.<\/p>\n","protected":false},"excerpt":{"rendered":"<p>Uma cidade holandesa eliminou todos os sem\u00e1foros e tornou o tr\u00e2nsito mais seguro e eficiente. Descubra esse lugar inusitado!<\/p>\n","protected":false},"author":3,"featured_media":13864,"comment_status":"open","ping_status":"open","sticky":false,"template":"","format":"standard","meta":{"_yoast_wpseo_focuskw":"cidade sem\u00e1foros","_yoast_wpseo_title":"%%title%%","_yoast_wpseo_metadesc":"Uma cidade holandesa eliminou todos os sem\u00e1foros e tornou o tr\u00e2nsito mais seguro e eficiente. Descubra esse lugar inusitado!","jnews-multi-image_gallery":[],"jnews_single_post":{"format":"standard"},"jnews_primary_category":[],"jnews_social_meta":[],"jnews_override_counter":[],"footnotes":""},"categories":[108],"tags":[109],"class_list":["post-13863","post","type-post","status-publish","format-standard","has-post-thumbnail","hentry","category-cidades","tag-cidades"],"yoast_head":"<!-- This site is optimized with the Yoast SEO plugin v24.6 - https:\/\/yoast.com\/wordpress\/plugins\/seo\/ -->\n<title>Conhe\u00e7a a cidade que n\u00e3o possui sem\u00e1foros<\/title>\n<meta name=\"description\" content=\"Uma cidade holandesa eliminou todos os sem\u00e1foros e tornou o tr\u00e2nsito mais seguro e eficiente. Descubra esse lugar inusitado!\" \/>\n<meta name=\"robots\" content=\"index, follow, max-snippet:-1, max-image-preview:large, max-video-preview:-1\" \/>\n<link rel=\"canonical\" href=\"https:\/\/www.correiobraziliense.com.br\/cbradar\/conheca-a-cidade-que-nao-possui-semaforos\/\" \/>\n<meta property=\"og:locale\" content=\"pt_BR\" \/>\n<meta property=\"og:type\" content=\"article\" \/>\n<meta property=\"og:title\" content=\"Conhe\u00e7a a cidade que n\u00e3o possui sem\u00e1foros\" \/>\n<meta property=\"og:description\" content=\"Uma cidade holandesa eliminou todos os sem\u00e1foros e tornou o tr\u00e2nsito mais seguro e eficiente. Descubra esse lugar inusitado!\" \/>\n<meta property=\"og:url\" content=\"https:\/\/www.correiobraziliense.com.br\/cbradar\/conheca-a-cidade-que-nao-possui-semaforos\/\" \/>\n<meta property=\"og:site_name\" content=\"Correio Braziliense - Radar\" \/>\n<meta property=\"article:published_time\" content=\"2025-03-20T21:30:00+00:00\" \/>\n<meta property=\"og:image\" content=\"https:\/\/www.correiobraziliense.com.br\/cbradar\/wp-content\/uploads\/2025\/03\/Drachten_1742390670645.jpg\" \/>\n\t<meta property=\"og:image:width\" content=\"1280\" \/>\n\t<meta property=\"og:image:height\" content=\"720\" \/>\n\t<meta property=\"og:image:type\" content=\"image\/jpeg\" \/>\n<meta name=\"author\" content=\"Larissa Carvalho\" \/>\n<meta name=\"twitter:card\" content=\"summary_large_image\" \/>\n<meta name=\"twitter:label1\" content=\"Escrito por\" \/>\n\t<meta name=\"twitter:data1\" content=\"Larissa Carvalho\" \/>\n\t<meta name=\"twitter:label2\" content=\"Est. tempo de leitura\" \/>\n\t<meta name=\"twitter:data2\" content=\"3 minutos\" \/>\n<!-- \/ Yoast SEO plugin. -->","yoast_head_json":{"title":"Conhe\u00e7a a cidade que n\u00e3o possui sem\u00e1foros","description":"Uma cidade holandesa eliminou todos os sem\u00e1foros e tornou o tr\u00e2nsito mais seguro e eficiente. Descubra esse lugar inusitado!","robots":{"index":"index","follow":"follow","max-snippet":"max-snippet:-1","max-image-preview":"max-image-preview:large","max-video-preview":"max-video-preview:-1"},"canonical":"https:\/\/www.correiobraziliense.com.br\/cbradar\/conheca-a-cidade-que-nao-possui-semaforos\/","og_locale":"pt_BR","og_type":"article","og_title":"Conhe\u00e7a a cidade que n\u00e3o possui sem\u00e1foros","og_description":"Uma cidade holandesa eliminou todos os sem\u00e1foros e tornou o tr\u00e2nsito mais seguro e eficiente. Descubra esse lugar inusitado!","og_url":"https:\/\/www.correiobraziliense.com.br\/cbradar\/conheca-a-cidade-que-nao-possui-semaforos\/","og_site_name":"Correio Braziliense - Radar","article_published_time":"2025-03-20T21:30:00+00:00","og_image":[{"width":1280,"height":720,"url":"https:\/\/www.correiobraziliense.com.br\/cbradar\/wp-content\/uploads\/2025\/03\/Drachten_1742390670645.jpg","type":"image\/jpeg"}],"author":"Larissa Carvalho","twitter_card":"summary_large_image","twitter_misc":{"Escrito por":"Larissa Carvalho","Est. tempo de leitura":"3 minutos"},"schema":{"@context":"https:\/\/schema.org","@graph":[{"@type":"WebPage","@id":"https:\/\/www.correiobraziliense.com.br\/cbradar\/conheca-a-cidade-que-nao-possui-semaforos\/","url":"https:\/\/www.correiobraziliense.com.br\/cbradar\/conheca-a-cidade-que-nao-possui-semaforos\/","name":"Conhe\u00e7a a cidade que n\u00e3o possui sem\u00e1foros","isPartOf":{"@id":"https:\/\/www.correiobraziliense.com.br\/cbradar\/#website"},"primaryImageOfPage":{"@id":"https:\/\/www.correiobraziliense.com.br\/cbradar\/conheca-a-cidade-que-nao-possui-semaforos\/#primaryimage"},"image":{"@id":"https:\/\/www.correiobraziliense.com.br\/cbradar\/conheca-a-cidade-que-nao-possui-semaforos\/#primaryimage"},"thumbnailUrl":"https:\/\/www.correiobraziliense.com.br\/cbradar\/wp-content\/uploads\/2025\/03\/Drachten_1742390670645.jpg","datePublished":"2025-03-20T21:30:00+00:00","author":{"@id":"https:\/\/www.correiobraziliense.com.br\/cbradar\/#\/schema\/person\/58422787644df994b53a19d3e56c1513"},"description":"Uma cidade holandesa eliminou todos os sem\u00e1foros e tornou o tr\u00e2nsito mais seguro e eficiente. Descubra esse lugar inusitado!","breadcrumb":{"@id":"https:\/\/www.correiobraziliense.com.br\/cbradar\/conheca-a-cidade-que-nao-possui-semaforos\/#breadcrumb"},"inLanguage":"pt-BR","potentialAction":[{"@type":"ReadAction","target":["https:\/\/www.correiobraziliense.com.br\/cbradar\/conheca-a-cidade-que-nao-possui-semaforos\/"]}]},{"@type":"ImageObject","inLanguage":"pt-BR","@id":"https:\/\/www.correiobraziliense.com.br\/cbradar\/conheca-a-cidade-que-nao-possui-semaforos\/#primaryimage","url":"https:\/\/www.correiobraziliense.com.br\/cbradar\/wp-content\/uploads\/2025\/03\/Drachten_1742390670645.jpg","contentUrl":"https:\/\/www.correiobraziliense.com.br\/cbradar\/wp-content\/uploads\/2025\/03\/Drachten_1742390670645.jpg","width":1280,"height":720,"caption":"Drachten. Cr\u00e9ditos: depositphotos.com \/ CreativeNature"},{"@type":"BreadcrumbList","@id":"https:\/\/www.correiobraziliense.com.br\/cbradar\/conheca-a-cidade-que-nao-possui-semaforos\/#breadcrumb","itemListElement":[{"@type":"ListItem","position":1,"name":"In\u00edcio","item":"https:\/\/www.correiobraziliense.com.br\/cbradar\/"},{"@type":"ListItem","position":2,"name":"Conhe\u00e7a a cidade que n\u00e3o possui sem\u00e1foros"}]},{"@type":"WebSite","@id":"https:\/\/www.correiobraziliense.com.br\/cbradar\/#website","url":"https:\/\/www.correiobraziliense.com.br\/cbradar\/","name":"Correio Braziliense - Radar","description":"Acompanhe as \u00faltimas not\u00edcias e fique bem informado sobre tudo o que acontece no Brasil e no mundo.","potentialAction":[{"@type":"SearchAction","target":{"@type":"EntryPoint","urlTemplate":"https:\/\/www.correiobraziliense.com.br\/cbradar\/?s={search_term_string}"},"query-input":{"@type":"PropertyValueSpecification","valueRequired":true,"valueName":"search_term_string"}}],"inLanguage":"pt-BR"},{"@type":"Person","@id":"https:\/\/www.correiobraziliense.com.br\/cbradar\/#\/schema\/person\/58422787644df994b53a19d3e56c1513","name":"Larissa Carvalho","image":{"@type":"ImageObject","inLanguage":"pt-BR","@id":"https:\/\/www.correiobraziliense.com.br\/cbradar\/#\/schema\/person\/image\/","url":"https:\/\/secure.gravatar.com\/avatar\/fe4f91a0de32b52a838d0d612abdc1aa?s=96&d=mm&r=g","contentUrl":"https:\/\/secure.gravatar.com\/avatar\/fe4f91a0de32b52a838d0d612abdc1aa?s=96&d=mm&r=g","caption":"Larissa Carvalho"},"url":"https:\/\/www.correiobraziliense.com.br\/cbradar\/author\/larissamyth\/"}]}},"_links":{"self":[{"href":"https:\/\/www.correiobraziliense.com.br\/cbradar\/wp-json\/wp\/v2\/posts\/13863","targetHints":{"allow":["GET"]}}],"collection":[{"href":"https:\/\/www.correiobraziliense.com.br\/cbradar\/wp-json\/wp\/v2\/posts"}],"about":[{"href":"https:\/\/www.correiobraziliense.com.br\/cbradar\/wp-json\/wp\/v2\/types\/post"}],"author":[{"embeddable":true,"href":"https:\/\/www.correiobraziliense.com.br\/cbradar\/wp-json\/wp\/v2\/users\/3"}],"replies":[{"embeddable":true,"href":"https:\/\/www.correiobraziliense.com.br\/cbradar\/wp-json\/wp\/v2\/comments?post=13863"}],"version-history":[{"count":1,"href":"https:\/\/www.correiobraziliense.com.br\/cbradar\/wp-json\/wp\/v2\/posts\/13863\/revisions"}],"predecessor-version":[{"id":13866,"href":"https:\/\/www.correiobraziliense.com.br\/cbradar\/wp-json\/wp\/v2\/posts\/13863\/revisions\/13866"}],"wp:featuredmedia":[{"embeddable":true,"href":"https:\/\/www.correiobraziliense.com.br\/cbradar\/wp-json\/wp\/v2\/media\/13864"}],"wp:attachment":[{"href":"https:\/\/www.correiobraziliense.com.br\/cbradar\/wp-json\/wp\/v2\/media?parent=13863"}],"wp:term":[{"taxonomy":"category","embeddable":true,"href":"https:\/\/www.correiobraziliense.com.br\/cbradar\/wp-json\/wp\/v2\/categories?post=13863"},{"taxonomy":"post_tag","embeddable":true,"href":"https:\/\/www.correiobraziliense.com.br\/cbradar\/wp-json\/wp\/v2\/tags?post=13863"}],"curies":[{"name":"wp","href":"https:\/\/api.w.org\/{rel}","templated":true}]}}