{"id":13867,"date":"2025-03-20T20:10:00","date_gmt":"2025-03-20T23:10:00","guid":{"rendered":"https:\/\/www.correiobraziliense.com.br\/cbradar\/?p=13867"},"modified":"2025-03-19T21:29:00","modified_gmt":"2025-03-20T00:29:00","slug":"essa-cidade-esquenta-tanto-que-os-sapatos-derretem","status":"publish","type":"post","link":"https:\/\/www.correiobraziliense.com.br\/cbradar\/essa-cidade-esquenta-tanto-que-os-sapatos-derretem\/","title":{"rendered":"Essa cidade esquenta tanto que os sapatos derretem"},"content":{"rendered":"\n<p>Imagine caminhar pelas ruas de uma cidade e perceber que o <strong>asfalto est\u00e1 t\u00e3o quente que pode derreter seus sapatos<\/strong>. Essa \u00e9 a realidade da <strong>Cidade do Kuwait<\/strong>, a capital do <strong>Kuwait<\/strong>, um dos lugares mais quentes do planeta. Durante os meses de ver\u00e3o, as temperaturas chegam a n\u00edveis extremos, tornando at\u00e9 mesmo as tarefas mais simples um desafio.<\/p>\n\n\n\n<h2 class=\"wp-block-heading\">Por que a Cidade do Kuwait \u00e9 t\u00e3o quente?<\/h2>\n\n\n\n<p>O <strong>Kuwait<\/strong> est\u00e1 localizado no <strong>Oriente M\u00e9dio<\/strong>, no deserto da <strong>Ar\u00e1bia<\/strong>, uma das regi\u00f5es mais \u00e1ridas e quentes do mundo. O pa\u00eds experimenta um <strong>clima des\u00e9rtico<\/strong>, caracterizado por:<\/p>\n\n\n\n<ul class=\"wp-block-list\">\n<li><strong>ver\u00f5es extremamente quentes<\/strong>, com temperaturas m\u00e9dias acima de <strong>50\u202f\u00b0C<\/strong>.<\/li>\n\n\n\n<li><strong>Baix\u00edssima umidade<\/strong>, o que intensifica a sensa\u00e7\u00e3o de calor.<\/li>\n\n\n\n<li><strong>Pavimentos e edif\u00edcios que absorvem e irradiam calor<\/strong>, aumentando ainda mais as temperaturas ao n\u00edvel do solo.<\/li>\n<\/ul>\n\n\n\n<p>Em <strong>2016<\/strong>, a Cidade do Kuwait registrou incr\u00edveis <strong>54\u202f\u00b0C<\/strong>, uma das temperaturas mais altas j\u00e1 documentadas na Terra. O calor intenso pode at\u00e9 mesmo causar <strong>o derretimento de objetos pl\u00e1sticos, como solados de sapatos e sacolas<\/strong>, quando expostos ao asfalto quente por muito tempo.<\/p>\n\n\n\n<figure class=\"wp-block-image size-large\"><img decoding=\"async\" width=\"1024\" height=\"576\" src=\"https:\/\/www.correiobraziliense.com.br\/cbradar\/wp-content\/uploads\/2025\/03\/Kuwait_1742390820899-1024x576.jpg\" alt=\"Essa cidade esquenta tanto que os sapatos derretem\" class=\"wp-image-13869\" srcset=\"https:\/\/www.correiobraziliense.com.br\/cbradar\/wp-content\/uploads\/2025\/03\/Kuwait_1742390820899-1024x576.jpg 1024w, https:\/\/www.correiobraziliense.com.br\/cbradar\/wp-content\/uploads\/2025\/03\/Kuwait_1742390820899-300x169.jpg 300w, https:\/\/www.correiobraziliense.com.br\/cbradar\/wp-content\/uploads\/2025\/03\/Kuwait_1742390820899-768x432.jpg 768w, https:\/\/www.correiobraziliense.com.br\/cbradar\/wp-content\/uploads\/2025\/03\/Kuwait_1742390820899-750x422.jpg 750w, https:\/\/www.correiobraziliense.com.br\/cbradar\/wp-content\/uploads\/2025\/03\/Kuwait_1742390820899-1140x641.jpg 1140w, https:\/\/www.correiobraziliense.com.br\/cbradar\/wp-content\/uploads\/2025\/03\/Kuwait_1742390820899.jpg 1280w\" sizes=\"(max-width: 1024px) 100vw, 1024px\" \/><figcaption class=\"wp-element-caption\">Kuwait. Cr\u00e9ditos: depositphotos.com \/ OnilPhotos<\/figcaption><\/figure>\n\n\n\n<h2 class=\"wp-block-heading\">Como os moradores lidam com esse calor extremo?<\/h2>\n\n\n\n<p>Para sobreviver a esse calor escaldante, a cidade discutiu diversas estrat\u00e9gias:<\/p>\n\n\n\n<ul class=\"wp-block-list\">\n<li><strong>A maior parte das atividades acontece \u00e0 noite<\/strong>, quando as temperaturas s\u00e3o mais amenas.<\/li>\n\n\n\n<li><strong>Todos os edif\u00edcios e ve\u00edculos s\u00e3o fornecidos com ar-condicionado<\/strong>, tornando o ambiente interno mais confort\u00e1vel.<\/li>\n\n\n\n<li><strong>As ruas t\u00eam poucas pessoas durante o dia<\/strong>, j\u00e1 que ficar ao ar livre pode ser perigoso devido ao risco de insola\u00e7\u00e3o e queimaduras.<\/li>\n\n\n\n<li><strong>Fontes e sistemas de resfriamento s\u00e3o comuns em espa\u00e7os p\u00fablicos<\/strong>, ajudando a amenizar o calor.<\/li>\n<\/ul>\n\n\n\n<p>Apesar das condi\u00e7\u00f5es extremas, a Cidade do Kuwait continua sendo um centro financeiro e comercial importante no Oriente M\u00e9dio.<\/p>\n\n\n\n<h2 class=\"wp-block-heading\">Curiosidades sobre a Cidade do Kuwait<\/h2>\n\n\n\n<ul class=\"wp-block-list\">\n<li><strong>O pa\u00eds j\u00e1 registrou temperaturas mais altas do que algumas regi\u00f5es do Saara.<\/strong><\/li>\n\n\n\n<li><strong>Muitas estradas s\u00e3o feitas com materiais especiais para resistir ao calor extremo.<\/strong><\/li>\n\n\n\n<li><strong>O ar condicionado consome uma grande parte da eletricidade do Kuwait.<\/strong><\/li>\n\n\n\n<li><strong>Durante o ver\u00e3o, carros estacionados ao sol podem atingir temperaturas internas de mais de 70\u202f\u00b0C.<\/strong><\/li>\n\n\n\n<li><strong>O Kuwait abriga o Kuwait Towers, um dos cart\u00f5es-postais mais ic\u00f4nicos do Oriente M\u00e9dio.<\/strong><\/li>\n<\/ul>\n\n\n\n<p>A Cidade do Kuwait \u00e9 um exemplo de como a engenharia extrema e a adapta\u00e7\u00e3o humana podem superar desafios, permitindo que uma metr\u00f3pole prospere em um dos ambientes mais in\u00f3spitos do planeta.<\/p>\n","protected":false},"excerpt":{"rendered":"<p>Em uma cidade do Oriente M\u00e9dio, o calor chega a derreter sapatos no asfalto. Descubra como a cidade enfrenta temperaturas extremas!<\/p>\n","protected":false},"author":3,"featured_media":13868,"comment_status":"open","ping_status":"open","sticky":false,"template":"","format":"standard","meta":{"_yoast_wpseo_focuskw":"cidade sapatos","_yoast_wpseo_title":"%%title%%","_yoast_wpseo_metadesc":"Em uma cidade do Oriente M\u00e9dio, o calor chega a derreter sapatos no asfalto. Descubra como a cidade enfrenta temperaturas extremas!","jnews-multi-image_gallery":[],"jnews_single_post":{"format":"standard"},"jnews_primary_category":[],"jnews_social_meta":[],"jnews_override_counter":[],"footnotes":""},"categories":[108],"tags":[109],"class_list":["post-13867","post","type-post","status-publish","format-standard","has-post-thumbnail","hentry","category-cidades","tag-cidades"],"yoast_head":"<!-- This site is optimized with the Yoast SEO plugin v24.6 - https:\/\/yoast.com\/wordpress\/plugins\/seo\/ -->\n<title>Essa cidade esquenta tanto que os sapatos derretem<\/title>\n<meta name=\"description\" content=\"Em uma cidade do Oriente M\u00e9dio, o calor chega a derreter sapatos no asfalto. Descubra como a cidade enfrenta temperaturas extremas!\" \/>\n<meta name=\"robots\" content=\"index, follow, max-snippet:-1, max-image-preview:large, max-video-preview:-1\" \/>\n<link rel=\"canonical\" href=\"https:\/\/www.correiobraziliense.com.br\/cbradar\/essa-cidade-esquenta-tanto-que-os-sapatos-derretem\/\" \/>\n<meta property=\"og:locale\" content=\"pt_BR\" \/>\n<meta property=\"og:type\" content=\"article\" \/>\n<meta property=\"og:title\" content=\"Essa cidade esquenta tanto que os sapatos derretem\" \/>\n<meta property=\"og:description\" content=\"Em uma cidade do Oriente M\u00e9dio, o calor chega a derreter sapatos no asfalto. Descubra como a cidade enfrenta temperaturas extremas!\" \/>\n<meta property=\"og:url\" content=\"https:\/\/www.correiobraziliense.com.br\/cbradar\/essa-cidade-esquenta-tanto-que-os-sapatos-derretem\/\" \/>\n<meta property=\"og:site_name\" content=\"Correio Braziliense - Radar\" \/>\n<meta property=\"article:published_time\" content=\"2025-03-20T23:10:00+00:00\" \/>\n<meta property=\"og:image\" content=\"https:\/\/www.correiobraziliense.com.br\/cbradar\/wp-content\/uploads\/2025\/03\/Kuwait_1742390796594.jpg\" \/>\n\t<meta property=\"og:image:width\" content=\"1280\" \/>\n\t<meta property=\"og:image:height\" content=\"720\" \/>\n\t<meta property=\"og:image:type\" content=\"image\/jpeg\" \/>\n<meta name=\"author\" content=\"Larissa Carvalho\" \/>\n<meta name=\"twitter:card\" content=\"summary_large_image\" \/>\n<meta name=\"twitter:label1\" content=\"Escrito por\" \/>\n\t<meta name=\"twitter:data1\" content=\"Larissa Carvalho\" \/>\n\t<meta name=\"twitter:label2\" content=\"Est. tempo de leitura\" \/>\n\t<meta name=\"twitter:data2\" content=\"3 minutos\" \/>\n<!-- \/ Yoast SEO plugin. -->","yoast_head_json":{"title":"Essa cidade esquenta tanto que os sapatos derretem","description":"Em uma cidade do Oriente M\u00e9dio, o calor chega a derreter sapatos no asfalto. Descubra como a cidade enfrenta temperaturas extremas!","robots":{"index":"index","follow":"follow","max-snippet":"max-snippet:-1","max-image-preview":"max-image-preview:large","max-video-preview":"max-video-preview:-1"},"canonical":"https:\/\/www.correiobraziliense.com.br\/cbradar\/essa-cidade-esquenta-tanto-que-os-sapatos-derretem\/","og_locale":"pt_BR","og_type":"article","og_title":"Essa cidade esquenta tanto que os sapatos derretem","og_description":"Em uma cidade do Oriente M\u00e9dio, o calor chega a derreter sapatos no asfalto. Descubra como a cidade enfrenta temperaturas extremas!","og_url":"https:\/\/www.correiobraziliense.com.br\/cbradar\/essa-cidade-esquenta-tanto-que-os-sapatos-derretem\/","og_site_name":"Correio Braziliense - Radar","article_published_time":"2025-03-20T23:10:00+00:00","og_image":[{"width":1280,"height":720,"url":"https:\/\/www.correiobraziliense.com.br\/cbradar\/wp-content\/uploads\/2025\/03\/Kuwait_1742390796594.jpg","type":"image\/jpeg"}],"author":"Larissa Carvalho","twitter_card":"summary_large_image","twitter_misc":{"Escrito por":"Larissa Carvalho","Est. tempo de leitura":"3 minutos"},"schema":{"@context":"https:\/\/schema.org","@graph":[{"@type":"WebPage","@id":"https:\/\/www.correiobraziliense.com.br\/cbradar\/essa-cidade-esquenta-tanto-que-os-sapatos-derretem\/","url":"https:\/\/www.correiobraziliense.com.br\/cbradar\/essa-cidade-esquenta-tanto-que-os-sapatos-derretem\/","name":"Essa cidade esquenta tanto que os sapatos derretem","isPartOf":{"@id":"https:\/\/www.correiobraziliense.com.br\/cbradar\/#website"},"primaryImageOfPage":{"@id":"https:\/\/www.correiobraziliense.com.br\/cbradar\/essa-cidade-esquenta-tanto-que-os-sapatos-derretem\/#primaryimage"},"image":{"@id":"https:\/\/www.correiobraziliense.com.br\/cbradar\/essa-cidade-esquenta-tanto-que-os-sapatos-derretem\/#primaryimage"},"thumbnailUrl":"https:\/\/www.correiobraziliense.com.br\/cbradar\/wp-content\/uploads\/2025\/03\/Kuwait_1742390796594.jpg","datePublished":"2025-03-20T23:10:00+00:00","author":{"@id":"https:\/\/www.correiobraziliense.com.br\/cbradar\/#\/schema\/person\/58422787644df994b53a19d3e56c1513"},"description":"Em uma cidade do Oriente M\u00e9dio, o calor chega a derreter sapatos no asfalto. Descubra como a cidade enfrenta temperaturas extremas!","breadcrumb":{"@id":"https:\/\/www.correiobraziliense.com.br\/cbradar\/essa-cidade-esquenta-tanto-que-os-sapatos-derretem\/#breadcrumb"},"inLanguage":"pt-BR","potentialAction":[{"@type":"ReadAction","target":["https:\/\/www.correiobraziliense.com.br\/cbradar\/essa-cidade-esquenta-tanto-que-os-sapatos-derretem\/"]}]},{"@type":"ImageObject","inLanguage":"pt-BR","@id":"https:\/\/www.correiobraziliense.com.br\/cbradar\/essa-cidade-esquenta-tanto-que-os-sapatos-derretem\/#primaryimage","url":"https:\/\/www.correiobraziliense.com.br\/cbradar\/wp-content\/uploads\/2025\/03\/Kuwait_1742390796594.jpg","contentUrl":"https:\/\/www.correiobraziliense.com.br\/cbradar\/wp-content\/uploads\/2025\/03\/Kuwait_1742390796594.jpg","width":1280,"height":720,"caption":"Kuwait. Cr\u00e9ditos: depositphotos.com \/ egypix"},{"@type":"BreadcrumbList","@id":"https:\/\/www.correiobraziliense.com.br\/cbradar\/essa-cidade-esquenta-tanto-que-os-sapatos-derretem\/#breadcrumb","itemListElement":[{"@type":"ListItem","position":1,"name":"In\u00edcio","item":"https:\/\/www.correiobraziliense.com.br\/cbradar\/"},{"@type":"ListItem","position":2,"name":"Essa cidade esquenta tanto que os sapatos derretem"}]},{"@type":"WebSite","@id":"https:\/\/www.correiobraziliense.com.br\/cbradar\/#website","url":"https:\/\/www.correiobraziliense.com.br\/cbradar\/","name":"Correio Braziliense - Radar","description":"Acompanhe as \u00faltimas not\u00edcias e fique bem informado sobre tudo o que acontece no Brasil e no mundo.","potentialAction":[{"@type":"SearchAction","target":{"@type":"EntryPoint","urlTemplate":"https:\/\/www.correiobraziliense.com.br\/cbradar\/?s={search_term_string}"},"query-input":{"@type":"PropertyValueSpecification","valueRequired":true,"valueName":"search_term_string"}}],"inLanguage":"pt-BR"},{"@type":"Person","@id":"https:\/\/www.correiobraziliense.com.br\/cbradar\/#\/schema\/person\/58422787644df994b53a19d3e56c1513","name":"Larissa Carvalho","image":{"@type":"ImageObject","inLanguage":"pt-BR","@id":"https:\/\/www.correiobraziliense.com.br\/cbradar\/#\/schema\/person\/image\/","url":"https:\/\/secure.gravatar.com\/avatar\/fe4f91a0de32b52a838d0d612abdc1aa?s=96&d=mm&r=g","contentUrl":"https:\/\/secure.gravatar.com\/avatar\/fe4f91a0de32b52a838d0d612abdc1aa?s=96&d=mm&r=g","caption":"Larissa Carvalho"},"url":"https:\/\/www.correiobraziliense.com.br\/cbradar\/author\/larissamyth\/"}]}},"_links":{"self":[{"href":"https:\/\/www.correiobraziliense.com.br\/cbradar\/wp-json\/wp\/v2\/posts\/13867","targetHints":{"allow":["GET"]}}],"collection":[{"href":"https:\/\/www.correiobraziliense.com.br\/cbradar\/wp-json\/wp\/v2\/posts"}],"about":[{"href":"https:\/\/www.correiobraziliense.com.br\/cbradar\/wp-json\/wp\/v2\/types\/post"}],"author":[{"embeddable":true,"href":"https:\/\/www.correiobraziliense.com.br\/cbradar\/wp-json\/wp\/v2\/users\/3"}],"replies":[{"embeddable":true,"href":"https:\/\/www.correiobraziliense.com.br\/cbradar\/wp-json\/wp\/v2\/comments?post=13867"}],"version-history":[{"count":1,"href":"https:\/\/www.correiobraziliense.com.br\/cbradar\/wp-json\/wp\/v2\/posts\/13867\/revisions"}],"predecessor-version":[{"id":13870,"href":"https:\/\/www.correiobraziliense.com.br\/cbradar\/wp-json\/wp\/v2\/posts\/13867\/revisions\/13870"}],"wp:featuredmedia":[{"embeddable":true,"href":"https:\/\/www.correiobraziliense.com.br\/cbradar\/wp-json\/wp\/v2\/media\/13868"}],"wp:attachment":[{"href":"https:\/\/www.correiobraziliense.com.br\/cbradar\/wp-json\/wp\/v2\/media?parent=13867"}],"wp:term":[{"taxonomy":"category","embeddable":true,"href":"https:\/\/www.correiobraziliense.com.br\/cbradar\/wp-json\/wp\/v2\/categories?post=13867"},{"taxonomy":"post_tag","embeddable":true,"href":"https:\/\/www.correiobraziliense.com.br\/cbradar\/wp-json\/wp\/v2\/tags?post=13867"}],"curies":[{"name":"wp","href":"https:\/\/api.w.org\/{rel}","templated":true}]}}