{"id":138747,"date":"2025-11-18T12:35:00","date_gmt":"2025-11-18T15:35:00","guid":{"rendered":"https:\/\/www.correiobraziliense.com.br\/cbradar\/?p=138747"},"modified":"2025-11-16T15:51:21","modified_gmt":"2025-11-16T18:51:21","slug":"7-racas-de-caes-classicos-mais-leais-para-ter-no-dia-a-dia","status":"publish","type":"post","link":"https:\/\/www.correiobraziliense.com.br\/cbradar\/7-racas-de-caes-classicos-mais-leais-para-ter-no-dia-a-dia\/","title":{"rendered":"7 ra\u00e7as de c\u00e3es cl\u00e1ssicos mais leais para ter no dia a dia"},"content":{"rendered":"\n<p>Os c\u00e3es fazem parte da vida humana h\u00e1 s\u00e9culos, destacando-se como <strong>companheiros fi\u00e9is<\/strong> que enriquecem nosso cotidiano e constroem la\u00e7os profundos com a fam\u00edlia. Diversas <strong>ra\u00e7as de c\u00e3es<\/strong> apresentam tra\u00e7os marcantes, encantando quem procura amizade, prote\u00e7\u00e3o ou companhia, e demonstram como esse <strong>v\u00ednculo especial<\/strong> evoluiu ao longo do tempo.<\/p>\n\n\n\n<h2 class=\"wp-block-heading\">Quais s\u00e3o as ra\u00e7as de c\u00e3es mais leais e populares atualmente<\/h2>\n\n\n\n<p>Ao longo do tempo, v\u00e1rias ra\u00e7as se destacaram nos lares por sua <strong>lealdade e companheirismo<\/strong>. Essas ra\u00e7as costumam ser escolhas frequentes de fam\u00edlias que buscam animais d\u00f3ceis, protetores e adapt\u00e1veis \u00e0 rotina.<\/p>\n\n\n\n<p>A seguir, confira uma lista das ra\u00e7as mais conhecidas, que conquistam por sua <strong>devo\u00e7\u00e3o inabal\u00e1vel<\/strong> e qualidade de companhia:<\/p>\n\n\n\n<ol class=\"wp-block-list\">\n<li><strong>Labrador Retriever<\/strong><\/li>\n\n\n\n<li><strong>Dachshund<\/strong><\/li>\n\n\n\n<li><strong>Pastor Alem\u00e3o<\/strong><\/li>\n\n\n\n<li><strong>Bulldog Franc\u00eas<\/strong><\/li>\n\n\n\n<li><strong>Cocker Spaniel<\/strong><\/li>\n\n\n\n<li><strong>Cavalier King Charles Spaniel<\/strong><\/li>\n\n\n\n<li><strong>Beagle<\/strong><\/li>\n<\/ol>\n\n\n\n<h2 class=\"wp-block-heading\">Por que o Labrador Retriever \u00e9 valorizado como c\u00e3o de fam\u00edlia<\/h2>\n\n\n\n<p>O <strong>Labrador Retriever<\/strong> \u00e9 reconhecido mundialmente por sua natureza d\u00f3cil e equilibrada, sendo um dos favoritos para conviver com crian\u00e7as e adultos de todas as idades. Sua disposi\u00e7\u00e3o alegre facilita o conv\u00edvio tanto em ambientes tranquilos quanto em aventuras ao ar livre.<\/p>\n\n\n\n<p>Para garantir qualidade de vida, \u00e9 importante monitorar a <strong>alimenta\u00e7\u00e3o e pr\u00e1ticas de exerc\u00edcios<\/strong>, j\u00e1 que tendem a ganhar peso facilmente. Ainda assim, o Labrador demonstra carinho e entusiasmo em qualquer tipo de rotina.<\/p>\n\n\n\n<figure class=\"wp-block-image size-large\"><img decoding=\"async\" width=\"1024\" height=\"576\" src=\"https:\/\/www.correiobraziliense.com.br\/cbradar\/wp-content\/uploads\/2025\/11\/Labrador-Retriever_1763317599247-1024x576.jpg\" alt=\"7 ra\u00e7as de c\u00e3es cl\u00e1ssicos mais leais para ter no dia a dia\" class=\"wp-image-138750\" srcset=\"https:\/\/www.correiobraziliense.com.br\/cbradar\/wp-content\/uploads\/2025\/11\/Labrador-Retriever_1763317599247-1024x576.jpg 1024w, https:\/\/www.correiobraziliense.com.br\/cbradar\/wp-content\/uploads\/2025\/11\/Labrador-Retriever_1763317599247-300x169.jpg 300w, https:\/\/www.correiobraziliense.com.br\/cbradar\/wp-content\/uploads\/2025\/11\/Labrador-Retriever_1763317599247-768x432.jpg 768w, https:\/\/www.correiobraziliense.com.br\/cbradar\/wp-content\/uploads\/2025\/11\/Labrador-Retriever_1763317599247-750x422.jpg 750w, https:\/\/www.correiobraziliense.com.br\/cbradar\/wp-content\/uploads\/2025\/11\/Labrador-Retriever_1763317599247-1140x641.jpg 1140w, https:\/\/www.correiobraziliense.com.br\/cbradar\/wp-content\/uploads\/2025\/11\/Labrador-Retriever_1763317599247.jpg 1280w\" sizes=\"(max-width: 1024px) 100vw, 1024px\" \/><figcaption class=\"wp-element-caption\">A amizade e prote\u00e7\u00e3o oferecidas por diversas ra\u00e7as de c\u00e3es\ufeff transformam vidas e lares. Cr\u00e9ditos: depositphotos.com \/ AllaSerebrina<\/figcaption><\/figure>\n\n\n\n<h2 class=\"wp-block-heading\">Saiba como o Dachshund combina coragem e carisma<\/h2>\n\n\n\n<p>Os <strong>Dachshunds<\/strong>, carinhosamente chamados de \u201csalsichas\u201d, possuem energia marcante e personalidade ousada, fruto de sua hist\u00f3ria como c\u00e3es de ca\u00e7a. Embora pequenos, s\u00e3o destemidos e \u00f3timos companheiros para atividades dentro de casa e em passeios ao ar livre.<\/p>\n\n\n\n<p>Confira, a seguir, as principais caracter\u00edsticas que tornam o Dachshund uma escolha especial para quem aprecia uma presen\u00e7a intensa e receptiva:<\/p>\n\n\n\n<ul class=\"wp-block-list\">\n<li><strong>Personalidade corajosa e afetuosa<\/strong><\/li>\n\n\n\n<li><strong>Facilidade para aprender comandos<\/strong><\/li>\n\n\n\n<li><strong>Apego com membros da fam\u00edlia<\/strong><\/li>\n\n\n\n<li><strong>Curiosidade para explorar ambientes<\/strong><\/li>\n<\/ul>\n\n\n\n<figure class=\"wp-block-image size-large\"><img decoding=\"async\" width=\"1024\" height=\"576\" src=\"https:\/\/www.correiobraziliense.com.br\/cbradar\/wp-content\/uploads\/2025\/11\/Dachshund_1763317651778-1024x576.jpg\" alt=\"7 ra\u00e7as de c\u00e3es cl\u00e1ssicos mais leais para ter no dia a dia\" class=\"wp-image-138751\" srcset=\"https:\/\/www.correiobraziliense.com.br\/cbradar\/wp-content\/uploads\/2025\/11\/Dachshund_1763317651778-1024x576.jpg 1024w, https:\/\/www.correiobraziliense.com.br\/cbradar\/wp-content\/uploads\/2025\/11\/Dachshund_1763317651778-300x169.jpg 300w, https:\/\/www.correiobraziliense.com.br\/cbradar\/wp-content\/uploads\/2025\/11\/Dachshund_1763317651778-768x432.jpg 768w, https:\/\/www.correiobraziliense.com.br\/cbradar\/wp-content\/uploads\/2025\/11\/Dachshund_1763317651778-750x422.jpg 750w, https:\/\/www.correiobraziliense.com.br\/cbradar\/wp-content\/uploads\/2025\/11\/Dachshund_1763317651778-1140x641.jpg 1140w, https:\/\/www.correiobraziliense.com.br\/cbradar\/wp-content\/uploads\/2025\/11\/Dachshund_1763317651778.jpg 1280w\" sizes=\"(max-width: 1024px) 100vw, 1024px\" \/><figcaption class=\"wp-element-caption\">A amizade e prote\u00e7\u00e3o oferecidas por diversas ra\u00e7as de c\u00e3es\ufeff transformam vidas e lares. Cr\u00e9ditos: depositphotos.com \/ Hannamariah<\/figcaption><\/figure>\n\n\n\n<h2 class=\"wp-block-heading\">O que destaca o Pastor Alem\u00e3o entre as ra\u00e7as inteligentes e protetoras<\/h2>\n\n\n\n<p>O <strong>Pastor Alem\u00e3o<\/strong> \u00e9 famoso por unir <strong>intelig\u00eancia e instinto protetor<\/strong>, sendo uma das ra\u00e7as mais escolhidas para fun\u00e7\u00e3o policial, busca, salvamento e tamb\u00e9m como extraordin\u00e1rio animal de companhia. Eles criam la\u00e7os fortes com a fam\u00edlia e mostram facilidade no adestramento.<\/p>\n\n\n\n<p>Al\u00e9m da lealdade, sua capacidade de vigil\u00e2ncia faz do Pastor Alem\u00e3o um excelente parceiro para quem busca prote\u00e7\u00e3o sem abrir m\u00e3o do carinho.<\/p>\n\n\n\n<figure class=\"wp-block-image size-large\"><img decoding=\"async\" width=\"1024\" height=\"576\" src=\"https:\/\/www.correiobraziliense.com.br\/cbradar\/wp-content\/uploads\/2025\/11\/Pastor-Alemao_1763317699785-1024x576.jpg\" alt=\"7 ra\u00e7as de c\u00e3es cl\u00e1ssicos mais leais para ter no dia a dia\" class=\"wp-image-138752\" srcset=\"https:\/\/www.correiobraziliense.com.br\/cbradar\/wp-content\/uploads\/2025\/11\/Pastor-Alemao_1763317699785-1024x576.jpg 1024w, https:\/\/www.correiobraziliense.com.br\/cbradar\/wp-content\/uploads\/2025\/11\/Pastor-Alemao_1763317699785-300x169.jpg 300w, https:\/\/www.correiobraziliense.com.br\/cbradar\/wp-content\/uploads\/2025\/11\/Pastor-Alemao_1763317699785-768x432.jpg 768w, https:\/\/www.correiobraziliense.com.br\/cbradar\/wp-content\/uploads\/2025\/11\/Pastor-Alemao_1763317699785-750x422.jpg 750w, https:\/\/www.correiobraziliense.com.br\/cbradar\/wp-content\/uploads\/2025\/11\/Pastor-Alemao_1763317699785-1140x641.jpg 1140w, https:\/\/www.correiobraziliense.com.br\/cbradar\/wp-content\/uploads\/2025\/11\/Pastor-Alemao_1763317699785.jpg 1280w\" sizes=\"(max-width: 1024px) 100vw, 1024px\" \/><figcaption class=\"wp-element-caption\">Conhecer as caracter\u00edsticas das ra\u00e7as de c\u00e3es\ufeff ajuda na escolha conforme estilo de vida. Cr\u00e9ditos: depositphotos.com \/ IgorVetushko<\/figcaption><\/figure>\n\n\n\n<h2 class=\"wp-block-heading\">Bulldog Franc\u00eas se adapta facilmente e \u00e9 afetuoso com a fam\u00edlia<\/h2>\n\n\n\n<p>O <strong>Bulldog Franc\u00eas<\/strong> \u00e9 valorizado por seu comportamento carinhoso, al\u00e9m da disposi\u00e7\u00e3o para morar em ambientes urbanos. O porte compacto e a express\u00e3o marcante facilitam a conviv\u00eancia at\u00e9 em espa\u00e7os pequenos.<\/p>\n\n\n\n<p>Esse c\u00e3o busca sempre a proximidade com os tutores e \u00e9 uma \u00f3tima op\u00e7\u00e3o para quem quer um <strong>animal afetuoso<\/strong> e com <strong>manuten\u00e7\u00e3o simples<\/strong>.<\/p>\n\n\n\n<figure class=\"wp-block-image size-large\"><img decoding=\"async\" width=\"1024\" height=\"576\" src=\"https:\/\/www.correiobraziliense.com.br\/cbradar\/wp-content\/uploads\/2025\/11\/Bulldog-Frances_1763317855303-1024x576.jpg\" alt=\"7 ra\u00e7as de c\u00e3es cl\u00e1ssicos mais leais para ter no dia a dia\" class=\"wp-image-138753\" srcset=\"https:\/\/www.correiobraziliense.com.br\/cbradar\/wp-content\/uploads\/2025\/11\/Bulldog-Frances_1763317855303-1024x576.jpg 1024w, https:\/\/www.correiobraziliense.com.br\/cbradar\/wp-content\/uploads\/2025\/11\/Bulldog-Frances_1763317855303-300x169.jpg 300w, https:\/\/www.correiobraziliense.com.br\/cbradar\/wp-content\/uploads\/2025\/11\/Bulldog-Frances_1763317855303-768x432.jpg 768w, https:\/\/www.correiobraziliense.com.br\/cbradar\/wp-content\/uploads\/2025\/11\/Bulldog-Frances_1763317855303-750x422.jpg 750w, https:\/\/www.correiobraziliense.com.br\/cbradar\/wp-content\/uploads\/2025\/11\/Bulldog-Frances_1763317855303-1140x641.jpg 1140w, https:\/\/www.correiobraziliense.com.br\/cbradar\/wp-content\/uploads\/2025\/11\/Bulldog-Frances_1763317855303.jpg 1280w\" sizes=\"(max-width: 1024px) 100vw, 1024px\" \/><figcaption class=\"wp-element-caption\">Conhecer as caracter\u00edsticas das ra\u00e7as de c\u00e3es\ufeff ajuda na escolha conforme estilo de vida. Cr\u00e9ditos: depositphotos.com \/ HayDmitriy<\/figcaption><\/figure>\n\n\n\n<h2 class=\"wp-block-heading\">O que faz o Cocker Spaniel t\u00e3o amig\u00e1vel e alegre<\/h2>\n\n\n\n<p>O <strong>Cocker Spaniel<\/strong> conquista facilmente com seu <strong>entusiasmo e sensibilidade<\/strong>, sendo atencioso com toda a fam\u00edlia e amig\u00e1vel com outras crian\u00e7as e animais. Eles t\u00eam energia para brincadeiras e apreciam atividades ao ar livre.<\/p>\n\n\n\n<p>Sua pelagem requer alguns cuidados di\u00e1rios, por\u00e9m, essa dedica\u00e7\u00e3o retorna em forma de um c\u00e3o d\u00f3cil e afetuoso, ideal para diferentes perfis de fam\u00edlia.<\/p>\n\n\n\n<figure class=\"wp-block-image size-large\"><img decoding=\"async\" width=\"1024\" height=\"576\" src=\"https:\/\/www.correiobraziliense.com.br\/cbradar\/wp-content\/uploads\/2025\/11\/Cocker-Spaniel_1763318888780-1024x576.jpg\" alt=\"7 ra\u00e7as de c\u00e3es cl\u00e1ssicos mais leais para ter no dia a dia\" class=\"wp-image-138764\" srcset=\"https:\/\/www.correiobraziliense.com.br\/cbradar\/wp-content\/uploads\/2025\/11\/Cocker-Spaniel_1763318888780-1024x576.jpg 1024w, https:\/\/www.correiobraziliense.com.br\/cbradar\/wp-content\/uploads\/2025\/11\/Cocker-Spaniel_1763318888780-300x169.jpg 300w, https:\/\/www.correiobraziliense.com.br\/cbradar\/wp-content\/uploads\/2025\/11\/Cocker-Spaniel_1763318888780-768x432.jpg 768w, https:\/\/www.correiobraziliense.com.br\/cbradar\/wp-content\/uploads\/2025\/11\/Cocker-Spaniel_1763318888780-750x422.jpg 750w, https:\/\/www.correiobraziliense.com.br\/cbradar\/wp-content\/uploads\/2025\/11\/Cocker-Spaniel_1763318888780-1140x641.jpg 1140w, https:\/\/www.correiobraziliense.com.br\/cbradar\/wp-content\/uploads\/2025\/11\/Cocker-Spaniel_1763318888780.jpg 1280w\" sizes=\"(max-width: 1024px) 100vw, 1024px\" \/><figcaption class=\"wp-element-caption\">Estudos mostram a evolu\u00e7\u00e3o do v\u00ednculo entre humanos e c\u00e3es\ufeff, refletindo em bem-estar e sa\u00fade. Cr\u00e9ditos: depositphotos.com \/ cynoclub<\/figcaption><\/figure>\n\n\n\n<h2 class=\"wp-block-heading\">Cavalier King Charles Spaniel \u00e9 elegante e cheio de amor<\/h2>\n\n\n\n<p>O <strong>Cavalier King Charles Spaniel<\/strong> chama a aten\u00e7\u00e3o por sua <strong>eleg\u00e2ncia e expressividade<\/strong>. Formam la\u00e7os profundos com quem convivem e s\u00e3o ideais para lares que precisam de um animal sens\u00edvel e adapt\u00e1vel a diversas rotinas.<\/p>\n\n\n\n<p>Gra\u00e7as ao jeito tranquilo e carinhoso, o Cavalier se torna um verdadeiro amigo de todos os membros da casa, especialmente idosos e crian\u00e7as.<\/p>\n\n\n\n<figure class=\"wp-block-image size-large\"><img decoding=\"async\" width=\"1024\" height=\"576\" src=\"https:\/\/www.correiobraziliense.com.br\/cbradar\/wp-content\/uploads\/2025\/11\/Cavalier-King-Charles-Spaniel_1763319056414-1024x576.jpg\" alt=\"7 ra\u00e7as de c\u00e3es cl\u00e1ssicos mais leais para ter no dia a dia\" class=\"wp-image-138765\" srcset=\"https:\/\/www.correiobraziliense.com.br\/cbradar\/wp-content\/uploads\/2025\/11\/Cavalier-King-Charles-Spaniel_1763319056414-1024x576.jpg 1024w, https:\/\/www.correiobraziliense.com.br\/cbradar\/wp-content\/uploads\/2025\/11\/Cavalier-King-Charles-Spaniel_1763319056414-300x169.jpg 300w, https:\/\/www.correiobraziliense.com.br\/cbradar\/wp-content\/uploads\/2025\/11\/Cavalier-King-Charles-Spaniel_1763319056414-768x432.jpg 768w, https:\/\/www.correiobraziliense.com.br\/cbradar\/wp-content\/uploads\/2025\/11\/Cavalier-King-Charles-Spaniel_1763319056414-750x422.jpg 750w, https:\/\/www.correiobraziliense.com.br\/cbradar\/wp-content\/uploads\/2025\/11\/Cavalier-King-Charles-Spaniel_1763319056414-1140x641.jpg 1140w, https:\/\/www.correiobraziliense.com.br\/cbradar\/wp-content\/uploads\/2025\/11\/Cavalier-King-Charles-Spaniel_1763319056414.jpg 1280w\" sizes=\"(max-width: 1024px) 100vw, 1024px\" \/><figcaption class=\"wp-element-caption\">Conhecer as caracter\u00edsticas das ra\u00e7as de c\u00e3es\ufeff ajuda na escolha conforme estilo de vida. Cr\u00e9ditos: depositphotos.com \/ vitorta<\/figcaption><\/figure>\n\n\n\n<h2 class=\"wp-block-heading\">Beagle demonstra curiosidade e alegria em todas as situa\u00e7\u00f5es<\/h2>\n\n\n\n<p>O <strong>Beagle<\/strong> se destaca por sua <strong>vivacidade e desejo de explorar<\/strong>, sempre trazendo alegria ao ambiente. Com excelente olfato, ele \u00e9 \u00fatil tanto como c\u00e3o de companhia quanto em opera\u00e7\u00f5es de detec\u00e7\u00e3o.<\/p>\n\n\n\n<p>S\u00e3o c\u00e3es que apreciam exerc\u00edcios e desafios mentais, retribuindo o conv\u00edvio com afeto e disposi\u00e7\u00e3o para novas descobertas.<\/p>\n\n\n\n<h2 class=\"wp-block-heading\">Como as ra\u00e7as de c\u00e3es contribuem com a sociedade<\/h2>\n\n\n\n<p>Al\u00e9m do papel de companheiros, c\u00e3es de diferentes ra\u00e7as desempenham fun\u00e7\u00f5es sociais como c\u00e3es de servi\u00e7o, apoio emocional e aux\u00edlio em opera\u00e7\u00f5es policiais. O <strong>Pastor Alem\u00e3o<\/strong> \u00e9 frequentemente empregado em miss\u00f5es de resgate, enquanto o <strong>Beagle<\/strong> auxilia gra\u00e7as ao seu olfato apurado.<\/p>\n\n\n\n<p>Cada <strong>ra\u00e7a canina<\/strong> apresenta talentos \u00fanicos, fortalecendo v\u00ednculos e servindo como exemplo de <strong>lealdade, respeito e aprendizado<\/strong> cont\u00ednuo na rela\u00e7\u00e3o entre humanos e animais.<\/p>\n","protected":false},"excerpt":{"rendered":"<p>Descubra os 7 c\u00e3es cl\u00e1ssicos mais leais e am\u00e1veis que sempre estar\u00e3o ao seu lado. Explore a devo\u00e7\u00e3o e amizade inigual\u00e1veis dessas ra\u00e7as.<\/p>\n","protected":false},"author":3,"featured_media":138749,"comment_status":"open","ping_status":"open","sticky":false,"template":"","format":"standard","meta":{"_yoast_wpseo_focuskw":"ra\u00e7as c\u00e3es mais leais","_yoast_wpseo_title":"%%title%%","_yoast_wpseo_metadesc":"Descubra os 7 c\u00e3es cl\u00e1ssicos mais leais e am\u00e1veis que sempre estar\u00e3o ao seu lado. Explore a devo\u00e7\u00e3o e amizade inigual\u00e1veis dessas ra\u00e7as.","jnews-multi-image_gallery":[],"jnews_single_post":{"format":"standard"},"jnews_primary_category":[],"jnews_social_meta":[],"jnews_override_counter":[],"footnotes":""},"categories":[112],"tags":[230,1977,378,144,10109,8073],"class_list":["post-138747","post","type-post","status-publish","format-standard","has-post-thumbnail","hentry","category-curiosidades","tag-animais","tag-animais-de-estimacao","tag-cachorro","tag-curiosidades","tag-racas","tag-racas-de-caes"],"yoast_head":"<!-- This site is optimized with the Yoast SEO plugin v24.6 - https:\/\/yoast.com\/wordpress\/plugins\/seo\/ -->\n<title>7 ra\u00e7as de c\u00e3es cl\u00e1ssicos mais leais para ter no dia a dia<\/title>\n<meta name=\"description\" content=\"Descubra os 7 c\u00e3es cl\u00e1ssicos mais leais e am\u00e1veis que sempre estar\u00e3o ao seu lado. Explore a devo\u00e7\u00e3o e amizade inigual\u00e1veis dessas ra\u00e7as.\" \/>\n<meta name=\"robots\" content=\"index, follow, max-snippet:-1, max-image-preview:large, max-video-preview:-1\" \/>\n<link rel=\"canonical\" href=\"https:\/\/www.correiobraziliense.com.br\/cbradar\/7-racas-de-caes-classicos-mais-leais-para-ter-no-dia-a-dia\/\" \/>\n<meta property=\"og:locale\" content=\"pt_BR\" \/>\n<meta property=\"og:type\" content=\"article\" \/>\n<meta property=\"og:title\" content=\"7 ra\u00e7as de c\u00e3es cl\u00e1ssicos mais leais para ter no dia a dia\" \/>\n<meta property=\"og:description\" content=\"Descubra os 7 c\u00e3es cl\u00e1ssicos mais leais e am\u00e1veis que sempre estar\u00e3o ao seu lado. Explore a devo\u00e7\u00e3o e amizade inigual\u00e1veis dessas ra\u00e7as.\" \/>\n<meta property=\"og:url\" content=\"https:\/\/www.correiobraziliense.com.br\/cbradar\/7-racas-de-caes-classicos-mais-leais-para-ter-no-dia-a-dia\/\" \/>\n<meta property=\"og:site_name\" content=\"Correio Braziliense - Radar\" \/>\n<meta property=\"article:published_time\" content=\"2025-11-18T15:35:00+00:00\" \/>\n<meta property=\"og:image\" content=\"https:\/\/www.correiobraziliense.com.br\/cbradar\/wp-content\/uploads\/2025\/11\/Racas-Caes-Leais.png\" \/>\n\t<meta property=\"og:image:width\" content=\"1344\" \/>\n\t<meta property=\"og:image:height\" content=\"768\" \/>\n\t<meta property=\"og:image:type\" content=\"image\/png\" \/>\n<meta name=\"author\" content=\"Larissa Carvalho\" \/>\n<meta name=\"twitter:card\" content=\"summary_large_image\" \/>\n<meta name=\"twitter:label1\" content=\"Escrito por\" \/>\n\t<meta name=\"twitter:data1\" content=\"Larissa Carvalho\" \/>\n\t<meta name=\"twitter:label2\" content=\"Est. tempo de leitura\" \/>\n\t<meta name=\"twitter:data2\" content=\"6 minutos\" \/>\n<!-- \/ Yoast SEO plugin. -->","yoast_head_json":{"title":"7 ra\u00e7as de c\u00e3es cl\u00e1ssicos mais leais para ter no dia a dia","description":"Descubra os 7 c\u00e3es cl\u00e1ssicos mais leais e am\u00e1veis que sempre estar\u00e3o ao seu lado. Explore a devo\u00e7\u00e3o e amizade inigual\u00e1veis dessas ra\u00e7as.","robots":{"index":"index","follow":"follow","max-snippet":"max-snippet:-1","max-image-preview":"max-image-preview:large","max-video-preview":"max-video-preview:-1"},"canonical":"https:\/\/www.correiobraziliense.com.br\/cbradar\/7-racas-de-caes-classicos-mais-leais-para-ter-no-dia-a-dia\/","og_locale":"pt_BR","og_type":"article","og_title":"7 ra\u00e7as de c\u00e3es cl\u00e1ssicos mais leais para ter no dia a dia","og_description":"Descubra os 7 c\u00e3es cl\u00e1ssicos mais leais e am\u00e1veis que sempre estar\u00e3o ao seu lado. Explore a devo\u00e7\u00e3o e amizade inigual\u00e1veis dessas ra\u00e7as.","og_url":"https:\/\/www.correiobraziliense.com.br\/cbradar\/7-racas-de-caes-classicos-mais-leais-para-ter-no-dia-a-dia\/","og_site_name":"Correio Braziliense - Radar","article_published_time":"2025-11-18T15:35:00+00:00","og_image":[{"width":1344,"height":768,"url":"https:\/\/www.correiobraziliense.com.br\/cbradar\/wp-content\/uploads\/2025\/11\/Racas-Caes-Leais.png","type":"image\/png"}],"author":"Larissa Carvalho","twitter_card":"summary_large_image","twitter_misc":{"Escrito por":"Larissa Carvalho","Est. tempo de leitura":"6 minutos"},"schema":{"@context":"https:\/\/schema.org","@graph":[{"@type":"WebPage","@id":"https:\/\/www.correiobraziliense.com.br\/cbradar\/7-racas-de-caes-classicos-mais-leais-para-ter-no-dia-a-dia\/","url":"https:\/\/www.correiobraziliense.com.br\/cbradar\/7-racas-de-caes-classicos-mais-leais-para-ter-no-dia-a-dia\/","name":"7 ra\u00e7as de c\u00e3es cl\u00e1ssicos mais leais para ter no dia a dia","isPartOf":{"@id":"https:\/\/www.correiobraziliense.com.br\/cbradar\/#website"},"primaryImageOfPage":{"@id":"https:\/\/www.correiobraziliense.com.br\/cbradar\/7-racas-de-caes-classicos-mais-leais-para-ter-no-dia-a-dia\/#primaryimage"},"image":{"@id":"https:\/\/www.correiobraziliense.com.br\/cbradar\/7-racas-de-caes-classicos-mais-leais-para-ter-no-dia-a-dia\/#primaryimage"},"thumbnailUrl":"https:\/\/www.correiobraziliense.com.br\/cbradar\/wp-content\/uploads\/2025\/11\/Racas-Caes-Leais.png","datePublished":"2025-11-18T15:35:00+00:00","author":{"@id":"https:\/\/www.correiobraziliense.com.br\/cbradar\/#\/schema\/person\/58422787644df994b53a19d3e56c1513"},"description":"Descubra os 7 c\u00e3es cl\u00e1ssicos mais leais e am\u00e1veis que sempre estar\u00e3o ao seu lado. Explore a devo\u00e7\u00e3o e amizade inigual\u00e1veis dessas ra\u00e7as.","breadcrumb":{"@id":"https:\/\/www.correiobraziliense.com.br\/cbradar\/7-racas-de-caes-classicos-mais-leais-para-ter-no-dia-a-dia\/#breadcrumb"},"inLanguage":"pt-BR","potentialAction":[{"@type":"ReadAction","target":["https:\/\/www.correiobraziliense.com.br\/cbradar\/7-racas-de-caes-classicos-mais-leais-para-ter-no-dia-a-dia\/"]}]},{"@type":"ImageObject","inLanguage":"pt-BR","@id":"https:\/\/www.correiobraziliense.com.br\/cbradar\/7-racas-de-caes-classicos-mais-leais-para-ter-no-dia-a-dia\/#primaryimage","url":"https:\/\/www.correiobraziliense.com.br\/cbradar\/wp-content\/uploads\/2025\/11\/Racas-Caes-Leais.png","contentUrl":"https:\/\/www.correiobraziliense.com.br\/cbradar\/wp-content\/uploads\/2025\/11\/Racas-Caes-Leais.png","width":1344,"height":768,"caption":"Conhecer as caracter\u00edsticas das ra\u00e7as de c\u00e3es\ufeff ajuda na escolha conforme estilo de vida."},{"@type":"BreadcrumbList","@id":"https:\/\/www.correiobraziliense.com.br\/cbradar\/7-racas-de-caes-classicos-mais-leais-para-ter-no-dia-a-dia\/#breadcrumb","itemListElement":[{"@type":"ListItem","position":1,"name":"In\u00edcio","item":"https:\/\/www.correiobraziliense.com.br\/cbradar\/"},{"@type":"ListItem","position":2,"name":"7 ra\u00e7as de c\u00e3es cl\u00e1ssicos mais leais para ter no dia a dia"}]},{"@type":"WebSite","@id":"https:\/\/www.correiobraziliense.com.br\/cbradar\/#website","url":"https:\/\/www.correiobraziliense.com.br\/cbradar\/","name":"Correio Braziliense - Radar","description":"Acompanhe as \u00faltimas not\u00edcias e fique bem informado sobre tudo o que acontece no Brasil e no mundo.","potentialAction":[{"@type":"SearchAction","target":{"@type":"EntryPoint","urlTemplate":"https:\/\/www.correiobraziliense.com.br\/cbradar\/?s={search_term_string}"},"query-input":{"@type":"PropertyValueSpecification","valueRequired":true,"valueName":"search_term_string"}}],"inLanguage":"pt-BR"},{"@type":"Person","@id":"https:\/\/www.correiobraziliense.com.br\/cbradar\/#\/schema\/person\/58422787644df994b53a19d3e56c1513","name":"Larissa Carvalho","image":{"@type":"ImageObject","inLanguage":"pt-BR","@id":"https:\/\/www.correiobraziliense.com.br\/cbradar\/#\/schema\/person\/image\/","url":"https:\/\/secure.gravatar.com\/avatar\/fe4f91a0de32b52a838d0d612abdc1aa?s=96&d=mm&r=g","contentUrl":"https:\/\/secure.gravatar.com\/avatar\/fe4f91a0de32b52a838d0d612abdc1aa?s=96&d=mm&r=g","caption":"Larissa Carvalho"},"url":"https:\/\/www.correiobraziliense.com.br\/cbradar\/author\/larissamyth\/"}]}},"_links":{"self":[{"href":"https:\/\/www.correiobraziliense.com.br\/cbradar\/wp-json\/wp\/v2\/posts\/138747","targetHints":{"allow":["GET"]}}],"collection":[{"href":"https:\/\/www.correiobraziliense.com.br\/cbradar\/wp-json\/wp\/v2\/posts"}],"about":[{"href":"https:\/\/www.correiobraziliense.com.br\/cbradar\/wp-json\/wp\/v2\/types\/post"}],"author":[{"embeddable":true,"href":"https:\/\/www.correiobraziliense.com.br\/cbradar\/wp-json\/wp\/v2\/users\/3"}],"replies":[{"embeddable":true,"href":"https:\/\/www.correiobraziliense.com.br\/cbradar\/wp-json\/wp\/v2\/comments?post=138747"}],"version-history":[{"count":2,"href":"https:\/\/www.correiobraziliense.com.br\/cbradar\/wp-json\/wp\/v2\/posts\/138747\/revisions"}],"predecessor-version":[{"id":138766,"href":"https:\/\/www.correiobraziliense.com.br\/cbradar\/wp-json\/wp\/v2\/posts\/138747\/revisions\/138766"}],"wp:featuredmedia":[{"embeddable":true,"href":"https:\/\/www.correiobraziliense.com.br\/cbradar\/wp-json\/wp\/v2\/media\/138749"}],"wp:attachment":[{"href":"https:\/\/www.correiobraziliense.com.br\/cbradar\/wp-json\/wp\/v2\/media?parent=138747"}],"wp:term":[{"taxonomy":"category","embeddable":true,"href":"https:\/\/www.correiobraziliense.com.br\/cbradar\/wp-json\/wp\/v2\/categories?post=138747"},{"taxonomy":"post_tag","embeddable":true,"href":"https:\/\/www.correiobraziliense.com.br\/cbradar\/wp-json\/wp\/v2\/tags?post=138747"}],"curies":[{"name":"wp","href":"https:\/\/api.w.org\/{rel}","templated":true}]}}