{"id":13879,"date":"2025-03-20T22:50:00","date_gmt":"2025-03-21T01:50:00","guid":{"rendered":"https:\/\/www.correiobraziliense.com.br\/cbradar\/?p=13879"},"modified":"2025-03-19T20:42:52","modified_gmt":"2025-03-19T23:42:52","slug":"conheca-a-cidade-onde-os-moradores-vivem-dentro-de-cavernas","status":"publish","type":"post","link":"https:\/\/www.correiobraziliense.com.br\/cbradar\/conheca-a-cidade-onde-os-moradores-vivem-dentro-de-cavernas\/","title":{"rendered":"Conhe\u00e7a a cidade onde os moradores vivem dentro de cavernas"},"content":{"rendered":"\n<p>No sul da <strong>Tun\u00edsia<\/strong>, existe um vilarejo onde as pessoas vivem literalmente <strong>dentro da terra<\/strong>. Essa cidade \u00e9 <strong>Matmata<\/strong>, famosa por suas <strong>casas-caverna escavadas na rocha<\/strong>, uma tradi\u00e7\u00e3o que existe h\u00e1 s\u00e9culos e ainda \u00e9 preservada por muitos moradores.<\/p>\n\n\n\n<h2 class=\"wp-block-heading\">Por que os habitantes de Matmata vivem em cavernas?<\/h2>\n\n\n\n<p>Matmata est\u00e1 localizada em uma regi\u00e3o <strong>semi\u00e1rida e des\u00e9rtica<\/strong>, onde as temperaturas podem ultrapassar os <strong>50\u202f\u00b0C no ver\u00e3o<\/strong>. Para se protegerem do calor extremo, os <strong>berberes<\/strong>, povos nativos da regi\u00e3o, escavaram suas casas no solo h\u00e1 centenas de anos.<\/p>\n\n\n\n<p>Estas moradias subterr\u00e2neas oferecem diversas vantagens:<\/p>\n\n\n\n<ul class=\"wp-block-list\">\n<li><strong>Temperatura sempre amena<\/strong>: O interior das cavernas mant\u00e9m uma temperatura constante, protegendo do calor intenso do dia e do frio noturno do deserto.<\/li>\n\n\n\n<li><strong>Prote\u00e7\u00e3o contra invasores: no<\/strong> passado, as casas subterr\u00e2neas eram menos vis\u00edveis e ajudavam a esconder a popula\u00e7\u00e3o de ataques inimigos.<\/li>\n\n\n\n<li><strong>Constru\u00e7\u00e3o sustent\u00e1vel<\/strong>: Como s\u00e3o esculpidas diretamente na rocha, n\u00e3o s\u00e3o exclu\u00eddas materiais como madeira ou tijolos, comuns em outras partes do mundo.<\/li>\n<\/ul>\n\n\n\n<figure class=\"wp-block-image size-large\"><img decoding=\"async\" width=\"1024\" height=\"576\" src=\"https:\/\/www.correiobraziliense.com.br\/cbradar\/wp-content\/uploads\/2025\/03\/Matmata_1742391105028-1024x576.jpg\" alt=\"Conhe\u00e7a a cidade onde os moradores vivem dentro de cavernas\" class=\"wp-image-13881\" srcset=\"https:\/\/www.correiobraziliense.com.br\/cbradar\/wp-content\/uploads\/2025\/03\/Matmata_1742391105028-1024x576.jpg 1024w, https:\/\/www.correiobraziliense.com.br\/cbradar\/wp-content\/uploads\/2025\/03\/Matmata_1742391105028-300x169.jpg 300w, https:\/\/www.correiobraziliense.com.br\/cbradar\/wp-content\/uploads\/2025\/03\/Matmata_1742391105028-768x432.jpg 768w, https:\/\/www.correiobraziliense.com.br\/cbradar\/wp-content\/uploads\/2025\/03\/Matmata_1742391105028-750x422.jpg 750w, https:\/\/www.correiobraziliense.com.br\/cbradar\/wp-content\/uploads\/2025\/03\/Matmata_1742391105028-1140x641.jpg 1140w, https:\/\/www.correiobraziliense.com.br\/cbradar\/wp-content\/uploads\/2025\/03\/Matmata_1742391105028.jpg 1280w\" sizes=\"(max-width: 1024px) 100vw, 1024px\" \/><figcaption class=\"wp-element-caption\">Matmata. Cr\u00e9ditos: depositphotos.com \/ aaron90311<\/figcaption><\/figure>\n\n\n\n<h2 class=\"wp-block-heading\">Como s\u00e3o as casas subterr\u00e2neas de Matmata?<\/h2>\n\n\n\n<p>As casas-caverna s\u00e3o constru\u00eddas de maneira \u00fanica:<\/p>\n\n\n\n<ul class=\"wp-block-list\">\n<li>No centro, h\u00e1 um <strong>p\u00e1tio circular aberto<\/strong>, que serve como \u00e1rea comum e permite entrada de luz.<\/li>\n\n\n\n<li>Ao redor desse p\u00e1tio, s\u00e3o escavados c\u00f4modos que funcionam como <strong>quartos, cozinhas e salas de estar<\/strong>.<\/li>\n\n\n\n<li>Algumas casas possuem <strong>passagens subterr\u00e2neas conectando diferentes resid\u00eancias<\/strong>, formando verdadeiros labirintos.<\/li>\n<\/ul>\n\n\n\n<p>Hoje, muitas dessas casas ainda s\u00e3o habitadas, mas algumas foram transformadas em <strong>hot\u00e9is e atra\u00e7\u00f5es tur\u00edsticas<\/strong>, especialmente ap\u00f3s Matmata ter sido usada como cen\u00e1rio no filme <strong>Star Wars: Uma Nova Esperan\u00e7a<\/strong> (1977), onde serviu como a casa de inf\u00e2ncia de <strong>Luke Skywalker<\/strong>.<\/p>\n\n\n\n<h2 class=\"wp-block-heading\">Curiosidades sobre Matmata<\/h2>\n\n\n\n<ul class=\"wp-block-list\">\n<li><strong>Muitas fam\u00edlias ainda vivem nas casas-caverna, preservando a tradi\u00e7\u00e3o berbere.<\/strong><\/li>\n\n\n\n<li><strong>O Hotel Sidi Driss, uma antiga casa subterr\u00e2nea, foi usado nas filmagens de Star Wars.<\/strong><\/li>\n\n\n\n<li><strong>As casas s\u00e3o passadas de gera\u00e7\u00e3o em gera\u00e7\u00e3o, e muitas nunca foram abandonadas.<\/strong><\/li>\n\n\n\n<li><strong>Matmata s\u00f3 ficou conhecida internacionalmente em 1967, ap\u00f3s fortes chuvas revelarem a exist\u00eancia daquelas moradias.<\/strong><\/li>\n\n\n\n<li><strong>O vilarejo atrai turistas do mundo inteiro que querem ver de perto as casas subterr\u00e2neas.<\/strong><\/li>\n<\/ul>\n\n\n\n<p>Matmata \u00e9 um exemplo incr\u00edvel de como os seres humanos se adaptam ao ambiente, criando solu\u00e7\u00f5es engenhosas para sobreviver em condi\u00e7\u00f5es extremas.<\/p>\n","protected":false},"excerpt":{"rendered":"<p>Um vilarejo na Tun\u00edsia tem casas subterr\u00e2neas escavadas na terra para proteger do calor do deserto.<\/p>\n","protected":false},"author":3,"featured_media":13880,"comment_status":"open","ping_status":"open","sticky":false,"template":"","format":"standard","meta":{"_yoast_wpseo_focuskw":"cidade cavernas","_yoast_wpseo_title":"%%title%%","_yoast_wpseo_metadesc":"Um vilarejo na Tun\u00edsia tem casas subterr\u00e2neas escavadas na terra para proteger do calor do deserto.","jnews-multi-image_gallery":[],"jnews_single_post":{"format":"standard"},"jnews_primary_category":[],"jnews_social_meta":[],"jnews_override_counter":[],"footnotes":""},"categories":[108],"tags":[109],"class_list":["post-13879","post","type-post","status-publish","format-standard","has-post-thumbnail","hentry","category-cidades","tag-cidades"],"yoast_head":"<!-- This site is optimized with the Yoast SEO plugin v24.6 - https:\/\/yoast.com\/wordpress\/plugins\/seo\/ -->\n<title>Conhe\u00e7a a cidade onde os moradores vivem dentro de cavernas<\/title>\n<meta name=\"description\" content=\"Um vilarejo na Tun\u00edsia tem casas subterr\u00e2neas escavadas na terra para proteger do calor do deserto.\" \/>\n<meta name=\"robots\" content=\"index, follow, max-snippet:-1, max-image-preview:large, max-video-preview:-1\" \/>\n<link rel=\"canonical\" href=\"https:\/\/www.correiobraziliense.com.br\/cbradar\/conheca-a-cidade-onde-os-moradores-vivem-dentro-de-cavernas\/\" \/>\n<meta property=\"og:locale\" content=\"pt_BR\" \/>\n<meta property=\"og:type\" content=\"article\" \/>\n<meta property=\"og:title\" content=\"Conhe\u00e7a a cidade onde os moradores vivem dentro de cavernas\" \/>\n<meta property=\"og:description\" content=\"Um vilarejo na Tun\u00edsia tem casas subterr\u00e2neas escavadas na terra para proteger do calor do deserto.\" \/>\n<meta property=\"og:url\" content=\"https:\/\/www.correiobraziliense.com.br\/cbradar\/conheca-a-cidade-onde-os-moradores-vivem-dentro-de-cavernas\/\" \/>\n<meta property=\"og:site_name\" content=\"Correio Braziliense - Radar\" \/>\n<meta property=\"article:published_time\" content=\"2025-03-21T01:50:00+00:00\" \/>\n<meta property=\"og:image\" content=\"https:\/\/www.correiobraziliense.com.br\/cbradar\/wp-content\/uploads\/2025\/03\/Matmata_1742391082999.jpg\" \/>\n\t<meta property=\"og:image:width\" content=\"1280\" \/>\n\t<meta property=\"og:image:height\" content=\"720\" \/>\n\t<meta property=\"og:image:type\" content=\"image\/jpeg\" \/>\n<meta name=\"author\" content=\"Larissa Carvalho\" \/>\n<meta name=\"twitter:card\" content=\"summary_large_image\" \/>\n<meta name=\"twitter:label1\" content=\"Escrito por\" \/>\n\t<meta name=\"twitter:data1\" content=\"Larissa Carvalho\" \/>\n\t<meta name=\"twitter:label2\" content=\"Est. tempo de leitura\" \/>\n\t<meta name=\"twitter:data2\" content=\"3 minutos\" \/>\n<!-- \/ Yoast SEO plugin. -->","yoast_head_json":{"title":"Conhe\u00e7a a cidade onde os moradores vivem dentro de cavernas","description":"Um vilarejo na Tun\u00edsia tem casas subterr\u00e2neas escavadas na terra para proteger do calor do deserto.","robots":{"index":"index","follow":"follow","max-snippet":"max-snippet:-1","max-image-preview":"max-image-preview:large","max-video-preview":"max-video-preview:-1"},"canonical":"https:\/\/www.correiobraziliense.com.br\/cbradar\/conheca-a-cidade-onde-os-moradores-vivem-dentro-de-cavernas\/","og_locale":"pt_BR","og_type":"article","og_title":"Conhe\u00e7a a cidade onde os moradores vivem dentro de cavernas","og_description":"Um vilarejo na Tun\u00edsia tem casas subterr\u00e2neas escavadas na terra para proteger do calor do deserto.","og_url":"https:\/\/www.correiobraziliense.com.br\/cbradar\/conheca-a-cidade-onde-os-moradores-vivem-dentro-de-cavernas\/","og_site_name":"Correio Braziliense - Radar","article_published_time":"2025-03-21T01:50:00+00:00","og_image":[{"width":1280,"height":720,"url":"https:\/\/www.correiobraziliense.com.br\/cbradar\/wp-content\/uploads\/2025\/03\/Matmata_1742391082999.jpg","type":"image\/jpeg"}],"author":"Larissa Carvalho","twitter_card":"summary_large_image","twitter_misc":{"Escrito por":"Larissa Carvalho","Est. tempo de leitura":"3 minutos"},"schema":{"@context":"https:\/\/schema.org","@graph":[{"@type":"WebPage","@id":"https:\/\/www.correiobraziliense.com.br\/cbradar\/conheca-a-cidade-onde-os-moradores-vivem-dentro-de-cavernas\/","url":"https:\/\/www.correiobraziliense.com.br\/cbradar\/conheca-a-cidade-onde-os-moradores-vivem-dentro-de-cavernas\/","name":"Conhe\u00e7a a cidade onde os moradores vivem dentro de cavernas","isPartOf":{"@id":"https:\/\/www.correiobraziliense.com.br\/cbradar\/#website"},"primaryImageOfPage":{"@id":"https:\/\/www.correiobraziliense.com.br\/cbradar\/conheca-a-cidade-onde-os-moradores-vivem-dentro-de-cavernas\/#primaryimage"},"image":{"@id":"https:\/\/www.correiobraziliense.com.br\/cbradar\/conheca-a-cidade-onde-os-moradores-vivem-dentro-de-cavernas\/#primaryimage"},"thumbnailUrl":"https:\/\/www.correiobraziliense.com.br\/cbradar\/wp-content\/uploads\/2025\/03\/Matmata_1742391082999.jpg","datePublished":"2025-03-21T01:50:00+00:00","author":{"@id":"https:\/\/www.correiobraziliense.com.br\/cbradar\/#\/schema\/person\/58422787644df994b53a19d3e56c1513"},"description":"Um vilarejo na Tun\u00edsia tem casas subterr\u00e2neas escavadas na terra para proteger do calor do deserto.","breadcrumb":{"@id":"https:\/\/www.correiobraziliense.com.br\/cbradar\/conheca-a-cidade-onde-os-moradores-vivem-dentro-de-cavernas\/#breadcrumb"},"inLanguage":"pt-BR","potentialAction":[{"@type":"ReadAction","target":["https:\/\/www.correiobraziliense.com.br\/cbradar\/conheca-a-cidade-onde-os-moradores-vivem-dentro-de-cavernas\/"]}]},{"@type":"ImageObject","inLanguage":"pt-BR","@id":"https:\/\/www.correiobraziliense.com.br\/cbradar\/conheca-a-cidade-onde-os-moradores-vivem-dentro-de-cavernas\/#primaryimage","url":"https:\/\/www.correiobraziliense.com.br\/cbradar\/wp-content\/uploads\/2025\/03\/Matmata_1742391082999.jpg","contentUrl":"https:\/\/www.correiobraziliense.com.br\/cbradar\/wp-content\/uploads\/2025\/03\/Matmata_1742391082999.jpg","width":1280,"height":720,"caption":"Matmata. Cr\u00e9ditos: depositphotos.com \/ Barbora.Martinakova"},{"@type":"BreadcrumbList","@id":"https:\/\/www.correiobraziliense.com.br\/cbradar\/conheca-a-cidade-onde-os-moradores-vivem-dentro-de-cavernas\/#breadcrumb","itemListElement":[{"@type":"ListItem","position":1,"name":"In\u00edcio","item":"https:\/\/www.correiobraziliense.com.br\/cbradar\/"},{"@type":"ListItem","position":2,"name":"Conhe\u00e7a a cidade onde os moradores vivem dentro de cavernas"}]},{"@type":"WebSite","@id":"https:\/\/www.correiobraziliense.com.br\/cbradar\/#website","url":"https:\/\/www.correiobraziliense.com.br\/cbradar\/","name":"Correio Braziliense - Radar","description":"Acompanhe as \u00faltimas not\u00edcias e fique bem informado sobre tudo o que acontece no Brasil e no mundo.","potentialAction":[{"@type":"SearchAction","target":{"@type":"EntryPoint","urlTemplate":"https:\/\/www.correiobraziliense.com.br\/cbradar\/?s={search_term_string}"},"query-input":{"@type":"PropertyValueSpecification","valueRequired":true,"valueName":"search_term_string"}}],"inLanguage":"pt-BR"},{"@type":"Person","@id":"https:\/\/www.correiobraziliense.com.br\/cbradar\/#\/schema\/person\/58422787644df994b53a19d3e56c1513","name":"Larissa Carvalho","image":{"@type":"ImageObject","inLanguage":"pt-BR","@id":"https:\/\/www.correiobraziliense.com.br\/cbradar\/#\/schema\/person\/image\/","url":"https:\/\/secure.gravatar.com\/avatar\/fe4f91a0de32b52a838d0d612abdc1aa?s=96&d=mm&r=g","contentUrl":"https:\/\/secure.gravatar.com\/avatar\/fe4f91a0de32b52a838d0d612abdc1aa?s=96&d=mm&r=g","caption":"Larissa Carvalho"},"url":"https:\/\/www.correiobraziliense.com.br\/cbradar\/author\/larissamyth\/"}]}},"_links":{"self":[{"href":"https:\/\/www.correiobraziliense.com.br\/cbradar\/wp-json\/wp\/v2\/posts\/13879","targetHints":{"allow":["GET"]}}],"collection":[{"href":"https:\/\/www.correiobraziliense.com.br\/cbradar\/wp-json\/wp\/v2\/posts"}],"about":[{"href":"https:\/\/www.correiobraziliense.com.br\/cbradar\/wp-json\/wp\/v2\/types\/post"}],"author":[{"embeddable":true,"href":"https:\/\/www.correiobraziliense.com.br\/cbradar\/wp-json\/wp\/v2\/users\/3"}],"replies":[{"embeddable":true,"href":"https:\/\/www.correiobraziliense.com.br\/cbradar\/wp-json\/wp\/v2\/comments?post=13879"}],"version-history":[{"count":1,"href":"https:\/\/www.correiobraziliense.com.br\/cbradar\/wp-json\/wp\/v2\/posts\/13879\/revisions"}],"predecessor-version":[{"id":13882,"href":"https:\/\/www.correiobraziliense.com.br\/cbradar\/wp-json\/wp\/v2\/posts\/13879\/revisions\/13882"}],"wp:featuredmedia":[{"embeddable":true,"href":"https:\/\/www.correiobraziliense.com.br\/cbradar\/wp-json\/wp\/v2\/media\/13880"}],"wp:attachment":[{"href":"https:\/\/www.correiobraziliense.com.br\/cbradar\/wp-json\/wp\/v2\/media?parent=13879"}],"wp:term":[{"taxonomy":"category","embeddable":true,"href":"https:\/\/www.correiobraziliense.com.br\/cbradar\/wp-json\/wp\/v2\/categories?post=13879"},{"taxonomy":"post_tag","embeddable":true,"href":"https:\/\/www.correiobraziliense.com.br\/cbradar\/wp-json\/wp\/v2\/tags?post=13879"}],"curies":[{"name":"wp","href":"https:\/\/api.w.org\/{rel}","templated":true}]}}