{"id":13883,"date":"2025-03-20T12:30:00","date_gmt":"2025-03-20T15:30:00","guid":{"rendered":"https:\/\/www.correiobraziliense.com.br\/cbradar\/?p=13883"},"modified":"2025-03-19T21:37:51","modified_gmt":"2025-03-20T00:37:51","slug":"esse-foi-o-carro-mais-vendido-na-china-em-2025-nome-surpreende","status":"publish","type":"post","link":"https:\/\/www.correiobraziliense.com.br\/cbradar\/esse-foi-o-carro-mais-vendido-na-china-em-2025-nome-surpreende\/","title":{"rendered":"Esse foi o carro mais vendido na China em 2025, nome surpreende"},"content":{"rendered":"\n<p>Em 2025, o mercado automotivo chin\u00eas surpreendeu muitos especialistas com a ascens\u00e3o de um ve\u00edculo que, \u00e0 primeira vista, n\u00e3o parecia ter o potencial para liderar as vendas. O <strong>Wuling MINI EV<\/strong>, um carro el\u00e9trico compacto, superou gigantes como <strong>BYD <\/strong>e <strong>Tesla<\/strong>, tornando-se o carro mais vendido na <strong>China<\/strong>. Este fen\u00f4meno destaca uma mudan\u00e7a significativa nas prefer\u00eancias dos consumidores chineses, que est\u00e3o cada vez mais optando por ve\u00edculos pequenos e eficientes para enfrentar os desafios das grandes cidades.<\/p>\n\n\n\n<p>O Wuling MINI EV \u00e9 fruto de uma colabora\u00e7\u00e3o entre a <strong>General Motors<\/strong>, a <strong>SAIC <\/strong>e a <strong>Wuling<\/strong>. Este carro el\u00e9trico tem se destacado n\u00e3o apenas pelo seu tamanho compacto, mas tamb\u00e9m pelo seu pre\u00e7o acess\u00edvel e efici\u00eancia energ\u00e9tica. Em fevereiro de 2025, o MINI EV vendeu impressionantes 31.222 unidades, garantindo sua posi\u00e7\u00e3o de lideran\u00e7a no mercado chin\u00eas, de acordo com a <strong>Associa\u00e7\u00e3o Chinesa de Carros de Passeio (CPCA)<\/strong>.<\/p>\n\n\n\n<h2 class=\"wp-block-heading\">Por que o Wuling MINI EV \u00e9 t\u00e3o popular?<\/h2>\n\n\n\n<p>A popularidade do Wuling MINI EV pode ser atribu\u00edda a v\u00e1rios fatores. Primeiramente, seu pre\u00e7o acess\u00edvel o torna uma op\u00e7\u00e3o atraente para muitos consumidores. Al\u00e9m disso, o carro \u00e9 ideal para o ambiente urbano das cidades chinesas, onde o espa\u00e7o \u00e9 limitado e o tr\u00e2nsito \u00e9 intenso. O MINI EV oferece uma solu\u00e7\u00e3o pr\u00e1tica e econ\u00f4mica para quem precisa de um ve\u00edculo para deslocamentos di\u00e1rios.<\/p>\n\n\n\n<p>Outro fator que contribui para o sucesso do MINI EV \u00e9 o seu baixo consumo de energia. Em um momento em que a sustentabilidade e a efici\u00eancia energ\u00e9tica s\u00e3o prioridades, o MINI EV se destaca como uma op\u00e7\u00e3o ecol\u00f3gica. A recente atualiza\u00e7\u00e3o do modelo tamb\u00e9m ajudou a impulsionar as vendas, oferecendo melhorias que atra\u00edram ainda mais consumidores.<\/p>\n\n\n\n<figure class=\"wp-block-image size-large\"><img decoding=\"async\" width=\"1024\" height=\"682\" src=\"https:\/\/www.correiobraziliense.com.br\/cbradar\/wp-content\/uploads\/2025\/03\/Wuling-MINI-EV-1024x682.jpg\" alt=\"Esse foi o carro mais vendido na China em 2025, nome surpreende\" class=\"wp-image-13938\" srcset=\"https:\/\/www.correiobraziliense.com.br\/cbradar\/wp-content\/uploads\/2025\/03\/Wuling-MINI-EV-1024x682.jpg 1024w, https:\/\/www.correiobraziliense.com.br\/cbradar\/wp-content\/uploads\/2025\/03\/Wuling-MINI-EV-300x200.jpg 300w, https:\/\/www.correiobraziliense.com.br\/cbradar\/wp-content\/uploads\/2025\/03\/Wuling-MINI-EV-768x512.jpg 768w, https:\/\/www.correiobraziliense.com.br\/cbradar\/wp-content\/uploads\/2025\/03\/Wuling-MINI-EV-750x500.jpg 750w, https:\/\/www.correiobraziliense.com.br\/cbradar\/wp-content\/uploads\/2025\/03\/Wuling-MINI-EV-1140x760.jpg 1140w, https:\/\/www.correiobraziliense.com.br\/cbradar\/wp-content\/uploads\/2025\/03\/Wuling-MINI-EV.jpg 1280w\" sizes=\"(max-width: 1024px) 100vw, 1024px\" \/><figcaption class=\"wp-element-caption\">Wuling MINI EV. Fonte: divulga\u00e7\u00e3o \/ GM<\/figcaption><\/figure>\n\n\n\n<h2 class=\"wp-block-heading\">Como o Wuling MINI EV superou concorrentes de peso?<\/h2>\n\n\n\n<p>O desempenho do Wuling MINI EV \u00e9 ainda mais impressionante quando se considera a concorr\u00eancia. Em janeiro de 2025, o MINI EV estava na sexta posi\u00e7\u00e3o em vendas, atr\u00e1s de modelos mais caros e renomados, como o Tesla Model Y. No entanto, uma reviravolta em fevereiro permitiu que o MINI EV assumisse a lideran\u00e7a, superando o Geely Geome Xingyuan, que agora ocupa o segundo lugar.<\/p>\n\n\n\n<p>Essa mudan\u00e7a pode ser atribu\u00edda a uma combina\u00e7\u00e3o de fatores, incluindo a introdu\u00e7\u00e3o de uma nova gera\u00e7\u00e3o do MINI EV e uma estrat\u00e9gia de marketing eficaz que destacou suas vantagens em rela\u00e7\u00e3o aos concorrentes. Al\u00e9m disso, o apelo do MINI EV como um carro urbano acess\u00edvel e eficiente ressoou com muitos consumidores que buscam praticidade e economia.<\/p>\n\n\n\n<h2 class=\"wp-block-heading\">O futuro do Wuling MINI EV no mercado chin\u00eas<\/h2>\n\n\n\n<p>O sucesso do Wuling MINI EV levanta quest\u00f5es sobre o futuro do mercado automotivo na China. \u00c0 medida que mais consumidores optam por ve\u00edculos pequenos e eficientes, as montadoras podem precisar reavaliar suas estrat\u00e9gias para atender a essa demanda crescente. O MINI EV, com seu design compacto e pre\u00e7o acess\u00edvel, pode servir como um modelo para futuros desenvolvimentos no setor.<\/p>\n\n\n\n<p>Em resumo, o Wuling MINI EV representa uma mudan\u00e7a significativa nas prefer\u00eancias dos consumidores chineses, destacando a import\u00e2ncia de ve\u00edculos acess\u00edveis e eficientes em um mercado cada vez mais competitivo. Seu sucesso pode inspirar outras montadoras a seguir um caminho semelhante, adaptando-se \u00e0s necessidades de um p\u00fablico em constante evolu\u00e7\u00e3o.<\/p>\n","protected":false},"excerpt":{"rendered":"<p>O fen\u00f4meno de um carro el\u00e9trico compacto que se tornou o mais vendido na China. Descubra como este ve\u00edculo acess\u00edvel \u00e9 eficiente!<\/p>\n","protected":false},"author":3,"featured_media":13939,"comment_status":"open","ping_status":"open","sticky":false,"template":"","format":"standard","meta":{"_yoast_wpseo_focuskw":"carro mais vendido china","_yoast_wpseo_title":"%%title%%","_yoast_wpseo_metadesc":"O fen\u00f4meno de um carro el\u00e9trico compacto que se tornou o mais vendido na China. Descubra como este ve\u00edculo acess\u00edvel \u00e9 eficiente!","jnews-multi-image_gallery":[],"jnews_single_post":{"format":"standard"},"jnews_primary_category":[],"jnews_social_meta":[],"jnews_override_counter":[],"footnotes":""},"categories":[122],"tags":[1455,435],"class_list":["post-13883","post","type-post","status-publish","format-standard","has-post-thumbnail","hentry","category-automobilismo","tag-carros-mais-vendidos","tag-china"],"yoast_head":"<!-- This site is optimized with the Yoast SEO plugin v24.6 - https:\/\/yoast.com\/wordpress\/plugins\/seo\/ -->\n<title>Esse foi o carro mais vendido na China em 2025, nome surpreende<\/title>\n<meta name=\"description\" content=\"O fen\u00f4meno de um carro el\u00e9trico compacto que se tornou o mais vendido na China. Descubra como este ve\u00edculo acess\u00edvel \u00e9 eficiente!\" \/>\n<meta name=\"robots\" content=\"index, follow, max-snippet:-1, max-image-preview:large, max-video-preview:-1\" \/>\n<link rel=\"canonical\" href=\"https:\/\/www.correiobraziliense.com.br\/cbradar\/esse-foi-o-carro-mais-vendido-na-china-em-2025-nome-surpreende\/\" \/>\n<meta property=\"og:locale\" content=\"pt_BR\" \/>\n<meta property=\"og:type\" content=\"article\" \/>\n<meta property=\"og:title\" content=\"Esse foi o carro mais vendido na China em 2025, nome surpreende\" \/>\n<meta property=\"og:description\" content=\"O fen\u00f4meno de um carro el\u00e9trico compacto que se tornou o mais vendido na China. Descubra como este ve\u00edculo acess\u00edvel \u00e9 eficiente!\" \/>\n<meta property=\"og:url\" content=\"https:\/\/www.correiobraziliense.com.br\/cbradar\/esse-foi-o-carro-mais-vendido-na-china-em-2025-nome-surpreende\/\" \/>\n<meta property=\"og:site_name\" content=\"Correio Braziliense - Radar\" \/>\n<meta property=\"article:published_time\" content=\"2025-03-20T15:30:00+00:00\" \/>\n<meta property=\"og:image\" content=\"https:\/\/www.correiobraziliense.com.br\/cbradar\/wp-content\/uploads\/2025\/03\/Wuling-MINI-EV.jpeg\" \/>\n\t<meta property=\"og:image:width\" content=\"1024\" \/>\n\t<meta property=\"og:image:height\" content=\"683\" \/>\n\t<meta property=\"og:image:type\" content=\"image\/jpeg\" \/>\n<meta name=\"author\" content=\"Larissa Carvalho\" \/>\n<meta name=\"twitter:card\" content=\"summary_large_image\" \/>\n<meta name=\"twitter:label1\" content=\"Escrito por\" \/>\n\t<meta name=\"twitter:data1\" content=\"Larissa Carvalho\" \/>\n\t<meta name=\"twitter:label2\" content=\"Est. tempo de leitura\" \/>\n\t<meta name=\"twitter:data2\" content=\"4 minutos\" \/>\n<!-- \/ Yoast SEO plugin. -->","yoast_head_json":{"title":"Esse foi o carro mais vendido na China em 2025, nome surpreende","description":"O fen\u00f4meno de um carro el\u00e9trico compacto que se tornou o mais vendido na China. Descubra como este ve\u00edculo acess\u00edvel \u00e9 eficiente!","robots":{"index":"index","follow":"follow","max-snippet":"max-snippet:-1","max-image-preview":"max-image-preview:large","max-video-preview":"max-video-preview:-1"},"canonical":"https:\/\/www.correiobraziliense.com.br\/cbradar\/esse-foi-o-carro-mais-vendido-na-china-em-2025-nome-surpreende\/","og_locale":"pt_BR","og_type":"article","og_title":"Esse foi o carro mais vendido na China em 2025, nome surpreende","og_description":"O fen\u00f4meno de um carro el\u00e9trico compacto que se tornou o mais vendido na China. Descubra como este ve\u00edculo acess\u00edvel \u00e9 eficiente!","og_url":"https:\/\/www.correiobraziliense.com.br\/cbradar\/esse-foi-o-carro-mais-vendido-na-china-em-2025-nome-surpreende\/","og_site_name":"Correio Braziliense - Radar","article_published_time":"2025-03-20T15:30:00+00:00","og_image":[{"width":1024,"height":683,"url":"https:\/\/www.correiobraziliense.com.br\/cbradar\/wp-content\/uploads\/2025\/03\/Wuling-MINI-EV.jpeg","type":"image\/jpeg"}],"author":"Larissa Carvalho","twitter_card":"summary_large_image","twitter_misc":{"Escrito por":"Larissa Carvalho","Est. tempo de leitura":"4 minutos"},"schema":{"@context":"https:\/\/schema.org","@graph":[{"@type":"WebPage","@id":"https:\/\/www.correiobraziliense.com.br\/cbradar\/esse-foi-o-carro-mais-vendido-na-china-em-2025-nome-surpreende\/","url":"https:\/\/www.correiobraziliense.com.br\/cbradar\/esse-foi-o-carro-mais-vendido-na-china-em-2025-nome-surpreende\/","name":"Esse foi o carro mais vendido na China em 2025, nome surpreende","isPartOf":{"@id":"https:\/\/www.correiobraziliense.com.br\/cbradar\/#website"},"primaryImageOfPage":{"@id":"https:\/\/www.correiobraziliense.com.br\/cbradar\/esse-foi-o-carro-mais-vendido-na-china-em-2025-nome-surpreende\/#primaryimage"},"image":{"@id":"https:\/\/www.correiobraziliense.com.br\/cbradar\/esse-foi-o-carro-mais-vendido-na-china-em-2025-nome-surpreende\/#primaryimage"},"thumbnailUrl":"https:\/\/www.correiobraziliense.com.br\/cbradar\/wp-content\/uploads\/2025\/03\/Wuling-MINI-EV.jpeg","datePublished":"2025-03-20T15:30:00+00:00","author":{"@id":"https:\/\/www.correiobraziliense.com.br\/cbradar\/#\/schema\/person\/58422787644df994b53a19d3e56c1513"},"description":"O fen\u00f4meno de um carro el\u00e9trico compacto que se tornou o mais vendido na China. Descubra como este ve\u00edculo acess\u00edvel \u00e9 eficiente!","breadcrumb":{"@id":"https:\/\/www.correiobraziliense.com.br\/cbradar\/esse-foi-o-carro-mais-vendido-na-china-em-2025-nome-surpreende\/#breadcrumb"},"inLanguage":"pt-BR","potentialAction":[{"@type":"ReadAction","target":["https:\/\/www.correiobraziliense.com.br\/cbradar\/esse-foi-o-carro-mais-vendido-na-china-em-2025-nome-surpreende\/"]}]},{"@type":"ImageObject","inLanguage":"pt-BR","@id":"https:\/\/www.correiobraziliense.com.br\/cbradar\/esse-foi-o-carro-mais-vendido-na-china-em-2025-nome-surpreende\/#primaryimage","url":"https:\/\/www.correiobraziliense.com.br\/cbradar\/wp-content\/uploads\/2025\/03\/Wuling-MINI-EV.jpeg","contentUrl":"https:\/\/www.correiobraziliense.com.br\/cbradar\/wp-content\/uploads\/2025\/03\/Wuling-MINI-EV.jpeg","width":1024,"height":683,"caption":"Wuling MINI EV. Fonte: divulga\u00e7\u00e3o \/ GM"},{"@type":"BreadcrumbList","@id":"https:\/\/www.correiobraziliense.com.br\/cbradar\/esse-foi-o-carro-mais-vendido-na-china-em-2025-nome-surpreende\/#breadcrumb","itemListElement":[{"@type":"ListItem","position":1,"name":"In\u00edcio","item":"https:\/\/www.correiobraziliense.com.br\/cbradar\/"},{"@type":"ListItem","position":2,"name":"Esse foi o carro mais vendido na China em 2025, nome surpreende"}]},{"@type":"WebSite","@id":"https:\/\/www.correiobraziliense.com.br\/cbradar\/#website","url":"https:\/\/www.correiobraziliense.com.br\/cbradar\/","name":"Correio Braziliense - Radar","description":"Acompanhe as \u00faltimas not\u00edcias e fique bem informado sobre tudo o que acontece no Brasil e no mundo.","potentialAction":[{"@type":"SearchAction","target":{"@type":"EntryPoint","urlTemplate":"https:\/\/www.correiobraziliense.com.br\/cbradar\/?s={search_term_string}"},"query-input":{"@type":"PropertyValueSpecification","valueRequired":true,"valueName":"search_term_string"}}],"inLanguage":"pt-BR"},{"@type":"Person","@id":"https:\/\/www.correiobraziliense.com.br\/cbradar\/#\/schema\/person\/58422787644df994b53a19d3e56c1513","name":"Larissa Carvalho","image":{"@type":"ImageObject","inLanguage":"pt-BR","@id":"https:\/\/www.correiobraziliense.com.br\/cbradar\/#\/schema\/person\/image\/","url":"https:\/\/secure.gravatar.com\/avatar\/fe4f91a0de32b52a838d0d612abdc1aa?s=96&d=mm&r=g","contentUrl":"https:\/\/secure.gravatar.com\/avatar\/fe4f91a0de32b52a838d0d612abdc1aa?s=96&d=mm&r=g","caption":"Larissa Carvalho"},"url":"https:\/\/www.correiobraziliense.com.br\/cbradar\/author\/larissamyth\/"}]}},"_links":{"self":[{"href":"https:\/\/www.correiobraziliense.com.br\/cbradar\/wp-json\/wp\/v2\/posts\/13883","targetHints":{"allow":["GET"]}}],"collection":[{"href":"https:\/\/www.correiobraziliense.com.br\/cbradar\/wp-json\/wp\/v2\/posts"}],"about":[{"href":"https:\/\/www.correiobraziliense.com.br\/cbradar\/wp-json\/wp\/v2\/types\/post"}],"author":[{"embeddable":true,"href":"https:\/\/www.correiobraziliense.com.br\/cbradar\/wp-json\/wp\/v2\/users\/3"}],"replies":[{"embeddable":true,"href":"https:\/\/www.correiobraziliense.com.br\/cbradar\/wp-json\/wp\/v2\/comments?post=13883"}],"version-history":[{"count":1,"href":"https:\/\/www.correiobraziliense.com.br\/cbradar\/wp-json\/wp\/v2\/posts\/13883\/revisions"}],"predecessor-version":[{"id":13941,"href":"https:\/\/www.correiobraziliense.com.br\/cbradar\/wp-json\/wp\/v2\/posts\/13883\/revisions\/13941"}],"wp:featuredmedia":[{"embeddable":true,"href":"https:\/\/www.correiobraziliense.com.br\/cbradar\/wp-json\/wp\/v2\/media\/13939"}],"wp:attachment":[{"href":"https:\/\/www.correiobraziliense.com.br\/cbradar\/wp-json\/wp\/v2\/media?parent=13883"}],"wp:term":[{"taxonomy":"category","embeddable":true,"href":"https:\/\/www.correiobraziliense.com.br\/cbradar\/wp-json\/wp\/v2\/categories?post=13883"},{"taxonomy":"post_tag","embeddable":true,"href":"https:\/\/www.correiobraziliense.com.br\/cbradar\/wp-json\/wp\/v2\/tags?post=13883"}],"curies":[{"name":"wp","href":"https:\/\/api.w.org\/{rel}","templated":true}]}}