{"id":138915,"date":"2025-11-17T15:55:00","date_gmt":"2025-11-17T18:55:00","guid":{"rendered":"https:\/\/www.correiobraziliense.com.br\/cbradar\/?p=138915"},"modified":"2025-11-16T17:37:32","modified_gmt":"2025-11-16T20:37:32","slug":"o-detalhe-oculto-do-fio-dental-que-muda-tudo-no-seu-sorriso","status":"publish","type":"post","link":"https:\/\/www.correiobraziliense.com.br\/cbradar\/o-detalhe-oculto-do-fio-dental-que-muda-tudo-no-seu-sorriso\/","title":{"rendered":"O detalhe oculto do fio dental que muda tudo no seu sorriso"},"content":{"rendered":"\n<p>O uso do <strong>Fio Dental<\/strong> desempenha um papel cr\u00edtico na manuten\u00e7\u00e3o da higiene bucal, embora muitos indiv\u00edduos n\u00e3o o utilizem corretamente. Problemas como gengivite, mau h\u00e1lito e at\u00e9 perda \u00f3ssea podem surgir quando a limpeza entre os dentes \u00e9 negligenciada. De acordo com a Pesquisa Nacional de Sa\u00fade entre 2013 e 2019, apenas 53% da popula\u00e7\u00e3o brasileira afirma usar escova, pasta e Fio Dental de maneira combinada. Al\u00e9m disso, um levantamento do Datafolha revela que menos de 20% dos brasileiros utilizam o fio dental diariamente.<\/p>\n\n\n\n<p>Essas estat\u00edsticas destacam um problema significativo relacionado \u00e0 <a href=\"https:\/\/www.correiobraziliense.com.br\/cbradar\/o-lifting-mais-seguro-e-eficaz-que-ninguem-esperava\/\" target=\"_blank\" rel=\"noreferrer noopener\">sa\u00fade <\/a>bucal. A Pesquisa Nacional de Sa\u00fade Bucal \u2013 SB Brasil 2023 destaca que apenas 5,2% dos adultos entre 35 e 44 anos est\u00e3o livres de c\u00e1ries, evidenciando que 94,8% desta faixa et\u00e1ria enfrenta algum tipo de les\u00e3o cariada. Este cen\u00e1rio aponta para um uso inadequado do Fio Dental, frequentemente subutilizado ou aplicado de maneiras incorretas, o que impede a limpeza eficaz dos espa\u00e7os interdentais. Assim, o uso inadequado do Fio Dental pode n\u00e3o acessar completamente o espa\u00e7o interdental, reduzindo seus benef\u00edcios.<\/p>\n\n\n\n<h2 class=\"wp-block-heading\">Quais s\u00e3o os erros comuns no uso do Fio Dental?<\/h2>\n\n\n\n<p>Embora o Fio Dental seja uma ferramenta b\u00e1sica, os erros de seu uso podem comprometer suas fun\u00e7\u00f5es. Um erro comum \u00e9 passar o fio rapidamente entre os dentes sem formar o contorno apropriado. O fio deve ser envolvido em \u201cC\u201d ao redor de cada dente, deslizando suavemente para cima e para baixo at\u00e9 a margem gengival. O uso irregular e espor\u00e1dico do fio impede a remo\u00e7\u00e3o eficaz do biofilme dental, o qual \u00e9 respons\u00e1vel por problemas como gengivite e mau h\u00e1lito.<\/p>\n\n\n\n<p>Al\u00e9m disso, muitos n\u00e3o alcan\u00e7am a \u00e1rea da gengiva, local crucial onde o biofilme frequentemente se concentra. O ac\u00famulo de placas bacterianas nessa \u00e1rea, se n\u00e3o for removido, pode levar a inflama\u00e7\u00f5es s\u00e9rias. Portanto, \u00e9 essencial contornar delicadamente a linha da gengiva ao usar o Fio Dental.<\/p>\n\n\n<div class=\"wp-block-image\">\n<figure class=\"aligncenter size-large\"><img decoding=\"async\" width=\"1024\" height=\"576\" src=\"https:\/\/www.correiobraziliense.com.br\/cbradar\/wp-content\/uploads\/2025\/11\/Fio-Dental_1763325394215-1024x576.jpg\" alt=\"\" class=\"wp-image-138928\" srcset=\"https:\/\/www.correiobraziliense.com.br\/cbradar\/wp-content\/uploads\/2025\/11\/Fio-Dental_1763325394215-1024x576.jpg 1024w, https:\/\/www.correiobraziliense.com.br\/cbradar\/wp-content\/uploads\/2025\/11\/Fio-Dental_1763325394215-300x169.jpg 300w, https:\/\/www.correiobraziliense.com.br\/cbradar\/wp-content\/uploads\/2025\/11\/Fio-Dental_1763325394215-768x432.jpg 768w, https:\/\/www.correiobraziliense.com.br\/cbradar\/wp-content\/uploads\/2025\/11\/Fio-Dental_1763325394215-750x422.jpg 750w, https:\/\/www.correiobraziliense.com.br\/cbradar\/wp-content\/uploads\/2025\/11\/Fio-Dental_1763325394215-1140x641.jpg 1140w, https:\/\/www.correiobraziliense.com.br\/cbradar\/wp-content\/uploads\/2025\/11\/Fio-Dental_1763325394215.jpg 1280w\" sizes=\"(max-width: 1024px) 100vw, 1024px\" \/><figcaption class=\"wp-element-caption\">Fio Dental &#8211; Cr\u00e9ditos: depositphotos.com \/ AllaSerebrina<\/figcaption><\/figure><\/div>\n\n\n<h2 class=\"wp-block-heading\">Como o Fio Dental ajuda na preven\u00e7\u00e3o de doen\u00e7as bucais?<\/h2>\n\n\n\n<p>O Fio Dental \u00e9 essencial para conseguir uma limpeza que a escova de dentes sozinha n\u00e3o proporciona. Usar o Fio Dental diariamente, de prefer\u00eancia \u00e0 noite ap\u00f3s a escova\u00e7\u00e3o, ajuda a remover o que ficou acumulado ao longo do dia. Este h\u00e1bito di\u00e1rio pode evitar doen\u00e7as bucais silenciosas, que s\u00e3o descobertas somente ap\u00f3s o aparecimento de dor ou a perda de estrutura dent\u00e1ria.<\/p>\n\n\n\n<p>Transformar o uso do Fio Dental em uma pr\u00e1tica rotineira, tanto quanto escovar os dentes, \u00e9 fundamental para manter uma boa sa\u00fade bucal. Com isso, pode-se evitar problemas dent\u00e1rios e gengivais, protegendo n\u00e3o apenas o sorriso, mas a sa\u00fade integral do indiv\u00edduo.<\/p>\n\n\n\n<h2 class=\"wp-block-heading\">Por que \u00e9 importante cuidar da sa\u00fade bucal?<\/h2>\n\n\n\n<p>Cuidar dos dentes e utilizar o Fio Dental n\u00e3o se resume apenas a uma quest\u00e3o est\u00e9tica. Manter uma boa higiene bucal contribui para o bem-estar geral. Formar h\u00e1bitos, como a escova\u00e7\u00e3o e o uso di\u00e1rio do Fio Dental, \u00e9 essencial para manter o equil\u00edbrio e a sa\u00fade do organismo como um todo<\/p>\n\n\n\n<p>A pr\u00e1tica correta da higiene bucal, que inclui o uso do Fio Dental de maneira eficiente, promove uma sa\u00fade integral, diminuindo os riscos de doen\u00e7as bucais e seus impactos no corpo. Logo, fazer do Fio Dental uma parte da rotina di\u00e1ria de cuidados pessoais n\u00e3o \u00e9 um luxo, mas uma necessidade fundamental para a sa\u00fade e o bem-estar global.<\/p>\n\n\n<a href=\"https:\/\/www.instagram.com\/dra.annaluisabf\/\" target=\"_blank\" rel=\"noopener\" style=\"text-decoration: none; color: inherit;\">\n    <span style=\"display: inline-block; border: 1px solid #ccc; border-radius: 10px; padding: 15px; max-width: 550px; font-family: sans-serif; box-shadow: 0 2px 5px rgba(0,0,0,0.1); width: 100%;\">\n\n      <!-- T\u00edtulo -->\n      <span style=\"display: block; margin: 0 0 15px 0; font-weight: bold; color: #2c3e50; text-align: center;\">\n        Entre em contato:\n      <\/span>\n\n      <!-- Linha do perfil -->\n      <span style=\"display: flex; align-items: center; gap: 15px;\">\n        <img decoding=\"async\"\n          src=\"https:\/\/www.correiobraziliense.com.br\/cbradar\/wp-content\/uploads\/2025\/08\/dra_anna_luisa.jpeg\"\n          alt=\"Foto da Dra. Anna Lu\u00edsa\"\n          style=\"border-radius: 50%; width: 80px; height: 80px; object-fit: cover;\"\n        \/>\n        <span style=\"display: flex; flex-direction: column;\">\n          <span style=\"font-size: 18px; font-weight: 700; color: #2c3e50;\">Dra. Anna Lu\u00edsa Barbosa Fernandes<\/span>\n          <span style=\"color: #555;\">CRM-GO 33.271<\/span>\n        <\/span>\n      <\/span>\n\n      <!-- Redes -->\n      <span style=\"display: flex; align-items: center; gap: 10px; margin-top: 12px;\">\n        <img decoding=\"async\" src=\"https:\/\/cdn-icons-png.flaticon.com\/24\/1384\/1384063.png\" alt=\"Instagram\" width=\"24\" height=\"24\" \/>\n        <span style=\"text-decoration: underline; color: #2c3e50;\">@dra.annaluisabf<\/span>\n      <\/span>\n\n    <\/span>\n  <\/a>","protected":false},"excerpt":{"rendered":"<p>O uso do Fio Dental desempenha um papel cr\u00edtico na manuten\u00e7\u00e3o da higiene bucal, embora muitos indiv\u00edduos n\u00e3o o utilizem corretamente. Problemas como gengivite, mau h\u00e1lito e at\u00e9 perda \u00f3ssea podem surgir quando a limpeza entre os dentes \u00e9 negligenciada. De acordo com a Pesquisa Nacional de Sa\u00fade entre 2013 e 2019, apenas 53% da [&hellip;]<\/p>\n","protected":false},"author":14,"featured_media":138925,"comment_status":"open","ping_status":"open","sticky":false,"template":"","format":"standard","meta":{"_yoast_wpseo_focuskw":"Fio Dental","_yoast_wpseo_title":"","_yoast_wpseo_metadesc":"O fio dental \u00e9 usado errado pela maioria dos brasileiros e isso traz riscos s\u00e9rios. Descubra o erro mais comum.","jnews-multi-image_gallery":[],"jnews_single_post":{"format":"standard"},"jnews_primary_category":[],"jnews_social_meta":[],"jnews_override_counter":[],"footnotes":""},"categories":[4404],"post_tag":[120,8611,1318],"class_list":["post-138915","post","type-post","status-publish","format-standard","has-post-thumbnail","hentry","category-saude","tag-bem-estar","tag-fio-dental","tag-saude-2"],"yoast_head":"<!-- This site is optimized with the Yoast SEO plugin v24.6 - https:\/\/yoast.com\/wordpress\/plugins\/seo\/ -->\n<title>O detalhe oculto do fio dental que muda tudo no seu sorriso - Correio Braziliense - Radar<\/title>\n<meta name=\"description\" content=\"O fio dental \u00e9 usado errado pela maioria dos brasileiros e isso traz riscos s\u00e9rios. Descubra o erro mais comum.\" \/>\n<meta name=\"robots\" content=\"index, follow, max-snippet:-1, max-image-preview:large, max-video-preview:-1\" \/>\n<link rel=\"canonical\" href=\"https:\/\/www.correiobraziliense.com.br\/cbradar\/o-detalhe-oculto-do-fio-dental-que-muda-tudo-no-seu-sorriso\/\" \/>\n<meta property=\"og:locale\" content=\"pt_BR\" \/>\n<meta property=\"og:type\" content=\"article\" \/>\n<meta property=\"og:title\" content=\"O detalhe oculto do fio dental que muda tudo no seu sorriso - Correio Braziliense - Radar\" \/>\n<meta property=\"og:description\" content=\"O fio dental \u00e9 usado errado pela maioria dos brasileiros e isso traz riscos s\u00e9rios. Descubra o erro mais comum.\" \/>\n<meta property=\"og:url\" content=\"https:\/\/www.correiobraziliense.com.br\/cbradar\/o-detalhe-oculto-do-fio-dental-que-muda-tudo-no-seu-sorriso\/\" \/>\n<meta property=\"og:site_name\" content=\"Correio Braziliense - Radar\" \/>\n<meta property=\"article:published_time\" content=\"2025-11-17T18:55:00+00:00\" \/>\n<meta property=\"og:image\" content=\"https:\/\/www.correiobraziliense.com.br\/cbradar\/wp-content\/uploads\/2025\/11\/Fio-Dental_1763325373109.jpg\" \/>\n\t<meta property=\"og:image:width\" content=\"1280\" \/>\n\t<meta property=\"og:image:height\" content=\"720\" \/>\n\t<meta property=\"og:image:type\" content=\"image\/jpeg\" \/>\n<meta name=\"author\" content=\"guilherme_saude\" \/>\n<meta name=\"twitter:card\" content=\"summary_large_image\" \/>\n<meta name=\"twitter:label1\" content=\"Escrito por\" \/>\n\t<meta name=\"twitter:data1\" content=\"guilherme_saude\" \/>\n\t<meta name=\"twitter:label2\" content=\"Est. tempo de leitura\" \/>\n\t<meta name=\"twitter:data2\" content=\"4 minutos\" \/>\n<!-- \/ Yoast SEO plugin. -->","yoast_head_json":{"title":"O detalhe oculto do fio dental que muda tudo no seu sorriso - Correio Braziliense - Radar","description":"O fio dental \u00e9 usado errado pela maioria dos brasileiros e isso traz riscos s\u00e9rios. Descubra o erro mais comum.","robots":{"index":"index","follow":"follow","max-snippet":"max-snippet:-1","max-image-preview":"max-image-preview:large","max-video-preview":"max-video-preview:-1"},"canonical":"https:\/\/www.correiobraziliense.com.br\/cbradar\/o-detalhe-oculto-do-fio-dental-que-muda-tudo-no-seu-sorriso\/","og_locale":"pt_BR","og_type":"article","og_title":"O detalhe oculto do fio dental que muda tudo no seu sorriso - Correio Braziliense - Radar","og_description":"O fio dental \u00e9 usado errado pela maioria dos brasileiros e isso traz riscos s\u00e9rios. Descubra o erro mais comum.","og_url":"https:\/\/www.correiobraziliense.com.br\/cbradar\/o-detalhe-oculto-do-fio-dental-que-muda-tudo-no-seu-sorriso\/","og_site_name":"Correio Braziliense - Radar","article_published_time":"2025-11-17T18:55:00+00:00","og_image":[{"width":1280,"height":720,"url":"https:\/\/www.correiobraziliense.com.br\/cbradar\/wp-content\/uploads\/2025\/11\/Fio-Dental_1763325373109.jpg","type":"image\/jpeg"}],"author":"guilherme_saude","twitter_card":"summary_large_image","twitter_misc":{"Escrito por":"guilherme_saude","Est. tempo de leitura":"4 minutos"},"schema":{"@context":"https:\/\/schema.org","@graph":[{"@type":"WebPage","@id":"https:\/\/www.correiobraziliense.com.br\/cbradar\/o-detalhe-oculto-do-fio-dental-que-muda-tudo-no-seu-sorriso\/","url":"https:\/\/www.correiobraziliense.com.br\/cbradar\/o-detalhe-oculto-do-fio-dental-que-muda-tudo-no-seu-sorriso\/","name":"O detalhe oculto do fio dental que muda tudo no seu sorriso - Correio Braziliense - Radar","isPartOf":{"@id":"https:\/\/www.correiobraziliense.com.br\/cbradar\/#website"},"primaryImageOfPage":{"@id":"https:\/\/www.correiobraziliense.com.br\/cbradar\/o-detalhe-oculto-do-fio-dental-que-muda-tudo-no-seu-sorriso\/#primaryimage"},"image":{"@id":"https:\/\/www.correiobraziliense.com.br\/cbradar\/o-detalhe-oculto-do-fio-dental-que-muda-tudo-no-seu-sorriso\/#primaryimage"},"thumbnailUrl":"https:\/\/www.correiobraziliense.com.br\/cbradar\/wp-content\/uploads\/2025\/11\/Fio-Dental_1763325373109.jpg","datePublished":"2025-11-17T18:55:00+00:00","author":{"@id":"https:\/\/www.correiobraziliense.com.br\/cbradar\/#\/schema\/person\/5aa4bf3c8fa699c267933611de12978b"},"description":"O fio dental \u00e9 usado errado pela maioria dos brasileiros e isso traz riscos s\u00e9rios. Descubra o erro mais comum.","breadcrumb":{"@id":"https:\/\/www.correiobraziliense.com.br\/cbradar\/o-detalhe-oculto-do-fio-dental-que-muda-tudo-no-seu-sorriso\/#breadcrumb"},"inLanguage":"pt-BR","potentialAction":[{"@type":"ReadAction","target":["https:\/\/www.correiobraziliense.com.br\/cbradar\/o-detalhe-oculto-do-fio-dental-que-muda-tudo-no-seu-sorriso\/"]}]},{"@type":"ImageObject","inLanguage":"pt-BR","@id":"https:\/\/www.correiobraziliense.com.br\/cbradar\/o-detalhe-oculto-do-fio-dental-que-muda-tudo-no-seu-sorriso\/#primaryimage","url":"https:\/\/www.correiobraziliense.com.br\/cbradar\/wp-content\/uploads\/2025\/11\/Fio-Dental_1763325373109.jpg","contentUrl":"https:\/\/www.correiobraziliense.com.br\/cbradar\/wp-content\/uploads\/2025\/11\/Fio-Dental_1763325373109.jpg","width":1280,"height":720,"caption":"Fio Dental - Cr\u00e9ditos: depositphotos.com \/ AllaSerebrina"},{"@type":"BreadcrumbList","@id":"https:\/\/www.correiobraziliense.com.br\/cbradar\/o-detalhe-oculto-do-fio-dental-que-muda-tudo-no-seu-sorriso\/#breadcrumb","itemListElement":[{"@type":"ListItem","position":1,"name":"In\u00edcio","item":"https:\/\/www.correiobraziliense.com.br\/cbradar\/"},{"@type":"ListItem","position":2,"name":"O detalhe oculto do fio dental que muda tudo no seu sorriso"}]},{"@type":"WebSite","@id":"https:\/\/www.correiobraziliense.com.br\/cbradar\/#website","url":"https:\/\/www.correiobraziliense.com.br\/cbradar\/","name":"Correio Braziliense - Radar","description":"Acompanhe as \u00faltimas not\u00edcias e fique bem informado sobre tudo o que acontece no Brasil e no mundo.","potentialAction":[{"@type":"SearchAction","target":{"@type":"EntryPoint","urlTemplate":"https:\/\/www.correiobraziliense.com.br\/cbradar\/?s={search_term_string}"},"query-input":{"@type":"PropertyValueSpecification","valueRequired":true,"valueName":"search_term_string"}}],"inLanguage":"pt-BR"},{"@type":"Person","@id":"https:\/\/www.correiobraziliense.com.br\/cbradar\/#\/schema\/person\/5aa4bf3c8fa699c267933611de12978b","name":"guilherme_saude","image":{"@type":"ImageObject","inLanguage":"pt-BR","@id":"https:\/\/www.correiobraziliense.com.br\/cbradar\/#\/schema\/person\/image\/","url":"https:\/\/secure.gravatar.com\/avatar\/df9adfb835d344bc0af109d41756253f?s=96&d=mm&r=g","contentUrl":"https:\/\/secure.gravatar.com\/avatar\/df9adfb835d344bc0af109d41756253f?s=96&d=mm&r=g","caption":"guilherme_saude"},"url":"https:\/\/www.correiobraziliense.com.br\/cbradar\/author\/guilherme_saude\/"}]}},"_links":{"self":[{"href":"https:\/\/www.correiobraziliense.com.br\/cbradar\/wp-json\/wp\/v2\/posts\/138915","targetHints":{"allow":["GET"]}}],"collection":[{"href":"https:\/\/www.correiobraziliense.com.br\/cbradar\/wp-json\/wp\/v2\/posts"}],"about":[{"href":"https:\/\/www.correiobraziliense.com.br\/cbradar\/wp-json\/wp\/v2\/types\/post"}],"author":[{"embeddable":true,"href":"https:\/\/www.correiobraziliense.com.br\/cbradar\/wp-json\/wp\/v2\/users\/14"}],"replies":[{"embeddable":true,"href":"https:\/\/www.correiobraziliense.com.br\/cbradar\/wp-json\/wp\/v2\/comments?post=138915"}],"version-history":[{"count":1,"href":"https:\/\/www.correiobraziliense.com.br\/cbradar\/wp-json\/wp\/v2\/posts\/138915\/revisions"}],"predecessor-version":[{"id":138932,"href":"https:\/\/www.correiobraziliense.com.br\/cbradar\/wp-json\/wp\/v2\/posts\/138915\/revisions\/138932"}],"wp:featuredmedia":[{"embeddable":true,"href":"https:\/\/www.correiobraziliense.com.br\/cbradar\/wp-json\/wp\/v2\/media\/138925"}],"wp:attachment":[{"href":"https:\/\/www.correiobraziliense.com.br\/cbradar\/wp-json\/wp\/v2\/media?parent=138915"}],"wp:term":[{"taxonomy":"category","embeddable":true,"href":"https:\/\/www.correiobraziliense.com.br\/cbradar\/wp-json\/wp\/v2\/categories?post=138915"},{"taxonomy":"post_tag","embeddable":true,"href":"https:\/\/www.correiobraziliense.com.br\/cbradar\/wp-json\/wp\/v2\/post_tag?post=138915"}],"curies":[{"name":"wp","href":"https:\/\/api.w.org\/{rel}","templated":true}]}}