{"id":13959,"date":"2025-03-20T15:10:01","date_gmt":"2025-03-20T18:10:01","guid":{"rendered":"https:\/\/www.correiobraziliense.com.br\/cbradar\/?p=13959"},"modified":"2025-03-19T13:22:40","modified_gmt":"2025-03-19T16:22:40","slug":"novo-lancamento-da-vivo-mobile-promete-agitar-o-mercado-brasileiro","status":"publish","type":"post","link":"https:\/\/www.correiobraziliense.com.br\/cbradar\/novo-lancamento-da-vivo-mobile-promete-agitar-o-mercado-brasileiro\/","title":{"rendered":"Novo lan\u00e7amento da Vivo Mobile promete agitar o mercado brasileiro"},"content":{"rendered":"\n<p>A<strong> Vivo Mobile<\/strong>, fabricante <strong>chinesa<\/strong> de dispositivos m\u00f3veis, est\u00e1 se <a href=\"https:\/\/www.gizmochina.com\/2025\/03\/13\/vivo-v50-lite-5g-4g-leak-full-design-specs-revealed\/\" target=\"_blank\" rel=\"noreferrer noopener\">preparando <\/a>para entrar no <strong>mercado brasileiro com o lan\u00e7amento do Jovi V50 Lite 5G<\/strong>. Este movimento marca a estreia da marca no pa\u00eds, ap\u00f3s a homologa\u00e7\u00e3o do aparelho pela <strong>Anatel<\/strong>. A escolha do nome <strong>Jovi <\/strong>visa evitar conflitos legais com a operadora de telefonia Vivo, j\u00e1 estabelecida no <strong>Brasil<\/strong>.<\/p>\n\n\n\n<p>O <a href=\"https:\/\/www.jovimobile.com\/br\" target=\"_blank\" rel=\"noreferrer noopener\">Jovi<\/a> V50 Lite 5G \u00e9 um modelo que ainda n\u00e3o foi lan\u00e7ado no exterior, mas que j\u00e1 possui autoriza\u00e7\u00e3o para ser comercializado no Brasil. Parte do dispositivo ser\u00e1 montada na<strong> Zona Franca de Manaus, pela GBR Componentes<\/strong>, enquanto outra parte ser\u00e1 fabricada na <strong>China<\/strong>. A chegada da Vivo Mobile ao Brasil tamb\u00e9m envolve a estrutura\u00e7\u00e3o de um escrit\u00f3rio em<strong> S\u00e3o Paulo <\/strong>e a contrata\u00e7\u00e3o de executivos locais.<\/p>\n\n\n\n<h2 class=\"wp-block-heading\">Por que a Vivo Mobile escolheu o nome Jovi?<\/h2>\n\n\n\n<p>A decis\u00e3o de usar o nome Jovi no Brasil est\u00e1 relacionada \u00e0 necessidade de <strong>evitar problemas judiciais com a operadora Vivo<\/strong>, cuja marca \u00e9 de alto renome no pa\u00eds. Essa prote\u00e7\u00e3o legal impede que o mesmo nome seja utilizado em outros segmentos, como o de <a href=\"https:\/\/www.correiobraziliense.com.br\/cbradar\/esses-sao-os-melhores-celulares-para-quem-busca-uma-boa-camera\/\" target=\"_blank\" rel=\"noreferrer noopener\">dispositivos <\/a>m\u00f3veis. Assim, a Vivo Mobile optou por uma nova identidade para garantir uma entrada tranquila no mercado brasileiro.<\/p>\n\n\n\n<p>Al\u00e9m disso, a estrat\u00e9gia de renomear seus produtos para o mercado local demonstra a flexibilidade da empresa em adaptar-se a diferentes contextos legais e culturais, o que pode ser um diferencial competitivo importante em mercados internacionais.<\/p>\n\n\n\n<h2 class=\"wp-block-heading\">Quais s\u00e3o as especifica\u00e7\u00f5es do Jovi V50 Lite 5G?<\/h2>\n\n\n\n<p>O Jovi V50 Lite 5G vem equipado com o processador <strong>MediaTek Dimensity 6300<\/strong>, oferecendo<strong> 8 GB de RAM e 256 GB de armazenamento interno<\/strong>. O dispositivo suporta carregamento r\u00e1pido de<strong> 90 W<\/strong>, o que permite que sua bateria de<strong> 6.500 mAh <\/strong>seja carregada rapidamente. Na parte de c\u00e2meras, o modelo conta com um conjunto traseiro duplo, com uma c\u00e2mera principal de 50 MP e uma secund\u00e1ria de 8 MP, al\u00e9m de uma c\u00e2mera frontal de 32 MP alojada em um notch tipo furo.<\/p>\n\n\n\n<p>Essas especifica\u00e7\u00f5es colocam o Jovi V50 Lite 5G em uma posi\u00e7\u00e3o competitiva no mercado de smartphones, especialmente considerando o crescente interesse por dispositivos com suporte a redes 5G e recursos avan\u00e7ados de fotografia.<\/p>\n\n\n<div class=\"wp-block-image\">\n<figure class=\"aligncenter size-large\"><img decoding=\"async\" width=\"1024\" height=\"576\" src=\"https:\/\/www.correiobraziliense.com.br\/cbradar\/wp-content\/uploads\/2025\/03\/celular_1742397555460-1024x576.jpg\" alt=\"\" class=\"wp-image-13962\" srcset=\"https:\/\/www.correiobraziliense.com.br\/cbradar\/wp-content\/uploads\/2025\/03\/celular_1742397555460-1024x576.jpg 1024w, https:\/\/www.correiobraziliense.com.br\/cbradar\/wp-content\/uploads\/2025\/03\/celular_1742397555460-300x169.jpg 300w, https:\/\/www.correiobraziliense.com.br\/cbradar\/wp-content\/uploads\/2025\/03\/celular_1742397555460-768x432.jpg 768w, https:\/\/www.correiobraziliense.com.br\/cbradar\/wp-content\/uploads\/2025\/03\/celular_1742397555460-750x422.jpg 750w, https:\/\/www.correiobraziliense.com.br\/cbradar\/wp-content\/uploads\/2025\/03\/celular_1742397555460-1140x641.jpg 1140w, https:\/\/www.correiobraziliense.com.br\/cbradar\/wp-content\/uploads\/2025\/03\/celular_1742397555460.jpg 1280w\" sizes=\"(max-width: 1024px) 100vw, 1024px\" \/><figcaption class=\"wp-element-caption\">Celular &#8211; Cr\u00e9ditos: depositphotos.com \/ tatsianama<\/figcaption><\/figure><\/div>\n\n\n<h2 class=\"wp-block-heading\">Quando o Jovi V50 Lite 5G estar\u00e1 dispon\u00edvel no Brasil?<\/h2>\n\n\n\n<p>Ainda n\u00e3o h\u00e1 uma data oficial para o lan\u00e7amento do Jovi V50 Lite 5G no Brasil. No entanto, a homologa\u00e7\u00e3o pela Anatel e a prepara\u00e7\u00e3o da infraestrutura local sugerem que o lan\u00e7amento pode ocorrer em breve. A Vivo Mobile j\u00e1 lan\u00e7ou uma p\u00e1gina dedicada \u00e0 marca Jovi no <strong>Brasil<\/strong>, indicando que a empresa est\u00e1 pronta para iniciar suas opera\u00e7\u00f5es no pa\u00eds.<\/p>\n\n\n\n<p>O lan\u00e7amento do Jovi V50 Lite 5G no Brasil ser\u00e1 um teste importante para a Vivo Mobile, que busca expandir sua presen\u00e7a global em um mercado competitivo e din\u00e2mico como o brasileiro.<\/p>\n\n\n\n<h2 class=\"wp-block-heading\">O impacto da chegada da Vivo Mobile no mercado brasileiro<\/h2>\n\n\n\n<p>A entrada da Vivo Mobile no Brasil com a marca Jovi pode trazer uma nova din\u00e2mica ao mercado de smartphones, oferecendo mais op\u00e7\u00f5es aos consumidores e aumentando a concorr\u00eancia entre as fabricantes. A presen\u00e7a de uma nova marca pode incentivar inova\u00e7\u00f5es e melhorias nos produtos oferecidos, beneficiando os consumidores com dispositivos mais avan\u00e7ados e acess\u00edveis.<\/p>\n\n\n\n<p>Al\u00e9m disso, a produ\u00e7\u00e3o local na Zona Franca de Manaus pode contribuir para o desenvolvimento econ\u00f4mico da regi\u00e3o, gerando empregos e fortalecendo a ind\u00fastria nacional de eletr\u00f4nicos. A chegada da Vivo Mobile \u00e9, portanto, um movimento estrat\u00e9gico que pode ter impactos positivos tanto para a empresa quanto para o mercado brasileiro.<\/p>\n","protected":false},"excerpt":{"rendered":"<p>A Vivo Mobile, fabricante chinesa de dispositivos m\u00f3veis, est\u00e1 se preparando para entrar no mercado brasileiro com o lan\u00e7amento do Jovi V50 Lite 5G. Este movimento marca a estreia da marca no pa\u00eds, ap\u00f3s a homologa\u00e7\u00e3o do aparelho pela Anatel. A escolha do nome Jovi visa evitar conflitos legais com a operadora de telefonia Vivo, [&hellip;]<\/p>\n","protected":false},"author":9,"featured_media":13984,"comment_status":"open","ping_status":"open","sticky":false,"template":"","format":"standard","meta":{"_yoast_wpseo_focuskw":"Vivo Mobile","_yoast_wpseo_title":"%%title%% %%page%%","_yoast_wpseo_metadesc":"A Vivo Mobile estreia no Brasil com o Jovi V50 Lite 5G, um dispositivo com 5G, c\u00e2meras avan\u00e7adas e carregamento r\u00e1pido de 90 W.","jnews-multi-image_gallery":[],"jnews_single_post":{"format":"standard"},"jnews_primary_category":[],"jnews_social_meta":[],"jnews_override_counter":[],"footnotes":""},"categories":[169,115],"post_tag":[2159,155,2160,2158],"class_list":["post-13959","post","type-post","status-publish","format-standard","has-post-thumbnail","hentry","category-noticias","category-tecnologia","tag-jovi-v50-lite-5g","tag-smartphones","tag-tecnologia-5g","tag-vivo-mobile"],"yoast_head":"<!-- This site is optimized with the Yoast SEO plugin v24.6 - https:\/\/yoast.com\/wordpress\/plugins\/seo\/ -->\n<title>Novo lan\u00e7amento da Vivo Mobile promete agitar o mercado brasileiro<\/title>\n<meta name=\"description\" content=\"A Vivo Mobile estreia no Brasil com o Jovi V50 Lite 5G, um dispositivo com 5G, c\u00e2meras avan\u00e7adas e carregamento r\u00e1pido de 90 W.\" \/>\n<meta name=\"robots\" content=\"index, follow, max-snippet:-1, max-image-preview:large, max-video-preview:-1\" \/>\n<link rel=\"canonical\" href=\"https:\/\/www.correiobraziliense.com.br\/cbradar\/novo-lancamento-da-vivo-mobile-promete-agitar-o-mercado-brasileiro\/\" \/>\n<meta property=\"og:locale\" content=\"pt_BR\" \/>\n<meta property=\"og:type\" content=\"article\" \/>\n<meta property=\"og:title\" content=\"Novo lan\u00e7amento da Vivo Mobile promete agitar o mercado brasileiro\" \/>\n<meta property=\"og:description\" content=\"A Vivo Mobile estreia no Brasil com o Jovi V50 Lite 5G, um dispositivo com 5G, c\u00e2meras avan\u00e7adas e carregamento r\u00e1pido de 90 W.\" \/>\n<meta property=\"og:url\" content=\"https:\/\/www.correiobraziliense.com.br\/cbradar\/novo-lancamento-da-vivo-mobile-promete-agitar-o-mercado-brasileiro\/\" \/>\n<meta property=\"og:site_name\" content=\"Correio Braziliense - Radar\" \/>\n<meta property=\"article:published_time\" content=\"2025-03-20T18:10:01+00:00\" \/>\n<meta property=\"og:image\" content=\"https:\/\/www.correiobraziliense.com.br\/cbradar\/wp-content\/uploads\/2025\/03\/Jovi-V50-Lite-1.jpg\" \/>\n\t<meta property=\"og:image:width\" content=\"1279\" \/>\n\t<meta property=\"og:image:height\" content=\"719\" \/>\n\t<meta property=\"og:image:type\" content=\"image\/jpeg\" \/>\n<meta name=\"author\" content=\"Daniely Cardoso\" \/>\n<meta name=\"twitter:card\" content=\"summary_large_image\" \/>\n<meta name=\"twitter:label1\" content=\"Escrito por\" \/>\n\t<meta name=\"twitter:data1\" content=\"Daniely Cardoso\" \/>\n\t<meta name=\"twitter:label2\" content=\"Est. tempo de leitura\" \/>\n\t<meta name=\"twitter:data2\" content=\"4 minutos\" \/>\n<!-- \/ Yoast SEO plugin. -->","yoast_head_json":{"title":"Novo lan\u00e7amento da Vivo Mobile promete agitar o mercado brasileiro","description":"A Vivo Mobile estreia no Brasil com o Jovi V50 Lite 5G, um dispositivo com 5G, c\u00e2meras avan\u00e7adas e carregamento r\u00e1pido de 90 W.","robots":{"index":"index","follow":"follow","max-snippet":"max-snippet:-1","max-image-preview":"max-image-preview:large","max-video-preview":"max-video-preview:-1"},"canonical":"https:\/\/www.correiobraziliense.com.br\/cbradar\/novo-lancamento-da-vivo-mobile-promete-agitar-o-mercado-brasileiro\/","og_locale":"pt_BR","og_type":"article","og_title":"Novo lan\u00e7amento da Vivo Mobile promete agitar o mercado brasileiro","og_description":"A Vivo Mobile estreia no Brasil com o Jovi V50 Lite 5G, um dispositivo com 5G, c\u00e2meras avan\u00e7adas e carregamento r\u00e1pido de 90 W.","og_url":"https:\/\/www.correiobraziliense.com.br\/cbradar\/novo-lancamento-da-vivo-mobile-promete-agitar-o-mercado-brasileiro\/","og_site_name":"Correio Braziliense - Radar","article_published_time":"2025-03-20T18:10:01+00:00","og_image":[{"width":1279,"height":719,"url":"https:\/\/www.correiobraziliense.com.br\/cbradar\/wp-content\/uploads\/2025\/03\/Jovi-V50-Lite-1.jpg","type":"image\/jpeg"}],"author":"Daniely Cardoso","twitter_card":"summary_large_image","twitter_misc":{"Escrito por":"Daniely Cardoso","Est. tempo de leitura":"4 minutos"},"schema":{"@context":"https:\/\/schema.org","@graph":[{"@type":"WebPage","@id":"https:\/\/www.correiobraziliense.com.br\/cbradar\/novo-lancamento-da-vivo-mobile-promete-agitar-o-mercado-brasileiro\/","url":"https:\/\/www.correiobraziliense.com.br\/cbradar\/novo-lancamento-da-vivo-mobile-promete-agitar-o-mercado-brasileiro\/","name":"Novo lan\u00e7amento da Vivo Mobile promete agitar o mercado brasileiro","isPartOf":{"@id":"https:\/\/www.correiobraziliense.com.br\/cbradar\/#website"},"primaryImageOfPage":{"@id":"https:\/\/www.correiobraziliense.com.br\/cbradar\/novo-lancamento-da-vivo-mobile-promete-agitar-o-mercado-brasileiro\/#primaryimage"},"image":{"@id":"https:\/\/www.correiobraziliense.com.br\/cbradar\/novo-lancamento-da-vivo-mobile-promete-agitar-o-mercado-brasileiro\/#primaryimage"},"thumbnailUrl":"https:\/\/www.correiobraziliense.com.br\/cbradar\/wp-content\/uploads\/2025\/03\/Jovi-V50-Lite-1.jpg","datePublished":"2025-03-20T18:10:01+00:00","author":{"@id":"https:\/\/www.correiobraziliense.com.br\/cbradar\/#\/schema\/person\/7356666e12ec0ee53f348ee5db227032"},"description":"A Vivo Mobile estreia no Brasil com o Jovi V50 Lite 5G, um dispositivo com 5G, c\u00e2meras avan\u00e7adas e carregamento r\u00e1pido de 90 W.","breadcrumb":{"@id":"https:\/\/www.correiobraziliense.com.br\/cbradar\/novo-lancamento-da-vivo-mobile-promete-agitar-o-mercado-brasileiro\/#breadcrumb"},"inLanguage":"pt-BR","potentialAction":[{"@type":"ReadAction","target":["https:\/\/www.correiobraziliense.com.br\/cbradar\/novo-lancamento-da-vivo-mobile-promete-agitar-o-mercado-brasileiro\/"]}]},{"@type":"ImageObject","inLanguage":"pt-BR","@id":"https:\/\/www.correiobraziliense.com.br\/cbradar\/novo-lancamento-da-vivo-mobile-promete-agitar-o-mercado-brasileiro\/#primaryimage","url":"https:\/\/www.correiobraziliense.com.br\/cbradar\/wp-content\/uploads\/2025\/03\/Jovi-V50-Lite-1.jpg","contentUrl":"https:\/\/www.correiobraziliense.com.br\/cbradar\/wp-content\/uploads\/2025\/03\/Jovi-V50-Lite-1.jpg","width":1279,"height":719,"caption":"Jovi V50 Lite - Foto: Divulga\u00e7\u00e3o\/91mobiles"},{"@type":"BreadcrumbList","@id":"https:\/\/www.correiobraziliense.com.br\/cbradar\/novo-lancamento-da-vivo-mobile-promete-agitar-o-mercado-brasileiro\/#breadcrumb","itemListElement":[{"@type":"ListItem","position":1,"name":"In\u00edcio","item":"https:\/\/www.correiobraziliense.com.br\/cbradar\/"},{"@type":"ListItem","position":2,"name":"Novo lan\u00e7amento da Vivo Mobile promete agitar o mercado brasileiro"}]},{"@type":"WebSite","@id":"https:\/\/www.correiobraziliense.com.br\/cbradar\/#website","url":"https:\/\/www.correiobraziliense.com.br\/cbradar\/","name":"Correio Braziliense - Radar","description":"Acompanhe as \u00faltimas not\u00edcias e fique bem informado sobre tudo o que acontece no Brasil e no mundo.","potentialAction":[{"@type":"SearchAction","target":{"@type":"EntryPoint","urlTemplate":"https:\/\/www.correiobraziliense.com.br\/cbradar\/?s={search_term_string}"},"query-input":{"@type":"PropertyValueSpecification","valueRequired":true,"valueName":"search_term_string"}}],"inLanguage":"pt-BR"},{"@type":"Person","@id":"https:\/\/www.correiobraziliense.com.br\/cbradar\/#\/schema\/person\/7356666e12ec0ee53f348ee5db227032","name":"Daniely Cardoso","image":{"@type":"ImageObject","inLanguage":"pt-BR","@id":"https:\/\/www.correiobraziliense.com.br\/cbradar\/#\/schema\/person\/image\/","url":"https:\/\/secure.gravatar.com\/avatar\/4b80ddbd124d1f071b626d52d62e5dff?s=96&d=mm&r=g","contentUrl":"https:\/\/secure.gravatar.com\/avatar\/4b80ddbd124d1f071b626d52d62e5dff?s=96&d=mm&r=g","caption":"Daniely Cardoso"},"description":"Redatora nos portais CB Radar e EM Foco, formada pela Universidade Federal de Goi\u00e1s, em Goi\u00e2nia. Apaixonada por comunica\u00e7\u00e3o, arte, decora\u00e7\u00e3o e tend\u00eancias, atuo na produ\u00e7\u00e3o de conte\u00fados envolventes sobre curiosidades, moda, beleza e paisagismo, sempre com um olhar atento \u00e0s novidades do momento.","sameAs":["https:\/\/www.correiobraziliense.com.br\/cbradar"],"url":"https:\/\/www.correiobraziliense.com.br\/cbradar\/author\/danielymyth\/"}]}},"_links":{"self":[{"href":"https:\/\/www.correiobraziliense.com.br\/cbradar\/wp-json\/wp\/v2\/posts\/13959","targetHints":{"allow":["GET"]}}],"collection":[{"href":"https:\/\/www.correiobraziliense.com.br\/cbradar\/wp-json\/wp\/v2\/posts"}],"about":[{"href":"https:\/\/www.correiobraziliense.com.br\/cbradar\/wp-json\/wp\/v2\/types\/post"}],"author":[{"embeddable":true,"href":"https:\/\/www.correiobraziliense.com.br\/cbradar\/wp-json\/wp\/v2\/users\/9"}],"replies":[{"embeddable":true,"href":"https:\/\/www.correiobraziliense.com.br\/cbradar\/wp-json\/wp\/v2\/comments?post=13959"}],"version-history":[{"count":3,"href":"https:\/\/www.correiobraziliense.com.br\/cbradar\/wp-json\/wp\/v2\/posts\/13959\/revisions"}],"predecessor-version":[{"id":13986,"href":"https:\/\/www.correiobraziliense.com.br\/cbradar\/wp-json\/wp\/v2\/posts\/13959\/revisions\/13986"}],"wp:featuredmedia":[{"embeddable":true,"href":"https:\/\/www.correiobraziliense.com.br\/cbradar\/wp-json\/wp\/v2\/media\/13984"}],"wp:attachment":[{"href":"https:\/\/www.correiobraziliense.com.br\/cbradar\/wp-json\/wp\/v2\/media?parent=13959"}],"wp:term":[{"taxonomy":"category","embeddable":true,"href":"https:\/\/www.correiobraziliense.com.br\/cbradar\/wp-json\/wp\/v2\/categories?post=13959"},{"taxonomy":"post_tag","embeddable":true,"href":"https:\/\/www.correiobraziliense.com.br\/cbradar\/wp-json\/wp\/v2\/post_tag?post=13959"}],"curies":[{"name":"wp","href":"https:\/\/api.w.org\/{rel}","templated":true}]}}