{"id":139923,"date":"2025-11-19T07:25:00","date_gmt":"2025-11-19T10:25:00","guid":{"rendered":"https:\/\/www.correiobraziliense.com.br\/cbradar\/?p=139923"},"modified":"2025-11-18T08:11:31","modified_gmt":"2025-11-18T11:11:31","slug":"o-vegetal-que-melhora-a-saude-do-figado-quando-consumido-com-frequencia","status":"publish","type":"post","link":"https:\/\/www.correiobraziliense.com.br\/cbradar\/o-vegetal-que-melhora-a-saude-do-figado-quando-consumido-com-frequencia\/","title":{"rendered":"O vegetal que melhora a sa\u00fade do f\u00edgado quando consumido com frequ\u00eancia"},"content":{"rendered":"\n<p>A beterraba \u00e9 um vegetal raiz poderoso, valorizado n\u00e3o apenas por sua cor vibrante, mas por sua capacidade \u00fanica de apoiar a sa\u00fade hep\u00e1tica. Rica em antioxidantes raros chamados betala\u00ednas, ela atua reduzindo a inflama\u00e7\u00e3o, prevenindo o estresse oxidativo e apoiando as vias naturais de desintoxica\u00e7\u00e3o do \u00f3rg\u00e3o.<\/p>\n\n\n\n<h2 class=\"wp-block-heading\">Por que a beterraba \u00e9 um potente protetor do f\u00edgado?<\/h2>\n\n\n\n<p>O segredo da beterraba reside nas <strong>betala\u00ednas<\/strong>, os pigmentos que lhe d\u00e3o a cor roxa. Estes compostos s\u00e3o antioxidantes excepcionais que combatem especificamente o estresse oxidativo e a inflama\u00e7\u00e3o nas c\u00e9lulas do f\u00edgado.<\/p>\n\n\n\n<p><a href=\"https:\/\/www.ncbi.nlm.nih.gov\/pmc\/articles\/PMC8565237\/\" target=\"_blank\" rel=\"noreferrer noopener\">Estudos revisados pelo <strong>NIH (EUA)<\/strong><\/a> indicam que o consumo de beterraba pode aumentar a atividade das enzimas antioxidantes naturais do f\u00edgado. Isso protege o \u00f3rg\u00e3o contra danos causados por toxinas e dietas ricas em gordura.<\/p>\n\n\n\n<figure class=\"wp-block-image aligncenter size-large\"><img decoding=\"async\" width=\"1024\" height=\"576\" src=\"https:\/\/www.correiobraziliense.com.br\/cbradar\/wp-content\/uploads\/2025\/11\/mosaico_1763464026747-1024x576.jpg\" alt=\"O vegetal que melhora a sa\u00fade do f\u00edgado quando consumido com frequ\u00eancia\" class=\"wp-image-139924\" srcset=\"https:\/\/www.correiobraziliense.com.br\/cbradar\/wp-content\/uploads\/2025\/11\/mosaico_1763464026747-1024x576.jpg 1024w, https:\/\/www.correiobraziliense.com.br\/cbradar\/wp-content\/uploads\/2025\/11\/mosaico_1763464026747-300x169.jpg 300w, https:\/\/www.correiobraziliense.com.br\/cbradar\/wp-content\/uploads\/2025\/11\/mosaico_1763464026747-768x432.jpg 768w, https:\/\/www.correiobraziliense.com.br\/cbradar\/wp-content\/uploads\/2025\/11\/mosaico_1763464026747-750x422.jpg 750w, https:\/\/www.correiobraziliense.com.br\/cbradar\/wp-content\/uploads\/2025\/11\/mosaico_1763464026747-1140x641.jpg 1140w, https:\/\/www.correiobraziliense.com.br\/cbradar\/wp-content\/uploads\/2025\/11\/mosaico_1763464026747.jpg 1280w\" sizes=\"(max-width: 1024px) 100vw, 1024px\" \/><figcaption class=\"wp-element-caption\">Vegetal consumido com frequ\u00eancia que contribui para melhorar a sa\u00fade do f\u00edgado &#8211; Cr\u00e9ditos: depositphotos.com \/ duskbabe &#8211; Cr\u00e9ditos: depositphotos.com \/ KostyaKlimenko\n<\/figcaption><\/figure>\n\n\n\n<p>Leia tamb\u00e9m:<a href=\"https:\/\/www.correiobraziliense.com.br\/cbradar\/3-melhores-alimentos-para-incluir-na-dieta-para-o-emagrecimento\" target=\"_blank\" rel=\"noreferrer noopener\"> 3 melhores alimentos para incluir na dieta para o emagrecimento<\/a><\/p>\n\n\n\n<h2 class=\"wp-block-heading\">Como ela ajuda a reduzir o ac\u00famulo de gordura?<\/h2>\n\n\n\n<p>A beterraba \u00e9 uma excelente fonte de <strong>beta\u00edna<\/strong>, um composto que desempenha um papel vital no metabolismo das gorduras. A beta\u00edna ajuda o f\u00edgado a processar e remover os lip\u00eddios, prevenindo o ac\u00famulo que leva \u00e0 esteatose hep\u00e1tica.<\/p>\n\n\n\n<p>Ao auxiliar na quebra de gorduras e proteger a fun\u00e7\u00e3o hep\u00e1tica, a beterraba atua como um agente preventivo contra a Doen\u00e7a Hep\u00e1tica Gordurosa N\u00e3o Alco\u00f3lica (DHGNA), especialmente em dietas modernas.<\/p>\n\n\n\n<h2 class=\"wp-block-heading\">O suco de beterraba estimula a limpeza natural?<\/h2>\n\n\n\n<p>Sim, o suco de beterraba \u00e9 tradicionalmente usado para ativar as enzimas de desintoxica\u00e7\u00e3o do f\u00edgado. Ele ajuda a aumentar a produ\u00e7\u00e3o e o fluxo da <strong>bile<\/strong>, o fluido necess\u00e1rio para emulsificar gorduras e carregar toxinas para fora do corpo.<\/p>\n\n\n\n<p>Al\u00e9m disso, a fibra da beterraba (pectina) ajuda a &#8220;agarrar&#8221; essas toxinas liberadas pela bile no intestino, garantindo que elas sejam excretadas em vez de reabsorvidas pelo organismo.<\/p>\n\n\n\n<p>No v\u00eddeo a seguir, o<strong><em> Dr. Dayan Siebra<\/em><\/strong> fala um pouco sobre o consumo do suco de beterraba:<\/p>\n\n\n\n<blockquote class=\"tiktok-embed\" cite=\"https:\/\/www.tiktok.com\/@drdayansiebra\/video\/7564806766525943047\" data-video-id=\"7564806766525943047\" style=\"max-width: 605px;min-width: 325px;\" > <section> <a target=\"_blank\" title=\"@drdayansiebra\" href=\"https:\/\/www.tiktok.com\/@drdayansiebra?refer=embed\">@drdayansiebra<\/a> <a title=\"beterraba\" target=\"_blank\" href=\"https:\/\/www.tiktok.com\/tag\/beterraba?refer=embed\">#beterraba<\/a> <a title=\"emagrecersemsofrer\" target=\"_blank\" href=\"https:\/\/www.tiktok.com\/tag\/emagrecersemsofrer?refer=embed\">#emagrecersemsofrer<\/a> <a title=\"wellness\" target=\"_blank\" href=\"https:\/\/www.tiktok.com\/tag\/wellness?refer=embed\">#wellness<\/a> <a title=\"mudancadevida\" target=\"_blank\" href=\"https:\/\/www.tiktok.com\/tag\/mudancadevida?refer=embed\">#mudancadevida<\/a> <a title=\"saudeebemestar\" target=\"_blank\" href=\"https:\/\/www.tiktok.com\/tag\/saudeebemestar?refer=embed\">#saudeebemestar<\/a> <a target=\"_blank\" title=\"\u266c som original - Dayan Siebra\" href=\"https:\/\/www.tiktok.com\/music\/som-original-7564811953676520193?refer=embed\">\u266c som original &#8211; Dayan Siebra<\/a> <\/section> <\/blockquote> <script async src=\"https:\/\/www.tiktok.com\/embed.js\"><\/script>\n\n\n\n<p>Leia tamb\u00e9m: <a href=\"https:\/\/www.correiobraziliense.com.br\/cbradar\/o-que-vai-mudar-na-sua-vida-se-voce-andar-pelo-menos-7-mil-passos-por-30-dias\" target=\"_blank\" rel=\"noreferrer noopener\">O que vai mudar na sua vida se voc\u00ea andar pelo menos 7 mil passos por 30 dias?<\/a><\/p>\n\n\n\n<h2 class=\"wp-block-heading\">Qual \u00e9 a melhor forma de incluir na dieta di\u00e1ria?<\/h2>\n\n\n\n<p>Para maximizar a ingest\u00e3o de betala\u00ednas e nitratos, a forma de preparo \u00e9 importante, pois o cozimento longo pode degradar alguns desses nutrientes sens\u00edveis ao calor.<\/p>\n\n\n\n<p>Para obter o m\u00e1ximo de benef\u00edcios para o f\u00edgado, priorize formas de consumo que mantenham a integridade dos compostos ativos:<\/p>\n\n\n\n<ul class=\"wp-block-list\">\n<li><strong>Suco cru:<\/strong> A forma mais concentrada de obter betala\u00ednas e nitratos rapidamente.<\/li>\n\n\n\n<li><strong>Ralada crua:<\/strong> Excelente em saladas para manter as fibras e antioxidantes intactos.<\/li>\n\n\n\n<li><strong>Assada levemente:<\/strong> Preserva mais nutrientes do que ferver em \u00e1gua (onde os compostos vazam).<\/li>\n\n\n\n<li><strong>Em p\u00f3:<\/strong> Uma op\u00e7\u00e3o pr\u00e1tica para adicionar a vitaminas (<em>smoothies<\/em>) se o sabor da raiz for muito forte para voc\u00ea.<\/li>\n<\/ul>\n\n\n\n<h2 class=\"wp-block-heading\">Os nitratos melhoram o fluxo sangu\u00edneo para o \u00f3rg\u00e3o?<\/h2>\n\n\n\n<p>A beterraba \u00e9 famosa por seus <strong>nitratos inorg\u00e2nicos<\/strong>, que o corpo converte em <strong>\u00f3xido n\u00edtrico<\/strong>. Este g\u00e1s relaxa e dilata os vasos sangu\u00edneos, melhorando o fluxo de sangue em todo o corpo.<\/p>\n\n\n\n<p>Uma melhor circula\u00e7\u00e3o <a href=\"https:\/\/www.webmd.com\/diet\/health-benefits-beet-juice-powder\" target=\"_blank\" rel=\"noreferrer noopener\">beneficia a fun\u00e7\u00e3o hep\u00e1tica (<strong>WebMD<\/strong>)<\/a>, garantindo que o f\u00edgado receba oxig\u00eanio e nutrientes suficientes para realizar suas centenas de fun\u00e7\u00f5es metab\u00f3licas com efici\u00eancia.<\/p>\n","protected":false},"excerpt":{"rendered":"<p>A beterraba \u00e9 um vegetal raiz poderoso, valorizado n\u00e3o apenas por sua cor vibrante, mas por sua capacidade \u00fanica de apoiar a sa\u00fade hep\u00e1tica. Rica em antioxidantes raros chamados betala\u00ednas, ela atua reduzindo a inflama\u00e7\u00e3o, prevenindo o estresse oxidativo e apoiando as vias naturais de desintoxica\u00e7\u00e3o do \u00f3rg\u00e3o. Por que a beterraba \u00e9 um potente [&hellip;]<\/p>\n","protected":false},"author":11,"featured_media":139925,"comment_status":"open","ping_status":"open","sticky":false,"template":"","format":"standard","meta":{"jnews-multi-image_gallery":[],"jnews_single_post":{"format":"standard"},"jnews_primary_category":[],"jnews_social_meta":[],"jnews_override_counter":[],"footnotes":""},"categories":[119],"post_tag":[4167,1318,1071],"class_list":["post-139923","post","type-post","status-publish","format-standard","has-post-thumbnail","hentry","category-bem-estar","tag-figado","tag-saude-2","tag-vegetal"],"yoast_head":"<!-- This site is optimized with the Yoast SEO plugin v24.6 - https:\/\/yoast.com\/wordpress\/plugins\/seo\/ -->\n<title>O vegetal que melhora a sa\u00fade do f\u00edgado quando consumido com frequ\u00eancia - Correio Braziliense - Radar<\/title>\n<meta name=\"description\" content=\"Vegetal consumido com frequ\u00eancia pode favorecer a sa\u00fade do f\u00edgado, oferecendo suporte natural para equil\u00edbrio e bem estar do organismo\" \/>\n<meta name=\"robots\" content=\"index, follow, max-snippet:-1, max-image-preview:large, max-video-preview:-1\" \/>\n<link rel=\"canonical\" href=\"https:\/\/www.correiobraziliense.com.br\/cbradar\/o-vegetal-que-melhora-a-saude-do-figado-quando-consumido-com-frequencia\/\" \/>\n<meta property=\"og:locale\" content=\"pt_BR\" \/>\n<meta property=\"og:type\" content=\"article\" \/>\n<meta property=\"og:title\" content=\"O vegetal que melhora a sa\u00fade do f\u00edgado quando consumido com frequ\u00eancia - Correio Braziliense - Radar\" \/>\n<meta property=\"og:description\" content=\"Vegetal consumido com frequ\u00eancia pode favorecer a sa\u00fade do f\u00edgado, oferecendo suporte natural para equil\u00edbrio e bem estar do organismo\" \/>\n<meta property=\"og:url\" content=\"https:\/\/www.correiobraziliense.com.br\/cbradar\/o-vegetal-que-melhora-a-saude-do-figado-quando-consumido-com-frequencia\/\" \/>\n<meta property=\"og:site_name\" content=\"Correio Braziliense - Radar\" \/>\n<meta property=\"article:published_time\" content=\"2025-11-19T10:25:00+00:00\" \/>\n<meta property=\"og:image\" content=\"https:\/\/www.correiobraziliense.com.br\/cbradar\/wp-content\/uploads\/2025\/11\/mosaico_1763464235263.jpg\" \/>\n\t<meta property=\"og:image:width\" content=\"1280\" \/>\n\t<meta property=\"og:image:height\" content=\"720\" \/>\n\t<meta property=\"og:image:type\" content=\"image\/jpeg\" \/>\n<meta name=\"author\" content=\"Paulo Custodio\" \/>\n<meta name=\"twitter:card\" content=\"summary_large_image\" \/>\n<meta name=\"twitter:label1\" content=\"Escrito por\" \/>\n\t<meta name=\"twitter:data1\" content=\"Paulo Custodio\" \/>\n\t<meta name=\"twitter:label2\" content=\"Est. tempo de leitura\" \/>\n\t<meta name=\"twitter:data2\" content=\"4 minutos\" \/>\n<!-- \/ Yoast SEO plugin. -->","yoast_head_json":{"title":"O vegetal que melhora a sa\u00fade do f\u00edgado quando consumido com frequ\u00eancia - Correio Braziliense - Radar","description":"Vegetal consumido com frequ\u00eancia pode favorecer a sa\u00fade do f\u00edgado, oferecendo suporte natural para equil\u00edbrio e bem estar do organismo","robots":{"index":"index","follow":"follow","max-snippet":"max-snippet:-1","max-image-preview":"max-image-preview:large","max-video-preview":"max-video-preview:-1"},"canonical":"https:\/\/www.correiobraziliense.com.br\/cbradar\/o-vegetal-que-melhora-a-saude-do-figado-quando-consumido-com-frequencia\/","og_locale":"pt_BR","og_type":"article","og_title":"O vegetal que melhora a sa\u00fade do f\u00edgado quando consumido com frequ\u00eancia - Correio Braziliense - Radar","og_description":"Vegetal consumido com frequ\u00eancia pode favorecer a sa\u00fade do f\u00edgado, oferecendo suporte natural para equil\u00edbrio e bem estar do organismo","og_url":"https:\/\/www.correiobraziliense.com.br\/cbradar\/o-vegetal-que-melhora-a-saude-do-figado-quando-consumido-com-frequencia\/","og_site_name":"Correio Braziliense - Radar","article_published_time":"2025-11-19T10:25:00+00:00","og_image":[{"width":1280,"height":720,"url":"https:\/\/www.correiobraziliense.com.br\/cbradar\/wp-content\/uploads\/2025\/11\/mosaico_1763464235263.jpg","type":"image\/jpeg"}],"author":"Paulo Custodio","twitter_card":"summary_large_image","twitter_misc":{"Escrito por":"Paulo Custodio","Est. tempo de leitura":"4 minutos"},"schema":{"@context":"https:\/\/schema.org","@graph":[{"@type":"WebPage","@id":"https:\/\/www.correiobraziliense.com.br\/cbradar\/o-vegetal-que-melhora-a-saude-do-figado-quando-consumido-com-frequencia\/","url":"https:\/\/www.correiobraziliense.com.br\/cbradar\/o-vegetal-que-melhora-a-saude-do-figado-quando-consumido-com-frequencia\/","name":"O vegetal que melhora a sa\u00fade do f\u00edgado quando consumido com frequ\u00eancia - Correio Braziliense - Radar","isPartOf":{"@id":"https:\/\/www.correiobraziliense.com.br\/cbradar\/#website"},"primaryImageOfPage":{"@id":"https:\/\/www.correiobraziliense.com.br\/cbradar\/o-vegetal-que-melhora-a-saude-do-figado-quando-consumido-com-frequencia\/#primaryimage"},"image":{"@id":"https:\/\/www.correiobraziliense.com.br\/cbradar\/o-vegetal-que-melhora-a-saude-do-figado-quando-consumido-com-frequencia\/#primaryimage"},"thumbnailUrl":"https:\/\/www.correiobraziliense.com.br\/cbradar\/wp-content\/uploads\/2025\/11\/mosaico_1763464235263.jpg","datePublished":"2025-11-19T10:25:00+00:00","author":{"@id":"https:\/\/www.correiobraziliense.com.br\/cbradar\/#\/schema\/person\/4cec7857301a9a1a2ef249893cd908d3"},"description":"Vegetal consumido com frequ\u00eancia pode favorecer a sa\u00fade do f\u00edgado, oferecendo suporte natural para equil\u00edbrio e bem estar do organismo","breadcrumb":{"@id":"https:\/\/www.correiobraziliense.com.br\/cbradar\/o-vegetal-que-melhora-a-saude-do-figado-quando-consumido-com-frequencia\/#breadcrumb"},"inLanguage":"pt-BR","potentialAction":[{"@type":"ReadAction","target":["https:\/\/www.correiobraziliense.com.br\/cbradar\/o-vegetal-que-melhora-a-saude-do-figado-quando-consumido-com-frequencia\/"]}]},{"@type":"ImageObject","inLanguage":"pt-BR","@id":"https:\/\/www.correiobraziliense.com.br\/cbradar\/o-vegetal-que-melhora-a-saude-do-figado-quando-consumido-com-frequencia\/#primaryimage","url":"https:\/\/www.correiobraziliense.com.br\/cbradar\/wp-content\/uploads\/2025\/11\/mosaico_1763464235263.jpg","contentUrl":"https:\/\/www.correiobraziliense.com.br\/cbradar\/wp-content\/uploads\/2025\/11\/mosaico_1763464235263.jpg","width":1280,"height":720,"caption":"Vegetal consumido com frequ\u00eancia que contribui para melhorar a sa\u00fade do f\u00edgado - Cr\u00e9ditos: depositphotos.com \/ SashaKhalabuzar - Cr\u00e9ditos: depositphotos.com \/ Tharakorn"},{"@type":"BreadcrumbList","@id":"https:\/\/www.correiobraziliense.com.br\/cbradar\/o-vegetal-que-melhora-a-saude-do-figado-quando-consumido-com-frequencia\/#breadcrumb","itemListElement":[{"@type":"ListItem","position":1,"name":"In\u00edcio","item":"https:\/\/www.correiobraziliense.com.br\/cbradar\/"},{"@type":"ListItem","position":2,"name":"O vegetal que melhora a sa\u00fade do f\u00edgado quando consumido com frequ\u00eancia"}]},{"@type":"WebSite","@id":"https:\/\/www.correiobraziliense.com.br\/cbradar\/#website","url":"https:\/\/www.correiobraziliense.com.br\/cbradar\/","name":"Correio Braziliense - Radar","description":"Acompanhe as \u00faltimas not\u00edcias e fique bem informado sobre tudo o que acontece no Brasil e no mundo.","potentialAction":[{"@type":"SearchAction","target":{"@type":"EntryPoint","urlTemplate":"https:\/\/www.correiobraziliense.com.br\/cbradar\/?s={search_term_string}"},"query-input":{"@type":"PropertyValueSpecification","valueRequired":true,"valueName":"search_term_string"}}],"inLanguage":"pt-BR"},{"@type":"Person","@id":"https:\/\/www.correiobraziliense.com.br\/cbradar\/#\/schema\/person\/4cec7857301a9a1a2ef249893cd908d3","name":"Paulo Custodio","image":{"@type":"ImageObject","inLanguage":"pt-BR","@id":"https:\/\/www.correiobraziliense.com.br\/cbradar\/#\/schema\/person\/image\/","url":"https:\/\/secure.gravatar.com\/avatar\/bcd67168d1534e8fcf4f45c726a87cea?s=96&d=mm&r=g","contentUrl":"https:\/\/secure.gravatar.com\/avatar\/bcd67168d1534e8fcf4f45c726a87cea?s=96&d=mm&r=g","caption":"Paulo Custodio"},"sameAs":["https:\/\/www.correiobraziliense.com.br\/cbradar"],"url":"https:\/\/www.correiobraziliense.com.br\/cbradar\/author\/paulomyth\/"}]}},"_links":{"self":[{"href":"https:\/\/www.correiobraziliense.com.br\/cbradar\/wp-json\/wp\/v2\/posts\/139923","targetHints":{"allow":["GET"]}}],"collection":[{"href":"https:\/\/www.correiobraziliense.com.br\/cbradar\/wp-json\/wp\/v2\/posts"}],"about":[{"href":"https:\/\/www.correiobraziliense.com.br\/cbradar\/wp-json\/wp\/v2\/types\/post"}],"author":[{"embeddable":true,"href":"https:\/\/www.correiobraziliense.com.br\/cbradar\/wp-json\/wp\/v2\/users\/11"}],"replies":[{"embeddable":true,"href":"https:\/\/www.correiobraziliense.com.br\/cbradar\/wp-json\/wp\/v2\/comments?post=139923"}],"version-history":[{"count":1,"href":"https:\/\/www.correiobraziliense.com.br\/cbradar\/wp-json\/wp\/v2\/posts\/139923\/revisions"}],"predecessor-version":[{"id":139926,"href":"https:\/\/www.correiobraziliense.com.br\/cbradar\/wp-json\/wp\/v2\/posts\/139923\/revisions\/139926"}],"wp:featuredmedia":[{"embeddable":true,"href":"https:\/\/www.correiobraziliense.com.br\/cbradar\/wp-json\/wp\/v2\/media\/139925"}],"wp:attachment":[{"href":"https:\/\/www.correiobraziliense.com.br\/cbradar\/wp-json\/wp\/v2\/media?parent=139923"}],"wp:term":[{"taxonomy":"category","embeddable":true,"href":"https:\/\/www.correiobraziliense.com.br\/cbradar\/wp-json\/wp\/v2\/categories?post=139923"},{"taxonomy":"post_tag","embeddable":true,"href":"https:\/\/www.correiobraziliense.com.br\/cbradar\/wp-json\/wp\/v2\/post_tag?post=139923"}],"curies":[{"name":"wp","href":"https:\/\/api.w.org\/{rel}","templated":true}]}}