{"id":139963,"date":"2025-11-18T11:28:56","date_gmt":"2025-11-18T14:28:56","guid":{"rendered":"https:\/\/www.correiobraziliense.com.br\/cbradar\/?p=139963"},"modified":"2025-11-18T11:29:00","modified_gmt":"2025-11-18T14:29:00","slug":"o-que-significa-sentir-coceira-somente-na-mao-esquerda","status":"publish","type":"post","link":"https:\/\/www.correiobraziliense.com.br\/cbradar\/o-que-significa-sentir-coceira-somente-na-mao-esquerda\/","title":{"rendered":"O que significa sentir coceira apenas na m\u00e3o esquerda"},"content":{"rendered":"\n<p>A sensa\u00e7\u00e3o de coceira na m\u00e3o esquerda \u00e9 um fen\u00f4meno <strong>intrigante<\/strong> presente em diversas culturas ao longo dos s\u00e9culos, frequentemente associado a quest\u00f5es financeiras e a poss\u00edveis mensagens do universo, despertando interpreta\u00e7\u00f5es tanto do ponto de vista espiritual quanto f\u00edsico.<\/p>\n\n\n\n<h2 class=\"wp-block-heading\">Coceira na m\u00e3o esquerda tem um significado espiritual?<\/h2>\n\n\n\n<p>Muitas pessoas interpretam a coceira na m\u00e3o esquerda como um <strong>sinal espiritual<\/strong>, considerando-a um recado do universo para tomar decis\u00f5es importantes ou refletir sobre situa\u00e7\u00f5es emocionais e financeiras. Essa interpreta\u00e7\u00e3o muitas vezes estimula uma an\u00e1lise mais profunda sobre o pr\u00f3prio momento de vida.<\/p>\n\n\n\n<p>De acordo com algumas tradi\u00e7\u00f5es esot\u00e9ricas, a coceira na m\u00e3o esquerda tende a representar um <strong>convite ao equil\u00edbrio interior<\/strong> e \u00e0 receptividade, sinalizando um per\u00edodo oportuno para estar aberto a novas oportunidades, intui\u00e7\u00f5es e at\u00e9 mesmo para aceitar ajuda de terceiros ou do universo.<\/p>\n\n\n\n<p>O perfil @maganefertiti explicou os significados da coceira de acordo com o espiritual:<\/p>\n\n\n\n<blockquote class=\"tiktok-embed\" cite=\"https:\/\/www.tiktok.com\/@maganefertiti\/video\/7502608946142694711\" data-video-id=\"7502608946142694711\" style=\"max-width: 605px;min-width: 325px;\" > <section> <a target=\"_blank\" title=\"@maganefertiti\" href=\"https:\/\/www.tiktok.com\/@maganefertiti?refer=embed\">@maganefertiti<\/a> Significado espiritual de quando a m\u00e3o esquerda come\u00e7a a co\u00e7ar\u2026 <a title=\"espiritualidade\" target=\"_blank\" href=\"https:\/\/www.tiktok.com\/tag\/espiritualidade?refer=embed\">#espiritualidade<\/a> <a title=\"curiosidades\" target=\"_blank\" href=\"https:\/\/www.tiktok.com\/tag\/curiosidades?refer=embed\">#curiosidades<\/a> <a target=\"_blank\" title=\"\u266c Cathedral - cleanmindsounds\" href=\"https:\/\/www.tiktok.com\/music\/Cathedral-7320279534669072386?refer=embed\">\u266c Cathedral &#8211; cleanmindsounds<\/a> <\/section> <\/blockquote> <script async src=\"https:\/\/www.tiktok.com\/embed.js\"><\/script>\n\n\n\n<h2 class=\"wp-block-heading\">Conhe\u00e7a diferentes interpreta\u00e7\u00f5es culturais para a coceira na m\u00e3o esquerda<\/h2>\n\n\n\n<p>O significado da coceira na m\u00e3o esquerda varia conforme a cultura. Em muitos pa\u00edses europeus e latino-americanos, \u00e9 comum associ\u00e1-la \u00e0 <strong>boa sorte financeira<\/strong>, enquanto em outros lugares cr\u00ea-se que a coceira na m\u00e3o direita possa simbolizar perdas monet\u00e1rias.<\/p>\n\n\n\n<p>Confira algumas das cren\u00e7as populares e curiosidades relacionadas \u00e0 coceira na m\u00e3o esquerda, que mostram a riqueza dessas interpreta\u00e7\u00f5es ao redor do mundo:<\/p>\n\n\n\n<ul class=\"wp-block-list\">\n<li><strong>Recebimento de dinheiro inesperado<\/strong>, aumentando as expectativas por ganhos materiais.<\/li>\n\n\n\n<li><strong>Press\u00e1gio de mudan\u00e7as positivas<\/strong>, sugerindo evolu\u00e7\u00e3o e renova\u00e7\u00e3o pessoal.<\/li>\n\n\n\n<li><strong>Aviso sobre oportunidades pr\u00f3ximas<\/strong>, recomendando aten\u00e7\u00e3o ao ambiente ao redor.<\/li>\n<\/ul>\n\n\n\n<h2 class=\"wp-block-heading\">Entenda as principais causas f\u00edsicas para a coceira na m\u00e3o esquerda<\/h2>\n\n\n\n<p>Al\u00e9m dos sentidos simb\u00f3licos, a coceira na m\u00e3o esquerda pode ter rela\u00e7\u00e3o com diversos fatores f\u00edsicos. Entre as causas mais comuns est\u00e3o o <strong>ressecamento da pele<\/strong> devido a ambientes frios, exposi\u00e7\u00e3o a produtos qu\u00edmicos e rea\u00e7\u00f5es al\u00e9rgicas.<\/p>\n\n\n\n<p>Outros motivos incluem quest\u00f5es <strong>circulat\u00f3rias<\/strong> ou neuropatias, dermatoses como eczema ou dermatite de contato, al\u00e9m do contato frequente com sabonetes ou detergentes. Em alguns casos, a persist\u00eancia da coceira pode indicar a necessidade de avalia\u00e7\u00e3o m\u00e9dica para descartar complica\u00e7\u00f5es mais s\u00e9rias.<\/p>\n\n\n\n<figure class=\"wp-block-image size-large\"><img decoding=\"async\" width=\"1024\" height=\"576\" src=\"https:\/\/www.correiobraziliense.com.br\/cbradar\/wp-content\/uploads\/2025\/11\/mosaico_1763475932180-1024x576.jpg\" alt=\"O que significa sentir coceira apenas na m\u00e3o esquerda\" class=\"wp-image-139967\" srcset=\"https:\/\/www.correiobraziliense.com.br\/cbradar\/wp-content\/uploads\/2025\/11\/mosaico_1763475932180-1024x576.jpg 1024w, https:\/\/www.correiobraziliense.com.br\/cbradar\/wp-content\/uploads\/2025\/11\/mosaico_1763475932180-300x169.jpg 300w, https:\/\/www.correiobraziliense.com.br\/cbradar\/wp-content\/uploads\/2025\/11\/mosaico_1763475932180-768x432.jpg 768w, https:\/\/www.correiobraziliense.com.br\/cbradar\/wp-content\/uploads\/2025\/11\/mosaico_1763475932180-750x422.jpg 750w, https:\/\/www.correiobraziliense.com.br\/cbradar\/wp-content\/uploads\/2025\/11\/mosaico_1763475932180-1140x641.jpg 1140w, https:\/\/www.correiobraziliense.com.br\/cbradar\/wp-content\/uploads\/2025\/11\/mosaico_1763475932180.jpg 1280w\" sizes=\"(max-width: 1024px) 100vw, 1024px\" \/><figcaption class=\"wp-element-caption\">A explica\u00e7\u00e3o pode ser de costumes e pr\u00e1ticas, mas tamb\u00e9m pode ser por quest\u00f5es f\u00edsicas. Cr\u00e9ditos: depositphotos.com \/ edesignua e Cr\u00e9ditos: depositphotos.com \/ Tharakorn<\/figcaption><\/figure>\n\n\n\n<h2 class=\"wp-block-heading\">Saiba quando procurar aux\u00edlio m\u00e9dico para a coceira na m\u00e3o esquerda<\/h2>\n\n\n\n<p>Manter o equil\u00edbrio entre as interpreta\u00e7\u00f5es espirituais e a avalia\u00e7\u00e3o m\u00e9dica \u00e9 fundamental sempre que a coceira persistir. Vermelhid\u00e3o, dor ou incha\u00e7o podem indicar problemas dermatol\u00f3gicos ou neurol\u00f3gicos que requerem aten\u00e7\u00e3o.<\/p>\n\n\n\n<p>Observar o contexto e dura\u00e7\u00e3o da coceira \u00e9 fundamental. Ao buscar atendimento, o relato detalhado dos sintomas pode auxiliar no diagn\u00f3stico, e o tratamento adequado inclui desde hidrata\u00e7\u00e3o da pele at\u00e9 uso de medicamentos em casos espec\u00edficos de doen\u00e7as.<\/p>\n","protected":false},"excerpt":{"rendered":"<p>Coceira na m\u00e3o esquerda: um mist\u00e9rio cultural e espiritual revelado. Descubra o simbolismo por tr\u00e1s deste fen\u00f4meno e suas causas f\u00edsicas.<\/p>\n","protected":false},"author":3,"featured_media":139966,"comment_status":"open","ping_status":"open","sticky":false,"template":"","format":"standard","meta":{"_yoast_wpseo_focuskw":"coceira m\u00e3o esquerda","_yoast_wpseo_title":"%%title%%","_yoast_wpseo_metadesc":"Coceira na m\u00e3o esquerda: um mist\u00e9rio cultural e espiritual revelado. Descubra o simbolismo por tr\u00e1s deste fen\u00f4meno e suas causas f\u00edsicas.","jnews-multi-image_gallery":[],"jnews_single_post":{"format":"standard"},"jnews_primary_category":[],"jnews_social_meta":[],"jnews_override_counter":[],"footnotes":""},"categories":[112],"post_tag":[5780,11758,792,144],"class_list":["post-139963","post","type-post","status-publish","format-standard","has-post-thumbnail","hentry","category-curiosidades","tag-coceira","tag-convencoes","tag-cultura","tag-curiosidades"],"yoast_head":"<!-- This site is optimized with the Yoast SEO plugin v24.6 - https:\/\/yoast.com\/wordpress\/plugins\/seo\/ -->\n<title>O que significa sentir coceira apenas na m\u00e3o esquerda<\/title>\n<meta name=\"description\" content=\"Coceira na m\u00e3o esquerda: um mist\u00e9rio cultural e espiritual revelado. Descubra o simbolismo por tr\u00e1s deste fen\u00f4meno e suas causas f\u00edsicas.\" \/>\n<meta name=\"robots\" content=\"index, follow, max-snippet:-1, max-image-preview:large, max-video-preview:-1\" \/>\n<link rel=\"canonical\" href=\"https:\/\/www.correiobraziliense.com.br\/cbradar\/o-que-significa-sentir-coceira-somente-na-mao-esquerda\/\" \/>\n<meta property=\"og:locale\" content=\"pt_BR\" \/>\n<meta property=\"og:type\" content=\"article\" \/>\n<meta property=\"og:title\" content=\"O que significa sentir coceira apenas na m\u00e3o esquerda\" \/>\n<meta property=\"og:description\" content=\"Coceira na m\u00e3o esquerda: um mist\u00e9rio cultural e espiritual revelado. Descubra o simbolismo por tr\u00e1s deste fen\u00f4meno e suas causas f\u00edsicas.\" \/>\n<meta property=\"og:url\" content=\"https:\/\/www.correiobraziliense.com.br\/cbradar\/o-que-significa-sentir-coceira-somente-na-mao-esquerda\/\" \/>\n<meta property=\"og:site_name\" content=\"Correio Braziliense - Radar\" \/>\n<meta property=\"article:published_time\" content=\"2025-11-18T14:28:56+00:00\" \/>\n<meta property=\"article:modified_time\" content=\"2025-11-18T14:29:00+00:00\" \/>\n<meta property=\"og:image\" content=\"https:\/\/www.correiobraziliense.com.br\/cbradar\/wp-content\/uploads\/2025\/11\/Coceira-Mao-Esquerda.png\" \/>\n\t<meta property=\"og:image:width\" content=\"1344\" \/>\n\t<meta property=\"og:image:height\" content=\"768\" \/>\n\t<meta property=\"og:image:type\" content=\"image\/png\" \/>\n<meta name=\"author\" content=\"Larissa Carvalho\" \/>\n<meta name=\"twitter:card\" content=\"summary_large_image\" \/>\n<meta name=\"twitter:label1\" content=\"Escrito por\" \/>\n\t<meta name=\"twitter:data1\" content=\"Larissa Carvalho\" \/>\n\t<meta name=\"twitter:label2\" content=\"Est. tempo de leitura\" \/>\n\t<meta name=\"twitter:data2\" content=\"3 minutos\" \/>\n<!-- \/ Yoast SEO plugin. -->","yoast_head_json":{"title":"O que significa sentir coceira apenas na m\u00e3o esquerda","description":"Coceira na m\u00e3o esquerda: um mist\u00e9rio cultural e espiritual revelado. Descubra o simbolismo por tr\u00e1s deste fen\u00f4meno e suas causas f\u00edsicas.","robots":{"index":"index","follow":"follow","max-snippet":"max-snippet:-1","max-image-preview":"max-image-preview:large","max-video-preview":"max-video-preview:-1"},"canonical":"https:\/\/www.correiobraziliense.com.br\/cbradar\/o-que-significa-sentir-coceira-somente-na-mao-esquerda\/","og_locale":"pt_BR","og_type":"article","og_title":"O que significa sentir coceira apenas na m\u00e3o esquerda","og_description":"Coceira na m\u00e3o esquerda: um mist\u00e9rio cultural e espiritual revelado. Descubra o simbolismo por tr\u00e1s deste fen\u00f4meno e suas causas f\u00edsicas.","og_url":"https:\/\/www.correiobraziliense.com.br\/cbradar\/o-que-significa-sentir-coceira-somente-na-mao-esquerda\/","og_site_name":"Correio Braziliense - Radar","article_published_time":"2025-11-18T14:28:56+00:00","article_modified_time":"2025-11-18T14:29:00+00:00","og_image":[{"width":1344,"height":768,"url":"https:\/\/www.correiobraziliense.com.br\/cbradar\/wp-content\/uploads\/2025\/11\/Coceira-Mao-Esquerda.png","type":"image\/png"}],"author":"Larissa Carvalho","twitter_card":"summary_large_image","twitter_misc":{"Escrito por":"Larissa Carvalho","Est. tempo de leitura":"3 minutos"},"schema":{"@context":"https:\/\/schema.org","@graph":[{"@type":"WebPage","@id":"https:\/\/www.correiobraziliense.com.br\/cbradar\/o-que-significa-sentir-coceira-somente-na-mao-esquerda\/","url":"https:\/\/www.correiobraziliense.com.br\/cbradar\/o-que-significa-sentir-coceira-somente-na-mao-esquerda\/","name":"O que significa sentir coceira apenas na m\u00e3o esquerda","isPartOf":{"@id":"https:\/\/www.correiobraziliense.com.br\/cbradar\/#website"},"primaryImageOfPage":{"@id":"https:\/\/www.correiobraziliense.com.br\/cbradar\/o-que-significa-sentir-coceira-somente-na-mao-esquerda\/#primaryimage"},"image":{"@id":"https:\/\/www.correiobraziliense.com.br\/cbradar\/o-que-significa-sentir-coceira-somente-na-mao-esquerda\/#primaryimage"},"thumbnailUrl":"https:\/\/www.correiobraziliense.com.br\/cbradar\/wp-content\/uploads\/2025\/11\/Coceira-Mao-Esquerda.png","datePublished":"2025-11-18T14:28:56+00:00","dateModified":"2025-11-18T14:29:00+00:00","author":{"@id":"https:\/\/www.correiobraziliense.com.br\/cbradar\/#\/schema\/person\/58422787644df994b53a19d3e56c1513"},"description":"Coceira na m\u00e3o esquerda: um mist\u00e9rio cultural e espiritual revelado. Descubra o simbolismo por tr\u00e1s deste fen\u00f4meno e suas causas f\u00edsicas.","breadcrumb":{"@id":"https:\/\/www.correiobraziliense.com.br\/cbradar\/o-que-significa-sentir-coceira-somente-na-mao-esquerda\/#breadcrumb"},"inLanguage":"pt-BR","potentialAction":[{"@type":"ReadAction","target":["https:\/\/www.correiobraziliense.com.br\/cbradar\/o-que-significa-sentir-coceira-somente-na-mao-esquerda\/"]}]},{"@type":"ImageObject","inLanguage":"pt-BR","@id":"https:\/\/www.correiobraziliense.com.br\/cbradar\/o-que-significa-sentir-coceira-somente-na-mao-esquerda\/#primaryimage","url":"https:\/\/www.correiobraziliense.com.br\/cbradar\/wp-content\/uploads\/2025\/11\/Coceira-Mao-Esquerda.png","contentUrl":"https:\/\/www.correiobraziliense.com.br\/cbradar\/wp-content\/uploads\/2025\/11\/Coceira-Mao-Esquerda.png","width":1344,"height":768,"caption":"Dependendo da cultura e das tradi\u00e7\u00f5es de um local, a coceira na m\u00e3o esquerda pode ter diversos significados."},{"@type":"BreadcrumbList","@id":"https:\/\/www.correiobraziliense.com.br\/cbradar\/o-que-significa-sentir-coceira-somente-na-mao-esquerda\/#breadcrumb","itemListElement":[{"@type":"ListItem","position":1,"name":"In\u00edcio","item":"https:\/\/www.correiobraziliense.com.br\/cbradar\/"},{"@type":"ListItem","position":2,"name":"O que significa sentir coceira apenas na m\u00e3o esquerda"}]},{"@type":"WebSite","@id":"https:\/\/www.correiobraziliense.com.br\/cbradar\/#website","url":"https:\/\/www.correiobraziliense.com.br\/cbradar\/","name":"Correio Braziliense - Radar","description":"Acompanhe as \u00faltimas not\u00edcias e fique bem informado sobre tudo o que acontece no Brasil e no mundo.","potentialAction":[{"@type":"SearchAction","target":{"@type":"EntryPoint","urlTemplate":"https:\/\/www.correiobraziliense.com.br\/cbradar\/?s={search_term_string}"},"query-input":{"@type":"PropertyValueSpecification","valueRequired":true,"valueName":"search_term_string"}}],"inLanguage":"pt-BR"},{"@type":"Person","@id":"https:\/\/www.correiobraziliense.com.br\/cbradar\/#\/schema\/person\/58422787644df994b53a19d3e56c1513","name":"Larissa Carvalho","image":{"@type":"ImageObject","inLanguage":"pt-BR","@id":"https:\/\/www.correiobraziliense.com.br\/cbradar\/#\/schema\/person\/image\/","url":"https:\/\/secure.gravatar.com\/avatar\/fe4f91a0de32b52a838d0d612abdc1aa?s=96&d=mm&r=g","contentUrl":"https:\/\/secure.gravatar.com\/avatar\/fe4f91a0de32b52a838d0d612abdc1aa?s=96&d=mm&r=g","caption":"Larissa Carvalho"},"url":"https:\/\/www.correiobraziliense.com.br\/cbradar\/author\/larissamyth\/"}]}},"_links":{"self":[{"href":"https:\/\/www.correiobraziliense.com.br\/cbradar\/wp-json\/wp\/v2\/posts\/139963","targetHints":{"allow":["GET"]}}],"collection":[{"href":"https:\/\/www.correiobraziliense.com.br\/cbradar\/wp-json\/wp\/v2\/posts"}],"about":[{"href":"https:\/\/www.correiobraziliense.com.br\/cbradar\/wp-json\/wp\/v2\/types\/post"}],"author":[{"embeddable":true,"href":"https:\/\/www.correiobraziliense.com.br\/cbradar\/wp-json\/wp\/v2\/users\/3"}],"replies":[{"embeddable":true,"href":"https:\/\/www.correiobraziliense.com.br\/cbradar\/wp-json\/wp\/v2\/comments?post=139963"}],"version-history":[{"count":2,"href":"https:\/\/www.correiobraziliense.com.br\/cbradar\/wp-json\/wp\/v2\/posts\/139963\/revisions"}],"predecessor-version":[{"id":139968,"href":"https:\/\/www.correiobraziliense.com.br\/cbradar\/wp-json\/wp\/v2\/posts\/139963\/revisions\/139968"}],"wp:featuredmedia":[{"embeddable":true,"href":"https:\/\/www.correiobraziliense.com.br\/cbradar\/wp-json\/wp\/v2\/media\/139966"}],"wp:attachment":[{"href":"https:\/\/www.correiobraziliense.com.br\/cbradar\/wp-json\/wp\/v2\/media?parent=139963"}],"wp:term":[{"taxonomy":"category","embeddable":true,"href":"https:\/\/www.correiobraziliense.com.br\/cbradar\/wp-json\/wp\/v2\/categories?post=139963"},{"taxonomy":"post_tag","embeddable":true,"href":"https:\/\/www.correiobraziliense.com.br\/cbradar\/wp-json\/wp\/v2\/post_tag?post=139963"}],"curies":[{"name":"wp","href":"https:\/\/api.w.org\/{rel}","templated":true}]}}