{"id":139979,"date":"2025-11-19T19:05:04","date_gmt":"2025-11-19T22:05:04","guid":{"rendered":"https:\/\/www.correiobraziliense.com.br\/cbradar\/?p=139979"},"modified":"2025-11-19T14:29:33","modified_gmt":"2025-11-19T17:29:33","slug":"o-que-usar-aneis-revela-sobre-a-personalidade-masculina","status":"publish","type":"post","link":"https:\/\/www.correiobraziliense.com.br\/cbradar\/o-que-usar-aneis-revela-sobre-a-personalidade-masculina\/","title":{"rendered":"O que usar an\u00e9is revela sobre a personalidade masculina"},"content":{"rendered":"\n<p>O uso de <b>an\u00e9is<\/b> em homens cresceu consideravelmente nos \u00faltimos anos, despertando discuss\u00f5es sobre seu simb\u00f3lico papel de express\u00e3o e comunica\u00e7\u00e3o. Antes associados quase exclusivamente ao universo <b>feminino<\/b>, os an\u00e9is passaram a integrar o estilo masculino como instrumentos de afirma\u00e7\u00e3o de <b>identidade<\/b>, personalidade e v\u00ednculos interpessoais.\u00a0<\/p>\n\n\n\n<h2 class=\"wp-block-heading\">Qual o efeito dos an\u00e9is na comunica\u00e7\u00e3o interpessoal<\/h2>\n\n\n\n<p>Na comunica\u00e7\u00e3o interpessoal, os <b>an\u00e9is<\/b> cumprem um papel sutil, demonstrando emo\u00e7\u00f5es, inten\u00e7\u00f5es e at\u00e9 o status emocional dos homens. Usar diferentes tipos de an\u00e9is pode indicar desde comprometimento <b>rom\u00e2ntico<\/b> at\u00e9 a busca por reconhecimento social, mostrando nuances do momento e da personalidade do usu\u00e1rio.<\/p>\n\n\n\n<p>Esses acess\u00f3rios possibilitam que os <b>homens<\/b> alternem entre transmitir for\u00e7a ou vulnerabilidade, dependendo do contexto em que s\u00e3o utilizados. Assim, um anel n\u00e3o apenas enfeita, mas atua como uma esp\u00e9cie de <b>extens\u00e3o<\/b> da forma de se comunicar sem palavras.<\/p>\n\n\n<div class=\"wp-block-image\">\n<figure class=\"aligncenter size-large\"><img decoding=\"async\" width=\"1024\" height=\"576\" src=\"https:\/\/www.correiobraziliense.com.br\/cbradar\/wp-content\/uploads\/2025\/11\/Design-sem-nome-40-1024x576.png\" alt=\"\" class=\"wp-image-140107\" srcset=\"https:\/\/www.correiobraziliense.com.br\/cbradar\/wp-content\/uploads\/2025\/11\/Design-sem-nome-40-1024x576.png 1024w, https:\/\/www.correiobraziliense.com.br\/cbradar\/wp-content\/uploads\/2025\/11\/Design-sem-nome-40-300x169.png 300w, https:\/\/www.correiobraziliense.com.br\/cbradar\/wp-content\/uploads\/2025\/11\/Design-sem-nome-40-768x432.png 768w, https:\/\/www.correiobraziliense.com.br\/cbradar\/wp-content\/uploads\/2025\/11\/Design-sem-nome-40-750x422.png 750w, https:\/\/www.correiobraziliense.com.br\/cbradar\/wp-content\/uploads\/2025\/11\/Design-sem-nome-40-1140x641.png 1140w, https:\/\/www.correiobraziliense.com.br\/cbradar\/wp-content\/uploads\/2025\/11\/Design-sem-nome-40.png 1280w\" sizes=\"(max-width: 1024px) 100vw, 1024px\" \/><figcaption class=\"wp-element-caption\">As raz\u00f5es para a escolha dos an\u00e9is s\u00e3o variadas e refletem as experi\u00eancias pessoais de cada um<\/figcaption><\/figure><\/div>\n\n\n<p>Leia tamb\u00e9m:&nbsp;<a href=\"https:\/\/www.correiobraziliense.com.br\/cbradar\/o-que-significa-sentir-coceira-somente-na-mao-esquerda\/\" target=\"_blank\" rel=\"noopener\">O que significa sentir coceira apenas na m\u00e3o esquerda<\/a><\/p>\n\n\n\n<h2 class=\"wp-block-heading\">Motiva\u00e7\u00f5es que levam homens a escolher usar an\u00e9is<\/h2>\n\n\n\n<p>As raz\u00f5es para a escolha dos <b>an\u00e9is<\/b> s\u00e3o variadas e refletem as experi\u00eancias pessoais de cada um. Para alguns homens, a decis\u00e3o est\u00e1 ligada a tradi\u00e7\u00f5es <b>familiares<\/b>, enquanto para outros, surge do desejo de seguir tend\u00eancias da moda ou atribuir um valor <b>sentimental<\/b> \u00e0 pe\u00e7a.<\/p>\n\n\n\n<p>Alguns fatores muito presentes no processo de escolha incluem:<\/p>\n\n\n\n<ul class=\"wp-block-list\">\n<li><b>Continuidade<\/b> de tradi\u00e7\u00f5es ou heran\u00e7as familiares<\/li>\n\n\n\n<li>Express\u00e3o de <b>identidade<\/b> e individualidade<\/li>\n\n\n\n<li>Ades\u00e3o a grupos <b>culturais<\/b> ou sociais espec\u00edficos<\/li>\n\n\n\n<li>Busca por <b>diferencia\u00e7\u00e3o<\/b> atrav\u00e9s do estilo<\/li>\n\n\n\n<li>Representa\u00e7\u00e3o de <b>conquistas<\/b> pessoais ou marcos importantes<\/li>\n<\/ul>\n\n\n<div class=\"wp-block-image\">\n<figure class=\"aligncenter size-large\"><img decoding=\"async\" width=\"1024\" height=\"576\" src=\"https:\/\/www.correiobraziliense.com.br\/cbradar\/wp-content\/uploads\/2025\/11\/Design-sem-nome-37-1024x576.png\" alt=\"\" class=\"wp-image-140103\" srcset=\"https:\/\/www.correiobraziliense.com.br\/cbradar\/wp-content\/uploads\/2025\/11\/Design-sem-nome-37-1024x576.png 1024w, https:\/\/www.correiobraziliense.com.br\/cbradar\/wp-content\/uploads\/2025\/11\/Design-sem-nome-37-300x169.png 300w, https:\/\/www.correiobraziliense.com.br\/cbradar\/wp-content\/uploads\/2025\/11\/Design-sem-nome-37-768x432.png 768w, https:\/\/www.correiobraziliense.com.br\/cbradar\/wp-content\/uploads\/2025\/11\/Design-sem-nome-37-750x422.png 750w, https:\/\/www.correiobraziliense.com.br\/cbradar\/wp-content\/uploads\/2025\/11\/Design-sem-nome-37-1140x641.png 1140w, https:\/\/www.correiobraziliense.com.br\/cbradar\/wp-content\/uploads\/2025\/11\/Design-sem-nome-37.png 1280w\" sizes=\"(max-width: 1024px) 100vw, 1024px\" \/><figcaption class=\"wp-element-caption\">Na comunica\u00e7\u00e3o interpessoal, os an\u00e9is cumprem um papel sutil, demonstrando emo\u00e7\u00f5es, inten\u00e7\u00f5es e at\u00e9 o status emocional dos homens<\/figcaption><\/figure><\/div>\n\n\n<h2 class=\"wp-block-heading\">O contexto muda a mensagem transmitida pelos an\u00e9is<\/h2>\n\n\n\n<p>A interpreta\u00e7\u00e3o de um <b>anel<\/b> pode variar muito, dependendo do ambiente e do momento em que \u00e9 usado. O mesmo anel assume significados diferentes de acordo com a inten\u00e7\u00e3o do <b>usu\u00e1rio<\/b> e a percep\u00e7\u00e3o social do c\u00edrculo ao redor, tornando-se um s\u00edmbolo flex\u00edvel que evolui ao longo do tempo.<\/p>\n\n\n\n<p><b>Psic\u00f3logos<\/b> ressaltam a import\u00e2ncia de observar tanto o cen\u00e1rio quanto o prop\u00f3sito por tr\u00e1s do uso do anel. Somente assim \u00e9 poss\u00edvel compreender se o acess\u00f3rio comunica pertencimento, <b>rebeldia<\/b>, tradi\u00e7\u00e3o ou apenas um gosto est\u00e9tico.<\/p>\n\n\n\n<p>Resumidamente, ao incorporar <b>an\u00e9is<\/b> ao seu visual, os homens v\u00e3o al\u00e9m da moda e entram em territ\u00f3rios mais profundos do simbolismo. Independentemente dos motivos, esses acess\u00f3rios funcionam como pontes para a express\u00e3o <b>n\u00e3o verbal<\/b>, conectando o indiv\u00edduo ao que valoriza em sua viv\u00eancia cotidiana.<\/p>\n","protected":false},"excerpt":{"rendered":"<p>O uso de an\u00e9is em homens cresceu consideravelmente nos \u00faltimos anos, despertando discuss\u00f5es sobre seu simb\u00f3lico papel de express\u00e3o e comunica\u00e7\u00e3o. Antes associados quase exclusivamente ao universo feminino, os an\u00e9is passaram a integrar o estilo masculino como instrumentos de afirma\u00e7\u00e3o de identidade, personalidade e v\u00ednculos interpessoais.\u00a0 Qual o efeito dos an\u00e9is na comunica\u00e7\u00e3o interpessoal Na [&hellip;]<\/p>\n","protected":false},"author":9,"featured_media":140742,"comment_status":"open","ping_status":"open","sticky":false,"template":"","format":"standard","meta":{"_yoast_wpseo_focuskw":"an\u00e9is masculinos","_yoast_wpseo_title":"","_yoast_wpseo_metadesc":"Entenda como os an\u00e9is masculinos v\u00e3o al\u00e9m da moda, transmitindo estilo, personalidade e mensagens n\u00e3o verbais no dia a dia.","jnews-multi-image_gallery":[],"jnews_single_post":{"format":"standard"},"jnews_primary_category":[],"jnews_social_meta":[],"jnews_override_counter":[],"footnotes":""},"categories":[112],"tags":[11767,11766,5671],"class_list":["post-139979","post","type-post","status-publish","format-standard","has-post-thumbnail","hentry","category-curiosidades","tag-acessorio-masculino","tag-aneis","tag-identidade"],"yoast_head":"<!-- This site is optimized with the Yoast SEO plugin v24.6 - https:\/\/yoast.com\/wordpress\/plugins\/seo\/ -->\n<title>O que usar an\u00e9is revela sobre a personalidade masculina - Correio Braziliense - Radar<\/title>\n<meta name=\"description\" content=\"Entenda como os an\u00e9is masculinos v\u00e3o al\u00e9m da moda, transmitindo estilo, personalidade e mensagens n\u00e3o verbais no dia a dia.\" \/>\n<meta name=\"robots\" content=\"index, follow, max-snippet:-1, max-image-preview:large, max-video-preview:-1\" \/>\n<link rel=\"canonical\" href=\"https:\/\/www.correiobraziliense.com.br\/cbradar\/o-que-usar-aneis-revela-sobre-a-personalidade-masculina\/\" \/>\n<meta property=\"og:locale\" content=\"pt_BR\" \/>\n<meta property=\"og:type\" content=\"article\" \/>\n<meta property=\"og:title\" content=\"O que usar an\u00e9is revela sobre a personalidade masculina - Correio Braziliense - Radar\" \/>\n<meta property=\"og:description\" content=\"Entenda como os an\u00e9is masculinos v\u00e3o al\u00e9m da moda, transmitindo estilo, personalidade e mensagens n\u00e3o verbais no dia a dia.\" \/>\n<meta property=\"og:url\" content=\"https:\/\/www.correiobraziliense.com.br\/cbradar\/o-que-usar-aneis-revela-sobre-a-personalidade-masculina\/\" \/>\n<meta property=\"og:site_name\" content=\"Correio Braziliense - Radar\" \/>\n<meta property=\"article:published_time\" content=\"2025-11-19T22:05:04+00:00\" \/>\n<meta property=\"og:image\" content=\"https:\/\/www.correiobraziliense.com.br\/cbradar\/wp-content\/uploads\/2025\/11\/freepik__cena-simblica-mostrando-um-homem-brasileiro-observ__44849.jpeg\" \/>\n\t<meta property=\"og:image:width\" content=\"1280\" \/>\n\t<meta property=\"og:image:height\" content=\"720\" \/>\n\t<meta property=\"og:image:type\" content=\"image\/jpeg\" \/>\n<meta name=\"author\" content=\"Daniely Cardoso\" \/>\n<meta name=\"twitter:card\" content=\"summary_large_image\" \/>\n<meta name=\"twitter:label1\" content=\"Escrito por\" \/>\n\t<meta name=\"twitter:data1\" content=\"Daniely Cardoso\" \/>\n\t<meta name=\"twitter:label2\" content=\"Est. tempo de leitura\" \/>\n\t<meta name=\"twitter:data2\" content=\"3 minutos\" \/>\n<!-- \/ Yoast SEO plugin. -->","yoast_head_json":{"title":"O que usar an\u00e9is revela sobre a personalidade masculina - Correio Braziliense - Radar","description":"Entenda como os an\u00e9is masculinos v\u00e3o al\u00e9m da moda, transmitindo estilo, personalidade e mensagens n\u00e3o verbais no dia a dia.","robots":{"index":"index","follow":"follow","max-snippet":"max-snippet:-1","max-image-preview":"max-image-preview:large","max-video-preview":"max-video-preview:-1"},"canonical":"https:\/\/www.correiobraziliense.com.br\/cbradar\/o-que-usar-aneis-revela-sobre-a-personalidade-masculina\/","og_locale":"pt_BR","og_type":"article","og_title":"O que usar an\u00e9is revela sobre a personalidade masculina - Correio Braziliense - Radar","og_description":"Entenda como os an\u00e9is masculinos v\u00e3o al\u00e9m da moda, transmitindo estilo, personalidade e mensagens n\u00e3o verbais no dia a dia.","og_url":"https:\/\/www.correiobraziliense.com.br\/cbradar\/o-que-usar-aneis-revela-sobre-a-personalidade-masculina\/","og_site_name":"Correio Braziliense - Radar","article_published_time":"2025-11-19T22:05:04+00:00","og_image":[{"width":1280,"height":720,"url":"https:\/\/www.correiobraziliense.com.br\/cbradar\/wp-content\/uploads\/2025\/11\/freepik__cena-simblica-mostrando-um-homem-brasileiro-observ__44849.jpeg","type":"image\/jpeg"}],"author":"Daniely Cardoso","twitter_card":"summary_large_image","twitter_misc":{"Escrito por":"Daniely Cardoso","Est. tempo de leitura":"3 minutos"},"schema":{"@context":"https:\/\/schema.org","@graph":[{"@type":"WebPage","@id":"https:\/\/www.correiobraziliense.com.br\/cbradar\/o-que-usar-aneis-revela-sobre-a-personalidade-masculina\/","url":"https:\/\/www.correiobraziliense.com.br\/cbradar\/o-que-usar-aneis-revela-sobre-a-personalidade-masculina\/","name":"O que usar an\u00e9is revela sobre a personalidade masculina - Correio Braziliense - Radar","isPartOf":{"@id":"https:\/\/www.correiobraziliense.com.br\/cbradar\/#website"},"primaryImageOfPage":{"@id":"https:\/\/www.correiobraziliense.com.br\/cbradar\/o-que-usar-aneis-revela-sobre-a-personalidade-masculina\/#primaryimage"},"image":{"@id":"https:\/\/www.correiobraziliense.com.br\/cbradar\/o-que-usar-aneis-revela-sobre-a-personalidade-masculina\/#primaryimage"},"thumbnailUrl":"https:\/\/www.correiobraziliense.com.br\/cbradar\/wp-content\/uploads\/2025\/11\/freepik__cena-simblica-mostrando-um-homem-brasileiro-observ__44849.jpeg","datePublished":"2025-11-19T22:05:04+00:00","author":{"@id":"https:\/\/www.correiobraziliense.com.br\/cbradar\/#\/schema\/person\/7356666e12ec0ee53f348ee5db227032"},"description":"Entenda como os an\u00e9is masculinos v\u00e3o al\u00e9m da moda, transmitindo estilo, personalidade e mensagens n\u00e3o verbais no dia a dia.","breadcrumb":{"@id":"https:\/\/www.correiobraziliense.com.br\/cbradar\/o-que-usar-aneis-revela-sobre-a-personalidade-masculina\/#breadcrumb"},"inLanguage":"pt-BR","potentialAction":[{"@type":"ReadAction","target":["https:\/\/www.correiobraziliense.com.br\/cbradar\/o-que-usar-aneis-revela-sobre-a-personalidade-masculina\/"]}]},{"@type":"ImageObject","inLanguage":"pt-BR","@id":"https:\/\/www.correiobraziliense.com.br\/cbradar\/o-que-usar-aneis-revela-sobre-a-personalidade-masculina\/#primaryimage","url":"https:\/\/www.correiobraziliense.com.br\/cbradar\/wp-content\/uploads\/2025\/11\/freepik__cena-simblica-mostrando-um-homem-brasileiro-observ__44849.jpeg","contentUrl":"https:\/\/www.correiobraziliense.com.br\/cbradar\/wp-content\/uploads\/2025\/11\/freepik__cena-simblica-mostrando-um-homem-brasileiro-observ__44849.jpeg","width":1280,"height":720,"caption":"Indica\u00e7\u00e3o visual de estilo pessoal e autoconfian\u00e7a"},{"@type":"BreadcrumbList","@id":"https:\/\/www.correiobraziliense.com.br\/cbradar\/o-que-usar-aneis-revela-sobre-a-personalidade-masculina\/#breadcrumb","itemListElement":[{"@type":"ListItem","position":1,"name":"In\u00edcio","item":"https:\/\/www.correiobraziliense.com.br\/cbradar\/"},{"@type":"ListItem","position":2,"name":"O que usar an\u00e9is revela sobre a personalidade masculina"}]},{"@type":"WebSite","@id":"https:\/\/www.correiobraziliense.com.br\/cbradar\/#website","url":"https:\/\/www.correiobraziliense.com.br\/cbradar\/","name":"Correio Braziliense - Radar","description":"Acompanhe as \u00faltimas not\u00edcias e fique bem informado sobre tudo o que acontece no Brasil e no mundo.","potentialAction":[{"@type":"SearchAction","target":{"@type":"EntryPoint","urlTemplate":"https:\/\/www.correiobraziliense.com.br\/cbradar\/?s={search_term_string}"},"query-input":{"@type":"PropertyValueSpecification","valueRequired":true,"valueName":"search_term_string"}}],"inLanguage":"pt-BR"},{"@type":"Person","@id":"https:\/\/www.correiobraziliense.com.br\/cbradar\/#\/schema\/person\/7356666e12ec0ee53f348ee5db227032","name":"Daniely Cardoso","image":{"@type":"ImageObject","inLanguage":"pt-BR","@id":"https:\/\/www.correiobraziliense.com.br\/cbradar\/#\/schema\/person\/image\/","url":"https:\/\/secure.gravatar.com\/avatar\/4b80ddbd124d1f071b626d52d62e5dff?s=96&d=mm&r=g","contentUrl":"https:\/\/secure.gravatar.com\/avatar\/4b80ddbd124d1f071b626d52d62e5dff?s=96&d=mm&r=g","caption":"Daniely Cardoso"},"description":"Redatora nos portais CB Radar e EM Foco, formada pela Universidade Federal de Goi\u00e1s, em Goi\u00e2nia. Apaixonada por comunica\u00e7\u00e3o, arte, decora\u00e7\u00e3o e tend\u00eancias, atuo na produ\u00e7\u00e3o de conte\u00fados envolventes sobre curiosidades, moda, beleza e paisagismo, sempre com um olhar atento \u00e0s novidades do momento.","sameAs":["https:\/\/www.correiobraziliense.com.br\/cbradar"],"url":"https:\/\/www.correiobraziliense.com.br\/cbradar\/author\/danielymyth\/"}]}},"_links":{"self":[{"href":"https:\/\/www.correiobraziliense.com.br\/cbradar\/wp-json\/wp\/v2\/posts\/139979","targetHints":{"allow":["GET"]}}],"collection":[{"href":"https:\/\/www.correiobraziliense.com.br\/cbradar\/wp-json\/wp\/v2\/posts"}],"about":[{"href":"https:\/\/www.correiobraziliense.com.br\/cbradar\/wp-json\/wp\/v2\/types\/post"}],"author":[{"embeddable":true,"href":"https:\/\/www.correiobraziliense.com.br\/cbradar\/wp-json\/wp\/v2\/users\/9"}],"replies":[{"embeddable":true,"href":"https:\/\/www.correiobraziliense.com.br\/cbradar\/wp-json\/wp\/v2\/comments?post=139979"}],"version-history":[{"count":2,"href":"https:\/\/www.correiobraziliense.com.br\/cbradar\/wp-json\/wp\/v2\/posts\/139979\/revisions"}],"predecessor-version":[{"id":140108,"href":"https:\/\/www.correiobraziliense.com.br\/cbradar\/wp-json\/wp\/v2\/posts\/139979\/revisions\/140108"}],"wp:featuredmedia":[{"embeddable":true,"href":"https:\/\/www.correiobraziliense.com.br\/cbradar\/wp-json\/wp\/v2\/media\/140742"}],"wp:attachment":[{"href":"https:\/\/www.correiobraziliense.com.br\/cbradar\/wp-json\/wp\/v2\/media?parent=139979"}],"wp:term":[{"taxonomy":"category","embeddable":true,"href":"https:\/\/www.correiobraziliense.com.br\/cbradar\/wp-json\/wp\/v2\/categories?post=139979"},{"taxonomy":"post_tag","embeddable":true,"href":"https:\/\/www.correiobraziliense.com.br\/cbradar\/wp-json\/wp\/v2\/tags?post=139979"}],"curies":[{"name":"wp","href":"https:\/\/api.w.org\/{rel}","templated":true}]}}