{"id":139980,"date":"2025-11-19T22:35:10","date_gmt":"2025-11-20T01:35:10","guid":{"rendered":"https:\/\/www.correiobraziliense.com.br\/cbradar\/?p=139980"},"modified":"2025-11-19T14:40:33","modified_gmt":"2025-11-19T17:40:33","slug":"o-que-o-habito-de-esconder-o-rosto-com-o-capuz-revela-sobre-sua-personalidade","status":"publish","type":"post","link":"https:\/\/www.correiobraziliense.com.br\/cbradar\/o-que-o-habito-de-esconder-o-rosto-com-o-capuz-revela-sobre-sua-personalidade\/","title":{"rendered":"O que o h\u00e1bito de esconder o rosto com o capuz revela sobre sua personalidade"},"content":{"rendered":"\n<p>O uso di\u00e1rio de <b>capuz<\/b> \u00e9 um comportamento mais comum do que se imagina e, segundo a <b>psicologia<\/b>, possui explica\u00e7\u00f5es ligadas \u00e0 identidade pessoal e \u00e0 sensa\u00e7\u00e3o de seguran\u00e7a, al\u00e9m de influ\u00eancias da <b>cultura urbana<\/b> e de tend\u00eancias da moda.<\/p>\n\n\n\n<h2 class=\"wp-block-heading\">Por que muitas pessoas adotam o uso frequente do capuz?<\/h2>\n\n\n\n<p>Especialistas apontam que o uso recorrente do capuz est\u00e1 geralmente associado \u00e0 busca por <b>prote\u00e7\u00e3o emocional<\/b> e preserva\u00e7\u00e3o da privacidade. Para alguns, incorporar o capuz ao estilo pessoal \u00e9 uma estrat\u00e9gia para manter uma imagem com a qual se identificam, al\u00e9m de proporcionar conforto psicol\u00f3gico.<\/p>\n\n\n\n<p>O <b>capuz<\/b> tamb\u00e9m pode funcionar como um aux\u00edlio para quem sente desconforto com a pr\u00f3pria <b>apar\u00eancia<\/b> ou timidez, al\u00e9m de ser uma escolha simples, proporcionada pelo h\u00e1bito de vestimenta cotidiana. Costuma ainda ser influenciado por contextos culturais e ambientais, como o surgimento do <b>hip hop<\/b> ou movimentos de <b>streetwear<\/b>.<\/p>\n\n\n<div class=\"wp-block-image\">\n<figure class=\"aligncenter size-large\"><img decoding=\"async\" width=\"1024\" height=\"576\" src=\"https:\/\/www.correiobraziliense.com.br\/cbradar\/wp-content\/uploads\/2025\/11\/Design-sem-nome-43-1-1024x576.png\" alt=\"\" class=\"wp-image-140116\" srcset=\"https:\/\/www.correiobraziliense.com.br\/cbradar\/wp-content\/uploads\/2025\/11\/Design-sem-nome-43-1-1024x576.png 1024w, https:\/\/www.correiobraziliense.com.br\/cbradar\/wp-content\/uploads\/2025\/11\/Design-sem-nome-43-1-300x169.png 300w, https:\/\/www.correiobraziliense.com.br\/cbradar\/wp-content\/uploads\/2025\/11\/Design-sem-nome-43-1-768x432.png 768w, https:\/\/www.correiobraziliense.com.br\/cbradar\/wp-content\/uploads\/2025\/11\/Design-sem-nome-43-1-750x422.png 750w, https:\/\/www.correiobraziliense.com.br\/cbradar\/wp-content\/uploads\/2025\/11\/Design-sem-nome-43-1-1140x641.png 1140w, https:\/\/www.correiobraziliense.com.br\/cbradar\/wp-content\/uploads\/2025\/11\/Design-sem-nome-43-1.png 1280w\" sizes=\"(max-width: 1024px) 100vw, 1024px\" \/><figcaption class=\"wp-element-caption\">O capuz tamb\u00e9m pode funcionar como um aux\u00edlio para quem sente desconforto com a pr\u00f3pria apar\u00eancia ou timidez<\/figcaption><\/figure><\/div>\n\n\n<p>Leia tamb\u00e9m:&nbsp;<a href=\"https:\/\/www.correiobraziliense.com.br\/cbradar\/nao-e-preguica-o-que-significa-ter-uma-cadeira-com-roupas-no-quarto\/\" target=\"_blank\" rel=\"noopener\">N\u00e3o \u00e9 pregui\u00e7a, o que significa ter uma cadeira com roupas no quarto<\/a><\/p>\n\n\n\n<h2 class=\"wp-block-heading\">Principais raz\u00f5es psicol\u00f3gicas e comportamentais para usar capuz frequentemente<\/h2>\n\n\n\n<p>Existem motivos diversos para a ado\u00e7\u00e3o frequente do <b>capuz<\/b>. Uma das raz\u00f5es mais comuns \u00e9 a sensa\u00e7\u00e3o de <b>ref\u00fagio<\/b> e seguran\u00e7a, trazendo comodidade ao ocultar-se de olhares externos e intera\u00e7\u00f5es sociais indesejadas.<\/p>\n\n\n\n<p>Entre os principais fatores que podem incentivar esse h\u00e1bito, est\u00e3o:<\/p>\n\n\n\n<ul class=\"wp-block-list\">\n<li><b>Sensa\u00e7\u00e3o<\/b> de prote\u00e7\u00e3o e isolamento emocional<\/li>\n\n\n\n<li>Refor\u00e7o da <b>identidade<\/b> e do estilo pessoal<\/li>\n\n\n\n<li>Inseguran\u00e7a quanto \u00e0 <b>apar\u00eancia f\u00edsica<\/b><\/li>\n\n\n\n<li>Comodidade e <b>rotina<\/b><\/li>\n\n\n\n<li>Influ\u00eancia do ambiente e <b>grupo social<\/b><\/li>\n<\/ul>\n\n\n\n<p><strong>Esse v\u00eddeo publicado no TikTok pela <a href=\"https:\/\/www.tiktok.com\/@doutorasoraya\" target=\"_blank\" rel=\"noreferrer noopener\">Dr. Soraya Cristina<\/a>, ela explica sobre o uso de moletom pelos adoslecentes:<\/strong><\/p>\n\n\n\n<figure class=\"wp-block-embed is-type-video is-provider-tiktok wp-block-embed-tiktok\"><div class=\"wp-block-embed__wrapper\">\n<blockquote class=\"tiktok-embed\" cite=\"https:\/\/www.tiktok.com\/@doutorasoraya\/video\/7432395035724860677\" data-video-id=\"7432395035724860677\" data-embed-from=\"oembed\" style=\"max-width:605px; min-width:325px;\"> <section> <a target=\"_blank\" title=\"@doutorasoraya\" href=\"https:\/\/www.tiktok.com\/@doutorasoraya?refer=embed\">@doutorasoraya<\/a> <p>Por que os adolescentes usam moletom mesmo no calor? Tenho outro v\u00eddeo sobre este mesmo tema, MUITO IMPORTANTE DE SER ASSISTIDO, aqui no feed. M\u00e3e, voc\u00ea deseja aprender a demostrar amor ao seu adolescente da forma que ele entenda ser amado? Te ofere\u00e7o uma aula gratuita em que te ensino esta ferramenta. Clique no link da bio ou em https:\/\/aadolescencia.com.br\/metodopoc24v \ud83c\udf3c\ud83d\udc69\u200d\ud83d\udc66 Aqui est\u00e3o algumas das raz\u00f5es mais comuns: Conforto emocional ou f\u00edsico Estilo Casual Express\u00e3o de Identidade: Os adolescentes podem usar moletom com esses elementos para expressar sua identidade, interesses ou lealdade a uma equipe ou marca. Tend\u00eancias de Moda Aceita\u00e7\u00e3o entre Pares: Se os amigos ou colegas de escola usam moletom, os adolescentes podem se sentir mais inclinados a seguir o mesmo estilo para se encaixar e se sentir parte de um grupo. Individualidade e Express\u00e3o Pessoal: Alguns adolescentes usam moletom como parte de sua express\u00e3o pessoal. Eles podem customizar moletom com patches, pins, ou mensagens que refletem sua individualidade. Em resumo, os adolescentes usam moletom por uma combina\u00e7\u00e3o de conforto, praticidade, estilo e identidade. \u00c9 uma escolha de moda vers\u00e1til que pode se adequar a uma variedade de situa\u00e7\u00f5es e prefer\u00eancias pessoais. <a title=\"incentiveseusfilhos\" target=\"_blank\" href=\"https:\/\/www.tiktok.com\/tag\/incentiveseusfilhos?refer=embed\">#IncentiveSeusFilhos<\/a> <a title=\"fam\u00edliaunida\" target=\"_blank\" href=\"https:\/\/www.tiktok.com\/tag\/fam%C3%ADliaunida?refer=embed\">#Fam\u00edliaUnida<\/a> <a title=\"m\u00e3esinspiradoras\" target=\"_blank\" href=\"https:\/\/www.tiktok.com\/tag\/m%C3%A3esinspiradoras?refer=embed\">#M\u00e3esInspiradoras<\/a> <a title=\"adolesc\u00eancia\" target=\"_blank\" href=\"https:\/\/www.tiktok.com\/tag\/adolesc%C3%AAncia?refer=embed\">#Adolesc\u00eancia<\/a> <a title=\"identidadejovem\" target=\"_blank\" href=\"https:\/\/www.tiktok.com\/tag\/identidadejovem?refer=embed\">#IdentidadeJovem<\/a> <a title=\"conversacomosfilhos\" target=\"_blank\" href=\"https:\/\/www.tiktok.com\/tag\/conversacomosfilhos?refer=embed\">#ConversaComOsFilhos<\/a> <a title=\"comunica\u00e7\u00e3oaberta\" target=\"_blank\" href=\"https:\/\/www.tiktok.com\/tag\/comunica%C3%A7%C3%A3oaberta?refer=embed\">#Comunica\u00e7\u00e3oAberta<\/a> <a title=\"fam\u00edliaunida\" target=\"_blank\" href=\"https:\/\/www.tiktok.com\/tag\/fam%C3%ADliaunida?refer=embed\">#Fam\u00edliaUnida<\/a> <a title=\"amorfamiliar\" target=\"_blank\" href=\"https:\/\/www.tiktok.com\/tag\/amorfamiliar?refer=embed\">#AmorFamiliar<\/a> <a title=\"respeitosempre\" target=\"_blank\" href=\"https:\/\/www.tiktok.com\/tag\/respeitosempre?refer=embed\">#RespeitoSempre<\/a> Sou Soraya, M\u00e9dica h\u00e1 mais de 20 anos. Aqui nesse canal eu te ensino a entender por que seu adolescente est\u00e1 mudando e a lidar com este momento Dra. Soraya Cristina Sant\u2019Ana Siga-me no Instagram: @doutorasoraya Inscreva-se no YouTube: @doutorasoraya<\/p> <a target=\"_blank\" title=\"\u266c som original - Soraya Cristina Sant\u2019Ana\" href=\"https:\/\/www.tiktok.com\/music\/som-original-7432395070637017861?refer=embed\">\u266c som original &#8211; Soraya Cristina Sant\u2019Ana<\/a> <\/section> <\/blockquote> <script async src=\"https:\/\/www.tiktok.com\/embed.js\"><\/script>\n<\/div><\/figure>\n\n\n\n<h2 class=\"wp-block-heading\">Como o capuz contribui para a gest\u00e3o da ansiedade social?<\/h2>\n\n\n\n<p>Para pessoas que enfrentam <b>ansiedade social<\/b>, o capuz se torna um recurso eficiente para diminuir o desconforto em situa\u00e7\u00f5es p\u00fablicas. Ele funciona como um escudo emocional, possibilitando sentir-se menos exposto ao olhar e julgamento alheio.<\/p>\n\n\n\n<p>Al\u00e9m disso, em grandes <b>centros urbanos<\/b>, o uso do capuz tende a ser normalizado, permitindo ao indiv\u00edduo uma sensa\u00e7\u00e3o de pertencimento aos c\u00f3digos sociais do ambiente, refor\u00e7ando a integra\u00e7\u00e3o ao coletivo.<\/p>\n\n\n\n<h2 class=\"wp-block-heading\">De que maneira o capuz impacta diferentes faixas et\u00e1rias na moda?<\/h2>\n\n\n\n<p>O capuz carrega diferentes significados de acordo com a faixa et\u00e1ria. Para <b>jovens<\/b>, \u00e9 frequente sua associa\u00e7\u00e3o ao pertencimento a grupos urbanos ou subculturas, onde se torna s\u00edmbolo e parte do c\u00f3digo de vestimenta do grupo.<\/p>\n\n\n\n<p>Entre <b>adultos<\/b>, a escolha tende a ser mais pr\u00e1tica e ligada ao <b>conforto<\/b>, por\u00e9m, continua marcada por influ\u00eancias culturais, comportamentais e de identidade. Caso o uso do capuz venha acompanhado de sinais intensos de ansiedade social, pode ser aconselh\u00e1vel buscar suporte <b>psicol\u00f3gico<\/b> para desenvolver modos mais positivos de enfrentamento.<\/p>\n","protected":false},"excerpt":{"rendered":"<p>O uso di\u00e1rio de capuz \u00e9 um comportamento mais comum do que se imagina e, segundo a psicologia, possui explica\u00e7\u00f5es ligadas \u00e0 identidade pessoal e \u00e0 sensa\u00e7\u00e3o de seguran\u00e7a, al\u00e9m de influ\u00eancias da cultura urbana e de tend\u00eancias da moda. Por que muitas pessoas adotam o uso frequente do capuz? Especialistas apontam que o uso [&hellip;]<\/p>\n","protected":false},"author":9,"featured_media":140748,"comment_status":"open","ping_status":"open","sticky":false,"template":"","format":"standard","meta":{"_yoast_wpseo_focuskw":"capuz","_yoast_wpseo_title":"%%title%% %%page%%","_yoast_wpseo_metadesc":"O uso do capuz pode revelar tra\u00e7os de personalidade, prote\u00e7\u00e3o emocional e estilo, mostrando como a identidade se expressa no dia a dia.","jnews-multi-image_gallery":[],"jnews_single_post":{"format":"standard"},"jnews_primary_category":[],"jnews_social_meta":[],"jnews_override_counter":[],"footnotes":""},"categories":[112],"tags":[11768,1029,5526],"class_list":["post-139980","post","type-post","status-publish","format-standard","has-post-thumbnail","hentry","category-curiosidades","tag-capuz","tag-moda","tag-roupa"],"yoast_head":"<!-- This site is optimized with the Yoast SEO plugin v24.6 - https:\/\/yoast.com\/wordpress\/plugins\/seo\/ -->\n<title>O que o h\u00e1bito de esconder o rosto com o capuz revela sobre sua personalidade<\/title>\n<meta name=\"description\" content=\"O uso do capuz pode revelar tra\u00e7os de personalidade, prote\u00e7\u00e3o emocional e estilo, mostrando como a identidade se expressa no dia a dia.\" \/>\n<meta name=\"robots\" content=\"index, follow, max-snippet:-1, max-image-preview:large, max-video-preview:-1\" \/>\n<link rel=\"canonical\" href=\"https:\/\/www.correiobraziliense.com.br\/cbradar\/o-que-o-habito-de-esconder-o-rosto-com-o-capuz-revela-sobre-sua-personalidade\/\" \/>\n<meta property=\"og:locale\" content=\"pt_BR\" \/>\n<meta property=\"og:type\" content=\"article\" \/>\n<meta property=\"og:title\" content=\"O que o h\u00e1bito de esconder o rosto com o capuz revela sobre sua personalidade\" \/>\n<meta property=\"og:description\" content=\"O uso do capuz pode revelar tra\u00e7os de personalidade, prote\u00e7\u00e3o emocional e estilo, mostrando como a identidade se expressa no dia a dia.\" \/>\n<meta property=\"og:url\" content=\"https:\/\/www.correiobraziliense.com.br\/cbradar\/o-que-o-habito-de-esconder-o-rosto-com-o-capuz-revela-sobre-sua-personalidade\/\" \/>\n<meta property=\"og:site_name\" content=\"Correio Braziliense - Radar\" \/>\n<meta property=\"article:published_time\" content=\"2025-11-20T01:35:10+00:00\" \/>\n<meta property=\"og:image\" content=\"https:\/\/www.correiobraziliense.com.br\/cbradar\/wp-content\/uploads\/2025\/11\/freepik__cena-urbana-ao-entardecer-silhueta-de-jovem-brasil__63996.jpeg\" \/>\n\t<meta property=\"og:image:width\" content=\"1280\" \/>\n\t<meta property=\"og:image:height\" content=\"720\" \/>\n\t<meta property=\"og:image:type\" content=\"image\/jpeg\" \/>\n<meta name=\"author\" content=\"Daniely Cardoso\" \/>\n<meta name=\"twitter:card\" content=\"summary_large_image\" \/>\n<meta name=\"twitter:label1\" content=\"Escrito por\" \/>\n\t<meta name=\"twitter:data1\" content=\"Daniely Cardoso\" \/>\n\t<meta name=\"twitter:label2\" content=\"Est. tempo de leitura\" \/>\n\t<meta name=\"twitter:data2\" content=\"3 minutos\" \/>\n<!-- \/ Yoast SEO plugin. -->","yoast_head_json":{"title":"O que o h\u00e1bito de esconder o rosto com o capuz revela sobre sua personalidade","description":"O uso do capuz pode revelar tra\u00e7os de personalidade, prote\u00e7\u00e3o emocional e estilo, mostrando como a identidade se expressa no dia a dia.","robots":{"index":"index","follow":"follow","max-snippet":"max-snippet:-1","max-image-preview":"max-image-preview:large","max-video-preview":"max-video-preview:-1"},"canonical":"https:\/\/www.correiobraziliense.com.br\/cbradar\/o-que-o-habito-de-esconder-o-rosto-com-o-capuz-revela-sobre-sua-personalidade\/","og_locale":"pt_BR","og_type":"article","og_title":"O que o h\u00e1bito de esconder o rosto com o capuz revela sobre sua personalidade","og_description":"O uso do capuz pode revelar tra\u00e7os de personalidade, prote\u00e7\u00e3o emocional e estilo, mostrando como a identidade se expressa no dia a dia.","og_url":"https:\/\/www.correiobraziliense.com.br\/cbradar\/o-que-o-habito-de-esconder-o-rosto-com-o-capuz-revela-sobre-sua-personalidade\/","og_site_name":"Correio Braziliense - Radar","article_published_time":"2025-11-20T01:35:10+00:00","og_image":[{"width":1280,"height":720,"url":"https:\/\/www.correiobraziliense.com.br\/cbradar\/wp-content\/uploads\/2025\/11\/freepik__cena-urbana-ao-entardecer-silhueta-de-jovem-brasil__63996.jpeg","type":"image\/jpeg"}],"author":"Daniely Cardoso","twitter_card":"summary_large_image","twitter_misc":{"Escrito por":"Daniely Cardoso","Est. tempo de leitura":"3 minutos"},"schema":{"@context":"https:\/\/schema.org","@graph":[{"@type":"WebPage","@id":"https:\/\/www.correiobraziliense.com.br\/cbradar\/o-que-o-habito-de-esconder-o-rosto-com-o-capuz-revela-sobre-sua-personalidade\/","url":"https:\/\/www.correiobraziliense.com.br\/cbradar\/o-que-o-habito-de-esconder-o-rosto-com-o-capuz-revela-sobre-sua-personalidade\/","name":"O que o h\u00e1bito de esconder o rosto com o capuz revela sobre sua personalidade","isPartOf":{"@id":"https:\/\/www.correiobraziliense.com.br\/cbradar\/#website"},"primaryImageOfPage":{"@id":"https:\/\/www.correiobraziliense.com.br\/cbradar\/o-que-o-habito-de-esconder-o-rosto-com-o-capuz-revela-sobre-sua-personalidade\/#primaryimage"},"image":{"@id":"https:\/\/www.correiobraziliense.com.br\/cbradar\/o-que-o-habito-de-esconder-o-rosto-com-o-capuz-revela-sobre-sua-personalidade\/#primaryimage"},"thumbnailUrl":"https:\/\/www.correiobraziliense.com.br\/cbradar\/wp-content\/uploads\/2025\/11\/freepik__cena-urbana-ao-entardecer-silhueta-de-jovem-brasil__63996.jpeg","datePublished":"2025-11-20T01:35:10+00:00","author":{"@id":"https:\/\/www.correiobraziliense.com.br\/cbradar\/#\/schema\/person\/7356666e12ec0ee53f348ee5db227032"},"description":"O uso do capuz pode revelar tra\u00e7os de personalidade, prote\u00e7\u00e3o emocional e estilo, mostrando como a identidade se expressa no dia a dia.","breadcrumb":{"@id":"https:\/\/www.correiobraziliense.com.br\/cbradar\/o-que-o-habito-de-esconder-o-rosto-com-o-capuz-revela-sobre-sua-personalidade\/#breadcrumb"},"inLanguage":"pt-BR","potentialAction":[{"@type":"ReadAction","target":["https:\/\/www.correiobraziliense.com.br\/cbradar\/o-que-o-habito-de-esconder-o-rosto-com-o-capuz-revela-sobre-sua-personalidade\/"]}]},{"@type":"ImageObject","inLanguage":"pt-BR","@id":"https:\/\/www.correiobraziliense.com.br\/cbradar\/o-que-o-habito-de-esconder-o-rosto-com-o-capuz-revela-sobre-sua-personalidade\/#primaryimage","url":"https:\/\/www.correiobraziliense.com.br\/cbradar\/wp-content\/uploads\/2025\/11\/freepik__cena-urbana-ao-entardecer-silhueta-de-jovem-brasil__63996.jpeg","contentUrl":"https:\/\/www.correiobraziliense.com.br\/cbradar\/wp-content\/uploads\/2025\/11\/freepik__cena-urbana-ao-entardecer-silhueta-de-jovem-brasil__63996.jpeg","width":1280,"height":720,"caption":"Sensa\u00e7\u00e3o de prote\u00e7\u00e3o que ajuda a reduzir est\u00edmulos externos"},{"@type":"BreadcrumbList","@id":"https:\/\/www.correiobraziliense.com.br\/cbradar\/o-que-o-habito-de-esconder-o-rosto-com-o-capuz-revela-sobre-sua-personalidade\/#breadcrumb","itemListElement":[{"@type":"ListItem","position":1,"name":"In\u00edcio","item":"https:\/\/www.correiobraziliense.com.br\/cbradar\/"},{"@type":"ListItem","position":2,"name":"O que o h\u00e1bito de esconder o rosto com o capuz revela sobre sua personalidade"}]},{"@type":"WebSite","@id":"https:\/\/www.correiobraziliense.com.br\/cbradar\/#website","url":"https:\/\/www.correiobraziliense.com.br\/cbradar\/","name":"Correio Braziliense - Radar","description":"Acompanhe as \u00faltimas not\u00edcias e fique bem informado sobre tudo o que acontece no Brasil e no mundo.","potentialAction":[{"@type":"SearchAction","target":{"@type":"EntryPoint","urlTemplate":"https:\/\/www.correiobraziliense.com.br\/cbradar\/?s={search_term_string}"},"query-input":{"@type":"PropertyValueSpecification","valueRequired":true,"valueName":"search_term_string"}}],"inLanguage":"pt-BR"},{"@type":"Person","@id":"https:\/\/www.correiobraziliense.com.br\/cbradar\/#\/schema\/person\/7356666e12ec0ee53f348ee5db227032","name":"Daniely Cardoso","image":{"@type":"ImageObject","inLanguage":"pt-BR","@id":"https:\/\/www.correiobraziliense.com.br\/cbradar\/#\/schema\/person\/image\/","url":"https:\/\/secure.gravatar.com\/avatar\/4b80ddbd124d1f071b626d52d62e5dff?s=96&d=mm&r=g","contentUrl":"https:\/\/secure.gravatar.com\/avatar\/4b80ddbd124d1f071b626d52d62e5dff?s=96&d=mm&r=g","caption":"Daniely Cardoso"},"description":"Redatora nos portais CB Radar e EM Foco, formada pela Universidade Federal de Goi\u00e1s, em Goi\u00e2nia. Apaixonada por comunica\u00e7\u00e3o, arte, decora\u00e7\u00e3o e tend\u00eancias, atuo na produ\u00e7\u00e3o de conte\u00fados envolventes sobre curiosidades, moda, beleza e paisagismo, sempre com um olhar atento \u00e0s novidades do momento.","sameAs":["https:\/\/www.correiobraziliense.com.br\/cbradar"],"url":"https:\/\/www.correiobraziliense.com.br\/cbradar\/author\/danielymyth\/"}]}},"_links":{"self":[{"href":"https:\/\/www.correiobraziliense.com.br\/cbradar\/wp-json\/wp\/v2\/posts\/139980","targetHints":{"allow":["GET"]}}],"collection":[{"href":"https:\/\/www.correiobraziliense.com.br\/cbradar\/wp-json\/wp\/v2\/posts"}],"about":[{"href":"https:\/\/www.correiobraziliense.com.br\/cbradar\/wp-json\/wp\/v2\/types\/post"}],"author":[{"embeddable":true,"href":"https:\/\/www.correiobraziliense.com.br\/cbradar\/wp-json\/wp\/v2\/users\/9"}],"replies":[{"embeddable":true,"href":"https:\/\/www.correiobraziliense.com.br\/cbradar\/wp-json\/wp\/v2\/comments?post=139980"}],"version-history":[{"count":2,"href":"https:\/\/www.correiobraziliense.com.br\/cbradar\/wp-json\/wp\/v2\/posts\/139980\/revisions"}],"predecessor-version":[{"id":140117,"href":"https:\/\/www.correiobraziliense.com.br\/cbradar\/wp-json\/wp\/v2\/posts\/139980\/revisions\/140117"}],"wp:featuredmedia":[{"embeddable":true,"href":"https:\/\/www.correiobraziliense.com.br\/cbradar\/wp-json\/wp\/v2\/media\/140748"}],"wp:attachment":[{"href":"https:\/\/www.correiobraziliense.com.br\/cbradar\/wp-json\/wp\/v2\/media?parent=139980"}],"wp:term":[{"taxonomy":"category","embeddable":true,"href":"https:\/\/www.correiobraziliense.com.br\/cbradar\/wp-json\/wp\/v2\/categories?post=139980"},{"taxonomy":"post_tag","embeddable":true,"href":"https:\/\/www.correiobraziliense.com.br\/cbradar\/wp-json\/wp\/v2\/tags?post=139980"}],"curies":[{"name":"wp","href":"https:\/\/api.w.org\/{rel}","templated":true}]}}