{"id":14006,"date":"2025-03-20T07:23:00","date_gmt":"2025-03-20T10:23:00","guid":{"rendered":"https:\/\/www.correiobraziliense.com.br\/cbradar\/?p=14006"},"modified":"2025-03-19T23:59:25","modified_gmt":"2025-03-20T02:59:25","slug":"a-serie-adolescencia-da-netflix-vai-ter-segunda-temporada","status":"publish","type":"post","link":"https:\/\/www.correiobraziliense.com.br\/cbradar\/a-serie-adolescencia-da-netflix-vai-ter-segunda-temporada\/","title":{"rendered":"A s\u00e9rie &#8220;Adolesc\u00eancia&#8221; da Netflix vai ter segunda temporada?"},"content":{"rendered":"\n<p>Em mar\u00e7o de 2025, a <strong>Netflix <\/strong>lan\u00e7ou &#8220;<strong><a href=\"https:\/\/www.netflix.com\/br\/title\/81756069\" target=\"_blank\" rel=\"noreferrer noopener\">Adolesc\u00eancia<\/a><\/strong>&#8220;, uma s\u00e9rie que rapidamente se destacou tanto em cr\u00edtica quanto em audi\u00eancia. Com apenas quatro epis\u00f3dios, a produ\u00e7\u00e3o narra a hist\u00f3ria de um jovem de 13 anos que comete um crime violento, explorando as consequ\u00eancias desse ato em sua fam\u00edlia e comunidade. A narrativa n\u00e3o se limita a descrever os eventos, mas busca entender as motiva\u00e7\u00f5es por tr\u00e1s da viol\u00eancia.<\/p>\n\n\n\n<p>Embora a s\u00e9rie termine de forma impactante, ela deixa muitas quest\u00f5es em aberto, permitindo especula\u00e7\u00f5es sobre poss\u00edveis novas hist\u00f3rias. No entanto, a incerteza sobre uma segunda temporada persiste, j\u00e1 que a s\u00e9rie foi concebida como uma produ\u00e7\u00e3o limitada desde o in\u00edcio.<\/p>\n\n\n\n<h2 class=\"wp-block-heading\">Adolesc\u00eancia ter\u00e1 novos epis\u00f3dios na Netflix?<\/h2>\n\n\n\n<p>At\u00e9 o momento, a Netflix n\u00e3o confirmou a renova\u00e7\u00e3o de &#8220;Adolesc\u00eancia&#8221; para uma nova temporada. A aus\u00eancia de um an\u00fancio n\u00e3o deve ser vista como um fracasso da s\u00e9rie ou de sua equipe criativa. Desde o princ\u00edpio, &#8220;Adolesc\u00eancia&#8221; foi planejada como uma s\u00e9rie limitada, com os epis\u00f3dios dispon\u00edveis refletindo exatamente a vis\u00e3o dos criadores.<\/p>\n\n\n\n<p>Christine Temarco, que interpreta a m\u00e3e do protagonista, destacou em entrevista que a s\u00e9rie visa conscientizar o p\u00fablico sobre a radicaliza\u00e7\u00e3o de jovens atrav\u00e9s de meios online. A produ\u00e7\u00e3o foi bem-sucedida em mostrar essa realidade, sem a necessidade de uma continua\u00e7\u00e3o que poderia diluir sua mensagem.<\/p>\n\n\n\n<iframe loading=\"lazy\" width=\"560\" height=\"315\" src=\"https:\/\/www.youtube.com\/embed\/mh48KXaCSxM?si=cPVbSXqrzg1y0D4P\" title=\"YouTube video player\" frameborder=\"0\" allow=\"accelerometer; autoplay; clipboard-write; encrypted-media; gyroscope; picture-in-picture; web-share\" referrerpolicy=\"strict-origin-when-cross-origin\" allowfullscreen><\/iframe>\n\n\n\n<h2 class=\"wp-block-heading\">Por que uma sequ\u00eancia pode diluir o impacto da s\u00e9rie?<\/h2>\n\n\n\n<p>Embora &#8220;Adolesc\u00eancia&#8221; deixe espa\u00e7o para o desenvolvimento de novas hist\u00f3rias, uma continua\u00e7\u00e3o poderia enfraquecer suas mensagens centrais. Os quatro epis\u00f3dios dispon\u00edveis s\u00e3o eficazes em criar cenas impactantes que ajudam o p\u00fablico a compreender o impacto dos eventos retratados. A s\u00e9rie n\u00e3o foi criada para ter um apelo de massas, o que permitiu um formato diferenciado e um foco em temas sens\u00edveis.<\/p>\n\n\n\n<p>Stephen Graham, um dos criadores, afirmou que a s\u00e9rie mostra que a seguran\u00e7a de um jovem n\u00e3o est\u00e1 garantida apenas por estar em casa. Atrav\u00e9s da internet, h\u00e1 um vasto mundo de influ\u00eancias fora do controle dos pais, um tema central na narrativa de &#8220;Adolesc\u00eancia&#8221;.<\/p>\n\n\n\n<figure class=\"wp-block-image size-full\"><img decoding=\"async\" width=\"738\" height=\"415\" src=\"https:\/\/www.correiobraziliense.com.br\/cbradar\/wp-content\/uploads\/2025\/03\/Adolescencia.jpeg\" alt=\"Adolesc\u00eancia, da Netflix, vai ter segunda temporada?\" class=\"wp-image-14008\" srcset=\"https:\/\/www.correiobraziliense.com.br\/cbradar\/wp-content\/uploads\/2025\/03\/Adolescencia.jpeg 738w, https:\/\/www.correiobraziliense.com.br\/cbradar\/wp-content\/uploads\/2025\/03\/Adolescencia-300x169.jpeg 300w\" sizes=\"(max-width: 738px) 100vw, 738px\" \/><figcaption class=\"wp-element-caption\">Adolesc\u00eancia. Fonte: divulga\u00e7\u00e3o \/ Netflix<\/figcaption><\/figure>\n\n\n\n<h2 class=\"wp-block-heading\">Qual \u00e9 o futuro de &#8220;Adolesc\u00eancia&#8221; na Netflix?<\/h2>\n\n\n\n<p>A popularidade da s\u00e9rie pode motivar a Netflix a considerar uma renova\u00e7\u00e3o, apesar de seu formato original como s\u00e9rie limitada. Caso isso aconte\u00e7a, a equipe criativa ter\u00e1 o desafio de manter a integridade da mensagem original enquanto desenvolve novas narrativas. At\u00e9 que uma decis\u00e3o seja tomada, resta ao p\u00fablico especular sobre o futuro dos personagens e as poss\u00edveis dire\u00e7\u00f5es que a hist\u00f3ria poderia tomar.<\/p>\n\n\n\n<p>Enquanto isso, &#8220;Adolesc\u00eancia&#8221; continua a gerar discuss\u00f5es sobre seus temas e a forma como aborda quest\u00f5es complexas da sociedade atual. A s\u00e9rie se destaca por sua capacidade de provocar reflex\u00e3o, um feito not\u00e1vel em um cen\u00e1rio de entretenimento muitas vezes dominado por produ\u00e7\u00f5es voltadas para o grande p\u00fablico.<\/p>\n","protected":false},"excerpt":{"rendered":"<p>Explorando o impacto do crime violento de um jovem adolescente, &#8216;Adolesc\u00eancia&#8217; \u00e9 uma s\u00e9rie instigante da Netflix. <\/p>\n","protected":false},"author":3,"featured_media":14009,"comment_status":"open","ping_status":"open","sticky":false,"template":"","format":"standard","meta":{"_yoast_wpseo_focuskw":"Adolesc\u00eancia","_yoast_wpseo_title":"%%title%%","_yoast_wpseo_metadesc":"Explorando o impacto do crime violento de um jovem adolescente, 'Adolesc\u00eancia' \u00e9 uma s\u00e9rie instigante da Netflix.","jnews-multi-image_gallery":[],"jnews_single_post":{"format":"standard"},"jnews_primary_category":[],"jnews_social_meta":[],"jnews_override_counter":[],"footnotes":""},"categories":[140],"post_tag":[1962,141,568],"class_list":["post-14006","post","type-post","status-publish","format-standard","has-post-thumbnail","hentry","category-entretenimento","tag-adolescencia","tag-netflix","tag-series-e-filmes"],"yoast_head":"<!-- This site is optimized with the Yoast SEO plugin v24.6 - https:\/\/yoast.com\/wordpress\/plugins\/seo\/ -->\n<title>A s\u00e9rie &quot;Adolesc\u00eancia&quot; da Netflix vai ter segunda temporada?<\/title>\n<meta name=\"description\" content=\"Explorando o impacto do crime violento de um jovem adolescente, &#039;Adolesc\u00eancia&#039; \u00e9 uma s\u00e9rie instigante da Netflix.\" \/>\n<meta name=\"robots\" content=\"index, follow, max-snippet:-1, max-image-preview:large, max-video-preview:-1\" \/>\n<link rel=\"canonical\" href=\"https:\/\/www.correiobraziliense.com.br\/cbradar\/a-serie-adolescencia-da-netflix-vai-ter-segunda-temporada\/\" \/>\n<meta property=\"og:locale\" content=\"pt_BR\" \/>\n<meta property=\"og:type\" content=\"article\" \/>\n<meta property=\"og:title\" content=\"A s\u00e9rie &quot;Adolesc\u00eancia&quot; da Netflix vai ter segunda temporada?\" \/>\n<meta property=\"og:description\" content=\"Explorando o impacto do crime violento de um jovem adolescente, &#039;Adolesc\u00eancia&#039; \u00e9 uma s\u00e9rie instigante da Netflix.\" \/>\n<meta property=\"og:url\" content=\"https:\/\/www.correiobraziliense.com.br\/cbradar\/a-serie-adolescencia-da-netflix-vai-ter-segunda-temporada\/\" \/>\n<meta property=\"og:site_name\" content=\"Correio Braziliense - Radar\" \/>\n<meta property=\"article:published_time\" content=\"2025-03-20T10:23:00+00:00\" \/>\n<meta property=\"og:image\" content=\"https:\/\/www.correiobraziliense.com.br\/cbradar\/wp-content\/uploads\/2025\/03\/Adolescencia.jpg\" \/>\n\t<meta property=\"og:image:width\" content=\"1280\" \/>\n\t<meta property=\"og:image:height\" content=\"720\" \/>\n\t<meta property=\"og:image:type\" content=\"image\/jpeg\" \/>\n<meta name=\"author\" content=\"Larissa Carvalho\" \/>\n<meta name=\"twitter:card\" content=\"summary_large_image\" \/>\n<meta name=\"twitter:label1\" content=\"Escrito por\" \/>\n\t<meta name=\"twitter:data1\" content=\"Larissa Carvalho\" \/>\n\t<meta name=\"twitter:label2\" content=\"Est. tempo de leitura\" \/>\n\t<meta name=\"twitter:data2\" content=\"3 minutos\" \/>\n<!-- \/ Yoast SEO plugin. -->","yoast_head_json":{"title":"A s\u00e9rie \"Adolesc\u00eancia\" da Netflix vai ter segunda temporada?","description":"Explorando o impacto do crime violento de um jovem adolescente, 'Adolesc\u00eancia' \u00e9 uma s\u00e9rie instigante da Netflix.","robots":{"index":"index","follow":"follow","max-snippet":"max-snippet:-1","max-image-preview":"max-image-preview:large","max-video-preview":"max-video-preview:-1"},"canonical":"https:\/\/www.correiobraziliense.com.br\/cbradar\/a-serie-adolescencia-da-netflix-vai-ter-segunda-temporada\/","og_locale":"pt_BR","og_type":"article","og_title":"A s\u00e9rie \"Adolesc\u00eancia\" da Netflix vai ter segunda temporada?","og_description":"Explorando o impacto do crime violento de um jovem adolescente, 'Adolesc\u00eancia' \u00e9 uma s\u00e9rie instigante da Netflix.","og_url":"https:\/\/www.correiobraziliense.com.br\/cbradar\/a-serie-adolescencia-da-netflix-vai-ter-segunda-temporada\/","og_site_name":"Correio Braziliense - Radar","article_published_time":"2025-03-20T10:23:00+00:00","og_image":[{"width":1280,"height":720,"url":"https:\/\/www.correiobraziliense.com.br\/cbradar\/wp-content\/uploads\/2025\/03\/Adolescencia.jpg","type":"image\/jpeg"}],"author":"Larissa Carvalho","twitter_card":"summary_large_image","twitter_misc":{"Escrito por":"Larissa Carvalho","Est. tempo de leitura":"3 minutos"},"schema":{"@context":"https:\/\/schema.org","@graph":[{"@type":"WebPage","@id":"https:\/\/www.correiobraziliense.com.br\/cbradar\/a-serie-adolescencia-da-netflix-vai-ter-segunda-temporada\/","url":"https:\/\/www.correiobraziliense.com.br\/cbradar\/a-serie-adolescencia-da-netflix-vai-ter-segunda-temporada\/","name":"A s\u00e9rie \"Adolesc\u00eancia\" da Netflix vai ter segunda temporada?","isPartOf":{"@id":"https:\/\/www.correiobraziliense.com.br\/cbradar\/#website"},"primaryImageOfPage":{"@id":"https:\/\/www.correiobraziliense.com.br\/cbradar\/a-serie-adolescencia-da-netflix-vai-ter-segunda-temporada\/#primaryimage"},"image":{"@id":"https:\/\/www.correiobraziliense.com.br\/cbradar\/a-serie-adolescencia-da-netflix-vai-ter-segunda-temporada\/#primaryimage"},"thumbnailUrl":"https:\/\/www.correiobraziliense.com.br\/cbradar\/wp-content\/uploads\/2025\/03\/Adolescencia.jpg","datePublished":"2025-03-20T10:23:00+00:00","author":{"@id":"https:\/\/www.correiobraziliense.com.br\/cbradar\/#\/schema\/person\/58422787644df994b53a19d3e56c1513"},"description":"Explorando o impacto do crime violento de um jovem adolescente, 'Adolesc\u00eancia' \u00e9 uma s\u00e9rie instigante da Netflix.","breadcrumb":{"@id":"https:\/\/www.correiobraziliense.com.br\/cbradar\/a-serie-adolescencia-da-netflix-vai-ter-segunda-temporada\/#breadcrumb"},"inLanguage":"pt-BR","potentialAction":[{"@type":"ReadAction","target":["https:\/\/www.correiobraziliense.com.br\/cbradar\/a-serie-adolescencia-da-netflix-vai-ter-segunda-temporada\/"]}]},{"@type":"ImageObject","inLanguage":"pt-BR","@id":"https:\/\/www.correiobraziliense.com.br\/cbradar\/a-serie-adolescencia-da-netflix-vai-ter-segunda-temporada\/#primaryimage","url":"https:\/\/www.correiobraziliense.com.br\/cbradar\/wp-content\/uploads\/2025\/03\/Adolescencia.jpg","contentUrl":"https:\/\/www.correiobraziliense.com.br\/cbradar\/wp-content\/uploads\/2025\/03\/Adolescencia.jpg","width":1280,"height":720,"caption":"Adolesc\u00eancia. Fonte: divulga\u00e7\u00e3o \/ Netflix"},{"@type":"BreadcrumbList","@id":"https:\/\/www.correiobraziliense.com.br\/cbradar\/a-serie-adolescencia-da-netflix-vai-ter-segunda-temporada\/#breadcrumb","itemListElement":[{"@type":"ListItem","position":1,"name":"In\u00edcio","item":"https:\/\/www.correiobraziliense.com.br\/cbradar\/"},{"@type":"ListItem","position":2,"name":"A s\u00e9rie &#8220;Adolesc\u00eancia&#8221; da Netflix vai ter segunda temporada?"}]},{"@type":"WebSite","@id":"https:\/\/www.correiobraziliense.com.br\/cbradar\/#website","url":"https:\/\/www.correiobraziliense.com.br\/cbradar\/","name":"Correio Braziliense - Radar","description":"Acompanhe as \u00faltimas not\u00edcias e fique bem informado sobre tudo o que acontece no Brasil e no mundo.","potentialAction":[{"@type":"SearchAction","target":{"@type":"EntryPoint","urlTemplate":"https:\/\/www.correiobraziliense.com.br\/cbradar\/?s={search_term_string}"},"query-input":{"@type":"PropertyValueSpecification","valueRequired":true,"valueName":"search_term_string"}}],"inLanguage":"pt-BR"},{"@type":"Person","@id":"https:\/\/www.correiobraziliense.com.br\/cbradar\/#\/schema\/person\/58422787644df994b53a19d3e56c1513","name":"Larissa Carvalho","image":{"@type":"ImageObject","inLanguage":"pt-BR","@id":"https:\/\/www.correiobraziliense.com.br\/cbradar\/#\/schema\/person\/image\/","url":"https:\/\/secure.gravatar.com\/avatar\/fe4f91a0de32b52a838d0d612abdc1aa?s=96&d=mm&r=g","contentUrl":"https:\/\/secure.gravatar.com\/avatar\/fe4f91a0de32b52a838d0d612abdc1aa?s=96&d=mm&r=g","caption":"Larissa Carvalho"},"url":"https:\/\/www.correiobraziliense.com.br\/cbradar\/author\/larissamyth\/"}]}},"_links":{"self":[{"href":"https:\/\/www.correiobraziliense.com.br\/cbradar\/wp-json\/wp\/v2\/posts\/14006","targetHints":{"allow":["GET"]}}],"collection":[{"href":"https:\/\/www.correiobraziliense.com.br\/cbradar\/wp-json\/wp\/v2\/posts"}],"about":[{"href":"https:\/\/www.correiobraziliense.com.br\/cbradar\/wp-json\/wp\/v2\/types\/post"}],"author":[{"embeddable":true,"href":"https:\/\/www.correiobraziliense.com.br\/cbradar\/wp-json\/wp\/v2\/users\/3"}],"replies":[{"embeddable":true,"href":"https:\/\/www.correiobraziliense.com.br\/cbradar\/wp-json\/wp\/v2\/comments?post=14006"}],"version-history":[{"count":2,"href":"https:\/\/www.correiobraziliense.com.br\/cbradar\/wp-json\/wp\/v2\/posts\/14006\/revisions"}],"predecessor-version":[{"id":14093,"href":"https:\/\/www.correiobraziliense.com.br\/cbradar\/wp-json\/wp\/v2\/posts\/14006\/revisions\/14093"}],"wp:featuredmedia":[{"embeddable":true,"href":"https:\/\/www.correiobraziliense.com.br\/cbradar\/wp-json\/wp\/v2\/media\/14009"}],"wp:attachment":[{"href":"https:\/\/www.correiobraziliense.com.br\/cbradar\/wp-json\/wp\/v2\/media?parent=14006"}],"wp:term":[{"taxonomy":"category","embeddable":true,"href":"https:\/\/www.correiobraziliense.com.br\/cbradar\/wp-json\/wp\/v2\/categories?post=14006"},{"taxonomy":"post_tag","embeddable":true,"href":"https:\/\/www.correiobraziliense.com.br\/cbradar\/wp-json\/wp\/v2\/post_tag?post=14006"}],"curies":[{"name":"wp","href":"https:\/\/api.w.org\/{rel}","templated":true}]}}