{"id":14007,"date":"2025-03-20T17:10:00","date_gmt":"2025-03-20T20:10:00","guid":{"rendered":"https:\/\/www.correiobraziliense.com.br\/cbradar\/?p=14007"},"modified":"2025-03-19T21:30:13","modified_gmt":"2025-03-20T00:30:13","slug":"a-melhor-serie-para-quem-gostou-de-adolescencia-da-netflix","status":"publish","type":"post","link":"https:\/\/www.correiobraziliense.com.br\/cbradar\/a-melhor-serie-para-quem-gostou-de-adolescencia-da-netflix\/","title":{"rendered":"A melhor s\u00e9rie para quem gostou de &#8216;Adolesc\u00eancia&#8217;, da Netflix"},"content":{"rendered":"\n<p>Nos \u00faltimos anos, as plataformas de streaming t\u00eam se destacado por oferecer produ\u00e7\u00f5es que capturam a aten\u00e7\u00e3o do p\u00fablico com narrativas envolventes e intrigantes. Entre essas produ\u00e7\u00f5es, destacam-se as miniss\u00e9ries &#8220;<strong>Adolesc\u00eancia<\/strong>&#8220;, da <strong>Netflix<\/strong>, e &#8220;<strong>Em Defesa de Jacob<\/strong>&#8220;, da <strong><a href=\"https:\/\/tv.apple.com\/br\/show\/em-defesa-de-jacob\/umc.cmc.5h5mr0shyyqqahqdv55ywyilr\" target=\"_blank\" rel=\"noreferrer noopener\">Apple TV<\/a><\/strong>. Ambas exploram temas de suspense e drama familiar, cada uma com sua abordagem \u00fanica.<\/p>\n\n\n\n<p>&#8220;Adolesc\u00eancia&#8221; \u00e9 uma miniss\u00e9rie brit\u00e2nica que estreou recentemente na Netflix. Com apenas quatro epis\u00f3dios, a s\u00e9rie narra a hist\u00f3ria de um adolescente de 13 anos que se torna o principal suspeito em um caso de assassinato. A trama \u00e9 intensa e mant\u00e9m o espectador preso do in\u00edcio ao fim, gra\u00e7as \u00e0 sua narrativa ininterrupta e ao desenvolvimento cuidadoso dos personagens.<\/p>\n\n\n\n<h2 class=\"wp-block-heading\">O que torna &#8220;Em Defesa de Jacob&#8221; t\u00e3o envolvente?<\/h2>\n\n\n\n<p>Por outro lado, &#8220;Em Defesa de Jacob&#8221;, dispon\u00edvel na Apple TV, oferece uma experi\u00eancia igualmente cativante, mas com uma constru\u00e7\u00e3o de suspense mais gradual. Estrelada por <strong>Chris Evans<\/strong>, a s\u00e9rie acompanha<strong> Andy Barber<\/strong>, um promotor de Justi\u00e7a que enfrenta um dilema moral quando seu filho <strong>Jacob <\/strong>\u00e9 acusado de um crime. A s\u00e9rie se desenrola ao longo de oito epis\u00f3dios, permitindo um aprofundamento nas din\u00e2micas familiares e nos desafios de um julgamento que amea\u00e7a destruir vidas.<\/p>\n\n\n\n<p>O suspense em &#8220;Em Defesa de Jacob&#8221; \u00e9 constru\u00eddo de forma meticulosa, com pistas sendo reveladas aos poucos. Isso mant\u00e9m o p\u00fablico atento e engajado at\u00e9 o \u00faltimo epis\u00f3dio. A s\u00e9rie tamb\u00e9m se destaca por explorar quest\u00f5es morais complexas, tornando-se uma op\u00e7\u00e3o imperd\u00edvel para os f\u00e3s de dramas judiciais e familiares.<\/p>\n\n\n\n<iframe loading=\"lazy\" width=\"560\" height=\"315\" src=\"https:\/\/www.youtube.com\/embed\/rBayTfPy4ho?si=LjkUas1SNYwWNVkl\" title=\"YouTube video player\" frameborder=\"0\" allow=\"accelerometer; autoplay; clipboard-write; encrypted-media; gyroscope; picture-in-picture; web-share\" referrerpolicy=\"strict-origin-when-cross-origin\" allowfullscreen><\/iframe>\n\n\n\n<h2 class=\"wp-block-heading\">Como o elenco contribui para o sucesso das miniss\u00e9ries?<\/h2>\n\n\n\n<p>Um dos pontos fortes de ambas as produ\u00e7\u00f5es \u00e9 o elenco talentoso. Chris Evans, conhecido por seu papel como Capit\u00e3o Am\u00e9rica, demonstra seu talento para o drama em &#8220;Em Defesa de Jacob&#8221;. Sua atua\u00e7\u00e3o foi amplamente elogiada, destacando-se como um dos pilares da s\u00e9rie. Al\u00e9m dele, a miniss\u00e9rie conta com <strong>Michelle Dockery, Jaeden Martell e J.K. Simmons<\/strong>, que enriquecem a narrativa com performances marcantes.<\/p>\n\n\n\n<p>J\u00e1 &#8220;Adolesc\u00eancia&#8221; traz <strong>Stephen Graham, Ashley Walters, Erin Doherty<\/strong> e o estreante Owen Cooper, cuja atua\u00e7\u00e3o no terceiro epis\u00f3dio foi particularmente destacada. O elenco de &#8220;Adolesc\u00eancia&#8221; contribui significativamente para a constru\u00e7\u00e3o do suspense e para a explora\u00e7\u00e3o do impacto emocional do crime na fam\u00edlia do suspeito.<\/p>\n\n\n\n<figure class=\"wp-block-image size-large\"><img decoding=\"async\" width=\"1024\" height=\"576\" src=\"https:\/\/www.correiobraziliense.com.br\/cbradar\/wp-content\/uploads\/2025\/03\/Em-Defesa-de-Jacob-2-1024x576.png\" alt=\"A melhor s\u00e9rie para quem gostou de 'Adolesc\u00eancia', da Netflix\" class=\"wp-image-14011\" srcset=\"https:\/\/www.correiobraziliense.com.br\/cbradar\/wp-content\/uploads\/2025\/03\/Em-Defesa-de-Jacob-2-1024x576.png 1024w, https:\/\/www.correiobraziliense.com.br\/cbradar\/wp-content\/uploads\/2025\/03\/Em-Defesa-de-Jacob-2-300x169.png 300w, https:\/\/www.correiobraziliense.com.br\/cbradar\/wp-content\/uploads\/2025\/03\/Em-Defesa-de-Jacob-2-768x432.png 768w, https:\/\/www.correiobraziliense.com.br\/cbradar\/wp-content\/uploads\/2025\/03\/Em-Defesa-de-Jacob-2-750x422.png 750w, https:\/\/www.correiobraziliense.com.br\/cbradar\/wp-content\/uploads\/2025\/03\/Em-Defesa-de-Jacob-2-1140x641.png 1140w, https:\/\/www.correiobraziliense.com.br\/cbradar\/wp-content\/uploads\/2025\/03\/Em-Defesa-de-Jacob-2.png 1280w\" sizes=\"(max-width: 1024px) 100vw, 1024px\" \/><figcaption class=\"wp-element-caption\">Em Defesa de Jacob. Fonte: divulga\u00e7\u00e3o \/ Apple TV<\/figcaption><\/figure>\n\n\n\n<h2 class=\"wp-block-heading\">Por que escolher &#8220;Em Defesa de Jacob&#8221; ap\u00f3s assistir &#8220;Adolesc\u00eancia&#8221;?<\/h2>\n\n\n\n<p>Para aqueles que apreciaram &#8220;Adolesc\u00eancia&#8221; e buscam uma experi\u00eancia semelhante, &#8220;Em Defesa de Jacob&#8221; \u00e9 uma escolha certeira. Enquanto a s\u00e9rie da Netflix \u00e9 mais compacta e experimental, a produ\u00e7\u00e3o da Apple TV oferece um mergulho profundo nas rela\u00e7\u00f5es familiares e na ambiguidade moral. Ambas as s\u00e9ries exploram o impacto emocional de um crime em uma fam\u00edlia, mas &#8220;Em Defesa de Jacob&#8221; se destaca por seu desenvolvimento gradual e detalhado dos personagens.<\/p>\n\n\n\n<p>Dispon\u00edvel na Apple TV, &#8220;Em Defesa de Jacob&#8221; promete manter os espectadores envolvidos com sua narrativa rica e complexa, oferecendo uma experi\u00eancia de suspense que ressoa com as quest\u00f5es humanas mais profundas.<\/p>\n","protected":false},"excerpt":{"rendered":"<p>An\u00e1lise das miniss\u00e9ries Adolesc\u00eancia e Em Defesa de Jacob, ambas com temas de suspense e drama familiar. <\/p>\n","protected":false},"author":3,"featured_media":14012,"comment_status":"open","ping_status":"open","sticky":false,"template":"","format":"standard","meta":{"_yoast_wpseo_focuskw":"melhor s\u00e9rie adolesc\u00eancia","_yoast_wpseo_title":"%%title%%","_yoast_wpseo_metadesc":"An\u00e1lise das miniss\u00e9ries Adolesc\u00eancia e Em Defesa de Jacob, ambas com temas de suspense e drama familiar.","jnews-multi-image_gallery":[],"jnews_single_post":{"format":"standard"},"jnews_primary_category":[],"jnews_social_meta":[],"jnews_override_counter":[],"footnotes":""},"categories":[140],"post_tag":[1962,141],"class_list":["post-14007","post","type-post","status-publish","format-standard","has-post-thumbnail","hentry","category-entretenimento","tag-adolescencia","tag-netflix"],"yoast_head":"<!-- This site is optimized with the Yoast SEO plugin v24.6 - https:\/\/yoast.com\/wordpress\/plugins\/seo\/ -->\n<title>A melhor s\u00e9rie para quem gostou de &#039;Adolesc\u00eancia&#039;, da Netflix<\/title>\n<meta name=\"description\" content=\"An\u00e1lise das miniss\u00e9ries Adolesc\u00eancia e Em Defesa de Jacob, ambas com temas de suspense e drama familiar.\" \/>\n<meta name=\"robots\" content=\"index, follow, max-snippet:-1, max-image-preview:large, max-video-preview:-1\" \/>\n<link rel=\"canonical\" href=\"https:\/\/www.correiobraziliense.com.br\/cbradar\/a-melhor-serie-para-quem-gostou-de-adolescencia-da-netflix\/\" \/>\n<meta property=\"og:locale\" content=\"pt_BR\" \/>\n<meta property=\"og:type\" content=\"article\" \/>\n<meta property=\"og:title\" content=\"A melhor s\u00e9rie para quem gostou de &#039;Adolesc\u00eancia&#039;, da Netflix\" \/>\n<meta property=\"og:description\" content=\"An\u00e1lise das miniss\u00e9ries Adolesc\u00eancia e Em Defesa de Jacob, ambas com temas de suspense e drama familiar.\" \/>\n<meta property=\"og:url\" content=\"https:\/\/www.correiobraziliense.com.br\/cbradar\/a-melhor-serie-para-quem-gostou-de-adolescencia-da-netflix\/\" \/>\n<meta property=\"og:site_name\" content=\"Correio Braziliense - Radar\" \/>\n<meta property=\"article:published_time\" content=\"2025-03-20T20:10:00+00:00\" \/>\n<meta property=\"og:image\" content=\"https:\/\/www.correiobraziliense.com.br\/cbradar\/wp-content\/uploads\/2025\/03\/Em-Defesa-de-Jacob.png\" \/>\n\t<meta property=\"og:image:width\" content=\"1280\" \/>\n\t<meta property=\"og:image:height\" content=\"720\" \/>\n\t<meta property=\"og:image:type\" content=\"image\/png\" \/>\n<meta name=\"author\" content=\"Larissa Carvalho\" \/>\n<meta name=\"twitter:card\" content=\"summary_large_image\" \/>\n<meta name=\"twitter:label1\" content=\"Escrito por\" \/>\n\t<meta name=\"twitter:data1\" content=\"Larissa Carvalho\" \/>\n\t<meta name=\"twitter:label2\" content=\"Est. tempo de leitura\" \/>\n\t<meta name=\"twitter:data2\" content=\"4 minutos\" \/>\n<!-- \/ Yoast SEO plugin. -->","yoast_head_json":{"title":"A melhor s\u00e9rie para quem gostou de 'Adolesc\u00eancia', da Netflix","description":"An\u00e1lise das miniss\u00e9ries Adolesc\u00eancia e Em Defesa de Jacob, ambas com temas de suspense e drama familiar.","robots":{"index":"index","follow":"follow","max-snippet":"max-snippet:-1","max-image-preview":"max-image-preview:large","max-video-preview":"max-video-preview:-1"},"canonical":"https:\/\/www.correiobraziliense.com.br\/cbradar\/a-melhor-serie-para-quem-gostou-de-adolescencia-da-netflix\/","og_locale":"pt_BR","og_type":"article","og_title":"A melhor s\u00e9rie para quem gostou de 'Adolesc\u00eancia', da Netflix","og_description":"An\u00e1lise das miniss\u00e9ries Adolesc\u00eancia e Em Defesa de Jacob, ambas com temas de suspense e drama familiar.","og_url":"https:\/\/www.correiobraziliense.com.br\/cbradar\/a-melhor-serie-para-quem-gostou-de-adolescencia-da-netflix\/","og_site_name":"Correio Braziliense - Radar","article_published_time":"2025-03-20T20:10:00+00:00","og_image":[{"width":1280,"height":720,"url":"https:\/\/www.correiobraziliense.com.br\/cbradar\/wp-content\/uploads\/2025\/03\/Em-Defesa-de-Jacob.png","type":"image\/png"}],"author":"Larissa Carvalho","twitter_card":"summary_large_image","twitter_misc":{"Escrito por":"Larissa Carvalho","Est. tempo de leitura":"4 minutos"},"schema":{"@context":"https:\/\/schema.org","@graph":[{"@type":"WebPage","@id":"https:\/\/www.correiobraziliense.com.br\/cbradar\/a-melhor-serie-para-quem-gostou-de-adolescencia-da-netflix\/","url":"https:\/\/www.correiobraziliense.com.br\/cbradar\/a-melhor-serie-para-quem-gostou-de-adolescencia-da-netflix\/","name":"A melhor s\u00e9rie para quem gostou de 'Adolesc\u00eancia', da Netflix","isPartOf":{"@id":"https:\/\/www.correiobraziliense.com.br\/cbradar\/#website"},"primaryImageOfPage":{"@id":"https:\/\/www.correiobraziliense.com.br\/cbradar\/a-melhor-serie-para-quem-gostou-de-adolescencia-da-netflix\/#primaryimage"},"image":{"@id":"https:\/\/www.correiobraziliense.com.br\/cbradar\/a-melhor-serie-para-quem-gostou-de-adolescencia-da-netflix\/#primaryimage"},"thumbnailUrl":"https:\/\/www.correiobraziliense.com.br\/cbradar\/wp-content\/uploads\/2025\/03\/Em-Defesa-de-Jacob.png","datePublished":"2025-03-20T20:10:00+00:00","author":{"@id":"https:\/\/www.correiobraziliense.com.br\/cbradar\/#\/schema\/person\/58422787644df994b53a19d3e56c1513"},"description":"An\u00e1lise das miniss\u00e9ries Adolesc\u00eancia e Em Defesa de Jacob, ambas com temas de suspense e drama familiar.","breadcrumb":{"@id":"https:\/\/www.correiobraziliense.com.br\/cbradar\/a-melhor-serie-para-quem-gostou-de-adolescencia-da-netflix\/#breadcrumb"},"inLanguage":"pt-BR","potentialAction":[{"@type":"ReadAction","target":["https:\/\/www.correiobraziliense.com.br\/cbradar\/a-melhor-serie-para-quem-gostou-de-adolescencia-da-netflix\/"]}]},{"@type":"ImageObject","inLanguage":"pt-BR","@id":"https:\/\/www.correiobraziliense.com.br\/cbradar\/a-melhor-serie-para-quem-gostou-de-adolescencia-da-netflix\/#primaryimage","url":"https:\/\/www.correiobraziliense.com.br\/cbradar\/wp-content\/uploads\/2025\/03\/Em-Defesa-de-Jacob.png","contentUrl":"https:\/\/www.correiobraziliense.com.br\/cbradar\/wp-content\/uploads\/2025\/03\/Em-Defesa-de-Jacob.png","width":1280,"height":720,"caption":"Em Defesa de Jacob. Fonte: divulga\u00e7\u00e3o \/ Apple TV"},{"@type":"BreadcrumbList","@id":"https:\/\/www.correiobraziliense.com.br\/cbradar\/a-melhor-serie-para-quem-gostou-de-adolescencia-da-netflix\/#breadcrumb","itemListElement":[{"@type":"ListItem","position":1,"name":"In\u00edcio","item":"https:\/\/www.correiobraziliense.com.br\/cbradar\/"},{"@type":"ListItem","position":2,"name":"A melhor s\u00e9rie para quem gostou de &#8216;Adolesc\u00eancia&#8217;, da Netflix"}]},{"@type":"WebSite","@id":"https:\/\/www.correiobraziliense.com.br\/cbradar\/#website","url":"https:\/\/www.correiobraziliense.com.br\/cbradar\/","name":"Correio Braziliense - Radar","description":"Acompanhe as \u00faltimas not\u00edcias e fique bem informado sobre tudo o que acontece no Brasil e no mundo.","potentialAction":[{"@type":"SearchAction","target":{"@type":"EntryPoint","urlTemplate":"https:\/\/www.correiobraziliense.com.br\/cbradar\/?s={search_term_string}"},"query-input":{"@type":"PropertyValueSpecification","valueRequired":true,"valueName":"search_term_string"}}],"inLanguage":"pt-BR"},{"@type":"Person","@id":"https:\/\/www.correiobraziliense.com.br\/cbradar\/#\/schema\/person\/58422787644df994b53a19d3e56c1513","name":"Larissa Carvalho","image":{"@type":"ImageObject","inLanguage":"pt-BR","@id":"https:\/\/www.correiobraziliense.com.br\/cbradar\/#\/schema\/person\/image\/","url":"https:\/\/secure.gravatar.com\/avatar\/fe4f91a0de32b52a838d0d612abdc1aa?s=96&d=mm&r=g","contentUrl":"https:\/\/secure.gravatar.com\/avatar\/fe4f91a0de32b52a838d0d612abdc1aa?s=96&d=mm&r=g","caption":"Larissa Carvalho"},"url":"https:\/\/www.correiobraziliense.com.br\/cbradar\/author\/larissamyth\/"}]}},"_links":{"self":[{"href":"https:\/\/www.correiobraziliense.com.br\/cbradar\/wp-json\/wp\/v2\/posts\/14007","targetHints":{"allow":["GET"]}}],"collection":[{"href":"https:\/\/www.correiobraziliense.com.br\/cbradar\/wp-json\/wp\/v2\/posts"}],"about":[{"href":"https:\/\/www.correiobraziliense.com.br\/cbradar\/wp-json\/wp\/v2\/types\/post"}],"author":[{"embeddable":true,"href":"https:\/\/www.correiobraziliense.com.br\/cbradar\/wp-json\/wp\/v2\/users\/3"}],"replies":[{"embeddable":true,"href":"https:\/\/www.correiobraziliense.com.br\/cbradar\/wp-json\/wp\/v2\/comments?post=14007"}],"version-history":[{"count":1,"href":"https:\/\/www.correiobraziliense.com.br\/cbradar\/wp-json\/wp\/v2\/posts\/14007\/revisions"}],"predecessor-version":[{"id":14013,"href":"https:\/\/www.correiobraziliense.com.br\/cbradar\/wp-json\/wp\/v2\/posts\/14007\/revisions\/14013"}],"wp:featuredmedia":[{"embeddable":true,"href":"https:\/\/www.correiobraziliense.com.br\/cbradar\/wp-json\/wp\/v2\/media\/14012"}],"wp:attachment":[{"href":"https:\/\/www.correiobraziliense.com.br\/cbradar\/wp-json\/wp\/v2\/media?parent=14007"}],"wp:term":[{"taxonomy":"category","embeddable":true,"href":"https:\/\/www.correiobraziliense.com.br\/cbradar\/wp-json\/wp\/v2\/categories?post=14007"},{"taxonomy":"post_tag","embeddable":true,"href":"https:\/\/www.correiobraziliense.com.br\/cbradar\/wp-json\/wp\/v2\/post_tag?post=14007"}],"curies":[{"name":"wp","href":"https:\/\/api.w.org\/{rel}","templated":true}]}}